{"id":19443,"date":"2016-10-16T19:07:15","date_gmt":"2016-10-16T18:07:15","guid":{"rendered":"https:\/\/www.arte.tv\/sites\/olivierpere\/?p=19443"},"modified":"2020-04-17T08:09:19","modified_gmt":"2020-04-17T07:09:19","slug":"lespion-venait-froid-de-martin-ritt","status":"publish","type":"post","link":"https:\/\/www.arte.tv\/sites\/olivierpere\/2016\/10\/16\/lespion-venait-froid-de-martin-ritt\/","title":{"rendered":"L\u2019espion qui venait du froid de Martin Ritt"},"content":{"rendered":"<p>ARTE diffuse <em>L\u2019espion qui venait du froid<\/em> (<em>The Spy Who Came in from the Cold<\/em>, 1965) de Martin Ritt lundi 24 octobre \u00e0 22h55, dans le cadre d\u2019un cycle John le Carr\u00e9.<\/p>\n<p>Des ann\u00e9es 50 aux ann\u00e9es 80, le cin\u00e9ma a produit un nombre pl\u00e9thorique de r\u00e9cits d\u2019espionnage puisant leurs sc\u00e9narios dans la Guerre Froide, majoritairement de nationalit\u00e9 anglaise ou am\u00e9ricaine. De tous ces films, <em>L\u2019espion qui venait du froid<\/em> compte parmi les plus importants, et les plus r\u00e9ussis. Il est tir\u00e9 du troisi\u00e8me roman de John le Carr\u00e9 publi\u00e9 deux ans auparavant, immense succ\u00e8s de librairie qui r\u00e9volutionna la litt\u00e9rature d\u2019espionnage. L\u2019adaptation cin\u00e9matographique est produite et r\u00e9alis\u00e9e par Martin Ritt, cin\u00e9aste am\u00e9ricain aux id\u00e9es progressistes install\u00e9 en Angleterre pour l\u2019occasion. Il a rarement \u00e9t\u00e9 aussi inspir\u00e9 que dans ce film \u00e0 part dans sa carri\u00e8re.<\/p>\n<p><em>L\u2019espion qui venait du froid<\/em> montre comment les services secrets du Royaume-Uni manipulent un de leurs agents, engag\u00e9 dans une mission de contre-espionnage de l\u2019autre c\u00f4t\u00e9 du mur de Berlin en se faisant passer pour un transfuge. Cette op\u00e9ration a en fait pour objectif masqu\u00e9 de d\u00e9truire la cr\u00e9dibilit\u00e9 de certains membres de la hi\u00e9rarchie des services secrets de RDA et de sauver la vie d\u2019un agent double haut plac\u00e9 en passe d\u2019\u00eatre d\u00e9masqu\u00e9.<\/p>\n<p>Le film se d\u00e9marque de la plupart des histoires d\u2019espionnages trait\u00e9es au cin\u00e9ma sur un mode spectaculaire par son souci du r\u00e9alisme et de la psychologie. Ironiquement le sc\u00e9nario de <em>L\u2019espion qui venait du froid<\/em> est cosign\u00e9 par Paul Dehn qui avait particip\u00e9 l\u2019ann\u00e9e pr\u00e9c\u00e9dente \u00e0 l\u2019\u00e9criture de <em>Goldfinger<\/em>, la plus c\u00e9l\u00e8bre aventure de James Bond, aux antipodes des espions bureaucrates de le Carr\u00e9. La sobri\u00e9t\u00e9 de la mise en sc\u00e8ne de Ritt, le noir et blanc d\u00e9pressif collent au propos du film. Le cin\u00e9aste d\u00e9crit un monde d\u00e9shumanis\u00e9 o\u00f9 les deux blocs rivalisent de cruaut\u00e9 et de machiav\u00e9lisme, absolument sym\u00e9triques et indiscernables dans leurs strat\u00e9gies de trahison et de manipulation, au service d\u2019id\u00e9ologies oppos\u00e9es. Ce n\u2019est pas un hasard si la victime d\u00e9sign\u00e9e de toute l\u2019op\u00e9ration est un agent communiste d\u2019origine juive convaincu de la traitrise d\u2019un dirigeant des services secrets est-allemand au pass\u00e9 nazi &#8211; information biographique qui appara\u00eet dans le roman mais pas dans le film, m\u00eame si elle se devine. <em>L\u2019espion qui venait du froid<\/em> montre comment l\u2019antis\u00e9mitisme s\u2019est prolong\u00e9 de mani\u00e8re insidieuse ou explicite durant la Guerre Froide. Le film dessine aussi, et surtout, le portrait d\u2019un espion ordinaire, Alec Leamas (Richard Burton, photo en t\u00eate de texte) ballott\u00e9 entre les ordres de ses sup\u00e9rieurs hi\u00e9rarchiques et la d\u00e9couverte tardive de la v\u00e9rit\u00e9, contraint de frayer avec des personnages louches, cyniques et sans piti\u00e9. Le professionnalisme de Leamas le pousse \u00e0 renouer avec l\u2019alcoolisme pour endosser la d\u00e9froque d\u2019un agent d\u00e9chu et amer, pr\u00eat \u00e0 se transformer en transfuge par app\u00e2t du gain et d\u00e9sir de revanche. Dans le r\u00f4le de Leamas, Richard Burton trouve l\u2019une de ses meilleures interpr\u00e9tations, bouleversant d\u2019\u00e9motions enfouies et de dignit\u00e9 bafou\u00e9e dans un univers o\u00f9 la compassion a disparue. Com\u00e9dien sous-estim\u00e9, Burton rappelle ici que son beau visage fut parfois le masque tragique d\u2019une humanit\u00e9 souffrante, d\u2019une noblesse masculine \u00e9prouv\u00e9e mais toujours vivante.<\/p>\n<p>C\u2019est pour l\u2019amour d\u2019une na\u00efve petite biblioth\u00e9caire membre du Parti Communiste britannique, impliqu\u00e9e malgr\u00e9 elle dans cette sombre affaire, que Alec Leamas refusera de continuer ce jeu de dupes, pr\u00e9f\u00e9rant une fois pour toutes le destin de sacrifi\u00e9 \u00e0 celui de salaud.<\/p>\n<p>&nbsp;<\/p>\n<p>&nbsp;<\/p>\n<p>&nbsp;<\/p>\n<p>&nbsp;<\/p>\n","protected":false},"excerpt":{"rendered":"<p>ARTE diffuse L\u2019espion qui venait du froid (The Spy Who Came in from the Cold, 1965) de Martin Ritt lundi\u2026<\/p>\n","protected":false},"author":116,"featured_media":0,"comment_status":"open","ping_status":"open","sticky":false,"template":"","format":"standard","meta":[],"categories":[8],"tags":[],"yoast_head":"<!-- This site is optimized with the Yoast SEO plugin v20.8 - https:\/\/yoast.com\/wordpress\/plugins\/seo\/ -->\n<title>L\u2019espion qui venait du froid de Martin Ritt - Olivier P\u00e8re<\/title>\n<meta name=\"robots\" content=\"index, follow, max-snippet:-1, max-image-preview:large, max-video-preview:-1\" \/>\n<link rel=\"canonical\" href=\"https:\/\/www.arte.tv\/sites\/olivierpere\/2016\/10\/16\/lespion-venait-froid-de-martin-ritt\/\" \/>\n<meta property=\"og:locale\" content=\"fr_FR\" \/>\n<meta property=\"og:type\" content=\"article\" \/>\n<meta property=\"og:title\" content=\"L\u2019espion qui venait du froid de Martin Ritt - Olivier P\u00e8re\" \/>\n<meta property=\"og:description\" content=\"ARTE diffuse L\u2019espion qui venait du froid (The Spy Who Came in from the Cold, 1965) de Martin Ritt lundi\u2026\" \/>\n<meta property=\"og:url\" content=\"https:\/\/www.arte.tv\/sites\/olivierpere\/2016\/10\/16\/lespion-venait-froid-de-martin-ritt\/\" \/>\n<meta property=\"og:site_name\" content=\"Olivier P\u00e8re\" \/>\n<meta property=\"article:published_time\" content=\"2016-10-16T18:07:15+00:00\" \/>\n<meta property=\"article:modified_time\" content=\"2020-04-17T07:09:19+00:00\" \/>\n<meta name=\"author\" content=\"Olivier P\u00e8re\" \/>\n<meta name=\"twitter:label1\" content=\"\u00c9crit par\" \/>\n\t<meta name=\"twitter:data1\" content=\"Olivier P\u00e8re\" \/>\n\t<meta name=\"twitter:label2\" content=\"Dur\u00e9e de lecture estim\u00e9e\" \/>\n\t<meta name=\"twitter:data2\" content=\"3 minutes\" \/>\n<script type=\"application\/ld+json\" class=\"yoast-schema-graph\">{\"@context\":\"https:\/\/schema.org\",\"@graph\":[{\"@type\":\"WebPage\",\"@id\":\"https:\/\/www.arte.tv\/sites\/olivierpere\/2016\/10\/16\/lespion-venait-froid-de-martin-ritt\/\",\"url\":\"https:\/\/www.arte.tv\/sites\/olivierpere\/2016\/10\/16\/lespion-venait-froid-de-martin-ritt\/\",\"name\":\"L\u2019espion qui venait du froid de Martin Ritt - Olivier P\u00e8re\",\"isPartOf\":{\"@id\":\"https:\/\/www.arte.tv\/sites\/olivierpere\/#website\"},\"datePublished\":\"2016-10-16T18:07:15+00:00\",\"dateModified\":\"2020-04-17T07:09:19+00:00\",\"author\":{\"@id\":\"https:\/\/www.arte.tv\/sites\/olivierpere\/#\/schema\/person\/dc32cd6c79be95e52d43b97a74182558\"},\"breadcrumb\":{\"@id\":\"https:\/\/www.arte.tv\/sites\/olivierpere\/2016\/10\/16\/lespion-venait-froid-de-martin-ritt\/#breadcrumb\"},\"inLanguage\":\"fr-FR\",\"potentialAction\":[{\"@type\":\"ReadAction\",\"target\":[\"https:\/\/www.arte.tv\/sites\/olivierpere\/2016\/10\/16\/lespion-venait-froid-de-martin-ritt\/\"]}]},{\"@type\":\"BreadcrumbList\",\"@id\":\"https:\/\/www.arte.tv\/sites\/olivierpere\/2016\/10\/16\/lespion-venait-froid-de-martin-ritt\/#breadcrumb\",\"itemListElement\":[{\"@type\":\"ListItem\",\"position\":1,\"name\":\"Home\",\"item\":\"https:\/\/www.arte.tv\/sites\/olivierpere\/\"},{\"@type\":\"ListItem\",\"position\":2,\"name\":\"L\u2019espion qui venait du froid de Martin Ritt\"}]},{\"@type\":\"WebSite\",\"@id\":\"https:\/\/www.arte.tv\/sites\/olivierpere\/#website\",\"url\":\"https:\/\/www.arte.tv\/sites\/olivierpere\/\",\"name\":\"Olivier P\u00e8re\",\"description\":\"\",\"potentialAction\":[{\"@type\":\"SearchAction\",\"target\":{\"@type\":\"EntryPoint\",\"urlTemplate\":\"https:\/\/www.arte.tv\/sites\/olivierpere\/?s={search_term_string}\"},\"query-input\":\"required name=search_term_string\"}],\"inLanguage\":\"fr-FR\"},{\"@type\":\"Person\",\"@id\":\"https:\/\/www.arte.tv\/sites\/olivierpere\/#\/schema\/person\/dc32cd6c79be95e52d43b97a74182558\",\"name\":\"Olivier P\u00e8re\",\"image\":{\"@type\":\"ImageObject\",\"inLanguage\":\"fr-FR\",\"@id\":\"https:\/\/www.arte.tv\/sites\/olivierpere\/#\/schema\/person\/image\/\",\"url\":\"https:\/\/secure.gravatar.com\/avatar\/bdea7b6a2c195e2c41772429a9694758?s=96&d=mm&r=g\",\"contentUrl\":\"https:\/\/secure.gravatar.com\/avatar\/bdea7b6a2c195e2c41772429a9694758?s=96&d=mm&r=g\",\"caption\":\"Olivier P\u00e8re\"},\"url\":\"https:\/\/www.arte.tv\/sites\/olivierpere\/author\/pereolivier\/\"}]}<\/script>\n<!-- \/ Yoast SEO plugin. -->","yoast_head_json":{"title":"L\u2019espion qui venait du froid de Martin Ritt - Olivier P\u00e8re","robots":{"index":"index","follow":"follow","max-snippet":"max-snippet:-1","max-image-preview":"max-image-preview:large","max-video-preview":"max-video-preview:-1"},"canonical":"https:\/\/www.arte.tv\/sites\/olivierpere\/2016\/10\/16\/lespion-venait-froid-de-martin-ritt\/","og_locale":"fr_FR","og_type":"article","og_title":"L\u2019espion qui venait du froid de Martin Ritt - Olivier P\u00e8re","og_description":"ARTE diffuse L\u2019espion qui venait du froid (The Spy Who Came in from the Cold, 1965) de Martin Ritt lundi\u2026","og_url":"https:\/\/www.arte.tv\/sites\/olivierpere\/2016\/10\/16\/lespion-venait-froid-de-martin-ritt\/","og_site_name":"Olivier P\u00e8re","article_published_time":"2016-10-16T18:07:15+00:00","article_modified_time":"2020-04-17T07:09:19+00:00","author":"Olivier P\u00e8re","twitter_misc":{"\u00c9crit par":"Olivier P\u00e8re","Dur\u00e9e de lecture estim\u00e9e":"3 minutes"},"schema":{"@context":"https:\/\/schema.org","@graph":[{"@type":"WebPage","@id":"https:\/\/www.arte.tv\/sites\/olivierpere\/2016\/10\/16\/lespion-venait-froid-de-martin-ritt\/","url":"https:\/\/www.arte.tv\/sites\/olivierpere\/2016\/10\/16\/lespion-venait-froid-de-martin-ritt\/","name":"L\u2019espion qui venait du froid de Martin Ritt - Olivier P\u00e8re","isPartOf":{"@id":"https:\/\/www.arte.tv\/sites\/olivierpere\/#website"},"datePublished":"2016-10-16T18:07:15+00:00","dateModified":"2020-04-17T07:09:19+00:00","author":{"@id":"https:\/\/www.arte.tv\/sites\/olivierpere\/#\/schema\/person\/dc32cd6c79be95e52d43b97a74182558"},"breadcrumb":{"@id":"https:\/\/www.arte.tv\/sites\/olivierpere\/2016\/10\/16\/lespion-venait-froid-de-martin-ritt\/#breadcrumb"},"inLanguage":"fr-FR","potentialAction":[{"@type":"ReadAction","target":["https:\/\/www.arte.tv\/sites\/olivierpere\/2016\/10\/16\/lespion-venait-froid-de-martin-ritt\/"]}]},{"@type":"BreadcrumbList","@id":"https:\/\/www.arte.tv\/sites\/olivierpere\/2016\/10\/16\/lespion-venait-froid-de-martin-ritt\/#breadcrumb","itemListElement":[{"@type":"ListItem","position":1,"name":"Home","item":"https:\/\/www.arte.tv\/sites\/olivierpere\/"},{"@type":"ListItem","position":2,"name":"L\u2019espion qui venait du froid de Martin Ritt"}]},{"@type":"WebSite","@id":"https:\/\/www.arte.tv\/sites\/olivierpere\/#website","url":"https:\/\/www.arte.tv\/sites\/olivierpere\/","name":"Olivier P\u00e8re","description":"","potentialAction":[{"@type":"SearchAction","target":{"@type":"EntryPoint","urlTemplate":"https:\/\/www.arte.tv\/sites\/olivierpere\/?s={search_term_string}"},"query-input":"required name=search_term_string"}],"inLanguage":"fr-FR"},{"@type":"Person","@id":"https:\/\/www.arte.tv\/sites\/olivierpere\/#\/schema\/person\/dc32cd6c79be95e52d43b97a74182558","name":"Olivier P\u00e8re","image":{"@type":"ImageObject","inLanguage":"fr-FR","@id":"https:\/\/www.arte.tv\/sites\/olivierpere\/#\/schema\/person\/image\/","url":"https:\/\/secure.gravatar.com\/avatar\/bdea7b6a2c195e2c41772429a9694758?s=96&d=mm&r=g","contentUrl":"https:\/\/secure.gravatar.com\/avatar\/bdea7b6a2c195e2c41772429a9694758?s=96&d=mm&r=g","caption":"Olivier P\u00e8re"},"url":"https:\/\/www.arte.tv\/sites\/olivierpere\/author\/pereolivier\/"}]}},"_links":{"self":[{"href":"https:\/\/www.arte.tv\/sites\/olivierpere\/wp-json\/wp\/v2\/posts\/19443"}],"collection":[{"href":"https:\/\/www.arte.tv\/sites\/olivierpere\/wp-json\/wp\/v2\/posts"}],"about":[{"href":"https:\/\/www.arte.tv\/sites\/olivierpere\/wp-json\/wp\/v2\/types\/post"}],"author":[{"embeddable":true,"href":"https:\/\/www.arte.tv\/sites\/olivierpere\/wp-json\/wp\/v2\/users\/116"}],"replies":[{"embeddable":true,"href":"https:\/\/www.arte.tv\/sites\/olivierpere\/wp-json\/wp\/v2\/comments?post=19443"}],"version-history":[{"count":4,"href":"https:\/\/www.arte.tv\/sites\/olivierpere\/wp-json\/wp\/v2\/posts\/19443\/revisions"}],"predecessor-version":[{"id":25604,"href":"https:\/\/www.arte.tv\/sites\/olivierpere\/wp-json\/wp\/v2\/posts\/19443\/revisions\/25604"}],"wp:attachment":[{"href":"https:\/\/www.arte.tv\/sites\/olivierpere\/wp-json\/wp\/v2\/media?parent=19443"}],"wp:term":[{"taxonomy":"category","embeddable":true,"href":"https:\/\/www.arte.tv\/sites\/olivierpere\/wp-json\/wp\/v2\/categories?post=19443"},{"taxonomy":"post_tag","embeddable":true,"href":"https:\/\/www.arte.tv\/sites\/olivierpere\/wp-json\/wp\/v2\/tags?post=19443"}],"curies":[{"name":"wp","href":"https:\/\/api.w.org\/{rel}","templated":true}]}}