{"id":19437,"date":"2016-10-15T18:58:30","date_gmt":"2016-10-15T17:58:30","guid":{"rendered":"https:\/\/www.arte.tv\/sites\/olivierpere\/?p=19437"},"modified":"2016-10-16T13:26:02","modified_gmt":"2016-10-16T12:26:02","slug":"deux-cavaliers-de-john-ford","status":"publish","type":"post","link":"https:\/\/www.arte.tv\/sites\/olivierpere\/2016\/10\/15\/deux-cavaliers-de-john-ford\/","title":{"rendered":"Les Deux Cavaliers de John Ford"},"content":{"rendered":"<p>Sidonis a \u00e9dit\u00e9 en DVD et Blu-ray <em>Les Deux Cavaliers<\/em> (<em>Two Rode Together<\/em>, 1961) de John Ford. C\u2019est l\u2019un des derniers westerns de John Ford, \u0153uvre de vieillesse d\u2019un immense artiste am\u00e9ricain au cr\u00e9puscule de sa vie et de sa carri\u00e8re. <em>Les Deux Cavaliers<\/em> ne b\u00e9n\u00e9ficie pas du m\u00eame statut que <em>Le Sergent noir <\/em>et surtout que <em>L\u2019homme qui tua Liberty Valance<\/em>, deux films sublimes qui l\u2019entourent.<\/p>\n<p>Il est g\u00e9n\u00e9ralement d\u00e9pr\u00e9ci\u00e9 y compris par les plus fervents admirateurs de Ford. Le cin\u00e9aste en parlait comme \u00ab\u00a0la pire merde que j\u2019ai tourn\u00e9e en vingt ans. \u00bb Plusieurs sources confirment que Ford se d\u00e9sint\u00e9ressa du film en cours de tournage, en partie \u00e0 cause du d\u00e9c\u00e8s de son ami et acteur f\u00e9tiche Ward Bond, qui l\u2019affecta beaucoup. Il est vrai que plusieurs s\u00e9quences des <em>Deux Cavaliers<\/em> semblent b\u00e2cl\u00e9s. Le film ne b\u00e9n\u00e9ficie pas d\u2019une direction artistique digne des plus grands chefs-d\u2019\u0153uvre du cin\u00e9aste. Il ne les \u00e9gale pas non plus en terme d\u2019ampleur visuelle. Ses deux vedettes sont trop \u00e2g\u00e9es pour leurs r\u00f4les \u2013 cela n\u2019emp\u00eacher pas Ford de r\u00e9employer l\u2019ann\u00e9e suivante James Stewart, alors \u00e2g\u00e9 de 56 ans, pour jouer un jeune homme dans <em>L\u2019Homme qui tua Liberty Valance<\/em>, avec le succ\u00e8s que l\u2019on conna\u00eet.<\/p>\n<p><em>Les Deux Cavaliers<\/em> est pourtant \u00e0 100% fordien, et \u00e9claire une facette importante du r\u00e9alisateur.<\/p>\n<p><em>Les Deux Cavaliers<\/em> appara\u00eet comme une vaste entreprise de d\u00e9mythification du western et des propres classiques de Ford. Le cin\u00e9aste \u00e9vacue ici toute tentation de lyrisme et se livre \u00e0 une vision prosa\u00efque et critique de l\u2019Ouest. Le personnage de sh\u00e9rif interpr\u00e9t\u00e9 par James Stewart est un ersatz cynique et vieillissant du Wyatt Earp mis en sc\u00e8ne par Ford dans <em>La Poursuite infernale<\/em>. Le film a pour sujet la restitution des prisonniers blancs, femmes et enfants captur\u00e9s puis assimil\u00e9s par les Comanches, et traite du racisme anti indien d\u00e9j\u00e0 abord\u00e9 dans <em>La Prisonni\u00e8re du d\u00e9sert<\/em>. Une histoire de violence, avec des \u00e9pisodes dramatiques. Mais c\u2019est un film de mauvaise humeur, dans lequel Ford se d\u00e9sint\u00e9resse des grandes questions humanistes pour s\u2019attacher \u00e0 un vieux sh\u00e9rif grincheux port\u00e9 sur la bouteille et le cigare, antipathique et v\u00e9nal. Nous sommes loin des figures na\u00efves, nobles et id\u00e9alistes habituellement incarn\u00e9es par James Stewart. On d\u00e9couvre dans <em>Les Deux Cavaliers<\/em> un esprit grin\u00e7ant, une m\u00e9chancet\u00e9 et un humour ravageur qui existaient par instants dans les films pr\u00e9c\u00e9dents de Ford mais qui sont ici exprim\u00e9s sans retenue, comme sous l\u2019emprise de la col\u00e8re.<\/p>\n<div id=\"attachment_19439\" style=\"width: 1210px\" class=\"wp-caption alignnone\"><img aria-describedby=\"caption-attachment-19439\" decoding=\"async\" loading=\"lazy\" class=\"size-full wp-image-19439\" src=\"https:\/\/www.arte.tv\/sites\/olivierpere\/files\/deux-cavaliers-1961-07-g.jpg\" alt=\"Les Deux Cavaliers de John Ford\" width=\"1200\" height=\"882\" srcset=\"https:\/\/www.arte.tv\/sites\/olivierpere\/files\/deux-cavaliers-1961-07-g.jpg 1200w, https:\/\/www.arte.tv\/sites\/olivierpere\/files\/deux-cavaliers-1961-07-g-381x280.jpg 381w, https:\/\/www.arte.tv\/sites\/olivierpere\/files\/deux-cavaliers-1961-07-g-768x564.jpg 768w, https:\/\/www.arte.tv\/sites\/olivierpere\/files\/deux-cavaliers-1961-07-g-1024x753.jpg 1024w, https:\/\/www.arte.tv\/sites\/olivierpere\/files\/deux-cavaliers-1961-07-g-580x426.jpg 580w\" sizes=\"(max-width: 1200px) 100vw, 1200px\" \/><p id=\"caption-attachment-19439\" class=\"wp-caption-text\"><em>Les Deux Cavaliers<\/em> de John Ford<\/p><\/div>\n<p>Le film est \u00e9galement c\u00e9l\u00e8bre, \u00e0 juste titre, pour une s\u00e9quence stup\u00e9fiante. James Stewart et Richard Widmark, les deux cavaliers, s\u2019arr\u00eatent au bord d\u2019une rivi\u00e8re, s\u2019assoient et entament une longue discussion en plan fixe, devant la cam\u00e9ra de Ford plant\u00e9e en plein milieu du courant. Pendant trois minutes et quarante-cinq secondes, le cin\u00e9ma comme enregistrement de la parole, mais aussi de l\u2019eau qui coule et du vent qui souffle. On dirait du Pagnol, ou du Straub. Ce plan incongru et digressif, o\u00f9 les deux acteurs semblent improviser leurs dialogues et leurs r\u00e9actions, devient sublime tant il symbolise la libert\u00e9 et l\u2019inventivit\u00e9 de Ford au travail, capable de bouleverser une feuille de tournage et se moquer d&rsquo;un sc\u00e9nario qu&rsquo;il m\u00e9prise pour donner libre cours \u00e0 sa fantaisie. Ce film \u00e9trange est le t\u00e9moignage des contradictions et des tourments du Ford derni\u00e8re p\u00e9riode, pour qui vieillesse n\u2019a jamais rim\u00e9 avec sagesse.<\/p>\n<p>&nbsp;<\/p>\n<p>&nbsp;<\/p>\n","protected":false},"excerpt":{"rendered":"<p>Sidonis a \u00e9dit\u00e9 en DVD et Blu-ray Les Deux Cavaliers (Two Rode Together, 1961) de John Ford. C\u2019est l\u2019un des\u2026<\/p>\n","protected":false},"author":116,"featured_media":19438,"comment_status":"open","ping_status":"open","sticky":false,"template":"","format":"standard","meta":[],"categories":[9],"tags":[],"yoast_head":"<!-- This site is optimized with the Yoast SEO plugin v20.8 - https:\/\/yoast.com\/wordpress\/plugins\/seo\/ -->\n<title>Les Deux Cavaliers de John Ford - Olivier P\u00e8re<\/title>\n<meta name=\"robots\" content=\"index, follow, max-snippet:-1, max-image-preview:large, max-video-preview:-1\" \/>\n<link rel=\"canonical\" href=\"https:\/\/www.arte.tv\/sites\/olivierpere\/2016\/10\/15\/deux-cavaliers-de-john-ford\/\" \/>\n<meta property=\"og:locale\" content=\"fr_FR\" \/>\n<meta property=\"og:type\" content=\"article\" \/>\n<meta property=\"og:title\" content=\"Les Deux Cavaliers de John Ford - Olivier P\u00e8re\" \/>\n<meta property=\"og:description\" content=\"Sidonis a \u00e9dit\u00e9 en DVD et Blu-ray Les Deux Cavaliers (Two Rode Together, 1961) de John Ford. C\u2019est l\u2019un des\u2026\" \/>\n<meta property=\"og:url\" content=\"https:\/\/www.arte.tv\/sites\/olivierpere\/2016\/10\/15\/deux-cavaliers-de-john-ford\/\" \/>\n<meta property=\"og:site_name\" content=\"Olivier P\u00e8re\" \/>\n<meta property=\"article:published_time\" content=\"2016-10-15T17:58:30+00:00\" \/>\n<meta property=\"article:modified_time\" content=\"2016-10-16T12:26:02+00:00\" \/>\n<meta property=\"og:image\" content=\"https:\/\/www.arte.tv\/sites\/olivierpere\/files\/deux-cavaliers-1961-tou-01-g.jpg\" \/>\n\t<meta property=\"og:image:width\" content=\"1200\" \/>\n\t<meta property=\"og:image:height\" content=\"775\" \/>\n\t<meta property=\"og:image:type\" content=\"image\/jpeg\" \/>\n<meta name=\"author\" content=\"Olivier P\u00e8re\" \/>\n<meta name=\"twitter:label1\" content=\"\u00c9crit par\" \/>\n\t<meta name=\"twitter:data1\" content=\"Olivier P\u00e8re\" \/>\n\t<meta name=\"twitter:label2\" content=\"Dur\u00e9e de lecture estim\u00e9e\" \/>\n\t<meta name=\"twitter:data2\" content=\"3 minutes\" \/>\n<script type=\"application\/ld+json\" class=\"yoast-schema-graph\">{\"@context\":\"https:\/\/schema.org\",\"@graph\":[{\"@type\":\"WebPage\",\"@id\":\"https:\/\/www.arte.tv\/sites\/olivierpere\/2016\/10\/15\/deux-cavaliers-de-john-ford\/\",\"url\":\"https:\/\/www.arte.tv\/sites\/olivierpere\/2016\/10\/15\/deux-cavaliers-de-john-ford\/\",\"name\":\"Les Deux Cavaliers de John Ford - Olivier P\u00e8re\",\"isPartOf\":{\"@id\":\"https:\/\/www.arte.tv\/sites\/olivierpere\/#website\"},\"datePublished\":\"2016-10-15T17:58:30+00:00\",\"dateModified\":\"2016-10-16T12:26:02+00:00\",\"author\":{\"@id\":\"https:\/\/www.arte.tv\/sites\/olivierpere\/#\/schema\/person\/dc32cd6c79be95e52d43b97a74182558\"},\"breadcrumb\":{\"@id\":\"https:\/\/www.arte.tv\/sites\/olivierpere\/2016\/10\/15\/deux-cavaliers-de-john-ford\/#breadcrumb\"},\"inLanguage\":\"fr-FR\",\"potentialAction\":[{\"@type\":\"ReadAction\",\"target\":[\"https:\/\/www.arte.tv\/sites\/olivierpere\/2016\/10\/15\/deux-cavaliers-de-john-ford\/\"]}]},{\"@type\":\"BreadcrumbList\",\"@id\":\"https:\/\/www.arte.tv\/sites\/olivierpere\/2016\/10\/15\/deux-cavaliers-de-john-ford\/#breadcrumb\",\"itemListElement\":[{\"@type\":\"ListItem\",\"position\":1,\"name\":\"Home\",\"item\":\"https:\/\/www.arte.tv\/sites\/olivierpere\/\"},{\"@type\":\"ListItem\",\"position\":2,\"name\":\"Les Deux Cavaliers de John Ford\"}]},{\"@type\":\"WebSite\",\"@id\":\"https:\/\/www.arte.tv\/sites\/olivierpere\/#website\",\"url\":\"https:\/\/www.arte.tv\/sites\/olivierpere\/\",\"name\":\"Olivier P\u00e8re\",\"description\":\"\",\"potentialAction\":[{\"@type\":\"SearchAction\",\"target\":{\"@type\":\"EntryPoint\",\"urlTemplate\":\"https:\/\/www.arte.tv\/sites\/olivierpere\/?s={search_term_string}\"},\"query-input\":\"required name=search_term_string\"}],\"inLanguage\":\"fr-FR\"},{\"@type\":\"Person\",\"@id\":\"https:\/\/www.arte.tv\/sites\/olivierpere\/#\/schema\/person\/dc32cd6c79be95e52d43b97a74182558\",\"name\":\"Olivier P\u00e8re\",\"image\":{\"@type\":\"ImageObject\",\"inLanguage\":\"fr-FR\",\"@id\":\"https:\/\/www.arte.tv\/sites\/olivierpere\/#\/schema\/person\/image\/\",\"url\":\"https:\/\/secure.gravatar.com\/avatar\/bdea7b6a2c195e2c41772429a9694758?s=96&d=mm&r=g\",\"contentUrl\":\"https:\/\/secure.gravatar.com\/avatar\/bdea7b6a2c195e2c41772429a9694758?s=96&d=mm&r=g\",\"caption\":\"Olivier P\u00e8re\"},\"url\":\"https:\/\/www.arte.tv\/sites\/olivierpere\/author\/pereolivier\/\"}]}<\/script>\n<!-- \/ Yoast SEO plugin. -->","yoast_head_json":{"title":"Les Deux Cavaliers de John Ford - Olivier P\u00e8re","robots":{"index":"index","follow":"follow","max-snippet":"max-snippet:-1","max-image-preview":"max-image-preview:large","max-video-preview":"max-video-preview:-1"},"canonical":"https:\/\/www.arte.tv\/sites\/olivierpere\/2016\/10\/15\/deux-cavaliers-de-john-ford\/","og_locale":"fr_FR","og_type":"article","og_title":"Les Deux Cavaliers de John Ford - Olivier P\u00e8re","og_description":"Sidonis a \u00e9dit\u00e9 en DVD et Blu-ray Les Deux Cavaliers (Two Rode Together, 1961) de John Ford. C\u2019est l\u2019un des\u2026","og_url":"https:\/\/www.arte.tv\/sites\/olivierpere\/2016\/10\/15\/deux-cavaliers-de-john-ford\/","og_site_name":"Olivier P\u00e8re","article_published_time":"2016-10-15T17:58:30+00:00","article_modified_time":"2016-10-16T12:26:02+00:00","og_image":[{"width":1200,"height":775,"url":"https:\/\/www.arte.tv\/sites\/olivierpere\/files\/deux-cavaliers-1961-tou-01-g.jpg","type":"image\/jpeg"}],"author":"Olivier P\u00e8re","twitter_misc":{"\u00c9crit par":"Olivier P\u00e8re","Dur\u00e9e de lecture estim\u00e9e":"3 minutes"},"schema":{"@context":"https:\/\/schema.org","@graph":[{"@type":"WebPage","@id":"https:\/\/www.arte.tv\/sites\/olivierpere\/2016\/10\/15\/deux-cavaliers-de-john-ford\/","url":"https:\/\/www.arte.tv\/sites\/olivierpere\/2016\/10\/15\/deux-cavaliers-de-john-ford\/","name":"Les Deux Cavaliers de John Ford - Olivier P\u00e8re","isPartOf":{"@id":"https:\/\/www.arte.tv\/sites\/olivierpere\/#website"},"datePublished":"2016-10-15T17:58:30+00:00","dateModified":"2016-10-16T12:26:02+00:00","author":{"@id":"https:\/\/www.arte.tv\/sites\/olivierpere\/#\/schema\/person\/dc32cd6c79be95e52d43b97a74182558"},"breadcrumb":{"@id":"https:\/\/www.arte.tv\/sites\/olivierpere\/2016\/10\/15\/deux-cavaliers-de-john-ford\/#breadcrumb"},"inLanguage":"fr-FR","potentialAction":[{"@type":"ReadAction","target":["https:\/\/www.arte.tv\/sites\/olivierpere\/2016\/10\/15\/deux-cavaliers-de-john-ford\/"]}]},{"@type":"BreadcrumbList","@id":"https:\/\/www.arte.tv\/sites\/olivierpere\/2016\/10\/15\/deux-cavaliers-de-john-ford\/#breadcrumb","itemListElement":[{"@type":"ListItem","position":1,"name":"Home","item":"https:\/\/www.arte.tv\/sites\/olivierpere\/"},{"@type":"ListItem","position":2,"name":"Les Deux Cavaliers de John Ford"}]},{"@type":"WebSite","@id":"https:\/\/www.arte.tv\/sites\/olivierpere\/#website","url":"https:\/\/www.arte.tv\/sites\/olivierpere\/","name":"Olivier P\u00e8re","description":"","potentialAction":[{"@type":"SearchAction","target":{"@type":"EntryPoint","urlTemplate":"https:\/\/www.arte.tv\/sites\/olivierpere\/?s={search_term_string}"},"query-input":"required name=search_term_string"}],"inLanguage":"fr-FR"},{"@type":"Person","@id":"https:\/\/www.arte.tv\/sites\/olivierpere\/#\/schema\/person\/dc32cd6c79be95e52d43b97a74182558","name":"Olivier P\u00e8re","image":{"@type":"ImageObject","inLanguage":"fr-FR","@id":"https:\/\/www.arte.tv\/sites\/olivierpere\/#\/schema\/person\/image\/","url":"https:\/\/secure.gravatar.com\/avatar\/bdea7b6a2c195e2c41772429a9694758?s=96&d=mm&r=g","contentUrl":"https:\/\/secure.gravatar.com\/avatar\/bdea7b6a2c195e2c41772429a9694758?s=96&d=mm&r=g","caption":"Olivier P\u00e8re"},"url":"https:\/\/www.arte.tv\/sites\/olivierpere\/author\/pereolivier\/"}]}},"_links":{"self":[{"href":"https:\/\/www.arte.tv\/sites\/olivierpere\/wp-json\/wp\/v2\/posts\/19437"}],"collection":[{"href":"https:\/\/www.arte.tv\/sites\/olivierpere\/wp-json\/wp\/v2\/posts"}],"about":[{"href":"https:\/\/www.arte.tv\/sites\/olivierpere\/wp-json\/wp\/v2\/types\/post"}],"author":[{"embeddable":true,"href":"https:\/\/www.arte.tv\/sites\/olivierpere\/wp-json\/wp\/v2\/users\/116"}],"replies":[{"embeddable":true,"href":"https:\/\/www.arte.tv\/sites\/olivierpere\/wp-json\/wp\/v2\/comments?post=19437"}],"version-history":[{"count":3,"href":"https:\/\/www.arte.tv\/sites\/olivierpere\/wp-json\/wp\/v2\/posts\/19437\/revisions"}],"predecessor-version":[{"id":19442,"href":"https:\/\/www.arte.tv\/sites\/olivierpere\/wp-json\/wp\/v2\/posts\/19437\/revisions\/19442"}],"wp:featuredmedia":[{"embeddable":true,"href":"https:\/\/www.arte.tv\/sites\/olivierpere\/wp-json\/wp\/v2\/media\/19438"}],"wp:attachment":[{"href":"https:\/\/www.arte.tv\/sites\/olivierpere\/wp-json\/wp\/v2\/media?parent=19437"}],"wp:term":[{"taxonomy":"category","embeddable":true,"href":"https:\/\/www.arte.tv\/sites\/olivierpere\/wp-json\/wp\/v2\/categories?post=19437"},{"taxonomy":"post_tag","embeddable":true,"href":"https:\/\/www.arte.tv\/sites\/olivierpere\/wp-json\/wp\/v2\/tags?post=19437"}],"curies":[{"name":"wp","href":"https:\/\/api.w.org\/{rel}","templated":true}]}}