{"id":19425,"date":"2016-10-11T22:55:39","date_gmt":"2016-10-11T21:55:39","guid":{"rendered":"https:\/\/www.arte.tv\/sites\/olivierpere\/?p=19425"},"modified":"2016-10-13T22:57:52","modified_gmt":"2016-10-13T21:57:52","slug":"soleil-yeux-de-antonio-pietrangeli","status":"publish","type":"post","link":"https:\/\/www.arte.tv\/sites\/olivierpere\/2016\/10\/11\/soleil-yeux-de-antonio-pietrangeli\/","title":{"rendered":"Du soleil dans les yeux de Antonio Pietrangeli"},"content":{"rendered":"<p>Belle mani\u00e8re de faire connaissance avec un cin\u00e9aste un peu oubli\u00e9. <em>Du soleil dans les yeux<\/em> (<em>Il sole negli occhi<\/em>, 1953) est le premier long m\u00e9trage de Antonio Pietrangeli, qui n\u2019en signa que onze, en raison de sa disparition pr\u00e9matur\u00e9e en 1969, \u00e0 l\u2019\u00e2ge de 49 ans, noy\u00e9 accidentellement sur le tournage du film <em>Quand, comment et avec qui\u00a0?<\/em> termin\u00e9 par Valerio Zurlini. Avant m\u00eame de d\u00e9couvrir cette information biographique, on ne pouvait s\u2019emp\u00eacher d\u2019\u00e9tablir un lien entre ces deux cin\u00e9astes trop discrets, remarquables pour leur sensibilit\u00e9 et leur d\u00e9licatesse. Les grandes r\u00e9ussites de Zurlini et Pietrangeli, portraitistes \u00e9l\u00e9giaques, les situent \u00e0 part des ma\u00eetres transalpins de la modernit\u00e9 ou de la com\u00e9die douce am\u00e8re. Leurs films contiennent une f\u00ealure secr\u00e8te et intime qui les rendit plus tristes et plus beaux que certains classiques officiels du cin\u00e9ma italien.<\/p>\n<p>Pietrangeli a consacr\u00e9 ses meilleurs films \u00e0 la condition f\u00e9minine. <em>Du soleil dans les yeux<\/em> s\u2019attache \u00e0 la vie de Celestina, une jeune fille de la montagne qui quitte son village pour \u00e9chapper \u00e0 la pauvret\u00e9, d\u00e9barque \u00e0 Rome dans un quartier moderne o\u00f9 elle trouve un emploi de bonne \u00e0 tout faire. Na\u00efve et timide, elle s\u2019acclimate avec difficult\u00e9 \u00e0 sa nouvelle existence, dans un environnement urbain hostile ou indiff\u00e9rent. Diverses m\u00e9saventures vont obliger Celestina \u00e0 passer de maisons en maisons, toujours injustement renvoy\u00e9e. La succession de ses ma\u00eetres, issus de la petite bourgeoisie ou de l\u2019aristocratie, forme une com\u00e9die humaine o\u00f9 Pietrangeli croque des caract\u00e8res pittoresques et \u00e9pingle les ridicules de la soci\u00e9t\u00e9 italienne du boom \u00e9conomique. Celestina doit en permanence se prot\u00e9ger des humiliations sociales li\u00e9es \u00e0 son rang et \u00e0 son sexe, et de la menace que repr\u00e9sente les m\u00e2les italiens, harceleurs ou mufles.<\/p>\n<div id=\"attachment_19427\" style=\"width: 1610px\" class=\"wp-caption alignnone\"><img aria-describedby=\"caption-attachment-19427\" decoding=\"async\" loading=\"lazy\" class=\"size-full wp-image-19427\" src=\"https:\/\/www.arte.tv\/sites\/olivierpere\/files\/066840.jpg\" alt=\"Du soleil dans les yeux de Antonio Pietrangeli\" width=\"1600\" height=\"1213\" \/><p id=\"caption-attachment-19427\" class=\"wp-caption-text\"><em>Du soleil dans les yeux<\/em> de Antonio Pietrangeli<\/p><\/div>\n<p>Le personnage masculin principal, un plombier qui s\u00e9duira Celestina avant de la trahir, est typique d\u2019un pays qui va se compromettre moralement, renoncer pour acc\u00e9der fr\u00e9n\u00e9tiquement \u00e0 la richesse et au confort. Tout ce qui r\u00e9unira bri\u00e8vement les amants, une attirance sensuelle mais aussi une forme de solidarit\u00e9 de classe, sera d\u00e9truit par l\u2019opportunisme et la l\u00e2chet\u00e9 de l\u2019homme, emp\u00eatr\u00e9 dans ses mensonges et ses contradictions. Le s\u00e9duisant Gabriele Ferzetti incarne \u00e0 la perfection cette veulerie masculine qui demeure l\u2019un des grands sujets du cin\u00e9ma moderne italien. Le m\u00eame acteur sera choisi par Antonioni pour interpr\u00e9ter sept ans plus tard un autre amant accablant de faiblesse, version mondaine, dans <em>L\u2019avventura<\/em>.<\/p>\n<p>Ir\u00e8ne Galter avait \u00e9t\u00e9 d\u00e9couverte par Giuseppe De Santis dans <em>Onze Heures sonnaient<\/em> en 1951. Avec son image de \u00ab\u00a0fianc\u00e9e id\u00e9ale des Italiens\u00a0\u00bb et son joli minois, elle est le choix id\u00e9al pour jouer Celestina, jeune fille sage et religieuse victime du d\u00e9sir des hommes.<\/p>\n<p>Le dernier acte du <em>Soleil dans les yeux<\/em> atteint une dimension m\u00e9lodramatique \u00e0 la fois puissante et non conventionnelle.<\/p>\n<p>&nbsp;<\/p>\n<p>R\u00e9\u00e9dition en salles et en version restaur\u00e9e le mercredi 12 octobre, distribu\u00e9 par Les Films du Cam\u00e9lia.<\/p>\n<p>&nbsp;<\/p>\n","protected":false},"excerpt":{"rendered":"<p>Belle mani\u00e8re de faire connaissance avec un cin\u00e9aste un peu oubli\u00e9. Du soleil dans les yeux (Il sole negli occhi,\u2026<\/p>\n","protected":false},"author":116,"featured_media":0,"comment_status":"open","ping_status":"open","sticky":false,"template":"","format":"standard","meta":[],"categories":[9],"tags":[],"yoast_head":"<!-- This site is optimized with the Yoast SEO plugin v20.8 - https:\/\/yoast.com\/wordpress\/plugins\/seo\/ -->\n<title>Du soleil dans les yeux de Antonio Pietrangeli - Olivier P\u00e8re<\/title>\n<meta name=\"robots\" content=\"index, follow, max-snippet:-1, max-image-preview:large, max-video-preview:-1\" \/>\n<link rel=\"canonical\" href=\"https:\/\/www.arte.tv\/sites\/olivierpere\/2016\/10\/11\/soleil-yeux-de-antonio-pietrangeli\/\" \/>\n<meta property=\"og:locale\" content=\"fr_FR\" \/>\n<meta property=\"og:type\" content=\"article\" \/>\n<meta property=\"og:title\" content=\"Du soleil dans les yeux de Antonio Pietrangeli - Olivier P\u00e8re\" \/>\n<meta property=\"og:description\" content=\"Belle mani\u00e8re de faire connaissance avec un cin\u00e9aste un peu oubli\u00e9. Du soleil dans les yeux (Il sole negli occhi,\u2026\" \/>\n<meta property=\"og:url\" content=\"https:\/\/www.arte.tv\/sites\/olivierpere\/2016\/10\/11\/soleil-yeux-de-antonio-pietrangeli\/\" \/>\n<meta property=\"og:site_name\" content=\"Olivier P\u00e8re\" \/>\n<meta property=\"article:published_time\" content=\"2016-10-11T21:55:39+00:00\" \/>\n<meta property=\"article:modified_time\" content=\"2016-10-13T21:57:52+00:00\" \/>\n<meta property=\"og:image\" content=\"https:\/\/www.arte.tv\/sites\/olivierpere\/files\/il-sole-negli-occhi-1953-antonio-pietrangeli-titanus-01.jpg\" \/>\n\t<meta property=\"og:image:width\" content=\"1440\" \/>\n\t<meta property=\"og:image:height\" content=\"1045\" \/>\n\t<meta property=\"og:image:type\" content=\"image\/jpeg\" \/>\n<meta name=\"author\" content=\"Olivier P\u00e8re\" \/>\n<meta name=\"twitter:label1\" content=\"\u00c9crit par\" \/>\n\t<meta name=\"twitter:data1\" content=\"Olivier P\u00e8re\" \/>\n\t<meta name=\"twitter:label2\" content=\"Dur\u00e9e de lecture estim\u00e9e\" \/>\n\t<meta name=\"twitter:data2\" content=\"3 minutes\" \/>\n<script type=\"application\/ld+json\" class=\"yoast-schema-graph\">{\"@context\":\"https:\/\/schema.org\",\"@graph\":[{\"@type\":\"WebPage\",\"@id\":\"https:\/\/www.arte.tv\/sites\/olivierpere\/2016\/10\/11\/soleil-yeux-de-antonio-pietrangeli\/\",\"url\":\"https:\/\/www.arte.tv\/sites\/olivierpere\/2016\/10\/11\/soleil-yeux-de-antonio-pietrangeli\/\",\"name\":\"Du soleil dans les yeux de Antonio Pietrangeli - Olivier P\u00e8re\",\"isPartOf\":{\"@id\":\"https:\/\/www.arte.tv\/sites\/olivierpere\/#website\"},\"datePublished\":\"2016-10-11T21:55:39+00:00\",\"dateModified\":\"2016-10-13T21:57:52+00:00\",\"author\":{\"@id\":\"https:\/\/www.arte.tv\/sites\/olivierpere\/#\/schema\/person\/dc32cd6c79be95e52d43b97a74182558\"},\"breadcrumb\":{\"@id\":\"https:\/\/www.arte.tv\/sites\/olivierpere\/2016\/10\/11\/soleil-yeux-de-antonio-pietrangeli\/#breadcrumb\"},\"inLanguage\":\"fr-FR\",\"potentialAction\":[{\"@type\":\"ReadAction\",\"target\":[\"https:\/\/www.arte.tv\/sites\/olivierpere\/2016\/10\/11\/soleil-yeux-de-antonio-pietrangeli\/\"]}]},{\"@type\":\"BreadcrumbList\",\"@id\":\"https:\/\/www.arte.tv\/sites\/olivierpere\/2016\/10\/11\/soleil-yeux-de-antonio-pietrangeli\/#breadcrumb\",\"itemListElement\":[{\"@type\":\"ListItem\",\"position\":1,\"name\":\"Home\",\"item\":\"https:\/\/www.arte.tv\/sites\/olivierpere\/\"},{\"@type\":\"ListItem\",\"position\":2,\"name\":\"Du soleil dans les yeux de Antonio Pietrangeli\"}]},{\"@type\":\"WebSite\",\"@id\":\"https:\/\/www.arte.tv\/sites\/olivierpere\/#website\",\"url\":\"https:\/\/www.arte.tv\/sites\/olivierpere\/\",\"name\":\"Olivier P\u00e8re\",\"description\":\"\",\"potentialAction\":[{\"@type\":\"SearchAction\",\"target\":{\"@type\":\"EntryPoint\",\"urlTemplate\":\"https:\/\/www.arte.tv\/sites\/olivierpere\/?s={search_term_string}\"},\"query-input\":\"required name=search_term_string\"}],\"inLanguage\":\"fr-FR\"},{\"@type\":\"Person\",\"@id\":\"https:\/\/www.arte.tv\/sites\/olivierpere\/#\/schema\/person\/dc32cd6c79be95e52d43b97a74182558\",\"name\":\"Olivier P\u00e8re\",\"image\":{\"@type\":\"ImageObject\",\"inLanguage\":\"fr-FR\",\"@id\":\"https:\/\/www.arte.tv\/sites\/olivierpere\/#\/schema\/person\/image\/\",\"url\":\"https:\/\/secure.gravatar.com\/avatar\/bdea7b6a2c195e2c41772429a9694758?s=96&d=mm&r=g\",\"contentUrl\":\"https:\/\/secure.gravatar.com\/avatar\/bdea7b6a2c195e2c41772429a9694758?s=96&d=mm&r=g\",\"caption\":\"Olivier P\u00e8re\"},\"url\":\"https:\/\/www.arte.tv\/sites\/olivierpere\/author\/pereolivier\/\"}]}<\/script>\n<!-- \/ Yoast SEO plugin. -->","yoast_head_json":{"title":"Du soleil dans les yeux de Antonio Pietrangeli - Olivier P\u00e8re","robots":{"index":"index","follow":"follow","max-snippet":"max-snippet:-1","max-image-preview":"max-image-preview:large","max-video-preview":"max-video-preview:-1"},"canonical":"https:\/\/www.arte.tv\/sites\/olivierpere\/2016\/10\/11\/soleil-yeux-de-antonio-pietrangeli\/","og_locale":"fr_FR","og_type":"article","og_title":"Du soleil dans les yeux de Antonio Pietrangeli - Olivier P\u00e8re","og_description":"Belle mani\u00e8re de faire connaissance avec un cin\u00e9aste un peu oubli\u00e9. Du soleil dans les yeux (Il sole negli occhi,\u2026","og_url":"https:\/\/www.arte.tv\/sites\/olivierpere\/2016\/10\/11\/soleil-yeux-de-antonio-pietrangeli\/","og_site_name":"Olivier P\u00e8re","article_published_time":"2016-10-11T21:55:39+00:00","article_modified_time":"2016-10-13T21:57:52+00:00","og_image":[{"width":1440,"height":1045,"url":"https:\/\/www.arte.tv\/sites\/olivierpere\/files\/il-sole-negli-occhi-1953-antonio-pietrangeli-titanus-01.jpg","type":"image\/jpeg"}],"author":"Olivier P\u00e8re","twitter_misc":{"\u00c9crit par":"Olivier P\u00e8re","Dur\u00e9e de lecture estim\u00e9e":"3 minutes"},"schema":{"@context":"https:\/\/schema.org","@graph":[{"@type":"WebPage","@id":"https:\/\/www.arte.tv\/sites\/olivierpere\/2016\/10\/11\/soleil-yeux-de-antonio-pietrangeli\/","url":"https:\/\/www.arte.tv\/sites\/olivierpere\/2016\/10\/11\/soleil-yeux-de-antonio-pietrangeli\/","name":"Du soleil dans les yeux de Antonio Pietrangeli - Olivier P\u00e8re","isPartOf":{"@id":"https:\/\/www.arte.tv\/sites\/olivierpere\/#website"},"datePublished":"2016-10-11T21:55:39+00:00","dateModified":"2016-10-13T21:57:52+00:00","author":{"@id":"https:\/\/www.arte.tv\/sites\/olivierpere\/#\/schema\/person\/dc32cd6c79be95e52d43b97a74182558"},"breadcrumb":{"@id":"https:\/\/www.arte.tv\/sites\/olivierpere\/2016\/10\/11\/soleil-yeux-de-antonio-pietrangeli\/#breadcrumb"},"inLanguage":"fr-FR","potentialAction":[{"@type":"ReadAction","target":["https:\/\/www.arte.tv\/sites\/olivierpere\/2016\/10\/11\/soleil-yeux-de-antonio-pietrangeli\/"]}]},{"@type":"BreadcrumbList","@id":"https:\/\/www.arte.tv\/sites\/olivierpere\/2016\/10\/11\/soleil-yeux-de-antonio-pietrangeli\/#breadcrumb","itemListElement":[{"@type":"ListItem","position":1,"name":"Home","item":"https:\/\/www.arte.tv\/sites\/olivierpere\/"},{"@type":"ListItem","position":2,"name":"Du soleil dans les yeux de Antonio Pietrangeli"}]},{"@type":"WebSite","@id":"https:\/\/www.arte.tv\/sites\/olivierpere\/#website","url":"https:\/\/www.arte.tv\/sites\/olivierpere\/","name":"Olivier P\u00e8re","description":"","potentialAction":[{"@type":"SearchAction","target":{"@type":"EntryPoint","urlTemplate":"https:\/\/www.arte.tv\/sites\/olivierpere\/?s={search_term_string}"},"query-input":"required name=search_term_string"}],"inLanguage":"fr-FR"},{"@type":"Person","@id":"https:\/\/www.arte.tv\/sites\/olivierpere\/#\/schema\/person\/dc32cd6c79be95e52d43b97a74182558","name":"Olivier P\u00e8re","image":{"@type":"ImageObject","inLanguage":"fr-FR","@id":"https:\/\/www.arte.tv\/sites\/olivierpere\/#\/schema\/person\/image\/","url":"https:\/\/secure.gravatar.com\/avatar\/bdea7b6a2c195e2c41772429a9694758?s=96&d=mm&r=g","contentUrl":"https:\/\/secure.gravatar.com\/avatar\/bdea7b6a2c195e2c41772429a9694758?s=96&d=mm&r=g","caption":"Olivier P\u00e8re"},"url":"https:\/\/www.arte.tv\/sites\/olivierpere\/author\/pereolivier\/"}]}},"_links":{"self":[{"href":"https:\/\/www.arte.tv\/sites\/olivierpere\/wp-json\/wp\/v2\/posts\/19425"}],"collection":[{"href":"https:\/\/www.arte.tv\/sites\/olivierpere\/wp-json\/wp\/v2\/posts"}],"about":[{"href":"https:\/\/www.arte.tv\/sites\/olivierpere\/wp-json\/wp\/v2\/types\/post"}],"author":[{"embeddable":true,"href":"https:\/\/www.arte.tv\/sites\/olivierpere\/wp-json\/wp\/v2\/users\/116"}],"replies":[{"embeddable":true,"href":"https:\/\/www.arte.tv\/sites\/olivierpere\/wp-json\/wp\/v2\/comments?post=19425"}],"version-history":[{"count":1,"href":"https:\/\/www.arte.tv\/sites\/olivierpere\/wp-json\/wp\/v2\/posts\/19425\/revisions"}],"predecessor-version":[{"id":19428,"href":"https:\/\/www.arte.tv\/sites\/olivierpere\/wp-json\/wp\/v2\/posts\/19425\/revisions\/19428"}],"wp:attachment":[{"href":"https:\/\/www.arte.tv\/sites\/olivierpere\/wp-json\/wp\/v2\/media?parent=19425"}],"wp:term":[{"taxonomy":"category","embeddable":true,"href":"https:\/\/www.arte.tv\/sites\/olivierpere\/wp-json\/wp\/v2\/categories?post=19425"},{"taxonomy":"post_tag","embeddable":true,"href":"https:\/\/www.arte.tv\/sites\/olivierpere\/wp-json\/wp\/v2\/tags?post=19425"}],"curies":[{"name":"wp","href":"https:\/\/api.w.org\/{rel}","templated":true}]}}