{"id":19395,"date":"2016-10-07T17:22:36","date_gmt":"2016-10-07T16:22:36","guid":{"rendered":"https:\/\/www.arte.tv\/sites\/olivierpere\/?p=19395"},"modified":"2020-03-27T13:42:06","modified_gmt":"2020-03-27T12:42:06","slug":"peau-de-torpedo-de-jean-delannoy","status":"publish","type":"post","link":"https:\/\/www.arte.tv\/sites\/olivierpere\/2016\/10\/07\/peau-de-torpedo-de-jean-delannoy\/","title":{"rendered":"La Peau de Torp\u00e9do de Jean Delannoy"},"content":{"rendered":"<p>Jean Delannoy est l\u2019un des plus mal aim\u00e9s des cin\u00e9astes de la soit disant \u00ab\u00a0qualit\u00e9 fran\u00e7aise\u00a0\u00bb honnie par la Nouvelle Vague. Sa r\u00e9\u00e9valuation n\u2019est pas ais\u00e9e. Il y a pourtant des bonnes surprises \u00e0 d\u00e9couvrir dans une filmographie tristounette et acad\u00e9mique. <em>La Peau de Torp\u00e9do<\/em> (1969) en est une. On pourrait m\u00eame parler d\u2019anomalie de fin de carri\u00e8re, de film sans trop de rapport avec le reste de l\u2019\u0153uvre de Delannoy, m\u00eame si ce dernier s\u2019\u00e9tait illustr\u00e9 avec talent dans le film criminel, avec un tr\u00e8s bon <em>Maigret tend un pi\u00e8ge<\/em> en 1958. <em>La Peau de Torp\u00e9do<\/em> n\u2019est pas \u00e0 proprement parler un polar mais plut\u00f4t un film d\u2019espionnage. Il y est question d\u2019une organisation internationale sp\u00e9cialis\u00e9e dans l\u2019espionnage industriel, dont l\u2019un des agents est accidentellement \u00ab\u00a0d\u00e9sactiv\u00e9\u00a0\u00bb lors mission sp\u00e9ciale \u00e0 Paris par son \u00e9pouse qui croit le surprendre en flagrant d\u00e9lit d\u2019adult\u00e8re alors qu\u2019il se planquait dans une chambre de bonne en compagnie d\u2019une complice. Le film organise ainsi, sur un simple malentendu, la collision entre le drame bourgeois (\u00e9pouse d\u00e9laiss\u00e9e qui s\u2019ennuie dans son nid confortable mais st\u00e9rile, mari indiff\u00e9rent et absent, signes ext\u00e9rieurs de richesse, drame de la jalousie) et le thriller \u00e9chevel\u00e9 (traque \u00e0 travers la France, assassinats en s\u00e9rie, services secrets contre organisation criminelle). <em>La Peau de torp\u00e9do<\/em> est tir\u00e9 d\u2019un roman de Francis Ryck publi\u00e9 dans la \u00ab\u00a0s\u00e9rie noire\u00a0\u00bb. Delannoy l\u2019a adapt\u00e9 pour l\u2019\u00e9cran avec Jean Cau, \u00e9galement auteur des dialogues. Francis Ryck et Jean Cau, c\u2019est le mariage de la carpe et du lapin, comme lorsque Alain Delon d\u00e9cida d\u2019adapter les n\u00e9o noirs de Jean-Patrick Manchette dans les ann\u00e9es 80. Publi\u00e9 en 1968, le roman <em>La Peau de Torp\u00e9do<\/em> se permettait une critique de la soci\u00e9t\u00e9 gaulliste. Guy Debord fait l\u2019\u00e9loge de Ryck dans <em>\u00ab\u00a0Cette mauvaise r\u00e9putation\u2026\u00a0\u00bb<\/em> en affirmant qu\u2019il y avait \u00ab\u00a0beaucoup plus de talent, et de v\u00e9rit\u00e9s reconnaissables\u00a0\u00bb chez cet \u00e9crivain que chez John le Carr\u00e9. L\u2019\u00e9crivain et pol\u00e9miste Jean Cau n\u2019\u00e9tait pas vraiment de la m\u00eame tendance politique, assumant \u00e0 partir des ann\u00e9es 60 des prises de positions conservatrices, \u00e0 contre-courant de la pens\u00e9e dominante de l\u2019\u00e9poque.<\/p>\n<p>Entre les mains de Delannoy et Jean Cau, on se doute que <em>La Peau de Torp\u00e9do<\/em> n\u2019a rien d\u2019un br\u00fblot gauchiste. Le film tente maladroitement de rendre compte des changements de la France d\u2019apr\u00e8s Mai 68. Lors de sa cavale Dominique (St\u00e9phane Audran), grande bourgeoise soudainement plong\u00e9e dans la r\u00e9alit\u00e9 fran\u00e7aise, croise des hippies et des marginaux, sans que cela n\u2019apporte grand chose au personnage ou \u00e0 l\u2019intrigue. <em>La Peau de Torp\u00e9do<\/em> poss\u00e8de pourtant des qualit\u00e9s et m\u00eame des singularit\u00e9s \u00e9tonnantes. Le film s\u2019affranchit progressivement des conventions du cin\u00e9ma policier commercial fran\u00e7ais pour s\u2019engager sur la voie du serial moderne et abstrait. Plusieurs tueurs \u00e0 la solde de l\u2019organisation secr\u00e8te, sous les ordres d\u2019une femme glaciale (Lilli Palmer), sont convoqu\u00e9s pour \u00e9liminer le t\u00e9moin g\u00eanant. Tous \u00e9chouent lamentablement, ce qui donne des allures de pantins malchanceux et maladroits \u00e0 ces pr\u00e9tendus assassins d\u2019\u00e9lite \u2013 la palme revenant \u00e0 Klaus Kinski, le Torp\u00e9do du titre, qui tombe tout seul dans un trou en cherchant \u00e0 tuer St\u00e9phane Audran r\u00e9fugi\u00e9e sur un cargo. Dans la sc\u00e8ne la plus \u00e9trange du film, l\u2019un des agents ne peut s\u2019emp\u00eacher de d\u00e9clarer sa flamme \u00e0 son impassible patronne, lors d\u2019un rendez-vous o\u00f9 elle l\u2019envoie en mission suicide\u2026 l\u2019influence de Delannoy pour <em>La Peau de Torp\u00e9do<\/em> n\u2019est pas \u00e0 chercher bien loin. Le g\u00e9n\u00e9rique du film montre des gros yeux qui tournoient dans un kal\u00e9idoscope inqui\u00e9tant, sur une musique de Fran\u00e7ois de Roubaix. Le visuel est d\u2019ailleurs reproduit sur l\u2019affiche. Ces yeux qui annoncent un monde d\u2019angoisse et de surveillance, ce sont ceux du <em>Diabolique docteur Mabuse<\/em> (en allemand, <em>Les Mille Yeux du docteur Mabuse<\/em>), dernier film de Fritz Lang r\u00e9alis\u00e9 en 1960, qui poss\u00e9dait un g\u00e9n\u00e9rique similaire. Dix ans plus tard, <em>La Peau de torp\u00e9do<\/em> est un ersatz direct du chef-d\u2019\u0153uvre proph\u00e9tique de Lang. M\u00eames p\u00e9rip\u00e9ties feuilletonesques, m\u00eame regard distant et s\u00e9v\u00e8re sur l\u2019humanit\u00e9, m\u00eames personnages d\u00e9risoires condamn\u00e9s \u00e0 dispara\u00eetre, sacrifi\u00e9s par des forces sup\u00e9rieures\u2026 Les meurtres ou suicides qui scandent le r\u00e9cit sont film\u00e9s de mani\u00e8re gla\u00e7ante. Il est amusant de voir St\u00e9phane Audran, \u00e9g\u00e9rie de Claude Chabrol, interpr\u00e9ter une h\u00e9ro\u00efne plong\u00e9e dans une spirale de violence et de danger dans un film de Delannoy. Elle est excellente.<\/p>\n<p>&nbsp;<\/p>\n<p><em>La Peau de Torp\u00e9do<\/em> vient d\u2019\u00eatre \u00e9dit\u00e9 en DVD dans la collection \u00ab\u00a0Gaumont \u00e0 la demande\u00a0\u00bb.<\/p>\n<p>&nbsp;<\/p>\n<p>&nbsp;<\/p>\n","protected":false},"excerpt":{"rendered":"<p>Jean Delannoy est l\u2019un des plus mal aim\u00e9s des cin\u00e9astes de la soit disant \u00ab\u00a0qualit\u00e9 fran\u00e7aise\u00a0\u00bb honnie par la Nouvelle\u2026<\/p>\n","protected":false},"author":116,"featured_media":0,"comment_status":"open","ping_status":"open","sticky":false,"template":"","format":"standard","meta":[],"categories":[9],"tags":[],"yoast_head":"<!-- This site is optimized with the Yoast SEO plugin v20.8 - https:\/\/yoast.com\/wordpress\/plugins\/seo\/ -->\n<title>La Peau de Torp\u00e9do de Jean Delannoy - Olivier P\u00e8re<\/title>\n<meta name=\"robots\" content=\"index, follow, max-snippet:-1, max-image-preview:large, max-video-preview:-1\" \/>\n<link rel=\"canonical\" href=\"https:\/\/www.arte.tv\/sites\/olivierpere\/2016\/10\/07\/peau-de-torpedo-de-jean-delannoy\/\" \/>\n<meta property=\"og:locale\" content=\"fr_FR\" \/>\n<meta property=\"og:type\" content=\"article\" \/>\n<meta property=\"og:title\" content=\"La Peau de Torp\u00e9do de Jean Delannoy - Olivier P\u00e8re\" \/>\n<meta property=\"og:description\" content=\"Jean Delannoy est l\u2019un des plus mal aim\u00e9s des cin\u00e9astes de la soit disant \u00ab\u00a0qualit\u00e9 fran\u00e7aise\u00a0\u00bb honnie par la Nouvelle\u2026\" \/>\n<meta property=\"og:url\" content=\"https:\/\/www.arte.tv\/sites\/olivierpere\/2016\/10\/07\/peau-de-torpedo-de-jean-delannoy\/\" \/>\n<meta property=\"og:site_name\" content=\"Olivier P\u00e8re\" \/>\n<meta property=\"article:published_time\" content=\"2016-10-07T16:22:36+00:00\" \/>\n<meta property=\"article:modified_time\" content=\"2020-03-27T12:42:06+00:00\" \/>\n<meta name=\"author\" content=\"Olivier P\u00e8re\" \/>\n<meta name=\"twitter:label1\" content=\"\u00c9crit par\" \/>\n\t<meta name=\"twitter:data1\" content=\"Olivier P\u00e8re\" \/>\n\t<meta name=\"twitter:label2\" content=\"Dur\u00e9e de lecture estim\u00e9e\" \/>\n\t<meta name=\"twitter:data2\" content=\"4 minutes\" \/>\n<script type=\"application\/ld+json\" class=\"yoast-schema-graph\">{\"@context\":\"https:\/\/schema.org\",\"@graph\":[{\"@type\":\"WebPage\",\"@id\":\"https:\/\/www.arte.tv\/sites\/olivierpere\/2016\/10\/07\/peau-de-torpedo-de-jean-delannoy\/\",\"url\":\"https:\/\/www.arte.tv\/sites\/olivierpere\/2016\/10\/07\/peau-de-torpedo-de-jean-delannoy\/\",\"name\":\"La Peau de Torp\u00e9do de Jean Delannoy - Olivier P\u00e8re\",\"isPartOf\":{\"@id\":\"https:\/\/www.arte.tv\/sites\/olivierpere\/#website\"},\"datePublished\":\"2016-10-07T16:22:36+00:00\",\"dateModified\":\"2020-03-27T12:42:06+00:00\",\"author\":{\"@id\":\"https:\/\/www.arte.tv\/sites\/olivierpere\/#\/schema\/person\/dc32cd6c79be95e52d43b97a74182558\"},\"breadcrumb\":{\"@id\":\"https:\/\/www.arte.tv\/sites\/olivierpere\/2016\/10\/07\/peau-de-torpedo-de-jean-delannoy\/#breadcrumb\"},\"inLanguage\":\"fr-FR\",\"potentialAction\":[{\"@type\":\"ReadAction\",\"target\":[\"https:\/\/www.arte.tv\/sites\/olivierpere\/2016\/10\/07\/peau-de-torpedo-de-jean-delannoy\/\"]}]},{\"@type\":\"BreadcrumbList\",\"@id\":\"https:\/\/www.arte.tv\/sites\/olivierpere\/2016\/10\/07\/peau-de-torpedo-de-jean-delannoy\/#breadcrumb\",\"itemListElement\":[{\"@type\":\"ListItem\",\"position\":1,\"name\":\"Home\",\"item\":\"https:\/\/www.arte.tv\/sites\/olivierpere\/\"},{\"@type\":\"ListItem\",\"position\":2,\"name\":\"La Peau de Torp\u00e9do de Jean Delannoy\"}]},{\"@type\":\"WebSite\",\"@id\":\"https:\/\/www.arte.tv\/sites\/olivierpere\/#website\",\"url\":\"https:\/\/www.arte.tv\/sites\/olivierpere\/\",\"name\":\"Olivier P\u00e8re\",\"description\":\"\",\"potentialAction\":[{\"@type\":\"SearchAction\",\"target\":{\"@type\":\"EntryPoint\",\"urlTemplate\":\"https:\/\/www.arte.tv\/sites\/olivierpere\/?s={search_term_string}\"},\"query-input\":\"required name=search_term_string\"}],\"inLanguage\":\"fr-FR\"},{\"@type\":\"Person\",\"@id\":\"https:\/\/www.arte.tv\/sites\/olivierpere\/#\/schema\/person\/dc32cd6c79be95e52d43b97a74182558\",\"name\":\"Olivier P\u00e8re\",\"image\":{\"@type\":\"ImageObject\",\"inLanguage\":\"fr-FR\",\"@id\":\"https:\/\/www.arte.tv\/sites\/olivierpere\/#\/schema\/person\/image\/\",\"url\":\"https:\/\/secure.gravatar.com\/avatar\/bdea7b6a2c195e2c41772429a9694758?s=96&d=mm&r=g\",\"contentUrl\":\"https:\/\/secure.gravatar.com\/avatar\/bdea7b6a2c195e2c41772429a9694758?s=96&d=mm&r=g\",\"caption\":\"Olivier P\u00e8re\"},\"url\":\"https:\/\/www.arte.tv\/sites\/olivierpere\/author\/pereolivier\/\"}]}<\/script>\n<!-- \/ Yoast SEO plugin. -->","yoast_head_json":{"title":"La Peau de Torp\u00e9do de Jean Delannoy - Olivier P\u00e8re","robots":{"index":"index","follow":"follow","max-snippet":"max-snippet:-1","max-image-preview":"max-image-preview:large","max-video-preview":"max-video-preview:-1"},"canonical":"https:\/\/www.arte.tv\/sites\/olivierpere\/2016\/10\/07\/peau-de-torpedo-de-jean-delannoy\/","og_locale":"fr_FR","og_type":"article","og_title":"La Peau de Torp\u00e9do de Jean Delannoy - Olivier P\u00e8re","og_description":"Jean Delannoy est l\u2019un des plus mal aim\u00e9s des cin\u00e9astes de la soit disant \u00ab\u00a0qualit\u00e9 fran\u00e7aise\u00a0\u00bb honnie par la Nouvelle\u2026","og_url":"https:\/\/www.arte.tv\/sites\/olivierpere\/2016\/10\/07\/peau-de-torpedo-de-jean-delannoy\/","og_site_name":"Olivier P\u00e8re","article_published_time":"2016-10-07T16:22:36+00:00","article_modified_time":"2020-03-27T12:42:06+00:00","author":"Olivier P\u00e8re","twitter_misc":{"\u00c9crit par":"Olivier P\u00e8re","Dur\u00e9e de lecture estim\u00e9e":"4 minutes"},"schema":{"@context":"https:\/\/schema.org","@graph":[{"@type":"WebPage","@id":"https:\/\/www.arte.tv\/sites\/olivierpere\/2016\/10\/07\/peau-de-torpedo-de-jean-delannoy\/","url":"https:\/\/www.arte.tv\/sites\/olivierpere\/2016\/10\/07\/peau-de-torpedo-de-jean-delannoy\/","name":"La Peau de Torp\u00e9do de Jean Delannoy - Olivier P\u00e8re","isPartOf":{"@id":"https:\/\/www.arte.tv\/sites\/olivierpere\/#website"},"datePublished":"2016-10-07T16:22:36+00:00","dateModified":"2020-03-27T12:42:06+00:00","author":{"@id":"https:\/\/www.arte.tv\/sites\/olivierpere\/#\/schema\/person\/dc32cd6c79be95e52d43b97a74182558"},"breadcrumb":{"@id":"https:\/\/www.arte.tv\/sites\/olivierpere\/2016\/10\/07\/peau-de-torpedo-de-jean-delannoy\/#breadcrumb"},"inLanguage":"fr-FR","potentialAction":[{"@type":"ReadAction","target":["https:\/\/www.arte.tv\/sites\/olivierpere\/2016\/10\/07\/peau-de-torpedo-de-jean-delannoy\/"]}]},{"@type":"BreadcrumbList","@id":"https:\/\/www.arte.tv\/sites\/olivierpere\/2016\/10\/07\/peau-de-torpedo-de-jean-delannoy\/#breadcrumb","itemListElement":[{"@type":"ListItem","position":1,"name":"Home","item":"https:\/\/www.arte.tv\/sites\/olivierpere\/"},{"@type":"ListItem","position":2,"name":"La Peau de Torp\u00e9do de Jean Delannoy"}]},{"@type":"WebSite","@id":"https:\/\/www.arte.tv\/sites\/olivierpere\/#website","url":"https:\/\/www.arte.tv\/sites\/olivierpere\/","name":"Olivier P\u00e8re","description":"","potentialAction":[{"@type":"SearchAction","target":{"@type":"EntryPoint","urlTemplate":"https:\/\/www.arte.tv\/sites\/olivierpere\/?s={search_term_string}"},"query-input":"required name=search_term_string"}],"inLanguage":"fr-FR"},{"@type":"Person","@id":"https:\/\/www.arte.tv\/sites\/olivierpere\/#\/schema\/person\/dc32cd6c79be95e52d43b97a74182558","name":"Olivier P\u00e8re","image":{"@type":"ImageObject","inLanguage":"fr-FR","@id":"https:\/\/www.arte.tv\/sites\/olivierpere\/#\/schema\/person\/image\/","url":"https:\/\/secure.gravatar.com\/avatar\/bdea7b6a2c195e2c41772429a9694758?s=96&d=mm&r=g","contentUrl":"https:\/\/secure.gravatar.com\/avatar\/bdea7b6a2c195e2c41772429a9694758?s=96&d=mm&r=g","caption":"Olivier P\u00e8re"},"url":"https:\/\/www.arte.tv\/sites\/olivierpere\/author\/pereolivier\/"}]}},"_links":{"self":[{"href":"https:\/\/www.arte.tv\/sites\/olivierpere\/wp-json\/wp\/v2\/posts\/19395"}],"collection":[{"href":"https:\/\/www.arte.tv\/sites\/olivierpere\/wp-json\/wp\/v2\/posts"}],"about":[{"href":"https:\/\/www.arte.tv\/sites\/olivierpere\/wp-json\/wp\/v2\/types\/post"}],"author":[{"embeddable":true,"href":"https:\/\/www.arte.tv\/sites\/olivierpere\/wp-json\/wp\/v2\/users\/116"}],"replies":[{"embeddable":true,"href":"https:\/\/www.arte.tv\/sites\/olivierpere\/wp-json\/wp\/v2\/comments?post=19395"}],"version-history":[{"count":5,"href":"https:\/\/www.arte.tv\/sites\/olivierpere\/wp-json\/wp\/v2\/posts\/19395\/revisions"}],"predecessor-version":[{"id":24512,"href":"https:\/\/www.arte.tv\/sites\/olivierpere\/wp-json\/wp\/v2\/posts\/19395\/revisions\/24512"}],"wp:attachment":[{"href":"https:\/\/www.arte.tv\/sites\/olivierpere\/wp-json\/wp\/v2\/media?parent=19395"}],"wp:term":[{"taxonomy":"category","embeddable":true,"href":"https:\/\/www.arte.tv\/sites\/olivierpere\/wp-json\/wp\/v2\/categories?post=19395"},{"taxonomy":"post_tag","embeddable":true,"href":"https:\/\/www.arte.tv\/sites\/olivierpere\/wp-json\/wp\/v2\/tags?post=19395"}],"curies":[{"name":"wp","href":"https:\/\/api.w.org\/{rel}","templated":true}]}}