{"id":19257,"date":"2016-09-16T03:45:32","date_gmt":"2016-09-16T02:45:32","guid":{"rendered":"https:\/\/www.arte.tv\/sites\/olivierpere\/?p=19257"},"modified":"2016-10-14T07:37:47","modified_gmt":"2016-10-14T06:37:47","slug":"black-book-de-paul-verhoeven","status":"publish","type":"post","link":"https:\/\/www.arte.tv\/sites\/olivierpere\/2016\/09\/16\/black-book-de-paul-verhoeven\/","title":{"rendered":"Black Book de Paul Verhoeven"},"content":{"rendered":"<p>ARTE diffuse <em>Black Book<\/em> (<em>Zwartboek<\/em>, 2006) de Paul Verhoeven dimanche 16 octobre \u00e0 20h50.<\/p>\n<p><em>Black Book<\/em> marque le grand retour de Verhoeven en Hollande 23 ans apr\u00e8s <em>Le Quatri\u00e8me Homme<\/em>, le dernier film qu\u2019il avait r\u00e9alis\u00e9 dans son pays natal avant son d\u00e9part pour une carri\u00e8re internationale et son installation aux Etats-Unis.<\/p>\n<p>M\u00e9content de <em>Hollow Man<\/em> et des projets qui lui \u00e9taient propos\u00e9s \u00e0 Hollywood, o\u00f9 sa situation \u00e9tait devenue d\u00e9licate depuis le d\u00e9sastre commercial de <em>Showgirls<\/em>, Verhoeven d\u00e9cide que le moment \u00e9tait venu de rentrer en Europe et de se consacrer \u00e0 un film plus personnel et ambitieux qui lui permettrait de renouer avec la veine historique et romanesque de <em>Soldier of Orange<\/em> (1977), avec une approche du sujet aussi audacieuse et provocante que possible. Ce sera <em>Black Book<\/em>, qui scelle aussi les retrouvailles avec le vieux complice de ses d\u00e9buts, Gerard Soeteman, qui avait accumul\u00e9 une vaste documentation sur l\u2019occupation nazie de la Hollande depuis l\u2019\u00e9criture de <em>Soldier of Orange<\/em>.<\/p>\n<p><em>Black Book<\/em> s\u2019inspire d\u2019une histoire vraie pour proposer un haletant thriller d\u2019espionnage et un magnifique portrait de femme dans la tourmente de la Seconde Guerre mondiale. Rachel (g\u00e9nialement interpr\u00e9t\u00e9e par Carice van Houten) est sans doute la plus belle h\u00e9ro\u00efne du cin\u00e9aste qui a souvent mis au c\u0153ur de ses films des femmes en p\u00e9ril, oblig\u00e9es d\u2019user de leurs charmes mais aussi de leur courage et de leur intelligence (il n\u2019y a pas que l\u2019instinct et les pulsions primitives chez Verhoeven) pour survivre dans un environnement dangereux : <em>Katie Tippel<\/em>, <em>La Chair et le sang<\/em>, <em>Showgirls<\/em>\u2026 et derni\u00e8rement <em>Elle<\/em>.<\/p>\n<div id=\"attachment_19259\" style=\"width: 1610px\" class=\"wp-caption alignnone\"><img aria-describedby=\"caption-attachment-19259\" decoding=\"async\" loading=\"lazy\" class=\"size-full wp-image-19259\" src=\"https:\/\/www.arte.tv\/sites\/olivierpere\/files\/13718055_1367261736620565_1453296727_o.jpg\" alt=\"Carice van Houten dans Black Book de Paul Verhoeven \u00a9 Path\u00e9 Films\" width=\"1600\" height=\"898\" srcset=\"https:\/\/www.arte.tv\/sites\/olivierpere\/files\/13718055_1367261736620565_1453296727_o.jpg 1600w, https:\/\/www.arte.tv\/sites\/olivierpere\/files\/13718055_1367261736620565_1453296727_o-499x280.jpg 499w, https:\/\/www.arte.tv\/sites\/olivierpere\/files\/13718055_1367261736620565_1453296727_o-768x431.jpg 768w, https:\/\/www.arte.tv\/sites\/olivierpere\/files\/13718055_1367261736620565_1453296727_o-1024x575.jpg 1024w, https:\/\/www.arte.tv\/sites\/olivierpere\/files\/13718055_1367261736620565_1453296727_o-580x326.jpg 580w\" sizes=\"(max-width: 1600px) 100vw, 1600px\" \/><p id=\"caption-attachment-19259\" class=\"wp-caption-text\">Carice van Houten dans Black Book de Paul Verhoeven \u00a9 Path\u00e9 Films<\/p><\/div>\n<p>Rachel, jeune fille juive qui \u00e9chappe plusieurs fois \u00e0 la mort, doit changer d\u2019identit\u00e9 et d\u2019apparence physique, frayer avec ses ennemis en \u00e9voluant dans l\u2019entourage de l\u2019occupant nazi, espionne au service de la r\u00e9sistance hollandaise. Malgr\u00e9 ses masques et ses mensonges elle demeure tout au long du film d\u2019une totale int\u00e9grit\u00e9 morale tandis que la corruption, la trahison et la violence r\u00e8gnent autour d\u2019elle, y compris dans les rangs des r\u00e9sistants qui rec\u00e8lent un tra\u00eetre diabolique. Verhoeven est tout sauf un cin\u00e9aste manich\u00e9en et <em>Black Book<\/em> n\u2019occulte en rien les zones d\u2019ombres les plus d\u00e9rangeantes de l\u2019Histoire, l\u2019ambig\u00fcit\u00e9 des comportements, les grandeurs et les faiblesses des hommes qui se r\u00e9v\u00e8lent dans les situations extr\u00eames. Le retour au r\u00e9alisme et le souci de la reconstitution historique s\u2019accompagnent pour Verhoeven d\u2019une mise en sc\u00e8ne et d\u2019un sens du r\u00e9cit plus brillants que jamais. Le cin\u00e9aste se souvient des le\u00e7ons du cin\u00e9ma d\u2019Alfred Hitchcock, notamment ses films d\u2019espionnage anglais des ann\u00e9es 30, et livre dans <em>Black Book<\/em> plusieurs sc\u00e8nes de suspens anthologiques, jouant en permanence avec les \u00e9motions des spectateurs avec des va-et-vient entre l\u2019ironie, la trag\u00e9die et l\u2019angoisse. Un chef-d\u2019\u0153uvre.<\/p>\n<p>&nbsp;<\/p>\n<p>&nbsp;<\/p>\n<p>&nbsp;<\/p>\n<p>&nbsp;<\/p>\n<p>&nbsp;<\/p>\n<p>&nbsp;<\/p>\n","protected":false},"excerpt":{"rendered":"<p>ARTE diffuse Black Book (Zwartboek, 2006) de Paul Verhoeven dimanche 16 octobre \u00e0 20h50. Black Book marque le grand retour\u2026<\/p>\n","protected":false},"author":116,"featured_media":19258,"comment_status":"open","ping_status":"open","sticky":false,"template":"","format":"standard","meta":[],"categories":[8],"tags":[],"yoast_head":"<!-- This site is optimized with the Yoast SEO plugin v20.8 - https:\/\/yoast.com\/wordpress\/plugins\/seo\/ -->\n<title>Black Book de Paul Verhoeven - Olivier P\u00e8re<\/title>\n<meta name=\"robots\" content=\"index, follow, max-snippet:-1, max-image-preview:large, max-video-preview:-1\" \/>\n<link rel=\"canonical\" href=\"https:\/\/www.arte.tv\/sites\/olivierpere\/2016\/09\/16\/black-book-de-paul-verhoeven\/\" \/>\n<meta property=\"og:locale\" content=\"fr_FR\" \/>\n<meta property=\"og:type\" content=\"article\" \/>\n<meta property=\"og:title\" content=\"Black Book de Paul Verhoeven - Olivier P\u00e8re\" \/>\n<meta property=\"og:description\" content=\"ARTE diffuse Black Book (Zwartboek, 2006) de Paul Verhoeven dimanche 16 octobre \u00e0 20h50. Black Book marque le grand retour\u2026\" \/>\n<meta property=\"og:url\" content=\"https:\/\/www.arte.tv\/sites\/olivierpere\/2016\/09\/16\/black-book-de-paul-verhoeven\/\" \/>\n<meta property=\"og:site_name\" content=\"Olivier P\u00e8re\" \/>\n<meta property=\"article:published_time\" content=\"2016-09-16T02:45:32+00:00\" \/>\n<meta property=\"article:modified_time\" content=\"2016-10-14T06:37:47+00:00\" \/>\n<meta property=\"og:image\" content=\"https:\/\/www.arte.tv\/sites\/olivierpere\/files\/black-book-2006-17-g.jpg\" \/>\n\t<meta property=\"og:image:width\" content=\"1200\" \/>\n\t<meta property=\"og:image:height\" content=\"665\" \/>\n\t<meta property=\"og:image:type\" content=\"image\/jpeg\" \/>\n<meta name=\"author\" content=\"Olivier P\u00e8re\" \/>\n<meta name=\"twitter:label1\" content=\"\u00c9crit par\" \/>\n\t<meta name=\"twitter:data1\" content=\"Olivier P\u00e8re\" \/>\n\t<meta name=\"twitter:label2\" content=\"Dur\u00e9e de lecture estim\u00e9e\" \/>\n\t<meta name=\"twitter:data2\" content=\"3 minutes\" \/>\n<script type=\"application\/ld+json\" class=\"yoast-schema-graph\">{\"@context\":\"https:\/\/schema.org\",\"@graph\":[{\"@type\":\"WebPage\",\"@id\":\"https:\/\/www.arte.tv\/sites\/olivierpere\/2016\/09\/16\/black-book-de-paul-verhoeven\/\",\"url\":\"https:\/\/www.arte.tv\/sites\/olivierpere\/2016\/09\/16\/black-book-de-paul-verhoeven\/\",\"name\":\"Black Book de Paul Verhoeven - Olivier P\u00e8re\",\"isPartOf\":{\"@id\":\"https:\/\/www.arte.tv\/sites\/olivierpere\/#website\"},\"datePublished\":\"2016-09-16T02:45:32+00:00\",\"dateModified\":\"2016-10-14T06:37:47+00:00\",\"author\":{\"@id\":\"https:\/\/www.arte.tv\/sites\/olivierpere\/#\/schema\/person\/dc32cd6c79be95e52d43b97a74182558\"},\"breadcrumb\":{\"@id\":\"https:\/\/www.arte.tv\/sites\/olivierpere\/2016\/09\/16\/black-book-de-paul-verhoeven\/#breadcrumb\"},\"inLanguage\":\"fr-FR\",\"potentialAction\":[{\"@type\":\"ReadAction\",\"target\":[\"https:\/\/www.arte.tv\/sites\/olivierpere\/2016\/09\/16\/black-book-de-paul-verhoeven\/\"]}]},{\"@type\":\"BreadcrumbList\",\"@id\":\"https:\/\/www.arte.tv\/sites\/olivierpere\/2016\/09\/16\/black-book-de-paul-verhoeven\/#breadcrumb\",\"itemListElement\":[{\"@type\":\"ListItem\",\"position\":1,\"name\":\"Home\",\"item\":\"https:\/\/www.arte.tv\/sites\/olivierpere\/\"},{\"@type\":\"ListItem\",\"position\":2,\"name\":\"Black Book de Paul Verhoeven\"}]},{\"@type\":\"WebSite\",\"@id\":\"https:\/\/www.arte.tv\/sites\/olivierpere\/#website\",\"url\":\"https:\/\/www.arte.tv\/sites\/olivierpere\/\",\"name\":\"Olivier P\u00e8re\",\"description\":\"\",\"potentialAction\":[{\"@type\":\"SearchAction\",\"target\":{\"@type\":\"EntryPoint\",\"urlTemplate\":\"https:\/\/www.arte.tv\/sites\/olivierpere\/?s={search_term_string}\"},\"query-input\":\"required name=search_term_string\"}],\"inLanguage\":\"fr-FR\"},{\"@type\":\"Person\",\"@id\":\"https:\/\/www.arte.tv\/sites\/olivierpere\/#\/schema\/person\/dc32cd6c79be95e52d43b97a74182558\",\"name\":\"Olivier P\u00e8re\",\"image\":{\"@type\":\"ImageObject\",\"inLanguage\":\"fr-FR\",\"@id\":\"https:\/\/www.arte.tv\/sites\/olivierpere\/#\/schema\/person\/image\/\",\"url\":\"https:\/\/secure.gravatar.com\/avatar\/bdea7b6a2c195e2c41772429a9694758?s=96&d=mm&r=g\",\"contentUrl\":\"https:\/\/secure.gravatar.com\/avatar\/bdea7b6a2c195e2c41772429a9694758?s=96&d=mm&r=g\",\"caption\":\"Olivier P\u00e8re\"},\"url\":\"https:\/\/www.arte.tv\/sites\/olivierpere\/author\/pereolivier\/\"}]}<\/script>\n<!-- \/ Yoast SEO plugin. -->","yoast_head_json":{"title":"Black Book de Paul Verhoeven - Olivier P\u00e8re","robots":{"index":"index","follow":"follow","max-snippet":"max-snippet:-1","max-image-preview":"max-image-preview:large","max-video-preview":"max-video-preview:-1"},"canonical":"https:\/\/www.arte.tv\/sites\/olivierpere\/2016\/09\/16\/black-book-de-paul-verhoeven\/","og_locale":"fr_FR","og_type":"article","og_title":"Black Book de Paul Verhoeven - Olivier P\u00e8re","og_description":"ARTE diffuse Black Book (Zwartboek, 2006) de Paul Verhoeven dimanche 16 octobre \u00e0 20h50. Black Book marque le grand retour\u2026","og_url":"https:\/\/www.arte.tv\/sites\/olivierpere\/2016\/09\/16\/black-book-de-paul-verhoeven\/","og_site_name":"Olivier P\u00e8re","article_published_time":"2016-09-16T02:45:32+00:00","article_modified_time":"2016-10-14T06:37:47+00:00","og_image":[{"width":1200,"height":665,"url":"https:\/\/www.arte.tv\/sites\/olivierpere\/files\/black-book-2006-17-g.jpg","type":"image\/jpeg"}],"author":"Olivier P\u00e8re","twitter_misc":{"\u00c9crit par":"Olivier P\u00e8re","Dur\u00e9e de lecture estim\u00e9e":"3 minutes"},"schema":{"@context":"https:\/\/schema.org","@graph":[{"@type":"WebPage","@id":"https:\/\/www.arte.tv\/sites\/olivierpere\/2016\/09\/16\/black-book-de-paul-verhoeven\/","url":"https:\/\/www.arte.tv\/sites\/olivierpere\/2016\/09\/16\/black-book-de-paul-verhoeven\/","name":"Black Book de Paul Verhoeven - Olivier P\u00e8re","isPartOf":{"@id":"https:\/\/www.arte.tv\/sites\/olivierpere\/#website"},"datePublished":"2016-09-16T02:45:32+00:00","dateModified":"2016-10-14T06:37:47+00:00","author":{"@id":"https:\/\/www.arte.tv\/sites\/olivierpere\/#\/schema\/person\/dc32cd6c79be95e52d43b97a74182558"},"breadcrumb":{"@id":"https:\/\/www.arte.tv\/sites\/olivierpere\/2016\/09\/16\/black-book-de-paul-verhoeven\/#breadcrumb"},"inLanguage":"fr-FR","potentialAction":[{"@type":"ReadAction","target":["https:\/\/www.arte.tv\/sites\/olivierpere\/2016\/09\/16\/black-book-de-paul-verhoeven\/"]}]},{"@type":"BreadcrumbList","@id":"https:\/\/www.arte.tv\/sites\/olivierpere\/2016\/09\/16\/black-book-de-paul-verhoeven\/#breadcrumb","itemListElement":[{"@type":"ListItem","position":1,"name":"Home","item":"https:\/\/www.arte.tv\/sites\/olivierpere\/"},{"@type":"ListItem","position":2,"name":"Black Book de Paul Verhoeven"}]},{"@type":"WebSite","@id":"https:\/\/www.arte.tv\/sites\/olivierpere\/#website","url":"https:\/\/www.arte.tv\/sites\/olivierpere\/","name":"Olivier P\u00e8re","description":"","potentialAction":[{"@type":"SearchAction","target":{"@type":"EntryPoint","urlTemplate":"https:\/\/www.arte.tv\/sites\/olivierpere\/?s={search_term_string}"},"query-input":"required name=search_term_string"}],"inLanguage":"fr-FR"},{"@type":"Person","@id":"https:\/\/www.arte.tv\/sites\/olivierpere\/#\/schema\/person\/dc32cd6c79be95e52d43b97a74182558","name":"Olivier P\u00e8re","image":{"@type":"ImageObject","inLanguage":"fr-FR","@id":"https:\/\/www.arte.tv\/sites\/olivierpere\/#\/schema\/person\/image\/","url":"https:\/\/secure.gravatar.com\/avatar\/bdea7b6a2c195e2c41772429a9694758?s=96&d=mm&r=g","contentUrl":"https:\/\/secure.gravatar.com\/avatar\/bdea7b6a2c195e2c41772429a9694758?s=96&d=mm&r=g","caption":"Olivier P\u00e8re"},"url":"https:\/\/www.arte.tv\/sites\/olivierpere\/author\/pereolivier\/"}]}},"_links":{"self":[{"href":"https:\/\/www.arte.tv\/sites\/olivierpere\/wp-json\/wp\/v2\/posts\/19257"}],"collection":[{"href":"https:\/\/www.arte.tv\/sites\/olivierpere\/wp-json\/wp\/v2\/posts"}],"about":[{"href":"https:\/\/www.arte.tv\/sites\/olivierpere\/wp-json\/wp\/v2\/types\/post"}],"author":[{"embeddable":true,"href":"https:\/\/www.arte.tv\/sites\/olivierpere\/wp-json\/wp\/v2\/users\/116"}],"replies":[{"embeddable":true,"href":"https:\/\/www.arte.tv\/sites\/olivierpere\/wp-json\/wp\/v2\/comments?post=19257"}],"version-history":[{"count":3,"href":"https:\/\/www.arte.tv\/sites\/olivierpere\/wp-json\/wp\/v2\/posts\/19257\/revisions"}],"predecessor-version":[{"id":19430,"href":"https:\/\/www.arte.tv\/sites\/olivierpere\/wp-json\/wp\/v2\/posts\/19257\/revisions\/19430"}],"wp:featuredmedia":[{"embeddable":true,"href":"https:\/\/www.arte.tv\/sites\/olivierpere\/wp-json\/wp\/v2\/media\/19258"}],"wp:attachment":[{"href":"https:\/\/www.arte.tv\/sites\/olivierpere\/wp-json\/wp\/v2\/media?parent=19257"}],"wp:term":[{"taxonomy":"category","embeddable":true,"href":"https:\/\/www.arte.tv\/sites\/olivierpere\/wp-json\/wp\/v2\/categories?post=19257"},{"taxonomy":"post_tag","embeddable":true,"href":"https:\/\/www.arte.tv\/sites\/olivierpere\/wp-json\/wp\/v2\/tags?post=19257"}],"curies":[{"name":"wp","href":"https:\/\/api.w.org\/{rel}","templated":true}]}}