{"id":19240,"date":"2016-09-12T17:18:59","date_gmt":"2016-09-12T16:18:59","guid":{"rendered":"https:\/\/www.arte.tv\/sites\/olivierpere\/?p=19240"},"modified":"2016-09-21T17:30:46","modified_gmt":"2016-09-21T16:30:46","slug":"arte-kino-festival-english-version","status":"publish","type":"post","link":"https:\/\/www.arte.tv\/sites\/olivierpere\/2016\/09\/12\/arte-kino-festival-english-version\/","title":{"rendered":"ARTE Kino Festival (english version)"},"content":{"rendered":"<p><iframe loading=\"lazy\" style=\"margin: 0 auto;background-color: #000000\" src=\"https:\/\/www.arte.tv\/arte_vp\/index.php?json_url=https%3A%2F%2Fapi.arte.tv%2Fapi%2Fplayer%2Fv1%2Fconfig%2Ffr%2F064427-011-A%3Fplatform%3DCINEMA%26autostart%3D0%26infoLink%3D%26primaryAudioVersion%3D&amp;lang=fr_FR&amp;config=arte_cinema\" width=\"720\" height=\"406\" frameborder=\"0\"><\/iframe><\/p>\n<p>ARTE and the platform <a href=\"https:\/\/www.festivalscope.com\/all\/\">Festival Scope<\/a> are launching the first edition of ARTE Kino Festival, a new, totally free online European film festival.<\/p>\n<p>From September 30 to October 9<\/p>\n<p><a href=\"http:\/\/www.artekinofestival.com\">www.artekinofestival.com<\/a><\/p>\n<p>will propose 10 new European films in 44 European countries, with 4 subtitles available (French, German, English, Spanish).<\/p>\n<p><strong>ARTE Kino Festival<\/strong> is an innovative event aimed at movie goers and an audience from all over Europe, who wish to discover some of this year\u2019s most original and stimulating European productions.<\/p>\n<p><strong>ARTE <\/strong><strong>Kino Festival<\/strong> is open to all. Our audience &#8211; up to 50,000 people &#8211; invited to vote for the <em>Nespresso<\/em> Audience Award will be the only judges of independent European productions which have been identified in the major festivals and international markets.<\/p>\n<p><strong>ARTE <\/strong><strong>Kino Festival<\/strong> aims at giving yet unseen films a greater visibility and a wider distribution all over Europe.<\/p>\n<p><strong>ARTE Kino Festival<\/strong> has selected 10 movies which are representative of the eclectism and the audacity of the new European cinematographic production with films of young, upcoming directors or already well-known filmmakers such as Ulrich Seidl or Philippe Faucon. The Festival does not leave out animated and documentary film (<em>The Girl Without Hands, Safari<\/em>) while the other selections seem to be essays where the camera travel between dream, fiction and fact (<em>Lost and Beautiful, Happy Times Will Come Soon<\/em>). A number of films address intimately social issues or European history. Others chose to explore the entire range of love\u2019s desire. Lastly, we underscore the rich inclusion of films from the south of Europe, showcasing the talent of a new generation of filmmakers from Italy, Greece and Portugal.<br \/>\n<strong>\u00a0<\/strong><\/p>\n<p><strong>The <\/strong><strong><em>Nespresso <\/em><\/strong><strong>Audience Award<\/strong><\/p>\n<p>To take part in the festival, audience members will register on <a href=\"http:\/\/www.artekinofestival.com\">www.artekinofestival.com<\/a> and reserve one or more tickets after September 12, of the 5 000 available per film. After each viewing, the user award the film a score from 1 to 5.<\/p>\n<p>The<em> Nespresso<\/em> Audience Award for the film with the best score, will be a 50, 000 \u20ac prize to be shared between the filmmaker and the international sales agent, to aid in promoting the film on new territories.<\/p>\n<p><strong>\u00a0<\/strong><\/p>\n<p>&nbsp;<\/p>\n<p><strong>\u00a0<\/strong><\/p>\n<p><strong>The Selection<\/strong><\/p>\n<p>These 10 films (7 of which premiere in France) were recently selected for and received awards at the most prestigious international festivals (Sundance, Rotterdam, Cannes, Locarno, Venice, Annecy). They now have the chance to be seen by an audience of European film goers eager to discover something new.<\/p>\n<p>&nbsp;<\/p>\n<p>&nbsp;<\/p>\n<div id=\"attachment_19236\" style=\"width: 1610px\" class=\"wp-caption alignnone\"><img aria-describedby=\"caption-attachment-19236\" decoding=\"async\" loading=\"lazy\" class=\"size-full wp-image-19236\" src=\"https:\/\/www.arte.tv\/sites\/olivierpere\/files\/554695-1.jpg\" alt=\"La Mort de Louis XIV de Albert Serra\" width=\"1600\" height=\"900\" srcset=\"https:\/\/www.arte.tv\/sites\/olivierpere\/files\/554695-1.jpg 1600w, https:\/\/www.arte.tv\/sites\/olivierpere\/files\/554695-1-498x280.jpg 498w, https:\/\/www.arte.tv\/sites\/olivierpere\/files\/554695-1-768x432.jpg 768w, https:\/\/www.arte.tv\/sites\/olivierpere\/files\/554695-1-1024x576.jpg 1024w, https:\/\/www.arte.tv\/sites\/olivierpere\/files\/554695-1-580x326.jpg 580w\" sizes=\"(max-width: 1600px) 100vw, 1600px\" \/><p id=\"caption-attachment-19236\" class=\"wp-caption-text\"><em>The Death of Louis XIV<\/em> by Albert Serra<\/p><\/div>\n<p>&nbsp;<\/p>\n<p><strong><em>Happy Times Will Come Soon<\/em><\/strong> by Alessandro Comodin (Italy)<\/p>\n<p>After his remarkable <em>Summer of Giacomo<\/em>, <em>Happy Times Will Come Soon<\/em>, selected for a special screening during the most recent Critic\u2019s Week in Cannes, takes place in a magical forest haunted by the ghosts of the last centuries. Comodin\u2019s film gracefully and poetically weaves documentary and fairy tale, mythology and frank account of reality.<\/p>\n<p>&nbsp;<\/p>\n<p><strong><em>Wild <\/em><\/strong>by Nicolette Krebitz (Germany)<\/p>\n<p>After encountering a wolf, an awkward young woman assumes a new identity and returns to the wild. This urban story was a Sundance Festival selection.<\/p>\n<p>&nbsp;<\/p>\n<p><strong><em>The Death of Louis XIV<\/em><\/strong> by Albert Serra (Spain)<\/p>\n<p>Louis XIV\u2019s long agony lavishly filmed by the talented Catalan filmmaker Albert Serra, starring a regal Jean-Pierre L\u00e9aud. Winner of the 2016 Jean-Vigo Prize.<\/p>\n<p>&nbsp;<\/p>\n<p><strong><em>John From<\/em><\/strong> by Jo\u00e3o Nicolau (Portugal)<\/p>\n<p>A fresh tale of teenage summer love in Lisbon\u2026 After several beautiful short films, this is Jo\u00e3o Nicolau\u2019s talent for poetry and music at its best.<\/p>\n<p><strong><em>\u00a0<\/em><\/strong><\/p>\n<p><strong><em>A Good Wife<\/em><\/strong> de Mirjana Karanovic\u0301 (Serbia)<\/p>\n<p>A middle-aged woman, simultaneously confronts her breast cancer and discover her husband\u2019s terrible wartime past. Sundance Festival 2016.<\/p>\n<p>&nbsp;<\/p>\n<p><strong><em>The Girl Without Hands <\/em><\/strong>by S\u00e9bastien Laudenbach (France)<\/p>\n<p>This brilliant first animation film adapted from the Grimm Brothers\u2019 tale was discovered this year at the ACID selection in Cannes, and won an award at Annecy Animation Film Festival. In the Middle Ages, a miller sells his daughter to the devil. Protected by her innocence, she manages to escape but loses her hands.<\/p>\n<p>&nbsp;<\/p>\n<p><strong><em>Suntan <\/em><\/strong>by Argyris Papadimitropoulos (Greece)<\/p>\n<p>On a hedonistic Greek island, a doctor becomes obsessed with a young tourist when she lets him tag along with her group of hard-partying friends. Opening film &#8211; Rotterdam Film Festival 2016.<\/p>\n<p><strong><em>\u00a0<\/em><\/strong><\/p>\n<p><strong><em>Fatima <\/em><\/strong>by Philippe Faucon (France)<\/p>\n<p>The story of a woman from North Africa and her two daughters and their different cultural approach to coping French society. Philippe Faucon\u2018s beautiful film was awarded the prestigious Louis-Delluc Prize in 2015, as well as 3 Cesar awards in 2016 including that of Best Film of the year.<\/p>\n<p>&nbsp;<\/p>\n<p><strong><em>Lost and Beautiful <\/em><\/strong>by Pietro Marcello (Italy)<\/p>\n<p>The foolish servant Pulcinella is sent from the depths of Mt. Vesuvius to present-day Campania, victim of the looting of the Camorra, to honor the last wishes of the poor shepherd Tommaso: the shepherd\u2019s mission is to save a young buffalo, for which he takes off traveling north through a beautiful and lost Italy. A fable about contemporary Italy, this film is exemplary of the emerging Italian cinema of poetry.<\/p>\n<p>&nbsp;<\/p>\n<div id=\"attachment_19231\" style=\"width: 1033px\" class=\"wp-caption alignnone\"><img aria-describedby=\"caption-attachment-19231\" decoding=\"async\" loading=\"lazy\" class=\"size-full wp-image-19231\" src=\"https:\/\/www.arte.tv\/sites\/olivierpere\/files\/happy-times-will-come-soon.jpg\" alt=\"I tempi felici verranno presto de Alessandro Comodin\" width=\"1023\" height=\"747\" srcset=\"https:\/\/www.arte.tv\/sites\/olivierpere\/files\/happy-times-will-come-soon.jpg 1023w, https:\/\/www.arte.tv\/sites\/olivierpere\/files\/happy-times-will-come-soon-383x280.jpg 383w, https:\/\/www.arte.tv\/sites\/olivierpere\/files\/happy-times-will-come-soon-768x561.jpg 768w, https:\/\/www.arte.tv\/sites\/olivierpere\/files\/happy-times-will-come-soon-580x424.jpg 580w\" sizes=\"(max-width: 1023px) 100vw, 1023px\" \/><p id=\"caption-attachment-19231\" class=\"wp-caption-text\"><em>Happy Times Will Come Soon <\/em>by Alessandro Comodin<\/p><\/div>\n<div id=\"attachment_19232\" style=\"width: 938px\" class=\"wp-caption alignnone\"><img aria-describedby=\"caption-attachment-19232\" decoding=\"async\" loading=\"lazy\" class=\"size-full wp-image-19232\" src=\"https:\/\/www.arte.tv\/sites\/olivierpere\/files\/000069-26549-16186_wild_still2_lilith_stangenberg_byreinholdvorschneider_-_h_2016.jpg\" alt=\"wild de Nicolette\" width=\"928\" height=\"523\" srcset=\"https:\/\/www.arte.tv\/sites\/olivierpere\/files\/000069-26549-16186_wild_still2_lilith_stangenberg_byreinholdvorschneider_-_h_2016.jpg 928w, https:\/\/www.arte.tv\/sites\/olivierpere\/files\/000069-26549-16186_wild_still2_lilith_stangenberg_byreinholdvorschneider_-_h_2016-497x280.jpg 497w, https:\/\/www.arte.tv\/sites\/olivierpere\/files\/000069-26549-16186_wild_still2_lilith_stangenberg_byreinholdvorschneider_-_h_2016-768x433.jpg 768w, https:\/\/www.arte.tv\/sites\/olivierpere\/files\/000069-26549-16186_wild_still2_lilith_stangenberg_byreinholdvorschneider_-_h_2016-580x327.jpg 580w\" sizes=\"(max-width: 928px) 100vw, 928px\" \/><p id=\"caption-attachment-19232\" class=\"wp-caption-text\"><em>Wild<\/em> by Nicolette Krebitz<\/p><\/div>\n<div id=\"attachment_19233\" style=\"width: 2058px\" class=\"wp-caption alignnone\"><img aria-describedby=\"caption-attachment-19233\" decoding=\"async\" loading=\"lazy\" class=\"size-full wp-image-19233\" src=\"https:\/\/www.arte.tv\/sites\/olivierpere\/files\/03_safari_1_1469701025790300.jpg\" alt=\"Safari de Ulrich Seidl\" width=\"2048\" height=\"1152\" srcset=\"https:\/\/www.arte.tv\/sites\/olivierpere\/files\/03_safari_1_1469701025790300.jpg 2048w, https:\/\/www.arte.tv\/sites\/olivierpere\/files\/03_safari_1_1469701025790300-498x280.jpg 498w, https:\/\/www.arte.tv\/sites\/olivierpere\/files\/03_safari_1_1469701025790300-768x432.jpg 768w, https:\/\/www.arte.tv\/sites\/olivierpere\/files\/03_safari_1_1469701025790300-1024x576.jpg 1024w, https:\/\/www.arte.tv\/sites\/olivierpere\/files\/03_safari_1_1469701025790300-580x326.jpg 580w\" sizes=\"(max-width: 2048px) 100vw, 2048px\" \/><p id=\"caption-attachment-19233\" class=\"wp-caption-text\"><em>Safari<\/em> by Ulrich Seidl<\/p><\/div>\n<p><img decoding=\"async\" loading=\"lazy\" class=\"alignnone size-full wp-image-19252\" src=\"https:\/\/www.arte.tv\/sites\/olivierpere\/files\/artekino-affiche-anglais-1.jpg\" alt=\"\" width=\"2480\" height=\"3508\" srcset=\"https:\/\/www.arte.tv\/sites\/olivierpere\/files\/artekino-affiche-anglais-1.jpg 2480w, https:\/\/www.arte.tv\/sites\/olivierpere\/files\/artekino-affiche-anglais-1-198x280.jpg 198w, https:\/\/www.arte.tv\/sites\/olivierpere\/files\/artekino-affiche-anglais-1-768x1086.jpg 768w, https:\/\/www.arte.tv\/sites\/olivierpere\/files\/artekino-affiche-anglais-1-543x768.jpg 543w, https:\/\/www.arte.tv\/sites\/olivierpere\/files\/artekino-affiche-anglais-1-580x820.jpg 580w\" sizes=\"(max-width: 2480px) 100vw, 2480px\" \/><\/p>\n<p>&nbsp;<\/p>\n<p>&nbsp;<\/p>\n<p>&nbsp;<\/p>\n","protected":false},"excerpt":{"rendered":"<p>ARTE and the platform Festival Scope are launching the first edition of ARTE Kino Festival, a new, totally free online\u2026<\/p>\n","protected":false},"author":116,"featured_media":19230,"comment_status":"open","ping_status":"open","sticky":false,"template":"","format":"standard","meta":[],"categories":[9,6],"tags":[],"yoast_head":"<!-- This site is optimized with the Yoast SEO plugin v20.8 - https:\/\/yoast.com\/wordpress\/plugins\/seo\/ -->\n<title>ARTE Kino Festival (english version) - Olivier P\u00e8re<\/title>\n<meta name=\"robots\" content=\"index, follow, max-snippet:-1, max-image-preview:large, max-video-preview:-1\" \/>\n<link rel=\"canonical\" href=\"https:\/\/www.arte.tv\/sites\/olivierpere\/2016\/09\/12\/arte-kino-festival-english-version\/\" \/>\n<meta property=\"og:locale\" content=\"fr_FR\" \/>\n<meta property=\"og:type\" content=\"article\" \/>\n<meta property=\"og:title\" content=\"ARTE Kino Festival (english version) - Olivier P\u00e8re\" \/>\n<meta property=\"og:description\" content=\"ARTE and the platform Festival Scope are launching the first edition of ARTE Kino Festival, a new, totally free online\u2026\" \/>\n<meta property=\"og:url\" content=\"https:\/\/www.arte.tv\/sites\/olivierpere\/2016\/09\/12\/arte-kino-festival-english-version\/\" \/>\n<meta property=\"og:site_name\" content=\"Olivier P\u00e8re\" \/>\n<meta property=\"article:published_time\" content=\"2016-09-12T16:18:59+00:00\" \/>\n<meta property=\"article:modified_time\" content=\"2016-09-21T16:30:46+00:00\" \/>\n<meta property=\"og:image\" content=\"https:\/\/www.arte.tv\/sites\/olivierpere\/files\/110856204_o.jpg\" \/>\n\t<meta property=\"og:image:width\" content=\"1600\" \/>\n\t<meta property=\"og:image:height\" content=\"900\" \/>\n\t<meta property=\"og:image:type\" content=\"image\/jpeg\" \/>\n<meta name=\"author\" content=\"Olivier P\u00e8re\" \/>\n<meta name=\"twitter:label1\" content=\"\u00c9crit par\" \/>\n\t<meta name=\"twitter:data1\" content=\"Olivier P\u00e8re\" \/>\n\t<meta name=\"twitter:label2\" content=\"Dur\u00e9e de lecture estim\u00e9e\" \/>\n\t<meta name=\"twitter:data2\" content=\"4 minutes\" \/>\n<script type=\"application\/ld+json\" class=\"yoast-schema-graph\">{\"@context\":\"https:\/\/schema.org\",\"@graph\":[{\"@type\":\"WebPage\",\"@id\":\"https:\/\/www.arte.tv\/sites\/olivierpere\/2016\/09\/12\/arte-kino-festival-english-version\/\",\"url\":\"https:\/\/www.arte.tv\/sites\/olivierpere\/2016\/09\/12\/arte-kino-festival-english-version\/\",\"name\":\"ARTE Kino Festival (english version) - Olivier P\u00e8re\",\"isPartOf\":{\"@id\":\"https:\/\/www.arte.tv\/sites\/olivierpere\/#website\"},\"datePublished\":\"2016-09-12T16:18:59+00:00\",\"dateModified\":\"2016-09-21T16:30:46+00:00\",\"author\":{\"@id\":\"https:\/\/www.arte.tv\/sites\/olivierpere\/#\/schema\/person\/dc32cd6c79be95e52d43b97a74182558\"},\"breadcrumb\":{\"@id\":\"https:\/\/www.arte.tv\/sites\/olivierpere\/2016\/09\/12\/arte-kino-festival-english-version\/#breadcrumb\"},\"inLanguage\":\"fr-FR\",\"potentialAction\":[{\"@type\":\"ReadAction\",\"target\":[\"https:\/\/www.arte.tv\/sites\/olivierpere\/2016\/09\/12\/arte-kino-festival-english-version\/\"]}]},{\"@type\":\"BreadcrumbList\",\"@id\":\"https:\/\/www.arte.tv\/sites\/olivierpere\/2016\/09\/12\/arte-kino-festival-english-version\/#breadcrumb\",\"itemListElement\":[{\"@type\":\"ListItem\",\"position\":1,\"name\":\"Home\",\"item\":\"https:\/\/www.arte.tv\/sites\/olivierpere\/\"},{\"@type\":\"ListItem\",\"position\":2,\"name\":\"ARTE Kino Festival (english version)\"}]},{\"@type\":\"WebSite\",\"@id\":\"https:\/\/www.arte.tv\/sites\/olivierpere\/#website\",\"url\":\"https:\/\/www.arte.tv\/sites\/olivierpere\/\",\"name\":\"Olivier P\u00e8re\",\"description\":\"\",\"potentialAction\":[{\"@type\":\"SearchAction\",\"target\":{\"@type\":\"EntryPoint\",\"urlTemplate\":\"https:\/\/www.arte.tv\/sites\/olivierpere\/?s={search_term_string}\"},\"query-input\":\"required name=search_term_string\"}],\"inLanguage\":\"fr-FR\"},{\"@type\":\"Person\",\"@id\":\"https:\/\/www.arte.tv\/sites\/olivierpere\/#\/schema\/person\/dc32cd6c79be95e52d43b97a74182558\",\"name\":\"Olivier P\u00e8re\",\"image\":{\"@type\":\"ImageObject\",\"inLanguage\":\"fr-FR\",\"@id\":\"https:\/\/www.arte.tv\/sites\/olivierpere\/#\/schema\/person\/image\/\",\"url\":\"https:\/\/secure.gravatar.com\/avatar\/bdea7b6a2c195e2c41772429a9694758?s=96&d=mm&r=g\",\"contentUrl\":\"https:\/\/secure.gravatar.com\/avatar\/bdea7b6a2c195e2c41772429a9694758?s=96&d=mm&r=g\",\"caption\":\"Olivier P\u00e8re\"},\"url\":\"https:\/\/www.arte.tv\/sites\/olivierpere\/author\/pereolivier\/\"}]}<\/script>\n<!-- \/ Yoast SEO plugin. -->","yoast_head_json":{"title":"ARTE Kino Festival (english version) - Olivier P\u00e8re","robots":{"index":"index","follow":"follow","max-snippet":"max-snippet:-1","max-image-preview":"max-image-preview:large","max-video-preview":"max-video-preview:-1"},"canonical":"https:\/\/www.arte.tv\/sites\/olivierpere\/2016\/09\/12\/arte-kino-festival-english-version\/","og_locale":"fr_FR","og_type":"article","og_title":"ARTE Kino Festival (english version) - Olivier P\u00e8re","og_description":"ARTE and the platform Festival Scope are launching the first edition of ARTE Kino Festival, a new, totally free online\u2026","og_url":"https:\/\/www.arte.tv\/sites\/olivierpere\/2016\/09\/12\/arte-kino-festival-english-version\/","og_site_name":"Olivier P\u00e8re","article_published_time":"2016-09-12T16:18:59+00:00","article_modified_time":"2016-09-21T16:30:46+00:00","og_image":[{"width":1600,"height":900,"url":"https:\/\/www.arte.tv\/sites\/olivierpere\/files\/110856204_o.jpg","type":"image\/jpeg"}],"author":"Olivier P\u00e8re","twitter_misc":{"\u00c9crit par":"Olivier P\u00e8re","Dur\u00e9e de lecture estim\u00e9e":"4 minutes"},"schema":{"@context":"https:\/\/schema.org","@graph":[{"@type":"WebPage","@id":"https:\/\/www.arte.tv\/sites\/olivierpere\/2016\/09\/12\/arte-kino-festival-english-version\/","url":"https:\/\/www.arte.tv\/sites\/olivierpere\/2016\/09\/12\/arte-kino-festival-english-version\/","name":"ARTE Kino Festival (english version) - Olivier P\u00e8re","isPartOf":{"@id":"https:\/\/www.arte.tv\/sites\/olivierpere\/#website"},"datePublished":"2016-09-12T16:18:59+00:00","dateModified":"2016-09-21T16:30:46+00:00","author":{"@id":"https:\/\/www.arte.tv\/sites\/olivierpere\/#\/schema\/person\/dc32cd6c79be95e52d43b97a74182558"},"breadcrumb":{"@id":"https:\/\/www.arte.tv\/sites\/olivierpere\/2016\/09\/12\/arte-kino-festival-english-version\/#breadcrumb"},"inLanguage":"fr-FR","potentialAction":[{"@type":"ReadAction","target":["https:\/\/www.arte.tv\/sites\/olivierpere\/2016\/09\/12\/arte-kino-festival-english-version\/"]}]},{"@type":"BreadcrumbList","@id":"https:\/\/www.arte.tv\/sites\/olivierpere\/2016\/09\/12\/arte-kino-festival-english-version\/#breadcrumb","itemListElement":[{"@type":"ListItem","position":1,"name":"Home","item":"https:\/\/www.arte.tv\/sites\/olivierpere\/"},{"@type":"ListItem","position":2,"name":"ARTE Kino Festival (english version)"}]},{"@type":"WebSite","@id":"https:\/\/www.arte.tv\/sites\/olivierpere\/#website","url":"https:\/\/www.arte.tv\/sites\/olivierpere\/","name":"Olivier P\u00e8re","description":"","potentialAction":[{"@type":"SearchAction","target":{"@type":"EntryPoint","urlTemplate":"https:\/\/www.arte.tv\/sites\/olivierpere\/?s={search_term_string}"},"query-input":"required name=search_term_string"}],"inLanguage":"fr-FR"},{"@type":"Person","@id":"https:\/\/www.arte.tv\/sites\/olivierpere\/#\/schema\/person\/dc32cd6c79be95e52d43b97a74182558","name":"Olivier P\u00e8re","image":{"@type":"ImageObject","inLanguage":"fr-FR","@id":"https:\/\/www.arte.tv\/sites\/olivierpere\/#\/schema\/person\/image\/","url":"https:\/\/secure.gravatar.com\/avatar\/bdea7b6a2c195e2c41772429a9694758?s=96&d=mm&r=g","contentUrl":"https:\/\/secure.gravatar.com\/avatar\/bdea7b6a2c195e2c41772429a9694758?s=96&d=mm&r=g","caption":"Olivier P\u00e8re"},"url":"https:\/\/www.arte.tv\/sites\/olivierpere\/author\/pereolivier\/"}]}},"_links":{"self":[{"href":"https:\/\/www.arte.tv\/sites\/olivierpere\/wp-json\/wp\/v2\/posts\/19240"}],"collection":[{"href":"https:\/\/www.arte.tv\/sites\/olivierpere\/wp-json\/wp\/v2\/posts"}],"about":[{"href":"https:\/\/www.arte.tv\/sites\/olivierpere\/wp-json\/wp\/v2\/types\/post"}],"author":[{"embeddable":true,"href":"https:\/\/www.arte.tv\/sites\/olivierpere\/wp-json\/wp\/v2\/users\/116"}],"replies":[{"embeddable":true,"href":"https:\/\/www.arte.tv\/sites\/olivierpere\/wp-json\/wp\/v2\/comments?post=19240"}],"version-history":[{"count":10,"href":"https:\/\/www.arte.tv\/sites\/olivierpere\/wp-json\/wp\/v2\/posts\/19240\/revisions"}],"predecessor-version":[{"id":19301,"href":"https:\/\/www.arte.tv\/sites\/olivierpere\/wp-json\/wp\/v2\/posts\/19240\/revisions\/19301"}],"wp:featuredmedia":[{"embeddable":true,"href":"https:\/\/www.arte.tv\/sites\/olivierpere\/wp-json\/wp\/v2\/media\/19230"}],"wp:attachment":[{"href":"https:\/\/www.arte.tv\/sites\/olivierpere\/wp-json\/wp\/v2\/media?parent=19240"}],"wp:term":[{"taxonomy":"category","embeddable":true,"href":"https:\/\/www.arte.tv\/sites\/olivierpere\/wp-json\/wp\/v2\/categories?post=19240"},{"taxonomy":"post_tag","embeddable":true,"href":"https:\/\/www.arte.tv\/sites\/olivierpere\/wp-json\/wp\/v2\/tags?post=19240"}],"curies":[{"name":"wp","href":"https:\/\/api.w.org\/{rel}","templated":true}]}}