{"id":19158,"date":"2016-08-24T13:33:18","date_gmt":"2016-08-24T12:33:18","guid":{"rendered":"https:\/\/www.arte.tv\/sites\/olivierpere\/?p=19158"},"modified":"2016-08-29T13:36:41","modified_gmt":"2016-08-29T12:36:41","slug":"hommes-preferent-blondes-de-howard-hawks","status":"publish","type":"post","link":"https:\/\/www.arte.tv\/sites\/olivierpere\/2016\/08\/24\/hommes-preferent-blondes-de-howard-hawks\/","title":{"rendered":"Les hommes pr\u00e9f\u00e8rent les blondes de Howard Hawks"},"content":{"rendered":"<p>Th\u00e9\u00e2tre du Temple ressort en salles <em>Les hommes pr\u00e9f\u00e8rent les blondes (Gentlemen Prefer Blondes<\/em>, 1953) de Howard Hawks mercredi 25 ao\u00fbt.<\/p>\n<p>C\u2019est chose connue, Hawks a r\u00e9alis\u00e9 au moins un chef-d\u2019\u0153uvre dans tous les grands genres hollywoodiens. Ainsi, <em>Les hommes pr\u00e9f\u00e8rent les blondes<\/em> est-il un classique absolu de la com\u00e9die musicale. Il se distingue des c\u00e9l\u00e8bres r\u00e9ussites en ce domaine de Minnelli, Cukor ou Donen par sa touche typiquement hawksienne. Hawks s\u2019int\u00e9resse moins aux chor\u00e9graphies et aux chansons (pourtant entr\u00e9es dans la l\u00e9gende), et \u00e0 la fluidit\u00e9 des passages dans\u00e9s et chant\u00e9s dans le cours du r\u00e9cit, qu\u2019au comportement et \u00e0 la philosophie de ses deux h\u00e9ro\u00efnes. Nulle trace de sentimentalisme, de romantisme ou de nostalgie, ni de tentation coloriste ou picturale dans ce film dont chaque sc\u00e8ne porte la signature de son auteur, cin\u00e9aste de l\u2019action et du temps pr\u00e9sent. La modernit\u00e9 des <em>hommes pr\u00e9f\u00e8rent les blondes<\/em> tient dans son approche satirique et m\u00eame caricaturale, son esth\u00e9tique de \u00ab\u00a0cartoon\u00a0\u00bb qui annoncent les com\u00e9dies d\u00e9lirantes de Frank Tashlin ou Blake Edwards elles aussi inspir\u00e9es par le dessins anim\u00e9es et la bande dessin\u00e9e. Hawks a souvent mis en sc\u00e8ne des femmes fortes qui se caract\u00e9risaient par des qualit\u00e9s masculines, ou du moins attribu\u00e9es aux hommes dans le cin\u00e9ma am\u00e9ricain des ann\u00e9es 30 ou 40 \u2013 courage, ind\u00e9pendance, humour cynique et donjuanisme. Ici il opte pour une version agressive et surjou\u00e9e de la f\u00e9minit\u00e9. Lorelei (Marilyn Monroe) et Dorothy (Jane Russell) sont des caricatures de la femme, des femmes travesties en femmes \u2013 une sc\u00e8ne reprend litt\u00e9ralement cette image avec une Jean Russell d\u00e9guis\u00e9e en Marilyn Monroe, o\u00f9 une simple perruque blonde suffit \u00e0 berner une vaste assembl\u00e9e masculine. Les deux cr\u00e9atures de r\u00eave interpr\u00e9t\u00e9es par Marilyn Monroe et Jane Russell, showgirls ins\u00e9parables, sont des guerri\u00e8res dont les armures sont leur hyperf\u00e9minit\u00e9, leur beaut\u00e9 irr\u00e9sistible une arme de s\u00e9duction massive. Elles avancent masqu\u00e9es, maquill\u00e9es et poudr\u00e9es, se dissimulent derri\u00e8re les tares que leur ont accol\u00e9es les hommes \u2013 la blonde stupide et v\u00e9nale, la brune nymphomane \u2013, absorbent les clich\u00e9s misogynes pour mener \u00e0 bien leur plan de carri\u00e8re et triompher dans un monde domin\u00e9 par la gent masculine, par diverses strat\u00e9gies, pi\u00e8ges et manigances. Les hommes eux aussi sont des caricatures. Ils offrent une vision grotesque et d\u00e9natur\u00e9e de la virilit\u00e9, personnages socialement riches et puissants, mais d\u00e9biles dans l\u2019intimit\u00e9 de leur rapport aux femmes \u2013 un vieillard libidineux, un enfant trop pr\u00e9coce, un milliardaire ben\u00eat maladivement jaloux\u2026 <em>Les hommes pr\u00e9f\u00e8rent les blondes<\/em> est donc un v\u00e9ritable et pr\u00e9coce manifeste du \u00ab\u00a0girl power\u00a0\u00bb, un film iconique en raison du sex appeal et du g\u00e9nie comique de ses actrices \u2013 Marilyn Monroe y trouve son meilleur r\u00f4le \u2013 et qui trouve un profond \u00e9cho dans des films aussi vari\u00e9s que <em>Les Demoiselles de Rochefort <\/em>de Jacques Demy \u2013 la f\u00e9minit\u00e9 comme travestissement, <em>Choses secr\u00e8tes<\/em> de Jean-Claude Brisseau \u2013 le sexe comme ascenseur social et <em>Showgirls<\/em> \u2013 le corps comme armure, sans oublier la chanson \u00ab\u00a0Material Girl\u00a0\u00bb de Madonna et sa vid\u00e9o qui cite le num\u00e9ro musical \u00ab\u00a0Diamonds Are a Girl\u2019s Best Friend.\u00a0\u00bb<\/p>\n<div id=\"attachment_19160\" style=\"width: 1388px\" class=\"wp-caption alignnone\"><img aria-describedby=\"caption-attachment-19160\" decoding=\"async\" loading=\"lazy\" class=\"size-full wp-image-19160\" src=\"https:\/\/www.arte.tv\/sites\/olivierpere\/files\/hommes-preferent-les-blondes-4.jpg\" alt=\"Marilyn Monroe et Jane Russell dans Les hommes pr\u00e9f\u00e8rent les blondes de Howard Hawks \u00a9 Twentieth Century Fox Film Corporation\" width=\"1378\" height=\"1772\" srcset=\"https:\/\/www.arte.tv\/sites\/olivierpere\/files\/hommes-preferent-les-blondes-4.jpg 1378w, https:\/\/www.arte.tv\/sites\/olivierpere\/files\/hommes-preferent-les-blondes-4-218x280.jpg 218w, https:\/\/www.arte.tv\/sites\/olivierpere\/files\/hommes-preferent-les-blondes-4-768x988.jpg 768w, https:\/\/www.arte.tv\/sites\/olivierpere\/files\/hommes-preferent-les-blondes-4-597x768.jpg 597w, https:\/\/www.arte.tv\/sites\/olivierpere\/files\/hommes-preferent-les-blondes-4-580x746.jpg 580w\" sizes=\"(max-width: 1378px) 100vw, 1378px\" \/><p id=\"caption-attachment-19160\" class=\"wp-caption-text\">Marilyn Monroe et Jane Russell dans <em>Les hommes pr\u00e9f\u00e8rent les blondes<\/em> de Howard Hawks \u00a9 Twentieth Century Fox Film Corporation<\/p><\/div>\n<p>&nbsp;<\/p>\n<p>&nbsp;<\/p>\n","protected":false},"excerpt":{"rendered":"<p>Th\u00e9\u00e2tre du Temple ressort en salles Les hommes pr\u00e9f\u00e8rent les blondes (Gentlemen Prefer Blondes, 1953) de Howard Hawks mercredi 25\u2026<\/p>\n","protected":false},"author":116,"featured_media":19159,"comment_status":"open","ping_status":"open","sticky":false,"template":"","format":"standard","meta":[],"categories":[9],"tags":[],"yoast_head":"<!-- This site is optimized with the Yoast SEO plugin v20.8 - https:\/\/yoast.com\/wordpress\/plugins\/seo\/ -->\n<title>Les hommes pr\u00e9f\u00e8rent les blondes de Howard Hawks - Olivier P\u00e8re<\/title>\n<meta name=\"robots\" content=\"index, follow, max-snippet:-1, max-image-preview:large, max-video-preview:-1\" \/>\n<link rel=\"canonical\" href=\"https:\/\/www.arte.tv\/sites\/olivierpere\/2016\/08\/24\/hommes-preferent-blondes-de-howard-hawks\/\" \/>\n<meta property=\"og:locale\" content=\"fr_FR\" \/>\n<meta property=\"og:type\" content=\"article\" \/>\n<meta property=\"og:title\" content=\"Les hommes pr\u00e9f\u00e8rent les blondes de Howard Hawks - Olivier P\u00e8re\" \/>\n<meta property=\"og:description\" content=\"Th\u00e9\u00e2tre du Temple ressort en salles Les hommes pr\u00e9f\u00e8rent les blondes (Gentlemen Prefer Blondes, 1953) de Howard Hawks mercredi 25\u2026\" \/>\n<meta property=\"og:url\" content=\"https:\/\/www.arte.tv\/sites\/olivierpere\/2016\/08\/24\/hommes-preferent-blondes-de-howard-hawks\/\" \/>\n<meta property=\"og:site_name\" content=\"Olivier P\u00e8re\" \/>\n<meta property=\"article:published_time\" content=\"2016-08-24T12:33:18+00:00\" \/>\n<meta property=\"article:modified_time\" content=\"2016-08-29T12:36:41+00:00\" \/>\n<meta property=\"og:image\" content=\"https:\/\/www.arte.tv\/sites\/olivierpere\/files\/les-hommes-preferent-les-blondes-04.png\" \/>\n\t<meta property=\"og:image:width\" content=\"1200\" \/>\n\t<meta property=\"og:image:height\" content=\"900\" \/>\n\t<meta property=\"og:image:type\" content=\"image\/png\" \/>\n<meta name=\"author\" content=\"Olivier P\u00e8re\" \/>\n<meta name=\"twitter:label1\" content=\"\u00c9crit par\" \/>\n\t<meta name=\"twitter:data1\" content=\"Olivier P\u00e8re\" \/>\n\t<meta name=\"twitter:label2\" content=\"Dur\u00e9e de lecture estim\u00e9e\" \/>\n\t<meta name=\"twitter:data2\" content=\"3 minutes\" \/>\n<script type=\"application\/ld+json\" class=\"yoast-schema-graph\">{\"@context\":\"https:\/\/schema.org\",\"@graph\":[{\"@type\":\"WebPage\",\"@id\":\"https:\/\/www.arte.tv\/sites\/olivierpere\/2016\/08\/24\/hommes-preferent-blondes-de-howard-hawks\/\",\"url\":\"https:\/\/www.arte.tv\/sites\/olivierpere\/2016\/08\/24\/hommes-preferent-blondes-de-howard-hawks\/\",\"name\":\"Les hommes pr\u00e9f\u00e8rent les blondes de Howard Hawks - Olivier P\u00e8re\",\"isPartOf\":{\"@id\":\"https:\/\/www.arte.tv\/sites\/olivierpere\/#website\"},\"datePublished\":\"2016-08-24T12:33:18+00:00\",\"dateModified\":\"2016-08-29T12:36:41+00:00\",\"author\":{\"@id\":\"https:\/\/www.arte.tv\/sites\/olivierpere\/#\/schema\/person\/dc32cd6c79be95e52d43b97a74182558\"},\"breadcrumb\":{\"@id\":\"https:\/\/www.arte.tv\/sites\/olivierpere\/2016\/08\/24\/hommes-preferent-blondes-de-howard-hawks\/#breadcrumb\"},\"inLanguage\":\"fr-FR\",\"potentialAction\":[{\"@type\":\"ReadAction\",\"target\":[\"https:\/\/www.arte.tv\/sites\/olivierpere\/2016\/08\/24\/hommes-preferent-blondes-de-howard-hawks\/\"]}]},{\"@type\":\"BreadcrumbList\",\"@id\":\"https:\/\/www.arte.tv\/sites\/olivierpere\/2016\/08\/24\/hommes-preferent-blondes-de-howard-hawks\/#breadcrumb\",\"itemListElement\":[{\"@type\":\"ListItem\",\"position\":1,\"name\":\"Home\",\"item\":\"https:\/\/www.arte.tv\/sites\/olivierpere\/\"},{\"@type\":\"ListItem\",\"position\":2,\"name\":\"Les hommes pr\u00e9f\u00e8rent les blondes de Howard Hawks\"}]},{\"@type\":\"WebSite\",\"@id\":\"https:\/\/www.arte.tv\/sites\/olivierpere\/#website\",\"url\":\"https:\/\/www.arte.tv\/sites\/olivierpere\/\",\"name\":\"Olivier P\u00e8re\",\"description\":\"\",\"potentialAction\":[{\"@type\":\"SearchAction\",\"target\":{\"@type\":\"EntryPoint\",\"urlTemplate\":\"https:\/\/www.arte.tv\/sites\/olivierpere\/?s={search_term_string}\"},\"query-input\":\"required name=search_term_string\"}],\"inLanguage\":\"fr-FR\"},{\"@type\":\"Person\",\"@id\":\"https:\/\/www.arte.tv\/sites\/olivierpere\/#\/schema\/person\/dc32cd6c79be95e52d43b97a74182558\",\"name\":\"Olivier P\u00e8re\",\"image\":{\"@type\":\"ImageObject\",\"inLanguage\":\"fr-FR\",\"@id\":\"https:\/\/www.arte.tv\/sites\/olivierpere\/#\/schema\/person\/image\/\",\"url\":\"https:\/\/secure.gravatar.com\/avatar\/bdea7b6a2c195e2c41772429a9694758?s=96&d=mm&r=g\",\"contentUrl\":\"https:\/\/secure.gravatar.com\/avatar\/bdea7b6a2c195e2c41772429a9694758?s=96&d=mm&r=g\",\"caption\":\"Olivier P\u00e8re\"},\"url\":\"https:\/\/www.arte.tv\/sites\/olivierpere\/author\/pereolivier\/\"}]}<\/script>\n<!-- \/ Yoast SEO plugin. -->","yoast_head_json":{"title":"Les hommes pr\u00e9f\u00e8rent les blondes de Howard Hawks - Olivier P\u00e8re","robots":{"index":"index","follow":"follow","max-snippet":"max-snippet:-1","max-image-preview":"max-image-preview:large","max-video-preview":"max-video-preview:-1"},"canonical":"https:\/\/www.arte.tv\/sites\/olivierpere\/2016\/08\/24\/hommes-preferent-blondes-de-howard-hawks\/","og_locale":"fr_FR","og_type":"article","og_title":"Les hommes pr\u00e9f\u00e8rent les blondes de Howard Hawks - Olivier P\u00e8re","og_description":"Th\u00e9\u00e2tre du Temple ressort en salles Les hommes pr\u00e9f\u00e8rent les blondes (Gentlemen Prefer Blondes, 1953) de Howard Hawks mercredi 25\u2026","og_url":"https:\/\/www.arte.tv\/sites\/olivierpere\/2016\/08\/24\/hommes-preferent-blondes-de-howard-hawks\/","og_site_name":"Olivier P\u00e8re","article_published_time":"2016-08-24T12:33:18+00:00","article_modified_time":"2016-08-29T12:36:41+00:00","og_image":[{"width":1200,"height":900,"url":"https:\/\/www.arte.tv\/sites\/olivierpere\/files\/les-hommes-preferent-les-blondes-04.png","type":"image\/png"}],"author":"Olivier P\u00e8re","twitter_misc":{"\u00c9crit par":"Olivier P\u00e8re","Dur\u00e9e de lecture estim\u00e9e":"3 minutes"},"schema":{"@context":"https:\/\/schema.org","@graph":[{"@type":"WebPage","@id":"https:\/\/www.arte.tv\/sites\/olivierpere\/2016\/08\/24\/hommes-preferent-blondes-de-howard-hawks\/","url":"https:\/\/www.arte.tv\/sites\/olivierpere\/2016\/08\/24\/hommes-preferent-blondes-de-howard-hawks\/","name":"Les hommes pr\u00e9f\u00e8rent les blondes de Howard Hawks - Olivier P\u00e8re","isPartOf":{"@id":"https:\/\/www.arte.tv\/sites\/olivierpere\/#website"},"datePublished":"2016-08-24T12:33:18+00:00","dateModified":"2016-08-29T12:36:41+00:00","author":{"@id":"https:\/\/www.arte.tv\/sites\/olivierpere\/#\/schema\/person\/dc32cd6c79be95e52d43b97a74182558"},"breadcrumb":{"@id":"https:\/\/www.arte.tv\/sites\/olivierpere\/2016\/08\/24\/hommes-preferent-blondes-de-howard-hawks\/#breadcrumb"},"inLanguage":"fr-FR","potentialAction":[{"@type":"ReadAction","target":["https:\/\/www.arte.tv\/sites\/olivierpere\/2016\/08\/24\/hommes-preferent-blondes-de-howard-hawks\/"]}]},{"@type":"BreadcrumbList","@id":"https:\/\/www.arte.tv\/sites\/olivierpere\/2016\/08\/24\/hommes-preferent-blondes-de-howard-hawks\/#breadcrumb","itemListElement":[{"@type":"ListItem","position":1,"name":"Home","item":"https:\/\/www.arte.tv\/sites\/olivierpere\/"},{"@type":"ListItem","position":2,"name":"Les hommes pr\u00e9f\u00e8rent les blondes de Howard Hawks"}]},{"@type":"WebSite","@id":"https:\/\/www.arte.tv\/sites\/olivierpere\/#website","url":"https:\/\/www.arte.tv\/sites\/olivierpere\/","name":"Olivier P\u00e8re","description":"","potentialAction":[{"@type":"SearchAction","target":{"@type":"EntryPoint","urlTemplate":"https:\/\/www.arte.tv\/sites\/olivierpere\/?s={search_term_string}"},"query-input":"required name=search_term_string"}],"inLanguage":"fr-FR"},{"@type":"Person","@id":"https:\/\/www.arte.tv\/sites\/olivierpere\/#\/schema\/person\/dc32cd6c79be95e52d43b97a74182558","name":"Olivier P\u00e8re","image":{"@type":"ImageObject","inLanguage":"fr-FR","@id":"https:\/\/www.arte.tv\/sites\/olivierpere\/#\/schema\/person\/image\/","url":"https:\/\/secure.gravatar.com\/avatar\/bdea7b6a2c195e2c41772429a9694758?s=96&d=mm&r=g","contentUrl":"https:\/\/secure.gravatar.com\/avatar\/bdea7b6a2c195e2c41772429a9694758?s=96&d=mm&r=g","caption":"Olivier P\u00e8re"},"url":"https:\/\/www.arte.tv\/sites\/olivierpere\/author\/pereolivier\/"}]}},"_links":{"self":[{"href":"https:\/\/www.arte.tv\/sites\/olivierpere\/wp-json\/wp\/v2\/posts\/19158"}],"collection":[{"href":"https:\/\/www.arte.tv\/sites\/olivierpere\/wp-json\/wp\/v2\/posts"}],"about":[{"href":"https:\/\/www.arte.tv\/sites\/olivierpere\/wp-json\/wp\/v2\/types\/post"}],"author":[{"embeddable":true,"href":"https:\/\/www.arte.tv\/sites\/olivierpere\/wp-json\/wp\/v2\/users\/116"}],"replies":[{"embeddable":true,"href":"https:\/\/www.arte.tv\/sites\/olivierpere\/wp-json\/wp\/v2\/comments?post=19158"}],"version-history":[{"count":1,"href":"https:\/\/www.arte.tv\/sites\/olivierpere\/wp-json\/wp\/v2\/posts\/19158\/revisions"}],"predecessor-version":[{"id":19161,"href":"https:\/\/www.arte.tv\/sites\/olivierpere\/wp-json\/wp\/v2\/posts\/19158\/revisions\/19161"}],"wp:featuredmedia":[{"embeddable":true,"href":"https:\/\/www.arte.tv\/sites\/olivierpere\/wp-json\/wp\/v2\/media\/19159"}],"wp:attachment":[{"href":"https:\/\/www.arte.tv\/sites\/olivierpere\/wp-json\/wp\/v2\/media?parent=19158"}],"wp:term":[{"taxonomy":"category","embeddable":true,"href":"https:\/\/www.arte.tv\/sites\/olivierpere\/wp-json\/wp\/v2\/categories?post=19158"},{"taxonomy":"post_tag","embeddable":true,"href":"https:\/\/www.arte.tv\/sites\/olivierpere\/wp-json\/wp\/v2\/tags?post=19158"}],"curies":[{"name":"wp","href":"https:\/\/api.w.org\/{rel}","templated":true}]}}