{"id":19106,"date":"2016-08-20T18:18:04","date_gmt":"2016-08-20T17:18:04","guid":{"rendered":"https:\/\/www.arte.tv\/sites\/olivierpere\/?p=19106"},"modified":"2016-08-20T18:43:29","modified_gmt":"2016-08-20T17:43:29","slug":"pionnier-de-lespace-de-robert-day","status":"publish","type":"post","link":"https:\/\/www.arte.tv\/sites\/olivierpere\/2016\/08\/20\/pionnier-de-lespace-de-robert-day\/","title":{"rendered":"Le Pionnier de l\u2019espace de Robert Day"},"content":{"rendered":"<p>Artus \u00e9dite en DVD <em>Le Pionnier de l\u2019espace<\/em> (<em>First Man Into Space<\/em>, 1959) de Robert Day, qui sera disponible \u00e0 la vente d\u00e9but septembre. Il s\u2019agit d\u2019une production anglaise, m\u00eame si son action, sa localisation et ses protagonistes sont am\u00e9ricains, sujet oblige (la conqu\u00eate spatiale). A la fin des ann\u00e9es 50 la science-fiction britannique a d\u00e9j\u00e0 produit quelques belles r\u00e9ussites, notamment <em>Le Monstre<\/em> (<em>The Quatermass Xperiment<\/em>, 1955) de Val Guest. <em>Le Pionnier de l\u2019espace<\/em> ne provient pas des studios Hammer, grand fournisseur de films de genre, mais d\u2019une firme concurrente, Amalgatamed Productions, elle aussi sp\u00e9cialis\u00e9e dans le fantastique et la science-fiction. Aux manettes de la mise en sc\u00e8ne on retrouve l\u2019honn\u00eate artisan Robert Day et dans les coulisses, le producteur ind\u00e9pendant Richard Gordon, figure incontournable du cin\u00e9ma d\u2019exploitation britannique. <em>Le Pionnier de l\u2019espace <\/em>partage les m\u00eames qualit\u00e9s que les films de la s\u00e9rie <em>Quatermass<\/em> : il s\u2019agit de s&rsquo;inspirer de postulats scientifiques av\u00e9r\u00e9s pour d\u00e9boucher sur des p\u00e9rip\u00e9ties d\u00e9lirantes, sans jamais se d\u00e9partir d\u2019une approche s\u00e9rieuse, \u00e0 la lisi\u00e8re du documentaire, renforc\u00e9e par un noir et blanc aust\u00e8re et des acteurs inconnus. Le film conte l\u2019histoire de deux fr\u00e8res, l\u2019un officier de l\u2019US Nay, l\u2019autre pilote, casse-cou incorrigible qui doit emmener une fus\u00e9e exp\u00e9rimentale en tr\u00e8s haute altitude. Le pilote, excit\u00e9 \u00e0 l\u2019id\u00e9e de devenir le premier homme dans l\u2019espace, pousse trop loin l\u2019appareil et perd le contr\u00f4le de la fus\u00e9e, prise dans un nuage de particules inconnues. L\u2019appareil s\u2019\u00e9crase mais le corps du pilote, qui a r\u00e9ussi \u00e0 s\u2019\u00e9jecter dans l\u2019espace, est port\u00e9 disparu. Au m\u00eame moment, des meurtres horribles et des massacres de b\u00e9tail sont commis dans les environs\u2026 On ne tarde pas \u00e0 d\u00e9couvrir que l\u2019accident dans l\u2019espace a transform\u00e9 l\u2019infortun\u00e9 pilote en monstre avide de sang.<\/p>\n<div id=\"attachment_19108\" style=\"width: 1056px\" class=\"wp-caption alignnone\"><img aria-describedby=\"caption-attachment-19108\" decoding=\"async\" loading=\"lazy\" class=\"size-full wp-image-19108\" src=\"https:\/\/www.arte.tv\/sites\/olivierpere\/files\/firstmanintospacespace.jpg\" alt=\"Le Pionnier de l'espace de Robert Day\" width=\"1046\" height=\"800\" srcset=\"https:\/\/www.arte.tv\/sites\/olivierpere\/files\/firstmanintospacespace.jpg 1046w, https:\/\/www.arte.tv\/sites\/olivierpere\/files\/firstmanintospacespace-366x280.jpg 366w, https:\/\/www.arte.tv\/sites\/olivierpere\/files\/firstmanintospacespace-768x587.jpg 768w, https:\/\/www.arte.tv\/sites\/olivierpere\/files\/firstmanintospacespace-1004x768.jpg 1004w, https:\/\/www.arte.tv\/sites\/olivierpere\/files\/firstmanintospacespace-580x444.jpg 580w\" sizes=\"(max-width: 1046px) 100vw, 1046px\" \/><p id=\"caption-attachment-19108\" class=\"wp-caption-text\"><em>Le Pionnier de l&rsquo;espace<\/em> de Robert Day<\/p><\/div>\n<p>Davantage qu\u2019une mise en garde sur les dangers d\u2019une science sans conscience, <em>Le Pionnier de l\u2019espace<\/em> se veut un drame plein de pathos sur le calvaire d\u2019un cosmonaute victime de sa t\u00e9m\u00e9rit\u00e9 et de ses proches, t\u00e9moins impuissants de sa mutation irr\u00e9versible en cr\u00e9ature hideuse et sanguinaire, ayant n\u00e9anmoins conserv\u00e9 une parcelle d\u2019humanit\u00e9. Cela pourrait \u00eatre ridicule mais c\u2019est en r\u00e9alit\u00e9 poignant, et cet homme d\u00e9natur\u00e9 permet au film de se hisser parmi les petits classiques de la SF des ann\u00e9es 50. Ni pensum ennuyeux, ni nanar de s\u00e9rie Z, <em>Le Pionnier de l\u2019espace <\/em>est un bon petit film, \u00e0 red\u00e9couvrir.<\/p>\n<p>&nbsp;<\/p>\n<p>PS\u00a0: <em>Le Pionnier de l\u2019espace<\/em> fait penser \u00e0 un autre film d\u2019exploitation am\u00e9ricain r\u00e9alis\u00e9 en 1979, <em>Le monstre qui vient de l\u2019espace<\/em>, dont on parlait ici\u00a0:<\/p>\n<p><a href=\"https:\/\/www.arte.tv\/sites\/olivierpere\/2013\/05\/31\/le-monstre-qui-vient-de-lespace-de-william-sachs\/\">https:\/\/www.arte.tv\/sites\/olivierpere\/2013\/05\/31\/le-monstre-qui-vient-de-lespace-de-william-sachs\/<\/a><\/p>\n<p>&nbsp;<\/p>\n<p><img decoding=\"async\" loading=\"lazy\" class=\"alignnone size-full wp-image-19109\" src=\"https:\/\/www.arte.tv\/sites\/olivierpere\/files\/14727295831_2d4a2db43b_o.jpg\" alt=\"\" width=\"1543\" height=\"2969\" srcset=\"https:\/\/www.arte.tv\/sites\/olivierpere\/files\/14727295831_2d4a2db43b_o.jpg 1543w, https:\/\/www.arte.tv\/sites\/olivierpere\/files\/14727295831_2d4a2db43b_o-146x280.jpg 146w, https:\/\/www.arte.tv\/sites\/olivierpere\/files\/14727295831_2d4a2db43b_o-768x1478.jpg 768w, https:\/\/www.arte.tv\/sites\/olivierpere\/files\/14727295831_2d4a2db43b_o-399x768.jpg 399w, https:\/\/www.arte.tv\/sites\/olivierpere\/files\/14727295831_2d4a2db43b_o-580x1116.jpg 580w\" sizes=\"(max-width: 1543px) 100vw, 1543px\" \/><\/p>\n<p>&nbsp;<\/p>\n","protected":false},"excerpt":{"rendered":"<p>Artus \u00e9dite en DVD Le Pionnier de l\u2019espace (First Man Into Space, 1959) de Robert Day, qui sera disponible \u00e0\u2026<\/p>\n","protected":false},"author":116,"featured_media":19107,"comment_status":"open","ping_status":"open","sticky":false,"template":"","format":"standard","meta":[],"categories":[9],"tags":[],"yoast_head":"<!-- This site is optimized with the Yoast SEO plugin v20.8 - https:\/\/yoast.com\/wordpress\/plugins\/seo\/ -->\n<title>Le Pionnier de l\u2019espace de Robert Day - Olivier P\u00e8re<\/title>\n<meta name=\"robots\" content=\"index, follow, max-snippet:-1, max-image-preview:large, max-video-preview:-1\" \/>\n<link rel=\"canonical\" href=\"https:\/\/www.arte.tv\/sites\/olivierpere\/2016\/08\/20\/pionnier-de-lespace-de-robert-day\/\" \/>\n<meta property=\"og:locale\" content=\"fr_FR\" \/>\n<meta property=\"og:type\" content=\"article\" \/>\n<meta property=\"og:title\" content=\"Le Pionnier de l\u2019espace de Robert Day - Olivier P\u00e8re\" \/>\n<meta property=\"og:description\" content=\"Artus \u00e9dite en DVD Le Pionnier de l\u2019espace (First Man Into Space, 1959) de Robert Day, qui sera disponible \u00e0\u2026\" \/>\n<meta property=\"og:url\" content=\"https:\/\/www.arte.tv\/sites\/olivierpere\/2016\/08\/20\/pionnier-de-lespace-de-robert-day\/\" \/>\n<meta property=\"og:site_name\" content=\"Olivier P\u00e8re\" \/>\n<meta property=\"article:published_time\" content=\"2016-08-20T17:18:04+00:00\" \/>\n<meta property=\"article:modified_time\" content=\"2016-08-20T17:43:29+00:00\" \/>\n<meta property=\"og:image\" content=\"https:\/\/www.arte.tv\/sites\/olivierpere\/files\/first-man-into-space_2.jpg\" \/>\n\t<meta property=\"og:image:width\" content=\"600\" \/>\n\t<meta property=\"og:image:height\" content=\"450\" \/>\n\t<meta property=\"og:image:type\" content=\"image\/jpeg\" \/>\n<meta name=\"author\" content=\"Olivier P\u00e8re\" \/>\n<meta name=\"twitter:label1\" content=\"\u00c9crit par\" \/>\n\t<meta name=\"twitter:data1\" content=\"Olivier P\u00e8re\" \/>\n\t<meta name=\"twitter:label2\" content=\"Dur\u00e9e de lecture estim\u00e9e\" \/>\n\t<meta name=\"twitter:data2\" content=\"3 minutes\" \/>\n<script type=\"application\/ld+json\" class=\"yoast-schema-graph\">{\"@context\":\"https:\/\/schema.org\",\"@graph\":[{\"@type\":\"WebPage\",\"@id\":\"https:\/\/www.arte.tv\/sites\/olivierpere\/2016\/08\/20\/pionnier-de-lespace-de-robert-day\/\",\"url\":\"https:\/\/www.arte.tv\/sites\/olivierpere\/2016\/08\/20\/pionnier-de-lespace-de-robert-day\/\",\"name\":\"Le Pionnier de l\u2019espace de Robert Day - Olivier P\u00e8re\",\"isPartOf\":{\"@id\":\"https:\/\/www.arte.tv\/sites\/olivierpere\/#website\"},\"datePublished\":\"2016-08-20T17:18:04+00:00\",\"dateModified\":\"2016-08-20T17:43:29+00:00\",\"author\":{\"@id\":\"https:\/\/www.arte.tv\/sites\/olivierpere\/#\/schema\/person\/dc32cd6c79be95e52d43b97a74182558\"},\"breadcrumb\":{\"@id\":\"https:\/\/www.arte.tv\/sites\/olivierpere\/2016\/08\/20\/pionnier-de-lespace-de-robert-day\/#breadcrumb\"},\"inLanguage\":\"fr-FR\",\"potentialAction\":[{\"@type\":\"ReadAction\",\"target\":[\"https:\/\/www.arte.tv\/sites\/olivierpere\/2016\/08\/20\/pionnier-de-lespace-de-robert-day\/\"]}]},{\"@type\":\"BreadcrumbList\",\"@id\":\"https:\/\/www.arte.tv\/sites\/olivierpere\/2016\/08\/20\/pionnier-de-lespace-de-robert-day\/#breadcrumb\",\"itemListElement\":[{\"@type\":\"ListItem\",\"position\":1,\"name\":\"Home\",\"item\":\"https:\/\/www.arte.tv\/sites\/olivierpere\/\"},{\"@type\":\"ListItem\",\"position\":2,\"name\":\"Le Pionnier de l\u2019espace de Robert Day\"}]},{\"@type\":\"WebSite\",\"@id\":\"https:\/\/www.arte.tv\/sites\/olivierpere\/#website\",\"url\":\"https:\/\/www.arte.tv\/sites\/olivierpere\/\",\"name\":\"Olivier P\u00e8re\",\"description\":\"\",\"potentialAction\":[{\"@type\":\"SearchAction\",\"target\":{\"@type\":\"EntryPoint\",\"urlTemplate\":\"https:\/\/www.arte.tv\/sites\/olivierpere\/?s={search_term_string}\"},\"query-input\":\"required name=search_term_string\"}],\"inLanguage\":\"fr-FR\"},{\"@type\":\"Person\",\"@id\":\"https:\/\/www.arte.tv\/sites\/olivierpere\/#\/schema\/person\/dc32cd6c79be95e52d43b97a74182558\",\"name\":\"Olivier P\u00e8re\",\"image\":{\"@type\":\"ImageObject\",\"inLanguage\":\"fr-FR\",\"@id\":\"https:\/\/www.arte.tv\/sites\/olivierpere\/#\/schema\/person\/image\/\",\"url\":\"https:\/\/secure.gravatar.com\/avatar\/bdea7b6a2c195e2c41772429a9694758?s=96&d=mm&r=g\",\"contentUrl\":\"https:\/\/secure.gravatar.com\/avatar\/bdea7b6a2c195e2c41772429a9694758?s=96&d=mm&r=g\",\"caption\":\"Olivier P\u00e8re\"},\"url\":\"https:\/\/www.arte.tv\/sites\/olivierpere\/author\/pereolivier\/\"}]}<\/script>\n<!-- \/ Yoast SEO plugin. -->","yoast_head_json":{"title":"Le Pionnier de l\u2019espace de Robert Day - Olivier P\u00e8re","robots":{"index":"index","follow":"follow","max-snippet":"max-snippet:-1","max-image-preview":"max-image-preview:large","max-video-preview":"max-video-preview:-1"},"canonical":"https:\/\/www.arte.tv\/sites\/olivierpere\/2016\/08\/20\/pionnier-de-lespace-de-robert-day\/","og_locale":"fr_FR","og_type":"article","og_title":"Le Pionnier de l\u2019espace de Robert Day - Olivier P\u00e8re","og_description":"Artus \u00e9dite en DVD Le Pionnier de l\u2019espace (First Man Into Space, 1959) de Robert Day, qui sera disponible \u00e0\u2026","og_url":"https:\/\/www.arte.tv\/sites\/olivierpere\/2016\/08\/20\/pionnier-de-lespace-de-robert-day\/","og_site_name":"Olivier P\u00e8re","article_published_time":"2016-08-20T17:18:04+00:00","article_modified_time":"2016-08-20T17:43:29+00:00","og_image":[{"width":600,"height":450,"url":"https:\/\/www.arte.tv\/sites\/olivierpere\/files\/first-man-into-space_2.jpg","type":"image\/jpeg"}],"author":"Olivier P\u00e8re","twitter_misc":{"\u00c9crit par":"Olivier P\u00e8re","Dur\u00e9e de lecture estim\u00e9e":"3 minutes"},"schema":{"@context":"https:\/\/schema.org","@graph":[{"@type":"WebPage","@id":"https:\/\/www.arte.tv\/sites\/olivierpere\/2016\/08\/20\/pionnier-de-lespace-de-robert-day\/","url":"https:\/\/www.arte.tv\/sites\/olivierpere\/2016\/08\/20\/pionnier-de-lespace-de-robert-day\/","name":"Le Pionnier de l\u2019espace de Robert Day - Olivier P\u00e8re","isPartOf":{"@id":"https:\/\/www.arte.tv\/sites\/olivierpere\/#website"},"datePublished":"2016-08-20T17:18:04+00:00","dateModified":"2016-08-20T17:43:29+00:00","author":{"@id":"https:\/\/www.arte.tv\/sites\/olivierpere\/#\/schema\/person\/dc32cd6c79be95e52d43b97a74182558"},"breadcrumb":{"@id":"https:\/\/www.arte.tv\/sites\/olivierpere\/2016\/08\/20\/pionnier-de-lespace-de-robert-day\/#breadcrumb"},"inLanguage":"fr-FR","potentialAction":[{"@type":"ReadAction","target":["https:\/\/www.arte.tv\/sites\/olivierpere\/2016\/08\/20\/pionnier-de-lespace-de-robert-day\/"]}]},{"@type":"BreadcrumbList","@id":"https:\/\/www.arte.tv\/sites\/olivierpere\/2016\/08\/20\/pionnier-de-lespace-de-robert-day\/#breadcrumb","itemListElement":[{"@type":"ListItem","position":1,"name":"Home","item":"https:\/\/www.arte.tv\/sites\/olivierpere\/"},{"@type":"ListItem","position":2,"name":"Le Pionnier de l\u2019espace de Robert Day"}]},{"@type":"WebSite","@id":"https:\/\/www.arte.tv\/sites\/olivierpere\/#website","url":"https:\/\/www.arte.tv\/sites\/olivierpere\/","name":"Olivier P\u00e8re","description":"","potentialAction":[{"@type":"SearchAction","target":{"@type":"EntryPoint","urlTemplate":"https:\/\/www.arte.tv\/sites\/olivierpere\/?s={search_term_string}"},"query-input":"required name=search_term_string"}],"inLanguage":"fr-FR"},{"@type":"Person","@id":"https:\/\/www.arte.tv\/sites\/olivierpere\/#\/schema\/person\/dc32cd6c79be95e52d43b97a74182558","name":"Olivier P\u00e8re","image":{"@type":"ImageObject","inLanguage":"fr-FR","@id":"https:\/\/www.arte.tv\/sites\/olivierpere\/#\/schema\/person\/image\/","url":"https:\/\/secure.gravatar.com\/avatar\/bdea7b6a2c195e2c41772429a9694758?s=96&d=mm&r=g","contentUrl":"https:\/\/secure.gravatar.com\/avatar\/bdea7b6a2c195e2c41772429a9694758?s=96&d=mm&r=g","caption":"Olivier P\u00e8re"},"url":"https:\/\/www.arte.tv\/sites\/olivierpere\/author\/pereolivier\/"}]}},"_links":{"self":[{"href":"https:\/\/www.arte.tv\/sites\/olivierpere\/wp-json\/wp\/v2\/posts\/19106"}],"collection":[{"href":"https:\/\/www.arte.tv\/sites\/olivierpere\/wp-json\/wp\/v2\/posts"}],"about":[{"href":"https:\/\/www.arte.tv\/sites\/olivierpere\/wp-json\/wp\/v2\/types\/post"}],"author":[{"embeddable":true,"href":"https:\/\/www.arte.tv\/sites\/olivierpere\/wp-json\/wp\/v2\/users\/116"}],"replies":[{"embeddable":true,"href":"https:\/\/www.arte.tv\/sites\/olivierpere\/wp-json\/wp\/v2\/comments?post=19106"}],"version-history":[{"count":2,"href":"https:\/\/www.arte.tv\/sites\/olivierpere\/wp-json\/wp\/v2\/posts\/19106\/revisions"}],"predecessor-version":[{"id":19112,"href":"https:\/\/www.arte.tv\/sites\/olivierpere\/wp-json\/wp\/v2\/posts\/19106\/revisions\/19112"}],"wp:featuredmedia":[{"embeddable":true,"href":"https:\/\/www.arte.tv\/sites\/olivierpere\/wp-json\/wp\/v2\/media\/19107"}],"wp:attachment":[{"href":"https:\/\/www.arte.tv\/sites\/olivierpere\/wp-json\/wp\/v2\/media?parent=19106"}],"wp:term":[{"taxonomy":"category","embeddable":true,"href":"https:\/\/www.arte.tv\/sites\/olivierpere\/wp-json\/wp\/v2\/categories?post=19106"},{"taxonomy":"post_tag","embeddable":true,"href":"https:\/\/www.arte.tv\/sites\/olivierpere\/wp-json\/wp\/v2\/tags?post=19106"}],"curies":[{"name":"wp","href":"https:\/\/api.w.org\/{rel}","templated":true}]}}