{"id":19026,"date":"2016-07-16T16:59:23","date_gmt":"2016-07-16T15:59:23","guid":{"rendered":"https:\/\/www.arte.tv\/sites\/olivierpere\/?p=19026"},"modified":"2020-04-17T08:11:54","modified_gmt":"2020-04-17T07:11:54","slug":"voitures-ont-mange-paris-de-peter-weir","status":"publish","type":"post","link":"https:\/\/www.arte.tv\/sites\/olivierpere\/2016\/07\/16\/voitures-ont-mange-paris-de-peter-weir\/","title":{"rendered":"Les voitures qui ont mang\u00e9 Paris de Peter Weir"},"content":{"rendered":"<p>ARTE diffuse dans la nuit du jeudi 21 juillet \u00e0 0h25 <em>Les voitures qui ont mang\u00e9 Paris (The Cars that Ate Paris<\/em>, 1974), premier long m\u00e9trage du cin\u00e9aste australien Peter Weir apr\u00e8s des d\u00e9buts \u00e0 la t\u00e9l\u00e9vision. Gr\u00e2ce \u00e0 Wim Wenders on sait qu\u2019il y a une ville nomm\u00e9e Paris au Texas, selon Peter Weir il en existerait aussi une au fin fond de l\u2019Australie. Cette bourgade retir\u00e9e de la civilisation survit en provoquant des accidents automobiles et en pillant les infortun\u00e9s voyageurs, \u00e0 la mani\u00e8re d\u2019\u00e9cumeurs de routes. Toutes les preuves sont effac\u00e9es, les t\u00e9moins tu\u00e9s ou r\u00e9duits au silence. Les bless\u00e9s des accidents sont tr\u00e9pan\u00e9s dans l\u2019h\u00f4pital local et maintenus \u00e0 l\u2019\u00e9tat de l\u00e9gumes par un chirurgien d\u00e9ment. Comme l\u2019\u00e9nonce son maire, Paris est une ville dont on ne peut pas s\u2019\u00e9chapper. Un pauvre type qui a surv\u00e9cu par miracle \u00e0 un accident, en \u00e9tat de choc et phobique des voitures, va le d\u00e9couvrir \u00e0 ses d\u00e9pends. <em>Les voitures qui ont mang\u00e9 Paris <\/em>est un film d\u2019horreur pas comme les autres, avec beaucoup d\u2019humour noir, un peu de gore et des \u00e9l\u00e9ments th\u00e9matiques qui annoncent l\u2019\u0153uvre future de Peter Weir, parfaitement coh\u00e9rente sous son apparente diversit\u00e9 \u2013 Weir a \u00e0 peu pr\u00e8s touch\u00e9 \u00e0 tous les genres, avec un talent souvent exceptionnel. Le film suivant de Weir, qui lui permettra d\u2019acc\u00e9der \u00e0 la c\u00e9l\u00e9brit\u00e9, <em>Pique-nique \u00e0 Hanging Rock<\/em>, relatait lui aussi des disparitions \u00e9tranges dans l\u2019outback australien, tandis que plusieurs de ses films les plus importants, tourn\u00e9s aux Etats-Unis, \u00e9tudieront l\u2019intrusion d\u2019un corps \u00e9tranger dans une communaut\u00e9 secr\u00e8te et ferm\u00e9e, aux rites sacr\u00e9s et immuables \u2013 <em>Witness<\/em>, <em>The Truman Show<\/em>&#8230;<\/p>\n<p>On retrouve dans <em>Les voitures qui ont mang\u00e9 Paris <\/em>l\u2019atmosph\u00e8re poisseuse et angoissante d\u2019un autre film cauchemar qui retenait son personnage principal captif d\u2019une petite communaut\u00e9 d\u00e9g\u00e9n\u00e9r\u00e9e de l\u2019outback, <em>Wake in Fright<\/em> (1972) de Ted Kotcheff. Weir montre un sous-monde tenu \u00e0 l\u2019\u00e9cart du progr\u00e8s et de l\u2019essor industriel, et le d\u00e9veloppement d\u2019une \u00e9conomie parall\u00e8le autour de la r\u00e9cup\u00e9ration d\u2019\u00e9paves de voitures et des richesses de leurs propri\u00e9taires. Cette \u00ab\u00a0ville des pirates\u00a0\u00bb oubli\u00e9e par l\u2019Histoire renvoie \u00e0 la fondation de l\u2019Australie, ancienne colonie p\u00e9nitentiaire de la Grande-Bretagne, pays qui va longtemps conserver sa nature sauvage et brutale, conquis par des parias du vieux continent \u00e0 la fin du XVIII\u00e8me si\u00e8cle. Le m\u00e9lange de fascination et de terreur provoqu\u00e9 par des hordes de v\u00e9hicules customis\u00e9s en dragons ou en animaux pr\u00e9historiques, conduits par des voyous r\u00e9duits \u00e0 l\u2019\u00e9tat de silhouettes, annonce bien s\u00fbr le <em>Mad Max<\/em> (1979) de George Miller, chef-d\u2019\u0153uvre du cin\u00e9ma australien qui explosera \u00e0 la face du monde au d\u00e9but des ann\u00e9es 80 apr\u00e8s bien des d\u00e9boires avec la censure. Il existe un connexion \u00e9vidente entre le premier film de Weir et la saga futuriste et motoris\u00e9e du guerrier de la route, au point que George Miller rendra hommage aux v<em>oitures qui ont mang\u00e9 Paris<\/em> dans <em>Mad Max : Fury Road<\/em> avec l\u2019apparition remarqu\u00e9e d\u2019une Volkswagen Type 1 h\u00e9riss\u00e9e de dards, v\u00e9hicule iconique du film de Weir.<\/p>\n<p>Bruce Spence, qui joue l&rsquo;idiot du village dans <em>Les voitures qui ont mang\u00e9 Paris<\/em>, sera le pilote de gyrocopt\u00e8re dans<em> Mad Max 2\u00a0: le d\u00e9fi.<\/em><\/p>\n<p><em>Les voitures qui ont mang\u00e9 Paris, <\/em>\u00e0 la fois film d\u2019auteur et film d\u2019horreur, constitue une excellente introduction \u00e0 la \u00ab\u00a0ozploitation\u00a0\u00bb, cat\u00e9gorie qui r\u00e9unit les films de genre produits en Australie dans les ann\u00e9es 70 et 80, caract\u00e9ris\u00e9s par leur folie, leur sauvagerie et leurs bizarres singularit\u00e9s li\u00e9es aux m\u0153urs, coutumes et paysages autochtones. Ces films, tr\u00e8s appr\u00e9ci\u00e9s par les amateurs de fantastique et de curiosit\u00e9s cin\u00e9matographiques, n&rsquo;ont pas vraiment contribu\u00e9 \u00e0 l\u2019\u00e9panouissement du tourisme en Australie, \u00e0 moins de rechercher les sensations fortes et les mauvaises rencontres pendant ses vacances.<\/p>\n<p><em>\u00a0<\/em><\/p>\n<p>&nbsp;<\/p>\n","protected":false},"excerpt":{"rendered":"<p>ARTE diffuse dans la nuit du jeudi 21 juillet \u00e0 0h25 Les voitures qui ont mang\u00e9 Paris (The Cars that\u2026<\/p>\n","protected":false},"author":116,"featured_media":0,"comment_status":"open","ping_status":"open","sticky":false,"template":"","format":"standard","meta":[],"categories":[8],"tags":[],"yoast_head":"<!-- This site is optimized with the Yoast SEO plugin v20.8 - https:\/\/yoast.com\/wordpress\/plugins\/seo\/ -->\n<title>Les voitures qui ont mang\u00e9 Paris de Peter Weir - Olivier P\u00e8re<\/title>\n<meta name=\"robots\" content=\"index, follow, max-snippet:-1, max-image-preview:large, max-video-preview:-1\" \/>\n<link rel=\"canonical\" href=\"https:\/\/www.arte.tv\/sites\/olivierpere\/2016\/07\/16\/voitures-ont-mange-paris-de-peter-weir\/\" \/>\n<meta property=\"og:locale\" content=\"fr_FR\" \/>\n<meta property=\"og:type\" content=\"article\" \/>\n<meta property=\"og:title\" content=\"Les voitures qui ont mang\u00e9 Paris de Peter Weir - Olivier P\u00e8re\" \/>\n<meta property=\"og:description\" content=\"ARTE diffuse dans la nuit du jeudi 21 juillet \u00e0 0h25 Les voitures qui ont mang\u00e9 Paris (The Cars that\u2026\" \/>\n<meta property=\"og:url\" content=\"https:\/\/www.arte.tv\/sites\/olivierpere\/2016\/07\/16\/voitures-ont-mange-paris-de-peter-weir\/\" \/>\n<meta property=\"og:site_name\" content=\"Olivier P\u00e8re\" \/>\n<meta property=\"article:published_time\" content=\"2016-07-16T15:59:23+00:00\" \/>\n<meta property=\"article:modified_time\" content=\"2020-04-17T07:11:54+00:00\" \/>\n<meta name=\"author\" content=\"Olivier P\u00e8re\" \/>\n<meta name=\"twitter:label1\" content=\"\u00c9crit par\" \/>\n\t<meta name=\"twitter:data1\" content=\"Olivier P\u00e8re\" \/>\n\t<meta name=\"twitter:label2\" content=\"Dur\u00e9e de lecture estim\u00e9e\" \/>\n\t<meta name=\"twitter:data2\" content=\"3 minutes\" \/>\n<script type=\"application\/ld+json\" class=\"yoast-schema-graph\">{\"@context\":\"https:\/\/schema.org\",\"@graph\":[{\"@type\":\"WebPage\",\"@id\":\"https:\/\/www.arte.tv\/sites\/olivierpere\/2016\/07\/16\/voitures-ont-mange-paris-de-peter-weir\/\",\"url\":\"https:\/\/www.arte.tv\/sites\/olivierpere\/2016\/07\/16\/voitures-ont-mange-paris-de-peter-weir\/\",\"name\":\"Les voitures qui ont mang\u00e9 Paris de Peter Weir - Olivier P\u00e8re\",\"isPartOf\":{\"@id\":\"https:\/\/www.arte.tv\/sites\/olivierpere\/#website\"},\"datePublished\":\"2016-07-16T15:59:23+00:00\",\"dateModified\":\"2020-04-17T07:11:54+00:00\",\"author\":{\"@id\":\"https:\/\/www.arte.tv\/sites\/olivierpere\/#\/schema\/person\/dc32cd6c79be95e52d43b97a74182558\"},\"breadcrumb\":{\"@id\":\"https:\/\/www.arte.tv\/sites\/olivierpere\/2016\/07\/16\/voitures-ont-mange-paris-de-peter-weir\/#breadcrumb\"},\"inLanguage\":\"fr-FR\",\"potentialAction\":[{\"@type\":\"ReadAction\",\"target\":[\"https:\/\/www.arte.tv\/sites\/olivierpere\/2016\/07\/16\/voitures-ont-mange-paris-de-peter-weir\/\"]}]},{\"@type\":\"BreadcrumbList\",\"@id\":\"https:\/\/www.arte.tv\/sites\/olivierpere\/2016\/07\/16\/voitures-ont-mange-paris-de-peter-weir\/#breadcrumb\",\"itemListElement\":[{\"@type\":\"ListItem\",\"position\":1,\"name\":\"Home\",\"item\":\"https:\/\/www.arte.tv\/sites\/olivierpere\/\"},{\"@type\":\"ListItem\",\"position\":2,\"name\":\"Les voitures qui ont mang\u00e9 Paris de Peter Weir\"}]},{\"@type\":\"WebSite\",\"@id\":\"https:\/\/www.arte.tv\/sites\/olivierpere\/#website\",\"url\":\"https:\/\/www.arte.tv\/sites\/olivierpere\/\",\"name\":\"Olivier P\u00e8re\",\"description\":\"\",\"potentialAction\":[{\"@type\":\"SearchAction\",\"target\":{\"@type\":\"EntryPoint\",\"urlTemplate\":\"https:\/\/www.arte.tv\/sites\/olivierpere\/?s={search_term_string}\"},\"query-input\":\"required name=search_term_string\"}],\"inLanguage\":\"fr-FR\"},{\"@type\":\"Person\",\"@id\":\"https:\/\/www.arte.tv\/sites\/olivierpere\/#\/schema\/person\/dc32cd6c79be95e52d43b97a74182558\",\"name\":\"Olivier P\u00e8re\",\"image\":{\"@type\":\"ImageObject\",\"inLanguage\":\"fr-FR\",\"@id\":\"https:\/\/www.arte.tv\/sites\/olivierpere\/#\/schema\/person\/image\/\",\"url\":\"https:\/\/secure.gravatar.com\/avatar\/bdea7b6a2c195e2c41772429a9694758?s=96&d=mm&r=g\",\"contentUrl\":\"https:\/\/secure.gravatar.com\/avatar\/bdea7b6a2c195e2c41772429a9694758?s=96&d=mm&r=g\",\"caption\":\"Olivier P\u00e8re\"},\"url\":\"https:\/\/www.arte.tv\/sites\/olivierpere\/author\/pereolivier\/\"}]}<\/script>\n<!-- \/ Yoast SEO plugin. -->","yoast_head_json":{"title":"Les voitures qui ont mang\u00e9 Paris de Peter Weir - Olivier P\u00e8re","robots":{"index":"index","follow":"follow","max-snippet":"max-snippet:-1","max-image-preview":"max-image-preview:large","max-video-preview":"max-video-preview:-1"},"canonical":"https:\/\/www.arte.tv\/sites\/olivierpere\/2016\/07\/16\/voitures-ont-mange-paris-de-peter-weir\/","og_locale":"fr_FR","og_type":"article","og_title":"Les voitures qui ont mang\u00e9 Paris de Peter Weir - Olivier P\u00e8re","og_description":"ARTE diffuse dans la nuit du jeudi 21 juillet \u00e0 0h25 Les voitures qui ont mang\u00e9 Paris (The Cars that\u2026","og_url":"https:\/\/www.arte.tv\/sites\/olivierpere\/2016\/07\/16\/voitures-ont-mange-paris-de-peter-weir\/","og_site_name":"Olivier P\u00e8re","article_published_time":"2016-07-16T15:59:23+00:00","article_modified_time":"2020-04-17T07:11:54+00:00","author":"Olivier P\u00e8re","twitter_misc":{"\u00c9crit par":"Olivier P\u00e8re","Dur\u00e9e de lecture estim\u00e9e":"3 minutes"},"schema":{"@context":"https:\/\/schema.org","@graph":[{"@type":"WebPage","@id":"https:\/\/www.arte.tv\/sites\/olivierpere\/2016\/07\/16\/voitures-ont-mange-paris-de-peter-weir\/","url":"https:\/\/www.arte.tv\/sites\/olivierpere\/2016\/07\/16\/voitures-ont-mange-paris-de-peter-weir\/","name":"Les voitures qui ont mang\u00e9 Paris de Peter Weir - Olivier P\u00e8re","isPartOf":{"@id":"https:\/\/www.arte.tv\/sites\/olivierpere\/#website"},"datePublished":"2016-07-16T15:59:23+00:00","dateModified":"2020-04-17T07:11:54+00:00","author":{"@id":"https:\/\/www.arte.tv\/sites\/olivierpere\/#\/schema\/person\/dc32cd6c79be95e52d43b97a74182558"},"breadcrumb":{"@id":"https:\/\/www.arte.tv\/sites\/olivierpere\/2016\/07\/16\/voitures-ont-mange-paris-de-peter-weir\/#breadcrumb"},"inLanguage":"fr-FR","potentialAction":[{"@type":"ReadAction","target":["https:\/\/www.arte.tv\/sites\/olivierpere\/2016\/07\/16\/voitures-ont-mange-paris-de-peter-weir\/"]}]},{"@type":"BreadcrumbList","@id":"https:\/\/www.arte.tv\/sites\/olivierpere\/2016\/07\/16\/voitures-ont-mange-paris-de-peter-weir\/#breadcrumb","itemListElement":[{"@type":"ListItem","position":1,"name":"Home","item":"https:\/\/www.arte.tv\/sites\/olivierpere\/"},{"@type":"ListItem","position":2,"name":"Les voitures qui ont mang\u00e9 Paris de Peter Weir"}]},{"@type":"WebSite","@id":"https:\/\/www.arte.tv\/sites\/olivierpere\/#website","url":"https:\/\/www.arte.tv\/sites\/olivierpere\/","name":"Olivier P\u00e8re","description":"","potentialAction":[{"@type":"SearchAction","target":{"@type":"EntryPoint","urlTemplate":"https:\/\/www.arte.tv\/sites\/olivierpere\/?s={search_term_string}"},"query-input":"required name=search_term_string"}],"inLanguage":"fr-FR"},{"@type":"Person","@id":"https:\/\/www.arte.tv\/sites\/olivierpere\/#\/schema\/person\/dc32cd6c79be95e52d43b97a74182558","name":"Olivier P\u00e8re","image":{"@type":"ImageObject","inLanguage":"fr-FR","@id":"https:\/\/www.arte.tv\/sites\/olivierpere\/#\/schema\/person\/image\/","url":"https:\/\/secure.gravatar.com\/avatar\/bdea7b6a2c195e2c41772429a9694758?s=96&d=mm&r=g","contentUrl":"https:\/\/secure.gravatar.com\/avatar\/bdea7b6a2c195e2c41772429a9694758?s=96&d=mm&r=g","caption":"Olivier P\u00e8re"},"url":"https:\/\/www.arte.tv\/sites\/olivierpere\/author\/pereolivier\/"}]}},"_links":{"self":[{"href":"https:\/\/www.arte.tv\/sites\/olivierpere\/wp-json\/wp\/v2\/posts\/19026"}],"collection":[{"href":"https:\/\/www.arte.tv\/sites\/olivierpere\/wp-json\/wp\/v2\/posts"}],"about":[{"href":"https:\/\/www.arte.tv\/sites\/olivierpere\/wp-json\/wp\/v2\/types\/post"}],"author":[{"embeddable":true,"href":"https:\/\/www.arte.tv\/sites\/olivierpere\/wp-json\/wp\/v2\/users\/116"}],"replies":[{"embeddable":true,"href":"https:\/\/www.arte.tv\/sites\/olivierpere\/wp-json\/wp\/v2\/comments?post=19026"}],"version-history":[{"count":3,"href":"https:\/\/www.arte.tv\/sites\/olivierpere\/wp-json\/wp\/v2\/posts\/19026\/revisions"}],"predecessor-version":[{"id":25612,"href":"https:\/\/www.arte.tv\/sites\/olivierpere\/wp-json\/wp\/v2\/posts\/19026\/revisions\/25612"}],"wp:attachment":[{"href":"https:\/\/www.arte.tv\/sites\/olivierpere\/wp-json\/wp\/v2\/media?parent=19026"}],"wp:term":[{"taxonomy":"category","embeddable":true,"href":"https:\/\/www.arte.tv\/sites\/olivierpere\/wp-json\/wp\/v2\/categories?post=19026"},{"taxonomy":"post_tag","embeddable":true,"href":"https:\/\/www.arte.tv\/sites\/olivierpere\/wp-json\/wp\/v2\/tags?post=19026"}],"curies":[{"name":"wp","href":"https:\/\/api.w.org\/{rel}","templated":true}]}}