{"id":18364,"date":"2016-05-04T15:17:15","date_gmt":"2016-05-04T14:17:15","guid":{"rendered":"https:\/\/www.arte.tv\/sites\/olivierpere\/?p=18364"},"modified":"2020-04-10T18:33:03","modified_gmt":"2020-04-10T17:33:03","slug":"libis-rouge-de-jean-pierre-mocky","status":"publish","type":"post","link":"https:\/\/www.arte.tv\/sites\/olivierpere\/2016\/05\/04\/libis-rouge-de-jean-pierre-mocky\/","title":{"rendered":"L\u2019Ibis rouge de Jean-Pierre Mocky"},"content":{"rendered":"<p>ARTE diffuse <em>L\u2019Ibis Rouge<\/em> (1975) de Jean-Pierre Mocky mercredi 25 mai \u00e0 20h55.<\/p>\n<p>Pause r\u00e9cr\u00e9ative au milieu des ann\u00e9es 70 \u00e0 une \u00e9poque o\u00f9 Mocky encha\u00eene des br\u00fblots anarchisants qui tiraient \u00e0 boulets rouges sur les institutions et la soci\u00e9t\u00e9 fran\u00e7aise, <em>L\u2019Ibis rouge<\/em> bouscule \u00e0 ma mani\u00e8re les codes du film criminel, avec une bonne dose d\u2019absurde, de po\u00e9sie et d\u2019humour noir. Mocky comme de coutume s\u2019empare d\u2019un roman policier am\u00e9ricain, ici <em>Knock Three One Two<\/em> (\u00ab\u00a0\u00c7a ne se refuse pas\u00a0\u00bb) de Fredric Brown, publi\u00e9 dans la \u00ab\u00a0S\u00e9rie Noire\u00a0\u00bb, pour imaginer une galerie de personnages excentriques et monstrueux, mais paradoxalement attachants.<\/p>\n<p>Mocky a toujours aim\u00e9 les acteurs et il offre ici \u00e0 Michel Serrault (photo en t\u00eate de texte) et Michel Galabru d\u2019enrichir leur palette en cr\u00e9ant des caract\u00e8res path\u00e9tiques, loin de leurs pitreries habituelles. Le premier interpr\u00e8te un employ\u00e9 de bureau solitaire et timor\u00e9 qu\u2019un traumatisme enfantin a transform\u00e9 en \u00e9trangleur de femmes, tandis que Galabru campe un ancien danseur de tango en instance de divorce, toujours amoureux de sa belle \u00e9pouse (Evelyne Buyle) et traqu\u00e9 par des gangsters auxquels il doit de fortes sommes d\u2019argent perdues au poker. Quant \u00e0 Michel Simon, dans sa derni\u00e8re apparition \u00e0 l\u2019\u00e9cran, il est tout simplement bouleversant dans le r\u00f4le du marchand de journaux Zizi, faisant surgir les souvenirs de Monsieur Hire, Boudu et le P\u00e8re Jules en vieillard acari\u00e2tre, mythomane et misanthrope, dont le seul ami est un petit gar\u00e7on noir tir\u00e9 \u00e0 quatre \u00e9pingles et amateur de bananes. Aux c\u00f4t\u00e9s des trois Michel <em>L\u2019Ibis rouge<\/em> grouille de figures pittoresques, du second r\u00f4le au simple figurant, caract\u00e9ristiques de cet art de la distribution dont Mocky a le secret. Gueules bizarres, accessoires loufoques, accoutrements \u00e9tranges, tics de langage ou handicaps physiques\u2026 Mocky met en sc\u00e8ne une cour des miracles qui n\u2019est qu\u2019un miroir d\u00e9formant des Fran\u00e7ais, toutes classes sociales confondues. L\u2019ancrage urbain du film, presque enti\u00e8rement tourn\u00e9 sur les bords du Canal Saint-Martin, \u00e9voque un Paris populaire illustr\u00e9 quarante ans plus t\u00f4t dans les classiques du cin\u00e9ma fran\u00e7ais d\u2019avant-guerre. Des souvenirs de <em>Dr\u00f4le de drame<\/em>, <em>H\u00f4tel du Nord<\/em>, <em>L\u2019Atalante<\/em>\u2026 ressurgissent dans la m\u00e9moire du spectateur. A cette tradition du r\u00e9alisme po\u00e9tique, transfigur\u00e9e par le go\u00fbt du bizarre, Mocky ajoute une touche d\u2019humour grotesque et fantastique tr\u00e8s Mitteleuropa qui le rapproche du Polanski du <em>Locataire<\/em> et m\u00eame du Kubrick d\u2019<em>Orange m\u00e9canique<\/em>. L\u2019ambiance onirique de <em>L\u2019Ibis rouge<\/em>, son rythme fr\u00e9n\u00e9tique, l\u2019originalit\u00e9 de sa direction artistique, sa ritournelle ent\u00eatante et ses performances d\u2019acteurs d\u00e9lirantes, repr\u00e9sentatives du cin\u00e9ma de Mocky nous rappellent que l\u2019auteur de <em>L\u2019Albatros<\/em> fut pendant pr\u00e8s de trente ans l\u2019un des cin\u00e9astes les plus enthousiasmants du cin\u00e9ma fran\u00e7ais, dont l\u2019esprit frondeur et farceur ne doit pas faire oublier les id\u00e9es de mise en sc\u00e8ne et la passion du cin\u00e9ma et des acteurs qui animent ses meilleurs films \u2013 et ils sont nombreux\u00a0!<\/p>\n<p>&nbsp;<\/p>\n<p><em>L\u2019Ibis rouge<\/em> sera \u00e9galement disponible en t\u00e9l\u00e9vision de rattrapage pendant sept jours sur ARTE+7. Nous reviendrons sur <em>L\u2019Ibis rouge<\/em> avant sa diffusion en compagnie de Jean-Pierre Mocky, lors d\u2019un entretien vid\u00e9o exclusif.<\/p>\n<p>&nbsp;<\/p>\n<p>&nbsp;<\/p>\n<p>&nbsp;<\/p>\n<p>&nbsp;<\/p>\n","protected":false},"excerpt":{"rendered":"<p>ARTE diffuse L\u2019Ibis Rouge (1975) de Jean-Pierre Mocky mercredi 25 mai \u00e0 20h55. Pause r\u00e9cr\u00e9ative au milieu des ann\u00e9es 70\u2026<\/p>\n","protected":false},"author":116,"featured_media":0,"comment_status":"open","ping_status":"open","sticky":false,"template":"","format":"standard","meta":[],"categories":[8],"tags":[],"yoast_head":"<!-- This site is optimized with the Yoast SEO plugin v20.8 - https:\/\/yoast.com\/wordpress\/plugins\/seo\/ -->\n<title>L\u2019Ibis rouge de Jean-Pierre Mocky - Olivier P\u00e8re<\/title>\n<meta name=\"robots\" content=\"index, follow, max-snippet:-1, max-image-preview:large, max-video-preview:-1\" \/>\n<link rel=\"canonical\" href=\"https:\/\/www.arte.tv\/sites\/olivierpere\/2016\/05\/04\/libis-rouge-de-jean-pierre-mocky\/\" \/>\n<meta property=\"og:locale\" content=\"fr_FR\" \/>\n<meta property=\"og:type\" content=\"article\" \/>\n<meta property=\"og:title\" content=\"L\u2019Ibis rouge de Jean-Pierre Mocky - Olivier P\u00e8re\" \/>\n<meta property=\"og:description\" content=\"ARTE diffuse L\u2019Ibis Rouge (1975) de Jean-Pierre Mocky mercredi 25 mai \u00e0 20h55. Pause r\u00e9cr\u00e9ative au milieu des ann\u00e9es 70\u2026\" \/>\n<meta property=\"og:url\" content=\"https:\/\/www.arte.tv\/sites\/olivierpere\/2016\/05\/04\/libis-rouge-de-jean-pierre-mocky\/\" \/>\n<meta property=\"og:site_name\" content=\"Olivier P\u00e8re\" \/>\n<meta property=\"article:published_time\" content=\"2016-05-04T14:17:15+00:00\" \/>\n<meta property=\"article:modified_time\" content=\"2020-04-10T17:33:03+00:00\" \/>\n<meta name=\"author\" content=\"Olivier P\u00e8re\" \/>\n<meta name=\"twitter:label1\" content=\"\u00c9crit par\" \/>\n\t<meta name=\"twitter:data1\" content=\"Olivier P\u00e8re\" \/>\n\t<meta name=\"twitter:label2\" content=\"Dur\u00e9e de lecture estim\u00e9e\" \/>\n\t<meta name=\"twitter:data2\" content=\"3 minutes\" \/>\n<script type=\"application\/ld+json\" class=\"yoast-schema-graph\">{\"@context\":\"https:\/\/schema.org\",\"@graph\":[{\"@type\":\"WebPage\",\"@id\":\"https:\/\/www.arte.tv\/sites\/olivierpere\/2016\/05\/04\/libis-rouge-de-jean-pierre-mocky\/\",\"url\":\"https:\/\/www.arte.tv\/sites\/olivierpere\/2016\/05\/04\/libis-rouge-de-jean-pierre-mocky\/\",\"name\":\"L\u2019Ibis rouge de Jean-Pierre Mocky - Olivier P\u00e8re\",\"isPartOf\":{\"@id\":\"https:\/\/www.arte.tv\/sites\/olivierpere\/#website\"},\"datePublished\":\"2016-05-04T14:17:15+00:00\",\"dateModified\":\"2020-04-10T17:33:03+00:00\",\"author\":{\"@id\":\"https:\/\/www.arte.tv\/sites\/olivierpere\/#\/schema\/person\/dc32cd6c79be95e52d43b97a74182558\"},\"breadcrumb\":{\"@id\":\"https:\/\/www.arte.tv\/sites\/olivierpere\/2016\/05\/04\/libis-rouge-de-jean-pierre-mocky\/#breadcrumb\"},\"inLanguage\":\"fr-FR\",\"potentialAction\":[{\"@type\":\"ReadAction\",\"target\":[\"https:\/\/www.arte.tv\/sites\/olivierpere\/2016\/05\/04\/libis-rouge-de-jean-pierre-mocky\/\"]}]},{\"@type\":\"BreadcrumbList\",\"@id\":\"https:\/\/www.arte.tv\/sites\/olivierpere\/2016\/05\/04\/libis-rouge-de-jean-pierre-mocky\/#breadcrumb\",\"itemListElement\":[{\"@type\":\"ListItem\",\"position\":1,\"name\":\"Home\",\"item\":\"https:\/\/www.arte.tv\/sites\/olivierpere\/\"},{\"@type\":\"ListItem\",\"position\":2,\"name\":\"L\u2019Ibis rouge de Jean-Pierre Mocky\"}]},{\"@type\":\"WebSite\",\"@id\":\"https:\/\/www.arte.tv\/sites\/olivierpere\/#website\",\"url\":\"https:\/\/www.arte.tv\/sites\/olivierpere\/\",\"name\":\"Olivier P\u00e8re\",\"description\":\"\",\"potentialAction\":[{\"@type\":\"SearchAction\",\"target\":{\"@type\":\"EntryPoint\",\"urlTemplate\":\"https:\/\/www.arte.tv\/sites\/olivierpere\/?s={search_term_string}\"},\"query-input\":\"required name=search_term_string\"}],\"inLanguage\":\"fr-FR\"},{\"@type\":\"Person\",\"@id\":\"https:\/\/www.arte.tv\/sites\/olivierpere\/#\/schema\/person\/dc32cd6c79be95e52d43b97a74182558\",\"name\":\"Olivier P\u00e8re\",\"image\":{\"@type\":\"ImageObject\",\"inLanguage\":\"fr-FR\",\"@id\":\"https:\/\/www.arte.tv\/sites\/olivierpere\/#\/schema\/person\/image\/\",\"url\":\"https:\/\/secure.gravatar.com\/avatar\/bdea7b6a2c195e2c41772429a9694758?s=96&d=mm&r=g\",\"contentUrl\":\"https:\/\/secure.gravatar.com\/avatar\/bdea7b6a2c195e2c41772429a9694758?s=96&d=mm&r=g\",\"caption\":\"Olivier P\u00e8re\"},\"url\":\"https:\/\/www.arte.tv\/sites\/olivierpere\/author\/pereolivier\/\"}]}<\/script>\n<!-- \/ Yoast SEO plugin. -->","yoast_head_json":{"title":"L\u2019Ibis rouge de Jean-Pierre Mocky - Olivier P\u00e8re","robots":{"index":"index","follow":"follow","max-snippet":"max-snippet:-1","max-image-preview":"max-image-preview:large","max-video-preview":"max-video-preview:-1"},"canonical":"https:\/\/www.arte.tv\/sites\/olivierpere\/2016\/05\/04\/libis-rouge-de-jean-pierre-mocky\/","og_locale":"fr_FR","og_type":"article","og_title":"L\u2019Ibis rouge de Jean-Pierre Mocky - Olivier P\u00e8re","og_description":"ARTE diffuse L\u2019Ibis Rouge (1975) de Jean-Pierre Mocky mercredi 25 mai \u00e0 20h55. Pause r\u00e9cr\u00e9ative au milieu des ann\u00e9es 70\u2026","og_url":"https:\/\/www.arte.tv\/sites\/olivierpere\/2016\/05\/04\/libis-rouge-de-jean-pierre-mocky\/","og_site_name":"Olivier P\u00e8re","article_published_time":"2016-05-04T14:17:15+00:00","article_modified_time":"2020-04-10T17:33:03+00:00","author":"Olivier P\u00e8re","twitter_misc":{"\u00c9crit par":"Olivier P\u00e8re","Dur\u00e9e de lecture estim\u00e9e":"3 minutes"},"schema":{"@context":"https:\/\/schema.org","@graph":[{"@type":"WebPage","@id":"https:\/\/www.arte.tv\/sites\/olivierpere\/2016\/05\/04\/libis-rouge-de-jean-pierre-mocky\/","url":"https:\/\/www.arte.tv\/sites\/olivierpere\/2016\/05\/04\/libis-rouge-de-jean-pierre-mocky\/","name":"L\u2019Ibis rouge de Jean-Pierre Mocky - Olivier P\u00e8re","isPartOf":{"@id":"https:\/\/www.arte.tv\/sites\/olivierpere\/#website"},"datePublished":"2016-05-04T14:17:15+00:00","dateModified":"2020-04-10T17:33:03+00:00","author":{"@id":"https:\/\/www.arte.tv\/sites\/olivierpere\/#\/schema\/person\/dc32cd6c79be95e52d43b97a74182558"},"breadcrumb":{"@id":"https:\/\/www.arte.tv\/sites\/olivierpere\/2016\/05\/04\/libis-rouge-de-jean-pierre-mocky\/#breadcrumb"},"inLanguage":"fr-FR","potentialAction":[{"@type":"ReadAction","target":["https:\/\/www.arte.tv\/sites\/olivierpere\/2016\/05\/04\/libis-rouge-de-jean-pierre-mocky\/"]}]},{"@type":"BreadcrumbList","@id":"https:\/\/www.arte.tv\/sites\/olivierpere\/2016\/05\/04\/libis-rouge-de-jean-pierre-mocky\/#breadcrumb","itemListElement":[{"@type":"ListItem","position":1,"name":"Home","item":"https:\/\/www.arte.tv\/sites\/olivierpere\/"},{"@type":"ListItem","position":2,"name":"L\u2019Ibis rouge de Jean-Pierre Mocky"}]},{"@type":"WebSite","@id":"https:\/\/www.arte.tv\/sites\/olivierpere\/#website","url":"https:\/\/www.arte.tv\/sites\/olivierpere\/","name":"Olivier P\u00e8re","description":"","potentialAction":[{"@type":"SearchAction","target":{"@type":"EntryPoint","urlTemplate":"https:\/\/www.arte.tv\/sites\/olivierpere\/?s={search_term_string}"},"query-input":"required name=search_term_string"}],"inLanguage":"fr-FR"},{"@type":"Person","@id":"https:\/\/www.arte.tv\/sites\/olivierpere\/#\/schema\/person\/dc32cd6c79be95e52d43b97a74182558","name":"Olivier P\u00e8re","image":{"@type":"ImageObject","inLanguage":"fr-FR","@id":"https:\/\/www.arte.tv\/sites\/olivierpere\/#\/schema\/person\/image\/","url":"https:\/\/secure.gravatar.com\/avatar\/bdea7b6a2c195e2c41772429a9694758?s=96&d=mm&r=g","contentUrl":"https:\/\/secure.gravatar.com\/avatar\/bdea7b6a2c195e2c41772429a9694758?s=96&d=mm&r=g","caption":"Olivier P\u00e8re"},"url":"https:\/\/www.arte.tv\/sites\/olivierpere\/author\/pereolivier\/"}]}},"_links":{"self":[{"href":"https:\/\/www.arte.tv\/sites\/olivierpere\/wp-json\/wp\/v2\/posts\/18364"}],"collection":[{"href":"https:\/\/www.arte.tv\/sites\/olivierpere\/wp-json\/wp\/v2\/posts"}],"about":[{"href":"https:\/\/www.arte.tv\/sites\/olivierpere\/wp-json\/wp\/v2\/types\/post"}],"author":[{"embeddable":true,"href":"https:\/\/www.arte.tv\/sites\/olivierpere\/wp-json\/wp\/v2\/users\/116"}],"replies":[{"embeddable":true,"href":"https:\/\/www.arte.tv\/sites\/olivierpere\/wp-json\/wp\/v2\/comments?post=18364"}],"version-history":[{"count":3,"href":"https:\/\/www.arte.tv\/sites\/olivierpere\/wp-json\/wp\/v2\/posts\/18364\/revisions"}],"predecessor-version":[{"id":25216,"href":"https:\/\/www.arte.tv\/sites\/olivierpere\/wp-json\/wp\/v2\/posts\/18364\/revisions\/25216"}],"wp:attachment":[{"href":"https:\/\/www.arte.tv\/sites\/olivierpere\/wp-json\/wp\/v2\/media?parent=18364"}],"wp:term":[{"taxonomy":"category","embeddable":true,"href":"https:\/\/www.arte.tv\/sites\/olivierpere\/wp-json\/wp\/v2\/categories?post=18364"},{"taxonomy":"post_tag","embeddable":true,"href":"https:\/\/www.arte.tv\/sites\/olivierpere\/wp-json\/wp\/v2\/tags?post=18364"}],"curies":[{"name":"wp","href":"https:\/\/api.w.org\/{rel}","templated":true}]}}