{"id":17834,"date":"2016-02-08T01:10:02","date_gmt":"2016-02-08T00:10:02","guid":{"rendered":"https:\/\/www.arte.tv\/sites\/olivierpere\/?p=17834"},"modified":"2020-03-28T11:04:59","modified_gmt":"2020-03-28T10:04:59","slug":"maigret-tend-un-piege-de-jean-delannoy","status":"publish","type":"post","link":"https:\/\/www.arte.tv\/sites\/olivierpere\/2016\/02\/08\/maigret-tend-un-piege-de-jean-delannoy\/","title":{"rendered":"Maigret tend un pi\u00e8ge de Jean Delannoy"},"content":{"rendered":"<p>La programmation cin\u00e9ma de l\u2019apr\u00e8s-midi sur ARTE permet de revoir des classiques du cin\u00e9ma populaire fran\u00e7ais. C\u2019est le cas vendredi 26 f\u00e9vrier \u00e0 13h35 avec la diffusion de <em>Maigret tend un pi\u00e8ge<\/em> (1957) de Jean Delannoy. Dans la carri\u00e8re tristounette de Delannoy repr\u00e9sentant officiel d\u2019un certain cin\u00e9ma tricolore \u00ab\u00a0de qualit\u00e9\u00a0\u00bb adepte des adaptations litt\u00e9raires ou des sujets historique Maigret tend un pi\u00e8ge fait figure de r\u00e9ussite exceptionnelle. Cette enqu\u00eate du commissaire Maigret d\u2019apr\u00e8s le roman \u00e9ponyme de Simenon se hisse dans le haut du panier des nombreux films policiers produits en France dans les ann\u00e9es 50 et 60. C\u2019est la premi\u00e8re fois que Jean Gabin incarne le fameux commissaire \u2013 il reprendra la d\u00e9froque de Maigret dans<em> Maigret<\/em> <em>et l\u2019affaire Saint-Fiacre<\/em> toujours sous la direction de Delannoy en 1959 et dans l\u2019inf\u00e9rieur <em>Maigret voit rouge<\/em> de Gilles Grangier en 1963. <em>Maigret tend un pi\u00e8ge<\/em> poss\u00e8de la particularit\u00e9 en cette fin des ann\u00e9es 50 de retranscrire la traque d\u2019un tueur en s\u00e9rie op\u00e9rant en plein c\u0153ur du vieux quartier du Marais \u00e0 Paris, plut\u00f4t que de s\u2019appesantir sur le folklore des gangsters de Pigalle. Il en r\u00e9sulte une enqu\u00eate qui m\u00eale la m\u00e9ticulosit\u00e9 de la police scientifique aux intuitions de Maigret, fin psychologue et repr\u00e9sentant de m\u00e9thodes archa\u00efques mains n\u00e9anmoins probantes dans la d\u00e9couverte de la v\u00e9rit\u00e9. Certes Delannoy n\u2019atteint pas la s\u00e9cheresse visionnaire d\u2019un Fritz Lang (<em>La Cinqui\u00e8me Victime<\/em>, r\u00e9alis\u00e9 un an plus t\u00f4t) mais il d\u00e9montre une r\u00e9elle inspiration dans le traitement des sc\u00e8nes de suspens et d\u2019angoisse, qui d\u00e9notent au milieu d\u2019un certain pittoresque parisien. Le premier meurtre, aux alentours de la Places des Vosges, privil\u00e9gie les plans en cam\u00e9ra subjective o\u00f9 le cin\u00e9aste adopte le point de vue du tueur, avec ses gants de cuir noir en amorce. De tels proc\u00e9d\u00e9s deviendront des figures r\u00e9currentes du \u00ab\u00a0giallo\u00a0\u00bb, ces thrillers horrifiques transalpins centr\u00e9s sur les d\u00e9lits de sadiques \u00e0 l\u2019identit\u00e9 myst\u00e9rieuse. Delannoy pr\u00e9curseur de Dario Argento, qui l\u2019eut cru\u00a0? Sans doute leurs r\u00e9f\u00e9rences communes sont-elle Fritz Lang et Alfred Hitchcock, ma\u00eetres du crime et de la psychose au cin\u00e9ma. Toujours est-il que <em>Maigret tend un pi\u00e8ge<\/em> surprend par sa sobri\u00e9t\u00e9 et ses d\u00e9tails \u00e9tranges \u2013 un boucher vaguement suspect dissimule son visage derri\u00e8re une t\u00eate de cochon sur une photo. M\u00eame Michel Audiard responsable des dialogues n\u2019en rajoute pas dans la truculence parigote. La seconde partie du film se concentre sur le portrait d\u2019un psychopathe impuissant couv\u00e9 par une m\u00e8re monstrueuse et prot\u00e9g\u00e9e par une \u00e9pouse \u00e0 la sexualit\u00e9 r\u00e9prim\u00e9e, pr\u00e9texte \u00e0 une peinture peu reluisante de la \u00ab\u00a0bonne\u00a0\u00bb soci\u00e9t\u00e9. Interpr\u00e9tations inoubliables de Jean Dessailly en homme enfant, Annie Girardot en bourgeoise frustr\u00e9e et Lucienne Bogaert en veuve haineuse. Tous les seconds r\u00f4les sont remarquables et composent un tableau saisissant du Paris de l\u2019\u00e9poque. Jean Gabin se montre tr\u00e8s \u00e0 son aise en h\u00e9ros de Simenon, un auteur qu\u2019il fr\u00e9quentera r\u00e9guli\u00e8rement \u00e0 l\u2019\u00e9cran. Moins c\u00e9l\u00e9br\u00e9 que <em>Touchez pas au grisbi<\/em> ou <em>La V\u00e9rit\u00e9 sur B\u00e9b\u00e9 Donge<\/em>, <em>Maigret tend un pi\u00e8ge<\/em> est pourtant un mod\u00e8le du genre policier, un film qu\u2019on ne se lasse pas de voir et de revoir, pour son ambiance, ses \u00e9tudes de caract\u00e8res et sa redoutable efficacit\u00e9.<\/p>\n<p>&nbsp;<\/p>\n","protected":false},"excerpt":{"rendered":"<p>La programmation cin\u00e9ma de l\u2019apr\u00e8s-midi sur ARTE permet de revoir des classiques du cin\u00e9ma populaire fran\u00e7ais. C\u2019est le cas vendredi\u2026<\/p>\n","protected":false},"author":116,"featured_media":0,"comment_status":"open","ping_status":"open","sticky":false,"template":"","format":"standard","meta":[],"categories":[8],"tags":[],"yoast_head":"<!-- This site is optimized with the Yoast SEO plugin v20.8 - https:\/\/yoast.com\/wordpress\/plugins\/seo\/ -->\n<title>Maigret tend un pi\u00e8ge de Jean Delannoy - Olivier P\u00e8re<\/title>\n<meta name=\"robots\" content=\"index, follow, max-snippet:-1, max-image-preview:large, max-video-preview:-1\" \/>\n<link rel=\"canonical\" href=\"https:\/\/www.arte.tv\/sites\/olivierpere\/2016\/02\/08\/maigret-tend-un-piege-de-jean-delannoy\/\" \/>\n<meta property=\"og:locale\" content=\"fr_FR\" \/>\n<meta property=\"og:type\" content=\"article\" \/>\n<meta property=\"og:title\" content=\"Maigret tend un pi\u00e8ge de Jean Delannoy - Olivier P\u00e8re\" \/>\n<meta property=\"og:description\" content=\"La programmation cin\u00e9ma de l\u2019apr\u00e8s-midi sur ARTE permet de revoir des classiques du cin\u00e9ma populaire fran\u00e7ais. C\u2019est le cas vendredi\u2026\" \/>\n<meta property=\"og:url\" content=\"https:\/\/www.arte.tv\/sites\/olivierpere\/2016\/02\/08\/maigret-tend-un-piege-de-jean-delannoy\/\" \/>\n<meta property=\"og:site_name\" content=\"Olivier P\u00e8re\" \/>\n<meta property=\"article:published_time\" content=\"2016-02-08T00:10:02+00:00\" \/>\n<meta property=\"article:modified_time\" content=\"2020-03-28T10:04:59+00:00\" \/>\n<meta name=\"author\" content=\"Olivier P\u00e8re\" \/>\n<meta name=\"twitter:label1\" content=\"\u00c9crit par\" \/>\n\t<meta name=\"twitter:data1\" content=\"Olivier P\u00e8re\" \/>\n\t<meta name=\"twitter:label2\" content=\"Dur\u00e9e de lecture estim\u00e9e\" \/>\n\t<meta name=\"twitter:data2\" content=\"3 minutes\" \/>\n<script type=\"application\/ld+json\" class=\"yoast-schema-graph\">{\"@context\":\"https:\/\/schema.org\",\"@graph\":[{\"@type\":\"WebPage\",\"@id\":\"https:\/\/www.arte.tv\/sites\/olivierpere\/2016\/02\/08\/maigret-tend-un-piege-de-jean-delannoy\/\",\"url\":\"https:\/\/www.arte.tv\/sites\/olivierpere\/2016\/02\/08\/maigret-tend-un-piege-de-jean-delannoy\/\",\"name\":\"Maigret tend un pi\u00e8ge de Jean Delannoy - Olivier P\u00e8re\",\"isPartOf\":{\"@id\":\"https:\/\/www.arte.tv\/sites\/olivierpere\/#website\"},\"datePublished\":\"2016-02-08T00:10:02+00:00\",\"dateModified\":\"2020-03-28T10:04:59+00:00\",\"author\":{\"@id\":\"https:\/\/www.arte.tv\/sites\/olivierpere\/#\/schema\/person\/dc32cd6c79be95e52d43b97a74182558\"},\"breadcrumb\":{\"@id\":\"https:\/\/www.arte.tv\/sites\/olivierpere\/2016\/02\/08\/maigret-tend-un-piege-de-jean-delannoy\/#breadcrumb\"},\"inLanguage\":\"fr-FR\",\"potentialAction\":[{\"@type\":\"ReadAction\",\"target\":[\"https:\/\/www.arte.tv\/sites\/olivierpere\/2016\/02\/08\/maigret-tend-un-piege-de-jean-delannoy\/\"]}]},{\"@type\":\"BreadcrumbList\",\"@id\":\"https:\/\/www.arte.tv\/sites\/olivierpere\/2016\/02\/08\/maigret-tend-un-piege-de-jean-delannoy\/#breadcrumb\",\"itemListElement\":[{\"@type\":\"ListItem\",\"position\":1,\"name\":\"Home\",\"item\":\"https:\/\/www.arte.tv\/sites\/olivierpere\/\"},{\"@type\":\"ListItem\",\"position\":2,\"name\":\"Maigret tend un pi\u00e8ge de Jean Delannoy\"}]},{\"@type\":\"WebSite\",\"@id\":\"https:\/\/www.arte.tv\/sites\/olivierpere\/#website\",\"url\":\"https:\/\/www.arte.tv\/sites\/olivierpere\/\",\"name\":\"Olivier P\u00e8re\",\"description\":\"\",\"potentialAction\":[{\"@type\":\"SearchAction\",\"target\":{\"@type\":\"EntryPoint\",\"urlTemplate\":\"https:\/\/www.arte.tv\/sites\/olivierpere\/?s={search_term_string}\"},\"query-input\":\"required name=search_term_string\"}],\"inLanguage\":\"fr-FR\"},{\"@type\":\"Person\",\"@id\":\"https:\/\/www.arte.tv\/sites\/olivierpere\/#\/schema\/person\/dc32cd6c79be95e52d43b97a74182558\",\"name\":\"Olivier P\u00e8re\",\"image\":{\"@type\":\"ImageObject\",\"inLanguage\":\"fr-FR\",\"@id\":\"https:\/\/www.arte.tv\/sites\/olivierpere\/#\/schema\/person\/image\/\",\"url\":\"https:\/\/secure.gravatar.com\/avatar\/bdea7b6a2c195e2c41772429a9694758?s=96&d=mm&r=g\",\"contentUrl\":\"https:\/\/secure.gravatar.com\/avatar\/bdea7b6a2c195e2c41772429a9694758?s=96&d=mm&r=g\",\"caption\":\"Olivier P\u00e8re\"},\"url\":\"https:\/\/www.arte.tv\/sites\/olivierpere\/author\/pereolivier\/\"}]}<\/script>\n<!-- \/ Yoast SEO plugin. -->","yoast_head_json":{"title":"Maigret tend un pi\u00e8ge de Jean Delannoy - Olivier P\u00e8re","robots":{"index":"index","follow":"follow","max-snippet":"max-snippet:-1","max-image-preview":"max-image-preview:large","max-video-preview":"max-video-preview:-1"},"canonical":"https:\/\/www.arte.tv\/sites\/olivierpere\/2016\/02\/08\/maigret-tend-un-piege-de-jean-delannoy\/","og_locale":"fr_FR","og_type":"article","og_title":"Maigret tend un pi\u00e8ge de Jean Delannoy - Olivier P\u00e8re","og_description":"La programmation cin\u00e9ma de l\u2019apr\u00e8s-midi sur ARTE permet de revoir des classiques du cin\u00e9ma populaire fran\u00e7ais. C\u2019est le cas vendredi\u2026","og_url":"https:\/\/www.arte.tv\/sites\/olivierpere\/2016\/02\/08\/maigret-tend-un-piege-de-jean-delannoy\/","og_site_name":"Olivier P\u00e8re","article_published_time":"2016-02-08T00:10:02+00:00","article_modified_time":"2020-03-28T10:04:59+00:00","author":"Olivier P\u00e8re","twitter_misc":{"\u00c9crit par":"Olivier P\u00e8re","Dur\u00e9e de lecture estim\u00e9e":"3 minutes"},"schema":{"@context":"https:\/\/schema.org","@graph":[{"@type":"WebPage","@id":"https:\/\/www.arte.tv\/sites\/olivierpere\/2016\/02\/08\/maigret-tend-un-piege-de-jean-delannoy\/","url":"https:\/\/www.arte.tv\/sites\/olivierpere\/2016\/02\/08\/maigret-tend-un-piege-de-jean-delannoy\/","name":"Maigret tend un pi\u00e8ge de Jean Delannoy - Olivier P\u00e8re","isPartOf":{"@id":"https:\/\/www.arte.tv\/sites\/olivierpere\/#website"},"datePublished":"2016-02-08T00:10:02+00:00","dateModified":"2020-03-28T10:04:59+00:00","author":{"@id":"https:\/\/www.arte.tv\/sites\/olivierpere\/#\/schema\/person\/dc32cd6c79be95e52d43b97a74182558"},"breadcrumb":{"@id":"https:\/\/www.arte.tv\/sites\/olivierpere\/2016\/02\/08\/maigret-tend-un-piege-de-jean-delannoy\/#breadcrumb"},"inLanguage":"fr-FR","potentialAction":[{"@type":"ReadAction","target":["https:\/\/www.arte.tv\/sites\/olivierpere\/2016\/02\/08\/maigret-tend-un-piege-de-jean-delannoy\/"]}]},{"@type":"BreadcrumbList","@id":"https:\/\/www.arte.tv\/sites\/olivierpere\/2016\/02\/08\/maigret-tend-un-piege-de-jean-delannoy\/#breadcrumb","itemListElement":[{"@type":"ListItem","position":1,"name":"Home","item":"https:\/\/www.arte.tv\/sites\/olivierpere\/"},{"@type":"ListItem","position":2,"name":"Maigret tend un pi\u00e8ge de Jean Delannoy"}]},{"@type":"WebSite","@id":"https:\/\/www.arte.tv\/sites\/olivierpere\/#website","url":"https:\/\/www.arte.tv\/sites\/olivierpere\/","name":"Olivier P\u00e8re","description":"","potentialAction":[{"@type":"SearchAction","target":{"@type":"EntryPoint","urlTemplate":"https:\/\/www.arte.tv\/sites\/olivierpere\/?s={search_term_string}"},"query-input":"required name=search_term_string"}],"inLanguage":"fr-FR"},{"@type":"Person","@id":"https:\/\/www.arte.tv\/sites\/olivierpere\/#\/schema\/person\/dc32cd6c79be95e52d43b97a74182558","name":"Olivier P\u00e8re","image":{"@type":"ImageObject","inLanguage":"fr-FR","@id":"https:\/\/www.arte.tv\/sites\/olivierpere\/#\/schema\/person\/image\/","url":"https:\/\/secure.gravatar.com\/avatar\/bdea7b6a2c195e2c41772429a9694758?s=96&d=mm&r=g","contentUrl":"https:\/\/secure.gravatar.com\/avatar\/bdea7b6a2c195e2c41772429a9694758?s=96&d=mm&r=g","caption":"Olivier P\u00e8re"},"url":"https:\/\/www.arte.tv\/sites\/olivierpere\/author\/pereolivier\/"}]}},"_links":{"self":[{"href":"https:\/\/www.arte.tv\/sites\/olivierpere\/wp-json\/wp\/v2\/posts\/17834"}],"collection":[{"href":"https:\/\/www.arte.tv\/sites\/olivierpere\/wp-json\/wp\/v2\/posts"}],"about":[{"href":"https:\/\/www.arte.tv\/sites\/olivierpere\/wp-json\/wp\/v2\/types\/post"}],"author":[{"embeddable":true,"href":"https:\/\/www.arte.tv\/sites\/olivierpere\/wp-json\/wp\/v2\/users\/116"}],"replies":[{"embeddable":true,"href":"https:\/\/www.arte.tv\/sites\/olivierpere\/wp-json\/wp\/v2\/comments?post=17834"}],"version-history":[{"count":2,"href":"https:\/\/www.arte.tv\/sites\/olivierpere\/wp-json\/wp\/v2\/posts\/17834\/revisions"}],"predecessor-version":[{"id":24533,"href":"https:\/\/www.arte.tv\/sites\/olivierpere\/wp-json\/wp\/v2\/posts\/17834\/revisions\/24533"}],"wp:attachment":[{"href":"https:\/\/www.arte.tv\/sites\/olivierpere\/wp-json\/wp\/v2\/media?parent=17834"}],"wp:term":[{"taxonomy":"category","embeddable":true,"href":"https:\/\/www.arte.tv\/sites\/olivierpere\/wp-json\/wp\/v2\/categories?post=17834"},{"taxonomy":"post_tag","embeddable":true,"href":"https:\/\/www.arte.tv\/sites\/olivierpere\/wp-json\/wp\/v2\/tags?post=17834"}],"curies":[{"name":"wp","href":"https:\/\/api.w.org\/{rel}","templated":true}]}}