{"id":17494,"date":"2015-12-09T21:42:53","date_gmt":"2015-12-09T20:42:53","guid":{"rendered":"https:\/\/www.arte.tv\/sites\/olivierpere\/?p=17494"},"modified":"2020-04-10T18:35:24","modified_gmt":"2020-04-10T17:35:24","slug":"pattes-blanches-de-jean-gremillon","status":"publish","type":"post","link":"https:\/\/www.arte.tv\/sites\/olivierpere\/2015\/12\/09\/pattes-blanches-de-jean-gremillon\/","title":{"rendered":"Pattes blanches de Jean Gr\u00e9millon"},"content":{"rendered":"<p>Gaumont permet de revoir &#8211; ou de d\u00e9couvrir &#8211; en DVD ou en blu-ray gr\u00e2ce \u00e0 la restauration num\u00e9rique progressive de son catalogue le tr\u00e8s beau <em>Pattes Blanches<\/em> (1949) de Jean Gr\u00e9millon. Tr\u00e8s beau et pourtant relativement peu comment\u00e9 en comparaison d\u2019autres classiques du cin\u00e9aste comme<em> Gueule d\u2019amour<\/em>, <em>Remorques<\/em> ou <em>Le ciel est \u00e0 vous<\/em>. Il faut dire que <em>Pattes blanches<\/em> fut un grave \u00e9chec commercial et critique au moment de sa sortie et amorce la fin de carri\u00e8re de Gr\u00e9millon qui ne tournera plus que deux longs m\u00e9trages <em>L\u2019Etrange Madame X<\/em> et <em>L\u2019Amour d\u2019une femme<\/em> mal re\u00e7us eux aussi, et plusieurs courts avant de dispara\u00eetre pr\u00e9matur\u00e9ment en 1959. <em>Pattes blanches<\/em> survient comme un providentiel film de commande pour Gr\u00e9millon qui venait de traverser une p\u00e9riode difficile de quatre ans apr\u00e8s-guerre avec l\u2019abandon successifs, faute de financements, de quatre projets personnels et ambitieux, ouvertement historiques et \u00e0 port\u00e9e r\u00e9volutionnaire notamment sur la Commune et la Guerre d\u2019Espagne. <em>Pattes blanches<\/em> devait \u00eatre \u00e0 l\u2019origine le premier film mis en sc\u00e8ne par le dramaturge Jean Anouilh, qui en a co\u00e9crit le sc\u00e9nario et les dialogues avec Jean-Bernard Luc. Anouilh devra finalement c\u00e9der la place \u00e0 un metteur en sc\u00e8ne plus exp\u00e9riment\u00e9 \u00e0 la demande des producteurs mais il saluera le travail de Gr\u00e9millon, qui transpose l\u2019action de <em>Pattes blanches<\/em> en Bretagne, r\u00e9gion aim\u00e9e et d\u00e9j\u00e0 film\u00e9e \u00e0 plusieurs reprises par le cin\u00e9aste de <em>Gardiens de phare<\/em>.<\/p>\n<p>Dans un village breton du bord de mer Jock le Guen (Fernand Ledoux) un riche commer\u00e7ant revient de la ville avec sa ma\u00eetresse Odette (Suzy Delair) qu\u2019il installe chez lui et compte bien \u00e9pouser. La jeune femme a du mal \u00e0 brider ses \u00e9lans sensuels et s&rsquo;offre au ch\u00e2telain du village, Julien de Keriadec (Paul Bernard) surnomm\u00e9 <em>Pattes blanches<\/em> \u00e0 cause de ses gu\u00eatres et qui vit reclus dans le domaine familial \u00e0 l\u2019abandon, puis \u00e0 l\u2019asocial Maurice (Michel Bouquet), b\u00e2tard illumin\u00e9 qui rumine son ressentiment envers les habitants du village, en particulier Jock et Julien qui n\u2019est autre que son demi-fr\u00e8re. Malgr\u00e9 sa noirceur et sa galerie de personnages pittoresques <em>Pattes blanches<\/em> \u00e9chappe aux conventions d\u2019un certain cin\u00e9ma fran\u00e7ais caract\u00e9ris\u00e9 par son pessimisme et sa misanthropie. Loin d\u2019\u00eatre un repr\u00e9sentant d\u2019un r\u00e9alisme po\u00e9tique tardif Gr\u00e9millon s\u2019inscrit dans un v\u00e9ritable cin\u00e9ma de la cruaut\u00e9, port\u00e9 par une inspiration lyrique, tellurique et m\u00eame baroque. Le style de Gr\u00e9millon, puissant et pr\u00e9cis, atteint son paroxysme dans des s\u00e9quences d\u00e9cha\u00een\u00e9es o\u00f9 des motifs visuels tr\u00e8s forts participent \u00e0 une dramaturgie violente. Utilisation magistrale des paysages naturels et des d\u00e9cors comme le ch\u00e2teau des Keriadec. Les protagonistes de ce drame o\u00f9 la passion, la frustration et la vengeance se m\u00ealent \u00e0 la haine de classes sont tous fous, frapp\u00e9s de pathologies ou esclaves de leurs sens, interpr\u00e9t\u00e9s avec beaucoup de fi\u00e8vre et d\u2019intensit\u00e9 par des acteurs remarquablement dirig\u00e9s : l\u2019\u00e9trange Paul Bernard, un jeune Michel Bouquet maigre comme un clou, Arlette Thomas en domestique bossue, amoureuse tragique, Fernand Ledoux (photo en t\u00eate de texte) excellent comme d\u2019habitude et Suzy Delair dans l\u2019un de ses meilleurs r\u00f4les. <em>Pattes blanches<\/em> est l\u2019un des chefs-d\u2019\u0153uvre maudits de Gr\u00e9millon, g\u00e9nial cin\u00e9aste qui n\u2019occupe pas encore tout \u00e0 fait la place qu\u2019il m\u00e9rite dans l\u2019histoire du cin\u00e9ma fran\u00e7ais.<\/p>\n<p>&nbsp;<\/p>\n<p>&nbsp;<\/p>\n<p>&nbsp;<\/p>\n","protected":false},"excerpt":{"rendered":"<p>Gaumont permet de revoir &#8211; ou de d\u00e9couvrir &#8211; en DVD ou en blu-ray gr\u00e2ce \u00e0 la restauration num\u00e9rique progressive\u2026<\/p>\n","protected":false},"author":116,"featured_media":0,"comment_status":"open","ping_status":"open","sticky":false,"template":"","format":"standard","meta":[],"categories":[9],"tags":[],"yoast_head":"<!-- This site is optimized with the Yoast SEO plugin v20.8 - https:\/\/yoast.com\/wordpress\/plugins\/seo\/ -->\n<title>Pattes blanches de Jean Gr\u00e9millon - Olivier P\u00e8re<\/title>\n<meta name=\"robots\" content=\"index, follow, max-snippet:-1, max-image-preview:large, max-video-preview:-1\" \/>\n<link rel=\"canonical\" href=\"https:\/\/www.arte.tv\/sites\/olivierpere\/2015\/12\/09\/pattes-blanches-de-jean-gremillon\/\" \/>\n<meta property=\"og:locale\" content=\"fr_FR\" \/>\n<meta property=\"og:type\" content=\"article\" \/>\n<meta property=\"og:title\" content=\"Pattes blanches de Jean Gr\u00e9millon - Olivier P\u00e8re\" \/>\n<meta property=\"og:description\" content=\"Gaumont permet de revoir &#8211; ou de d\u00e9couvrir &#8211; en DVD ou en blu-ray gr\u00e2ce \u00e0 la restauration num\u00e9rique progressive\u2026\" \/>\n<meta property=\"og:url\" content=\"https:\/\/www.arte.tv\/sites\/olivierpere\/2015\/12\/09\/pattes-blanches-de-jean-gremillon\/\" \/>\n<meta property=\"og:site_name\" content=\"Olivier P\u00e8re\" \/>\n<meta property=\"article:published_time\" content=\"2015-12-09T20:42:53+00:00\" \/>\n<meta property=\"article:modified_time\" content=\"2020-04-10T17:35:24+00:00\" \/>\n<meta name=\"author\" content=\"Olivier P\u00e8re\" \/>\n<meta name=\"twitter:label1\" content=\"\u00c9crit par\" \/>\n\t<meta name=\"twitter:data1\" content=\"Olivier P\u00e8re\" \/>\n\t<meta name=\"twitter:label2\" content=\"Dur\u00e9e de lecture estim\u00e9e\" \/>\n\t<meta name=\"twitter:data2\" content=\"3 minutes\" \/>\n<script type=\"application\/ld+json\" class=\"yoast-schema-graph\">{\"@context\":\"https:\/\/schema.org\",\"@graph\":[{\"@type\":\"WebPage\",\"@id\":\"https:\/\/www.arte.tv\/sites\/olivierpere\/2015\/12\/09\/pattes-blanches-de-jean-gremillon\/\",\"url\":\"https:\/\/www.arte.tv\/sites\/olivierpere\/2015\/12\/09\/pattes-blanches-de-jean-gremillon\/\",\"name\":\"Pattes blanches de Jean Gr\u00e9millon - Olivier P\u00e8re\",\"isPartOf\":{\"@id\":\"https:\/\/www.arte.tv\/sites\/olivierpere\/#website\"},\"datePublished\":\"2015-12-09T20:42:53+00:00\",\"dateModified\":\"2020-04-10T17:35:24+00:00\",\"author\":{\"@id\":\"https:\/\/www.arte.tv\/sites\/olivierpere\/#\/schema\/person\/dc32cd6c79be95e52d43b97a74182558\"},\"breadcrumb\":{\"@id\":\"https:\/\/www.arte.tv\/sites\/olivierpere\/2015\/12\/09\/pattes-blanches-de-jean-gremillon\/#breadcrumb\"},\"inLanguage\":\"fr-FR\",\"potentialAction\":[{\"@type\":\"ReadAction\",\"target\":[\"https:\/\/www.arte.tv\/sites\/olivierpere\/2015\/12\/09\/pattes-blanches-de-jean-gremillon\/\"]}]},{\"@type\":\"BreadcrumbList\",\"@id\":\"https:\/\/www.arte.tv\/sites\/olivierpere\/2015\/12\/09\/pattes-blanches-de-jean-gremillon\/#breadcrumb\",\"itemListElement\":[{\"@type\":\"ListItem\",\"position\":1,\"name\":\"Home\",\"item\":\"https:\/\/www.arte.tv\/sites\/olivierpere\/\"},{\"@type\":\"ListItem\",\"position\":2,\"name\":\"Pattes blanches de Jean Gr\u00e9millon\"}]},{\"@type\":\"WebSite\",\"@id\":\"https:\/\/www.arte.tv\/sites\/olivierpere\/#website\",\"url\":\"https:\/\/www.arte.tv\/sites\/olivierpere\/\",\"name\":\"Olivier P\u00e8re\",\"description\":\"\",\"potentialAction\":[{\"@type\":\"SearchAction\",\"target\":{\"@type\":\"EntryPoint\",\"urlTemplate\":\"https:\/\/www.arte.tv\/sites\/olivierpere\/?s={search_term_string}\"},\"query-input\":\"required name=search_term_string\"}],\"inLanguage\":\"fr-FR\"},{\"@type\":\"Person\",\"@id\":\"https:\/\/www.arte.tv\/sites\/olivierpere\/#\/schema\/person\/dc32cd6c79be95e52d43b97a74182558\",\"name\":\"Olivier P\u00e8re\",\"image\":{\"@type\":\"ImageObject\",\"inLanguage\":\"fr-FR\",\"@id\":\"https:\/\/www.arte.tv\/sites\/olivierpere\/#\/schema\/person\/image\/\",\"url\":\"https:\/\/secure.gravatar.com\/avatar\/bdea7b6a2c195e2c41772429a9694758?s=96&d=mm&r=g\",\"contentUrl\":\"https:\/\/secure.gravatar.com\/avatar\/bdea7b6a2c195e2c41772429a9694758?s=96&d=mm&r=g\",\"caption\":\"Olivier P\u00e8re\"},\"url\":\"https:\/\/www.arte.tv\/sites\/olivierpere\/author\/pereolivier\/\"}]}<\/script>\n<!-- \/ Yoast SEO plugin. -->","yoast_head_json":{"title":"Pattes blanches de Jean Gr\u00e9millon - Olivier P\u00e8re","robots":{"index":"index","follow":"follow","max-snippet":"max-snippet:-1","max-image-preview":"max-image-preview:large","max-video-preview":"max-video-preview:-1"},"canonical":"https:\/\/www.arte.tv\/sites\/olivierpere\/2015\/12\/09\/pattes-blanches-de-jean-gremillon\/","og_locale":"fr_FR","og_type":"article","og_title":"Pattes blanches de Jean Gr\u00e9millon - Olivier P\u00e8re","og_description":"Gaumont permet de revoir &#8211; ou de d\u00e9couvrir &#8211; en DVD ou en blu-ray gr\u00e2ce \u00e0 la restauration num\u00e9rique progressive\u2026","og_url":"https:\/\/www.arte.tv\/sites\/olivierpere\/2015\/12\/09\/pattes-blanches-de-jean-gremillon\/","og_site_name":"Olivier P\u00e8re","article_published_time":"2015-12-09T20:42:53+00:00","article_modified_time":"2020-04-10T17:35:24+00:00","author":"Olivier P\u00e8re","twitter_misc":{"\u00c9crit par":"Olivier P\u00e8re","Dur\u00e9e de lecture estim\u00e9e":"3 minutes"},"schema":{"@context":"https:\/\/schema.org","@graph":[{"@type":"WebPage","@id":"https:\/\/www.arte.tv\/sites\/olivierpere\/2015\/12\/09\/pattes-blanches-de-jean-gremillon\/","url":"https:\/\/www.arte.tv\/sites\/olivierpere\/2015\/12\/09\/pattes-blanches-de-jean-gremillon\/","name":"Pattes blanches de Jean Gr\u00e9millon - Olivier P\u00e8re","isPartOf":{"@id":"https:\/\/www.arte.tv\/sites\/olivierpere\/#website"},"datePublished":"2015-12-09T20:42:53+00:00","dateModified":"2020-04-10T17:35:24+00:00","author":{"@id":"https:\/\/www.arte.tv\/sites\/olivierpere\/#\/schema\/person\/dc32cd6c79be95e52d43b97a74182558"},"breadcrumb":{"@id":"https:\/\/www.arte.tv\/sites\/olivierpere\/2015\/12\/09\/pattes-blanches-de-jean-gremillon\/#breadcrumb"},"inLanguage":"fr-FR","potentialAction":[{"@type":"ReadAction","target":["https:\/\/www.arte.tv\/sites\/olivierpere\/2015\/12\/09\/pattes-blanches-de-jean-gremillon\/"]}]},{"@type":"BreadcrumbList","@id":"https:\/\/www.arte.tv\/sites\/olivierpere\/2015\/12\/09\/pattes-blanches-de-jean-gremillon\/#breadcrumb","itemListElement":[{"@type":"ListItem","position":1,"name":"Home","item":"https:\/\/www.arte.tv\/sites\/olivierpere\/"},{"@type":"ListItem","position":2,"name":"Pattes blanches de Jean Gr\u00e9millon"}]},{"@type":"WebSite","@id":"https:\/\/www.arte.tv\/sites\/olivierpere\/#website","url":"https:\/\/www.arte.tv\/sites\/olivierpere\/","name":"Olivier P\u00e8re","description":"","potentialAction":[{"@type":"SearchAction","target":{"@type":"EntryPoint","urlTemplate":"https:\/\/www.arte.tv\/sites\/olivierpere\/?s={search_term_string}"},"query-input":"required name=search_term_string"}],"inLanguage":"fr-FR"},{"@type":"Person","@id":"https:\/\/www.arte.tv\/sites\/olivierpere\/#\/schema\/person\/dc32cd6c79be95e52d43b97a74182558","name":"Olivier P\u00e8re","image":{"@type":"ImageObject","inLanguage":"fr-FR","@id":"https:\/\/www.arte.tv\/sites\/olivierpere\/#\/schema\/person\/image\/","url":"https:\/\/secure.gravatar.com\/avatar\/bdea7b6a2c195e2c41772429a9694758?s=96&d=mm&r=g","contentUrl":"https:\/\/secure.gravatar.com\/avatar\/bdea7b6a2c195e2c41772429a9694758?s=96&d=mm&r=g","caption":"Olivier P\u00e8re"},"url":"https:\/\/www.arte.tv\/sites\/olivierpere\/author\/pereolivier\/"}]}},"_links":{"self":[{"href":"https:\/\/www.arte.tv\/sites\/olivierpere\/wp-json\/wp\/v2\/posts\/17494"}],"collection":[{"href":"https:\/\/www.arte.tv\/sites\/olivierpere\/wp-json\/wp\/v2\/posts"}],"about":[{"href":"https:\/\/www.arte.tv\/sites\/olivierpere\/wp-json\/wp\/v2\/types\/post"}],"author":[{"embeddable":true,"href":"https:\/\/www.arte.tv\/sites\/olivierpere\/wp-json\/wp\/v2\/users\/116"}],"replies":[{"embeddable":true,"href":"https:\/\/www.arte.tv\/sites\/olivierpere\/wp-json\/wp\/v2\/comments?post=17494"}],"version-history":[{"count":3,"href":"https:\/\/www.arte.tv\/sites\/olivierpere\/wp-json\/wp\/v2\/posts\/17494\/revisions"}],"predecessor-version":[{"id":25220,"href":"https:\/\/www.arte.tv\/sites\/olivierpere\/wp-json\/wp\/v2\/posts\/17494\/revisions\/25220"}],"wp:attachment":[{"href":"https:\/\/www.arte.tv\/sites\/olivierpere\/wp-json\/wp\/v2\/media?parent=17494"}],"wp:term":[{"taxonomy":"category","embeddable":true,"href":"https:\/\/www.arte.tv\/sites\/olivierpere\/wp-json\/wp\/v2\/categories?post=17494"},{"taxonomy":"post_tag","embeddable":true,"href":"https:\/\/www.arte.tv\/sites\/olivierpere\/wp-json\/wp\/v2\/tags?post=17494"}],"curies":[{"name":"wp","href":"https:\/\/api.w.org\/{rel}","templated":true}]}}