{"id":17325,"date":"2015-12-02T02:33:25","date_gmt":"2015-12-02T01:33:25","guid":{"rendered":"https:\/\/www.arte.tv\/sites\/olivierpere\/?p=17325"},"modified":"2020-04-16T12:51:07","modified_gmt":"2020-04-16T11:51:07","slug":"au-dela-des-montagnes-de-jia-zhangke","status":"publish","type":"post","link":"https:\/\/www.arte.tv\/sites\/olivierpere\/2015\/12\/02\/au-dela-des-montagnes-de-jia-zhangke\/","title":{"rendered":"Au-del\u00e0 des montagnes de Jia Zhangke"},"content":{"rendered":"<p>&nbsp;<\/p>\n<p style=\"text-align: right\">\u00ab\u00a0Ce sera la premi\u00e8re fois que je mettrai en pr\u00e9sence dans un m\u00eame film pass\u00e9, pr\u00e9sent et futur. Les r\u00e9alit\u00e9s sociales ne seront pr\u00e9sentes qu\u2019en arri\u00e8re-plan, \u00e0 peine perceptibles, tandis que je mettrai en \u00e9vidence, au premier plan, ces instants difficiles mais incontournables que tout individu est amen\u00e9 \u00e0 vivre, quelle que soit l\u2019\u00e9poque dans laquelle il vit.\u00a0\u00bb (Jia Zhangke, dans sa note d\u2019intention de <em>Au-del\u00e0 des montagnes<\/em>)<\/p>\n<p><iframe loading=\"lazy\" src=\"https:\/\/www.youtube.com\/embed\/uiQWUzfbfTU\" width=\"560\" height=\"315\" frameborder=\"0\"><\/iframe><\/p>\n<p><em>Au-del\u00e0 des montagnes (Shan He Gu Ren)<\/em><em>,<\/em> d\u00e9couvert \u00e0 Cannes en comp\u00e9tition, est le nouvel opus magistral de l\u2019auteur de <em>Platform<\/em>, <em>Still Life<\/em> et <em>A Touch of Sin<\/em> : une bouleversante histoire d\u2019amour travers\u00e9e par les mutations \u00e9conomiques de la Chine, et aux r\u00e9sonances universelles. Le film sort mercredi 23 d\u00e9cembre dans les salles fran\u00e7aises, distribu\u00e9 par Ad Vitam.<\/p>\n<p>On conna\u00eet l\u2019importance de <em>Platform<\/em>, deuxi\u00e8me long m\u00e9trage de Jia, dans sa filmographie. Chef-d\u2019\u0153uvre inaugural venant apr\u00e8s le remarquable <em>Xiao Wu, artisan pickpocket<\/em>, <em>Platform<\/em> tourn\u00e9 \u00e0 Fenyang, ville natale de Jia, et en dialecte shanxi, \u00e9tait une \u00e9pop\u00e9e intimiste de la jeunesse chinoise entre 1979 et 1989, p\u00e9riode de l\u2019adolescence de Jia, qui d\u00e9diait le film \u00e0 son p\u00e8re. Souvenirs autobiographiques se m\u00ealaient \u00e0 la chronique d\u2019un groupe d\u2019amis qui r\u00eavait de s\u2019extraire de la triste existence provinciale, entre ennui, histoires d\u2019amour et chansons pop ta\u00efwanaises, uniques fen\u00eatres clandestines vers le monde ext\u00e9rieur.<\/p>\n<p>&nbsp;<\/p>\n<p>Dans\u00a0<em>Au-del\u00e0 des montagnes<\/em> nous retrouvons trois amis d\u2019enfance, une fille et deux gar\u00e7ons qui sont amoureux d\u2019elle, \u00e0 Fenyang \u00e0 la veille du XXI\u00e8me si\u00e8cle. Le plus ambitieux d\u00e9cid\u00e9 \u00e0 faire rapidement fortune gagnera le c\u0153ur de la belle, tandis que l\u2019autre, mineur, partira vers un morne destin, condamn\u00e9 \u00e0 la mis\u00e8re et \u00e0 la maladie.<\/p>\n<p>Le film est constitu\u00e9 de trois parties, pass\u00e9e, pr\u00e9sente et future, se concluant en 2025 en Australie. Les flux migratoires \u00e9tudi\u00e9s par Jia sont ici ceux des nouveaux riches, les d\u00e9placements de ses personnages transcendent pour la premi\u00e8re fois les fronti\u00e8res chinoises. Le cin\u00e9aste avait con\u00e7u son pr\u00e9c\u00e9dent film <em>A Touch of Sin<\/em> sur la violence, comme un \u00ab\u00a0wu xia pian\u00a0\u00bb moderne.\u00a0<em>Au-del\u00e0 des montagnes<\/em> est un superbe m\u00e9lodrame sur deux g\u00e9n\u00e9rations, et un magnifique portrait de femme \u00e0 trois \u00e2ges de la vie. Jamais le cin\u00e9aste n\u2019avait auscult\u00e9 avec autant de finesse les sentiments humains. Beau et triste \u00e0 pleurer, magnifiquement interpr\u00e9t\u00e9 par Zhao Tao la muse de Jia,\u00a0<em>Au-del\u00e0 des montagnes<\/em> est un chef-d\u2019\u0153uvre, une fresque intimiste qui parvient \u00e0 m\u00ealer \u00e9motion pure et regard critique.<\/p>\n<p>&nbsp;<\/p>\n<p><img decoding=\"async\" loading=\"lazy\" class=\"alignnone size-full wp-image-17487\" src=\"https:\/\/www.arte.tv\/sites\/olivierpere\/files\/coffret-jia-zhang-ke-integrale-dvd-la-collection.jpg\" alt=\"\" width=\"263\" height=\"363\" srcset=\"https:\/\/www.arte.tv\/sites\/olivierpere\/files\/coffret-jia-zhang-ke-integrale-dvd-la-collection.jpg 263w, https:\/\/www.arte.tv\/sites\/olivierpere\/files\/coffret-jia-zhang-ke-integrale-dvd-la-collection-203x280.jpg 203w\" sizes=\"(max-width: 263px) 100vw, 263px\" \/>A l&rsquo;occasion de la sortie en salles de ce nouveau film Ad Vitam \u00e9dite aussi un superbe coffret DVD qui regroupe la quasi int\u00e9gralit\u00e9 de l&rsquo;\u0153uvre de Jia Zhangke &#8211; fictions, essais &#8211; de<em> Xiao Wu artisan pickpocket<\/em> qui le r\u00e9v\u00e9la au monde entier en 1999 jusqu&rsquo;au magistral <em>A Touch of Sin<\/em> (2013) avec en prime un excellent documentaire in\u00e9dit, <em>Jia Zhangke, un gars de Fenyang<\/em>, portrait du cin\u00e9aste chinois r\u00e9alis\u00e9 par Walter Salles, en collaboration avec Jean-Michel Frodon.<\/p>\n","protected":false},"excerpt":{"rendered":"<p>&nbsp; \u00ab\u00a0Ce sera la premi\u00e8re fois que je mettrai en pr\u00e9sence dans un m\u00eame film pass\u00e9, pr\u00e9sent et futur. Les\u2026<\/p>\n","protected":false},"author":116,"featured_media":0,"comment_status":"open","ping_status":"open","sticky":false,"template":"","format":"standard","meta":[],"categories":[9,6],"tags":[],"yoast_head":"<!-- This site is optimized with the Yoast SEO plugin v20.8 - https:\/\/yoast.com\/wordpress\/plugins\/seo\/ -->\n<title>Au-del\u00e0 des montagnes de Jia Zhangke - Olivier P\u00e8re<\/title>\n<meta name=\"robots\" content=\"index, follow, max-snippet:-1, max-image-preview:large, max-video-preview:-1\" \/>\n<link rel=\"canonical\" href=\"https:\/\/www.arte.tv\/sites\/olivierpere\/2015\/12\/02\/au-dela-des-montagnes-de-jia-zhangke\/\" \/>\n<meta property=\"og:locale\" content=\"fr_FR\" \/>\n<meta property=\"og:type\" content=\"article\" \/>\n<meta property=\"og:title\" content=\"Au-del\u00e0 des montagnes de Jia Zhangke - Olivier P\u00e8re\" \/>\n<meta property=\"og:description\" content=\"&nbsp; \u00ab\u00a0Ce sera la premi\u00e8re fois que je mettrai en pr\u00e9sence dans un m\u00eame film pass\u00e9, pr\u00e9sent et futur. Les\u2026\" \/>\n<meta property=\"og:url\" content=\"https:\/\/www.arte.tv\/sites\/olivierpere\/2015\/12\/02\/au-dela-des-montagnes-de-jia-zhangke\/\" \/>\n<meta property=\"og:site_name\" content=\"Olivier P\u00e8re\" \/>\n<meta property=\"article:published_time\" content=\"2015-12-02T01:33:25+00:00\" \/>\n<meta property=\"article:modified_time\" content=\"2020-04-16T11:51:07+00:00\" \/>\n<meta property=\"og:image\" content=\"https:\/\/www.arte.tv\/sites\/olivierpere\/files\/coffret-jia-zhang-ke-integrale-dvd-la-collection.jpg\" \/>\n<meta name=\"author\" content=\"Olivier P\u00e8re\" \/>\n<meta name=\"twitter:label1\" content=\"\u00c9crit par\" \/>\n\t<meta name=\"twitter:data1\" content=\"Olivier P\u00e8re\" \/>\n\t<meta name=\"twitter:label2\" content=\"Dur\u00e9e de lecture estim\u00e9e\" \/>\n\t<meta name=\"twitter:data2\" content=\"3 minutes\" \/>\n<script type=\"application\/ld+json\" class=\"yoast-schema-graph\">{\"@context\":\"https:\/\/schema.org\",\"@graph\":[{\"@type\":\"WebPage\",\"@id\":\"https:\/\/www.arte.tv\/sites\/olivierpere\/2015\/12\/02\/au-dela-des-montagnes-de-jia-zhangke\/\",\"url\":\"https:\/\/www.arte.tv\/sites\/olivierpere\/2015\/12\/02\/au-dela-des-montagnes-de-jia-zhangke\/\",\"name\":\"Au-del\u00e0 des montagnes de Jia Zhangke - Olivier P\u00e8re\",\"isPartOf\":{\"@id\":\"https:\/\/www.arte.tv\/sites\/olivierpere\/#website\"},\"datePublished\":\"2015-12-02T01:33:25+00:00\",\"dateModified\":\"2020-04-16T11:51:07+00:00\",\"author\":{\"@id\":\"https:\/\/www.arte.tv\/sites\/olivierpere\/#\/schema\/person\/dc32cd6c79be95e52d43b97a74182558\"},\"breadcrumb\":{\"@id\":\"https:\/\/www.arte.tv\/sites\/olivierpere\/2015\/12\/02\/au-dela-des-montagnes-de-jia-zhangke\/#breadcrumb\"},\"inLanguage\":\"fr-FR\",\"potentialAction\":[{\"@type\":\"ReadAction\",\"target\":[\"https:\/\/www.arte.tv\/sites\/olivierpere\/2015\/12\/02\/au-dela-des-montagnes-de-jia-zhangke\/\"]}]},{\"@type\":\"BreadcrumbList\",\"@id\":\"https:\/\/www.arte.tv\/sites\/olivierpere\/2015\/12\/02\/au-dela-des-montagnes-de-jia-zhangke\/#breadcrumb\",\"itemListElement\":[{\"@type\":\"ListItem\",\"position\":1,\"name\":\"Home\",\"item\":\"https:\/\/www.arte.tv\/sites\/olivierpere\/\"},{\"@type\":\"ListItem\",\"position\":2,\"name\":\"Au-del\u00e0 des montagnes de Jia Zhangke\"}]},{\"@type\":\"WebSite\",\"@id\":\"https:\/\/www.arte.tv\/sites\/olivierpere\/#website\",\"url\":\"https:\/\/www.arte.tv\/sites\/olivierpere\/\",\"name\":\"Olivier P\u00e8re\",\"description\":\"\",\"potentialAction\":[{\"@type\":\"SearchAction\",\"target\":{\"@type\":\"EntryPoint\",\"urlTemplate\":\"https:\/\/www.arte.tv\/sites\/olivierpere\/?s={search_term_string}\"},\"query-input\":\"required name=search_term_string\"}],\"inLanguage\":\"fr-FR\"},{\"@type\":\"Person\",\"@id\":\"https:\/\/www.arte.tv\/sites\/olivierpere\/#\/schema\/person\/dc32cd6c79be95e52d43b97a74182558\",\"name\":\"Olivier P\u00e8re\",\"image\":{\"@type\":\"ImageObject\",\"inLanguage\":\"fr-FR\",\"@id\":\"https:\/\/www.arte.tv\/sites\/olivierpere\/#\/schema\/person\/image\/\",\"url\":\"https:\/\/secure.gravatar.com\/avatar\/bdea7b6a2c195e2c41772429a9694758?s=96&d=mm&r=g\",\"contentUrl\":\"https:\/\/secure.gravatar.com\/avatar\/bdea7b6a2c195e2c41772429a9694758?s=96&d=mm&r=g\",\"caption\":\"Olivier P\u00e8re\"},\"url\":\"https:\/\/www.arte.tv\/sites\/olivierpere\/author\/pereolivier\/\"}]}<\/script>\n<!-- \/ Yoast SEO plugin. -->","yoast_head_json":{"title":"Au-del\u00e0 des montagnes de Jia Zhangke - Olivier P\u00e8re","robots":{"index":"index","follow":"follow","max-snippet":"max-snippet:-1","max-image-preview":"max-image-preview:large","max-video-preview":"max-video-preview:-1"},"canonical":"https:\/\/www.arte.tv\/sites\/olivierpere\/2015\/12\/02\/au-dela-des-montagnes-de-jia-zhangke\/","og_locale":"fr_FR","og_type":"article","og_title":"Au-del\u00e0 des montagnes de Jia Zhangke - Olivier P\u00e8re","og_description":"&nbsp; \u00ab\u00a0Ce sera la premi\u00e8re fois que je mettrai en pr\u00e9sence dans un m\u00eame film pass\u00e9, pr\u00e9sent et futur. Les\u2026","og_url":"https:\/\/www.arte.tv\/sites\/olivierpere\/2015\/12\/02\/au-dela-des-montagnes-de-jia-zhangke\/","og_site_name":"Olivier P\u00e8re","article_published_time":"2015-12-02T01:33:25+00:00","article_modified_time":"2020-04-16T11:51:07+00:00","og_image":[{"url":"https:\/\/www.arte.tv\/sites\/olivierpere\/files\/coffret-jia-zhang-ke-integrale-dvd-la-collection.jpg"}],"author":"Olivier P\u00e8re","twitter_misc":{"\u00c9crit par":"Olivier P\u00e8re","Dur\u00e9e de lecture estim\u00e9e":"3 minutes"},"schema":{"@context":"https:\/\/schema.org","@graph":[{"@type":"WebPage","@id":"https:\/\/www.arte.tv\/sites\/olivierpere\/2015\/12\/02\/au-dela-des-montagnes-de-jia-zhangke\/","url":"https:\/\/www.arte.tv\/sites\/olivierpere\/2015\/12\/02\/au-dela-des-montagnes-de-jia-zhangke\/","name":"Au-del\u00e0 des montagnes de Jia Zhangke - Olivier P\u00e8re","isPartOf":{"@id":"https:\/\/www.arte.tv\/sites\/olivierpere\/#website"},"datePublished":"2015-12-02T01:33:25+00:00","dateModified":"2020-04-16T11:51:07+00:00","author":{"@id":"https:\/\/www.arte.tv\/sites\/olivierpere\/#\/schema\/person\/dc32cd6c79be95e52d43b97a74182558"},"breadcrumb":{"@id":"https:\/\/www.arte.tv\/sites\/olivierpere\/2015\/12\/02\/au-dela-des-montagnes-de-jia-zhangke\/#breadcrumb"},"inLanguage":"fr-FR","potentialAction":[{"@type":"ReadAction","target":["https:\/\/www.arte.tv\/sites\/olivierpere\/2015\/12\/02\/au-dela-des-montagnes-de-jia-zhangke\/"]}]},{"@type":"BreadcrumbList","@id":"https:\/\/www.arte.tv\/sites\/olivierpere\/2015\/12\/02\/au-dela-des-montagnes-de-jia-zhangke\/#breadcrumb","itemListElement":[{"@type":"ListItem","position":1,"name":"Home","item":"https:\/\/www.arte.tv\/sites\/olivierpere\/"},{"@type":"ListItem","position":2,"name":"Au-del\u00e0 des montagnes de Jia Zhangke"}]},{"@type":"WebSite","@id":"https:\/\/www.arte.tv\/sites\/olivierpere\/#website","url":"https:\/\/www.arte.tv\/sites\/olivierpere\/","name":"Olivier P\u00e8re","description":"","potentialAction":[{"@type":"SearchAction","target":{"@type":"EntryPoint","urlTemplate":"https:\/\/www.arte.tv\/sites\/olivierpere\/?s={search_term_string}"},"query-input":"required name=search_term_string"}],"inLanguage":"fr-FR"},{"@type":"Person","@id":"https:\/\/www.arte.tv\/sites\/olivierpere\/#\/schema\/person\/dc32cd6c79be95e52d43b97a74182558","name":"Olivier P\u00e8re","image":{"@type":"ImageObject","inLanguage":"fr-FR","@id":"https:\/\/www.arte.tv\/sites\/olivierpere\/#\/schema\/person\/image\/","url":"https:\/\/secure.gravatar.com\/avatar\/bdea7b6a2c195e2c41772429a9694758?s=96&d=mm&r=g","contentUrl":"https:\/\/secure.gravatar.com\/avatar\/bdea7b6a2c195e2c41772429a9694758?s=96&d=mm&r=g","caption":"Olivier P\u00e8re"},"url":"https:\/\/www.arte.tv\/sites\/olivierpere\/author\/pereolivier\/"}]}},"_links":{"self":[{"href":"https:\/\/www.arte.tv\/sites\/olivierpere\/wp-json\/wp\/v2\/posts\/17325"}],"collection":[{"href":"https:\/\/www.arte.tv\/sites\/olivierpere\/wp-json\/wp\/v2\/posts"}],"about":[{"href":"https:\/\/www.arte.tv\/sites\/olivierpere\/wp-json\/wp\/v2\/types\/post"}],"author":[{"embeddable":true,"href":"https:\/\/www.arte.tv\/sites\/olivierpere\/wp-json\/wp\/v2\/users\/116"}],"replies":[{"embeddable":true,"href":"https:\/\/www.arte.tv\/sites\/olivierpere\/wp-json\/wp\/v2\/comments?post=17325"}],"version-history":[{"count":7,"href":"https:\/\/www.arte.tv\/sites\/olivierpere\/wp-json\/wp\/v2\/posts\/17325\/revisions"}],"predecessor-version":[{"id":25505,"href":"https:\/\/www.arte.tv\/sites\/olivierpere\/wp-json\/wp\/v2\/posts\/17325\/revisions\/25505"}],"wp:attachment":[{"href":"https:\/\/www.arte.tv\/sites\/olivierpere\/wp-json\/wp\/v2\/media?parent=17325"}],"wp:term":[{"taxonomy":"category","embeddable":true,"href":"https:\/\/www.arte.tv\/sites\/olivierpere\/wp-json\/wp\/v2\/categories?post=17325"},{"taxonomy":"post_tag","embeddable":true,"href":"https:\/\/www.arte.tv\/sites\/olivierpere\/wp-json\/wp\/v2\/tags?post=17325"}],"curies":[{"name":"wp","href":"https:\/\/api.w.org\/{rel}","templated":true}]}}