{"id":17232,"date":"2015-10-30T02:59:07","date_gmt":"2015-10-30T01:59:07","guid":{"rendered":"https:\/\/www.arte.tv\/sites\/olivierpere\/?p=17232"},"modified":"2015-10-30T23:42:33","modified_gmt":"2015-10-30T22:42:33","slug":"tartuffe-de-friedrich-w-murnau","status":"publish","type":"post","link":"https:\/\/www.arte.tv\/sites\/olivierpere\/2015\/10\/30\/tartuffe-de-friedrich-w-murnau\/","title":{"rendered":"Tartuffe de Friedrich W. Murnau"},"content":{"rendered":"<p>Dans le cadre de ses rendez-vous avec les classiques du cin\u00e9ma muet ARTE diffuse lundi 9 \u00e0 novembre 0h15 <em>Tartuffe<\/em> (<em>Herr Tart\u00fcff<\/em>) r\u00e9alis\u00e9 en 1925 par Friedrich Wihelm Murnau, dans une superbe version restaur\u00e9e.<\/p>\n<p>Dans ce film, Murnau imagine une adaptation cin\u00e9matographique \u00e0 nulle autre pareille de la c\u00e9l\u00e8bre pi\u00e8ce de Moli\u00e8re.<\/p>\n<p>R\u00e9duit \u00e0 moins d\u2019une heure et encadr\u00e9 par un prologue et un \u00e9pilogue moderne, le \u00ab\u00a0Tartuffe\u00a0\u00bb de Moli\u00e8re est pr\u00e9sent\u00e9 ici sous la forme d\u2019un film montr\u00e9 par un projectionniste ambulant. Ce film va servir \u00e0 d\u00e9masquer l\u2019hypocrisie et la cupidit\u00e9 d\u2019une domestique qui lorgne sur la fortune de son vieux ma\u00eetre.<\/p>\n<p>La mise en abyme du <em>Tartuffe<\/em> de Moli\u00e8re par Murnau r\u00e9v\u00e8le la puissance du cin\u00e9ma, d\u00e9crit comme l\u2019instrument de la v\u00e9rit\u00e9.<\/p>\n<p><img decoding=\"async\" loading=\"lazy\" class=\"alignnone size-full wp-image-17234\" src=\"https:\/\/www.arte.tv\/sites\/olivierpere\/files\/tartuffe-241248143-large.jpg\" alt=\"\" width=\"789\" height=\"1200\" srcset=\"https:\/\/www.arte.tv\/sites\/olivierpere\/files\/tartuffe-241248143-large.jpg 789w, https:\/\/www.arte.tv\/sites\/olivierpere\/files\/tartuffe-241248143-large-184x280.jpg 184w, https:\/\/www.arte.tv\/sites\/olivierpere\/files\/tartuffe-241248143-large-505x768.jpg 505w, https:\/\/www.arte.tv\/sites\/olivierpere\/files\/tartuffe-241248143-large-580x882.jpg 580w\" sizes=\"(max-width: 789px) 100vw, 789px\" \/><\/p>\n<p>Le dispositif de l\u2019appareil de projection et de l\u2019\u00e9cran blanc sont clairement d\u00e9sign\u00e9s par Murnau comme \u00e9tant du c\u00f4t\u00e9 de la modernit\u00e9, de la jeunesse et de la libert\u00e9 tandis que Tartuffe et la servante incarnent des caract\u00e8res archa\u00efques et morbides, au jeu outr\u00e9 et th\u00e9\u00e2tral.<\/p>\n<p>Murnau vient du th\u00e9\u00e2tre, son cin\u00e9ma est culturel, nourri par la peinture, la litt\u00e9rature et la philosophie mais Murnau est surtout un inventeur de formes qui a per\u00e7u tr\u00e8s t\u00f4t la po\u00e9sie nouvelle de l\u2019\u00e9criture cin\u00e9matographique et son impact sur les spectateurs. Il est aid\u00e9 en cela par le chef op\u00e9rateur Karl Freund, dont la contribution aux chefs-d\u2019\u0153uvre de l\u2019expressionnisme allemand est essentielle.<\/p>\n<p>Tartuffe est interpr\u00e9t\u00e9 par Emil Jannings (photo en t\u00eate de texte), grande vedette du cin\u00e9ma allemand, et l\u2019un des acteurs les plus marquants du cin\u00e9ma muet. Jannings avait d\u00e9j\u00e0 tourn\u00e9 de nombreux films sous la direction de Murnau, comme <em>Le Dernier des Hommes <\/em>et il retrouvera Murnau en cette m\u00eame ann\u00e9e 1925 pour incarner M\u00e9phistoph\u00e9l\u00e8s, dans <em>Faust, une l\u00e9gende allemande<\/em>.<\/p>\n<p>Sp\u00e9cialis\u00e9 dans les personnages historiques et truculents, son interpr\u00e9tation grima\u00e7ante de l\u2019imposteur de Moli\u00e8re figure au panth\u00e9on de ses compositions monstrueuses.<\/p>\n<p>&nbsp;<\/p>\n<p><em>Tartuffe<\/em> est \u00e9galement disponible en Replay sur ARTE+7.<\/p>\n<p><em>\u00a0<\/em><\/p>\n<p>&nbsp;<\/p>\n","protected":false},"excerpt":{"rendered":"<p>Dans le cadre de ses rendez-vous avec les classiques du cin\u00e9ma muet ARTE diffuse lundi 9 \u00e0 novembre 0h15 Tartuffe\u2026<\/p>\n","protected":false},"author":116,"featured_media":17233,"comment_status":"open","ping_status":"open","sticky":false,"template":"","format":"standard","meta":[],"categories":[8],"tags":[],"yoast_head":"<!-- This site is optimized with the Yoast SEO plugin v20.8 - https:\/\/yoast.com\/wordpress\/plugins\/seo\/ -->\n<title>Tartuffe de Friedrich W. Murnau - Olivier P\u00e8re<\/title>\n<meta name=\"robots\" content=\"index, follow, max-snippet:-1, max-image-preview:large, max-video-preview:-1\" \/>\n<link rel=\"canonical\" href=\"https:\/\/www.arte.tv\/sites\/olivierpere\/2015\/10\/30\/tartuffe-de-friedrich-w-murnau\/\" \/>\n<meta property=\"og:locale\" content=\"fr_FR\" \/>\n<meta property=\"og:type\" content=\"article\" \/>\n<meta property=\"og:title\" content=\"Tartuffe de Friedrich W. Murnau - Olivier P\u00e8re\" \/>\n<meta property=\"og:description\" content=\"Dans le cadre de ses rendez-vous avec les classiques du cin\u00e9ma muet ARTE diffuse lundi 9 \u00e0 novembre 0h15 Tartuffe\u2026\" \/>\n<meta property=\"og:url\" content=\"https:\/\/www.arte.tv\/sites\/olivierpere\/2015\/10\/30\/tartuffe-de-friedrich-w-murnau\/\" \/>\n<meta property=\"og:site_name\" content=\"Olivier P\u00e8re\" \/>\n<meta property=\"article:published_time\" content=\"2015-10-30T01:59:07+00:00\" \/>\n<meta property=\"article:modified_time\" content=\"2015-10-30T22:42:33+00:00\" \/>\n<meta property=\"og:image\" content=\"https:\/\/www.arte.tv\/sites\/olivierpere\/files\/tartuffe.jpg\" \/>\n\t<meta property=\"og:image:width\" content=\"1280\" \/>\n\t<meta property=\"og:image:height\" content=\"720\" \/>\n\t<meta property=\"og:image:type\" content=\"image\/jpeg\" \/>\n<meta name=\"author\" content=\"Olivier P\u00e8re\" \/>\n<meta name=\"twitter:label1\" content=\"\u00c9crit par\" \/>\n\t<meta name=\"twitter:data1\" content=\"Olivier P\u00e8re\" \/>\n\t<meta name=\"twitter:label2\" content=\"Dur\u00e9e de lecture estim\u00e9e\" \/>\n\t<meta name=\"twitter:data2\" content=\"2 minutes\" \/>\n<script type=\"application\/ld+json\" class=\"yoast-schema-graph\">{\"@context\":\"https:\/\/schema.org\",\"@graph\":[{\"@type\":\"WebPage\",\"@id\":\"https:\/\/www.arte.tv\/sites\/olivierpere\/2015\/10\/30\/tartuffe-de-friedrich-w-murnau\/\",\"url\":\"https:\/\/www.arte.tv\/sites\/olivierpere\/2015\/10\/30\/tartuffe-de-friedrich-w-murnau\/\",\"name\":\"Tartuffe de Friedrich W. Murnau - Olivier P\u00e8re\",\"isPartOf\":{\"@id\":\"https:\/\/www.arte.tv\/sites\/olivierpere\/#website\"},\"datePublished\":\"2015-10-30T01:59:07+00:00\",\"dateModified\":\"2015-10-30T22:42:33+00:00\",\"author\":{\"@id\":\"https:\/\/www.arte.tv\/sites\/olivierpere\/#\/schema\/person\/dc32cd6c79be95e52d43b97a74182558\"},\"breadcrumb\":{\"@id\":\"https:\/\/www.arte.tv\/sites\/olivierpere\/2015\/10\/30\/tartuffe-de-friedrich-w-murnau\/#breadcrumb\"},\"inLanguage\":\"fr-FR\",\"potentialAction\":[{\"@type\":\"ReadAction\",\"target\":[\"https:\/\/www.arte.tv\/sites\/olivierpere\/2015\/10\/30\/tartuffe-de-friedrich-w-murnau\/\"]}]},{\"@type\":\"BreadcrumbList\",\"@id\":\"https:\/\/www.arte.tv\/sites\/olivierpere\/2015\/10\/30\/tartuffe-de-friedrich-w-murnau\/#breadcrumb\",\"itemListElement\":[{\"@type\":\"ListItem\",\"position\":1,\"name\":\"Home\",\"item\":\"https:\/\/www.arte.tv\/sites\/olivierpere\/\"},{\"@type\":\"ListItem\",\"position\":2,\"name\":\"Tartuffe de Friedrich W. Murnau\"}]},{\"@type\":\"WebSite\",\"@id\":\"https:\/\/www.arte.tv\/sites\/olivierpere\/#website\",\"url\":\"https:\/\/www.arte.tv\/sites\/olivierpere\/\",\"name\":\"Olivier P\u00e8re\",\"description\":\"\",\"potentialAction\":[{\"@type\":\"SearchAction\",\"target\":{\"@type\":\"EntryPoint\",\"urlTemplate\":\"https:\/\/www.arte.tv\/sites\/olivierpere\/?s={search_term_string}\"},\"query-input\":\"required name=search_term_string\"}],\"inLanguage\":\"fr-FR\"},{\"@type\":\"Person\",\"@id\":\"https:\/\/www.arte.tv\/sites\/olivierpere\/#\/schema\/person\/dc32cd6c79be95e52d43b97a74182558\",\"name\":\"Olivier P\u00e8re\",\"image\":{\"@type\":\"ImageObject\",\"inLanguage\":\"fr-FR\",\"@id\":\"https:\/\/www.arte.tv\/sites\/olivierpere\/#\/schema\/person\/image\/\",\"url\":\"https:\/\/secure.gravatar.com\/avatar\/bdea7b6a2c195e2c41772429a9694758?s=96&d=mm&r=g\",\"contentUrl\":\"https:\/\/secure.gravatar.com\/avatar\/bdea7b6a2c195e2c41772429a9694758?s=96&d=mm&r=g\",\"caption\":\"Olivier P\u00e8re\"},\"url\":\"https:\/\/www.arte.tv\/sites\/olivierpere\/author\/pereolivier\/\"}]}<\/script>\n<!-- \/ Yoast SEO plugin. -->","yoast_head_json":{"title":"Tartuffe de Friedrich W. Murnau - Olivier P\u00e8re","robots":{"index":"index","follow":"follow","max-snippet":"max-snippet:-1","max-image-preview":"max-image-preview:large","max-video-preview":"max-video-preview:-1"},"canonical":"https:\/\/www.arte.tv\/sites\/olivierpere\/2015\/10\/30\/tartuffe-de-friedrich-w-murnau\/","og_locale":"fr_FR","og_type":"article","og_title":"Tartuffe de Friedrich W. Murnau - Olivier P\u00e8re","og_description":"Dans le cadre de ses rendez-vous avec les classiques du cin\u00e9ma muet ARTE diffuse lundi 9 \u00e0 novembre 0h15 Tartuffe\u2026","og_url":"https:\/\/www.arte.tv\/sites\/olivierpere\/2015\/10\/30\/tartuffe-de-friedrich-w-murnau\/","og_site_name":"Olivier P\u00e8re","article_published_time":"2015-10-30T01:59:07+00:00","article_modified_time":"2015-10-30T22:42:33+00:00","og_image":[{"width":1280,"height":720,"url":"https:\/\/www.arte.tv\/sites\/olivierpere\/files\/tartuffe.jpg","type":"image\/jpeg"}],"author":"Olivier P\u00e8re","twitter_misc":{"\u00c9crit par":"Olivier P\u00e8re","Dur\u00e9e de lecture estim\u00e9e":"2 minutes"},"schema":{"@context":"https:\/\/schema.org","@graph":[{"@type":"WebPage","@id":"https:\/\/www.arte.tv\/sites\/olivierpere\/2015\/10\/30\/tartuffe-de-friedrich-w-murnau\/","url":"https:\/\/www.arte.tv\/sites\/olivierpere\/2015\/10\/30\/tartuffe-de-friedrich-w-murnau\/","name":"Tartuffe de Friedrich W. Murnau - Olivier P\u00e8re","isPartOf":{"@id":"https:\/\/www.arte.tv\/sites\/olivierpere\/#website"},"datePublished":"2015-10-30T01:59:07+00:00","dateModified":"2015-10-30T22:42:33+00:00","author":{"@id":"https:\/\/www.arte.tv\/sites\/olivierpere\/#\/schema\/person\/dc32cd6c79be95e52d43b97a74182558"},"breadcrumb":{"@id":"https:\/\/www.arte.tv\/sites\/olivierpere\/2015\/10\/30\/tartuffe-de-friedrich-w-murnau\/#breadcrumb"},"inLanguage":"fr-FR","potentialAction":[{"@type":"ReadAction","target":["https:\/\/www.arte.tv\/sites\/olivierpere\/2015\/10\/30\/tartuffe-de-friedrich-w-murnau\/"]}]},{"@type":"BreadcrumbList","@id":"https:\/\/www.arte.tv\/sites\/olivierpere\/2015\/10\/30\/tartuffe-de-friedrich-w-murnau\/#breadcrumb","itemListElement":[{"@type":"ListItem","position":1,"name":"Home","item":"https:\/\/www.arte.tv\/sites\/olivierpere\/"},{"@type":"ListItem","position":2,"name":"Tartuffe de Friedrich W. Murnau"}]},{"@type":"WebSite","@id":"https:\/\/www.arte.tv\/sites\/olivierpere\/#website","url":"https:\/\/www.arte.tv\/sites\/olivierpere\/","name":"Olivier P\u00e8re","description":"","potentialAction":[{"@type":"SearchAction","target":{"@type":"EntryPoint","urlTemplate":"https:\/\/www.arte.tv\/sites\/olivierpere\/?s={search_term_string}"},"query-input":"required name=search_term_string"}],"inLanguage":"fr-FR"},{"@type":"Person","@id":"https:\/\/www.arte.tv\/sites\/olivierpere\/#\/schema\/person\/dc32cd6c79be95e52d43b97a74182558","name":"Olivier P\u00e8re","image":{"@type":"ImageObject","inLanguage":"fr-FR","@id":"https:\/\/www.arte.tv\/sites\/olivierpere\/#\/schema\/person\/image\/","url":"https:\/\/secure.gravatar.com\/avatar\/bdea7b6a2c195e2c41772429a9694758?s=96&d=mm&r=g","contentUrl":"https:\/\/secure.gravatar.com\/avatar\/bdea7b6a2c195e2c41772429a9694758?s=96&d=mm&r=g","caption":"Olivier P\u00e8re"},"url":"https:\/\/www.arte.tv\/sites\/olivierpere\/author\/pereolivier\/"}]}},"_links":{"self":[{"href":"https:\/\/www.arte.tv\/sites\/olivierpere\/wp-json\/wp\/v2\/posts\/17232"}],"collection":[{"href":"https:\/\/www.arte.tv\/sites\/olivierpere\/wp-json\/wp\/v2\/posts"}],"about":[{"href":"https:\/\/www.arte.tv\/sites\/olivierpere\/wp-json\/wp\/v2\/types\/post"}],"author":[{"embeddable":true,"href":"https:\/\/www.arte.tv\/sites\/olivierpere\/wp-json\/wp\/v2\/users\/116"}],"replies":[{"embeddable":true,"href":"https:\/\/www.arte.tv\/sites\/olivierpere\/wp-json\/wp\/v2\/comments?post=17232"}],"version-history":[{"count":2,"href":"https:\/\/www.arte.tv\/sites\/olivierpere\/wp-json\/wp\/v2\/posts\/17232\/revisions"}],"predecessor-version":[{"id":17236,"href":"https:\/\/www.arte.tv\/sites\/olivierpere\/wp-json\/wp\/v2\/posts\/17232\/revisions\/17236"}],"wp:featuredmedia":[{"embeddable":true,"href":"https:\/\/www.arte.tv\/sites\/olivierpere\/wp-json\/wp\/v2\/media\/17233"}],"wp:attachment":[{"href":"https:\/\/www.arte.tv\/sites\/olivierpere\/wp-json\/wp\/v2\/media?parent=17232"}],"wp:term":[{"taxonomy":"category","embeddable":true,"href":"https:\/\/www.arte.tv\/sites\/olivierpere\/wp-json\/wp\/v2\/categories?post=17232"},{"taxonomy":"post_tag","embeddable":true,"href":"https:\/\/www.arte.tv\/sites\/olivierpere\/wp-json\/wp\/v2\/tags?post=17232"}],"curies":[{"name":"wp","href":"https:\/\/api.w.org\/{rel}","templated":true}]}}