{"id":1723,"date":"2011-08-09T08:00:05","date_gmt":"2011-08-09T07:00:05","guid":{"rendered":"http:\/\/olivierpere.wordpress.com\/?p=1723"},"modified":"2014-06-09T07:41:33","modified_gmt":"2014-06-09T06:41:33","slug":"locarno-2011-day-7-lame-de-fond-de-vincente-minnelli","status":"publish","type":"post","link":"https:\/\/www.arte.tv\/sites\/olivierpere\/2011\/08\/09\/locarno-2011-day-7-lame-de-fond-de-vincente-minnelli\/","title":{"rendered":"Locarno 2011 Day 7 : Lame de fond de Vincente Minnelli"},"content":{"rendered":"<p><span style=\"font-family: arial;font-size: 10pt\">Durant tout le Festival del film Locarno, la salle Ex-Rex est consacr\u00e9e \u00e0 la r\u00e9trospective Vincente Minnelli. Aujourd\u2019hui \u00e0 11h, on pourra y voir ou revoir <em>Undercurrent<\/em> (<em>Lame de fond<\/em>). R\u00e9alis\u00e9 en 1946 entre <em>Yolanda and the Thief <\/em>et <em>The Pirate<\/em>, deux chefs-d&rsquo;\u0153uvre de la com\u00e9die musicale, <em>Undercurrent<\/em> inaugure une vague f\u00e9conde dans la filmographie de Minnelli : le m\u00e9lodrame psychanalytique. \u00c0 ce titre, il ne jouit d&rsquo;ailleurs pas d&rsquo;une r\u00e9putation exceptionnelle chez les admirateurs du cin\u00e9aste. En retrait par rapport \u00e0 des \u0153uvres similaires r\u00e9alis\u00e9es par d&rsquo;autres metteurs en sc\u00e8ne hollywoodiens (<em>Rebecca<\/em> et <em>Suspicion<\/em> de Hitchcock, <em>Gaslight <\/em>de Cukor), il appara\u00eet surtout comme une \u00e9bauche passionnante des grands films \u00e0 venir du cin\u00e9aste &#8211; <em>The Cobweb<\/em>, <em>Some Came Running<\/em> &#8211; tout en demeurant fonci\u00e8rement atypique dans l&rsquo;univers minnellien. En effet, <em>Undercurrent<\/em> emprunte beaucoup \u00e0 un genre que Minnelli ne retrouvera jamais par la suite : le film noir. Rien d\u2019\u00e9tonnant de la part d\u2019un cin\u00e9aste bien plus pr\u00e9occup\u00e9 par la cr\u00e9ation d&rsquo;un paysage psychologique que par les rebondissements d\u2019une intrigue polici\u00e8re. <em>Undercurrent<\/em> d\u00e9bute comme une com\u00e9die familiale que Minnelli savait aussi r\u00e9aliser : un vieux professeur farfelu, sa fille aimante toujours c\u00e9libataire (Katharine Hepburn), le gar\u00e7on d&rsquo;\u00e0 c\u00f4t\u00e9, pr\u00e9tendant r\u00e9sign\u00e9, dans un d\u00e9cor de petite ville am\u00e9ricaine. Vieille fille hyst\u00e9rique, l\u2019exub\u00e9rante Hepburn tombe en arr\u00eat devant un myst\u00e9rieux et richissime industriel (Robert Taylor), qui l&rsquo;\u00e9pouse aussit\u00f4t, sans que l&rsquo;on comprenne vraiment pourquoi (et elle non plus). La rupture de ton est aussi soudaine que brutale et enclenche une longue et t\u00e9n\u00e9breuse exploration intime. Une fois de plus, dans un film de Minnelli, \u00ab le personnage, comme l\u2019\u00e9crivait Gilles Deleuze, va s\u2019introduire dans le r\u00eave de l&rsquo;autre \u00bb. En m\u00eame temps que la provinciale nigaude d\u00e9couvre l&rsquo;univers mondain et sophistiqu\u00e9 de son nouveau mari (sc\u00e8ne \u00e0 la fois cocasse et angoissante de la premi\u00e8re r\u00e9ception organis\u00e9e en son honneur), elle comprend qu&rsquo;elle a \u00e9pous\u00e9 un inconnu, un homme tourment\u00e9 qui lui r\u00e9v\u00e8le l&rsquo;existence d&rsquo;un fr\u00e8re mal\u00e9fique et d\u00e9test\u00e9 dont le seul souvenir l&#8217;emp\u00eache de jouir du bonheur pr\u00e9sent. <em>Undercurrent<\/em> a parfois des faux airs d&rsquo;un <em>Laura<\/em> invers\u00e9, r\u00e9alis\u00e9 la m\u00eame ann\u00e9e par Otto Preminger. <em>Undercurrent<\/em> est \u00e0 red\u00e9couvrir car il nous rappelle, si c\u2019\u00e9tait n\u00e9cessaire, que les meilleurs films de Minnelli sont ses plus tristes. Une deuxi\u00e8me projection aura lieu dans la m\u00eame salle, le vendredi 12 ao\u00fbt \u00e0 16h30, pr\u00e9sent\u00e9 par le critique Jean Douchet. Il b\u00e9n\u00e9ficiera enfin d\u2019une belle \u00e9dition DVD \u00e0 la rentr\u00e9e, gr\u00e2ce \u00e0 Wild Side et sa collection \u00ab\u00a0Classics confidential \u00bb .<br \/>\n<\/span><\/p>\n<p style=\"text-align: center\"><span style=\"font-family: arial;font-size: 10pt\">[slideshow]<em><br \/>\nUndercurrent<\/em> (Lame de fond), Vincente Minnelli (1946).<\/span><\/p>\n","protected":false},"excerpt":{"rendered":"<p>Durant tout le Festival del film Locarno, la salle Ex-Rex est consacr\u00e9e \u00e0 la r\u00e9trospective Vincente Minnelli. Aujourd\u2019hui \u00e0 11h,\u2026<\/p>\n","protected":false},"author":116,"featured_media":13029,"comment_status":"open","ping_status":"open","sticky":false,"template":"","format":"standard","meta":[],"categories":[9],"tags":[],"yoast_head":"<!-- This site is optimized with the Yoast SEO plugin v20.8 - https:\/\/yoast.com\/wordpress\/plugins\/seo\/ -->\n<title>Locarno 2011 Day 7 : Lame de fond de Vincente Minnelli - Olivier P\u00e8re<\/title>\n<meta name=\"robots\" content=\"index, follow, max-snippet:-1, max-image-preview:large, max-video-preview:-1\" \/>\n<link rel=\"canonical\" href=\"https:\/\/www.arte.tv\/sites\/olivierpere\/2011\/08\/09\/locarno-2011-day-7-lame-de-fond-de-vincente-minnelli\/\" \/>\n<meta property=\"og:locale\" content=\"fr_FR\" \/>\n<meta property=\"og:type\" content=\"article\" \/>\n<meta property=\"og:title\" content=\"Locarno 2011 Day 7 : Lame de fond de Vincente Minnelli - Olivier P\u00e8re\" \/>\n<meta property=\"og:description\" content=\"Durant tout le Festival del film Locarno, la salle Ex-Rex est consacr\u00e9e \u00e0 la r\u00e9trospective Vincente Minnelli. Aujourd\u2019hui \u00e0 11h,\u2026\" \/>\n<meta property=\"og:url\" content=\"https:\/\/www.arte.tv\/sites\/olivierpere\/2011\/08\/09\/locarno-2011-day-7-lame-de-fond-de-vincente-minnelli\/\" \/>\n<meta property=\"og:site_name\" content=\"Olivier P\u00e8re\" \/>\n<meta property=\"article:published_time\" content=\"2011-08-09T07:00:05+00:00\" \/>\n<meta property=\"article:modified_time\" content=\"2014-06-09T06:41:33+00:00\" \/>\n<meta property=\"og:image\" content=\"https:\/\/www.arte.tv\/sites\/olivierpere\/files\/oc557600_p3001_147965.jpg\" \/>\n\t<meta property=\"og:image:width\" content=\"900\" \/>\n\t<meta property=\"og:image:height\" content=\"731\" \/>\n\t<meta property=\"og:image:type\" content=\"image\/jpeg\" \/>\n<meta name=\"author\" content=\"Olivier P\u00e8re\" \/>\n<meta name=\"twitter:label1\" content=\"\u00c9crit par\" \/>\n\t<meta name=\"twitter:data1\" content=\"Olivier P\u00e8re\" \/>\n\t<meta name=\"twitter:label2\" content=\"Dur\u00e9e de lecture estim\u00e9e\" \/>\n\t<meta name=\"twitter:data2\" content=\"2 minutes\" \/>\n<script type=\"application\/ld+json\" class=\"yoast-schema-graph\">{\"@context\":\"https:\/\/schema.org\",\"@graph\":[{\"@type\":\"WebPage\",\"@id\":\"https:\/\/www.arte.tv\/sites\/olivierpere\/2011\/08\/09\/locarno-2011-day-7-lame-de-fond-de-vincente-minnelli\/\",\"url\":\"https:\/\/www.arte.tv\/sites\/olivierpere\/2011\/08\/09\/locarno-2011-day-7-lame-de-fond-de-vincente-minnelli\/\",\"name\":\"Locarno 2011 Day 7 : Lame de fond de Vincente Minnelli - Olivier P\u00e8re\",\"isPartOf\":{\"@id\":\"https:\/\/www.arte.tv\/sites\/olivierpere\/#website\"},\"datePublished\":\"2011-08-09T07:00:05+00:00\",\"dateModified\":\"2014-06-09T06:41:33+00:00\",\"author\":{\"@id\":\"https:\/\/www.arte.tv\/sites\/olivierpere\/#\/schema\/person\/dc32cd6c79be95e52d43b97a74182558\"},\"breadcrumb\":{\"@id\":\"https:\/\/www.arte.tv\/sites\/olivierpere\/2011\/08\/09\/locarno-2011-day-7-lame-de-fond-de-vincente-minnelli\/#breadcrumb\"},\"inLanguage\":\"fr-FR\",\"potentialAction\":[{\"@type\":\"ReadAction\",\"target\":[\"https:\/\/www.arte.tv\/sites\/olivierpere\/2011\/08\/09\/locarno-2011-day-7-lame-de-fond-de-vincente-minnelli\/\"]}]},{\"@type\":\"BreadcrumbList\",\"@id\":\"https:\/\/www.arte.tv\/sites\/olivierpere\/2011\/08\/09\/locarno-2011-day-7-lame-de-fond-de-vincente-minnelli\/#breadcrumb\",\"itemListElement\":[{\"@type\":\"ListItem\",\"position\":1,\"name\":\"Home\",\"item\":\"https:\/\/www.arte.tv\/sites\/olivierpere\/\"},{\"@type\":\"ListItem\",\"position\":2,\"name\":\"Locarno 2011 Day 7 : Lame de fond de Vincente Minnelli\"}]},{\"@type\":\"WebSite\",\"@id\":\"https:\/\/www.arte.tv\/sites\/olivierpere\/#website\",\"url\":\"https:\/\/www.arte.tv\/sites\/olivierpere\/\",\"name\":\"Olivier P\u00e8re\",\"description\":\"\",\"potentialAction\":[{\"@type\":\"SearchAction\",\"target\":{\"@type\":\"EntryPoint\",\"urlTemplate\":\"https:\/\/www.arte.tv\/sites\/olivierpere\/?s={search_term_string}\"},\"query-input\":\"required name=search_term_string\"}],\"inLanguage\":\"fr-FR\"},{\"@type\":\"Person\",\"@id\":\"https:\/\/www.arte.tv\/sites\/olivierpere\/#\/schema\/person\/dc32cd6c79be95e52d43b97a74182558\",\"name\":\"Olivier P\u00e8re\",\"image\":{\"@type\":\"ImageObject\",\"inLanguage\":\"fr-FR\",\"@id\":\"https:\/\/www.arte.tv\/sites\/olivierpere\/#\/schema\/person\/image\/\",\"url\":\"https:\/\/secure.gravatar.com\/avatar\/bdea7b6a2c195e2c41772429a9694758?s=96&d=mm&r=g\",\"contentUrl\":\"https:\/\/secure.gravatar.com\/avatar\/bdea7b6a2c195e2c41772429a9694758?s=96&d=mm&r=g\",\"caption\":\"Olivier P\u00e8re\"},\"url\":\"https:\/\/www.arte.tv\/sites\/olivierpere\/author\/pereolivier\/\"}]}<\/script>\n<!-- \/ Yoast SEO plugin. -->","yoast_head_json":{"title":"Locarno 2011 Day 7 : Lame de fond de Vincente Minnelli - Olivier P\u00e8re","robots":{"index":"index","follow":"follow","max-snippet":"max-snippet:-1","max-image-preview":"max-image-preview:large","max-video-preview":"max-video-preview:-1"},"canonical":"https:\/\/www.arte.tv\/sites\/olivierpere\/2011\/08\/09\/locarno-2011-day-7-lame-de-fond-de-vincente-minnelli\/","og_locale":"fr_FR","og_type":"article","og_title":"Locarno 2011 Day 7 : Lame de fond de Vincente Minnelli - Olivier P\u00e8re","og_description":"Durant tout le Festival del film Locarno, la salle Ex-Rex est consacr\u00e9e \u00e0 la r\u00e9trospective Vincente Minnelli. Aujourd\u2019hui \u00e0 11h,\u2026","og_url":"https:\/\/www.arte.tv\/sites\/olivierpere\/2011\/08\/09\/locarno-2011-day-7-lame-de-fond-de-vincente-minnelli\/","og_site_name":"Olivier P\u00e8re","article_published_time":"2011-08-09T07:00:05+00:00","article_modified_time":"2014-06-09T06:41:33+00:00","og_image":[{"width":900,"height":731,"url":"https:\/\/www.arte.tv\/sites\/olivierpere\/files\/oc557600_p3001_147965.jpg","type":"image\/jpeg"}],"author":"Olivier P\u00e8re","twitter_misc":{"\u00c9crit par":"Olivier P\u00e8re","Dur\u00e9e de lecture estim\u00e9e":"2 minutes"},"schema":{"@context":"https:\/\/schema.org","@graph":[{"@type":"WebPage","@id":"https:\/\/www.arte.tv\/sites\/olivierpere\/2011\/08\/09\/locarno-2011-day-7-lame-de-fond-de-vincente-minnelli\/","url":"https:\/\/www.arte.tv\/sites\/olivierpere\/2011\/08\/09\/locarno-2011-day-7-lame-de-fond-de-vincente-minnelli\/","name":"Locarno 2011 Day 7 : Lame de fond de Vincente Minnelli - Olivier P\u00e8re","isPartOf":{"@id":"https:\/\/www.arte.tv\/sites\/olivierpere\/#website"},"datePublished":"2011-08-09T07:00:05+00:00","dateModified":"2014-06-09T06:41:33+00:00","author":{"@id":"https:\/\/www.arte.tv\/sites\/olivierpere\/#\/schema\/person\/dc32cd6c79be95e52d43b97a74182558"},"breadcrumb":{"@id":"https:\/\/www.arte.tv\/sites\/olivierpere\/2011\/08\/09\/locarno-2011-day-7-lame-de-fond-de-vincente-minnelli\/#breadcrumb"},"inLanguage":"fr-FR","potentialAction":[{"@type":"ReadAction","target":["https:\/\/www.arte.tv\/sites\/olivierpere\/2011\/08\/09\/locarno-2011-day-7-lame-de-fond-de-vincente-minnelli\/"]}]},{"@type":"BreadcrumbList","@id":"https:\/\/www.arte.tv\/sites\/olivierpere\/2011\/08\/09\/locarno-2011-day-7-lame-de-fond-de-vincente-minnelli\/#breadcrumb","itemListElement":[{"@type":"ListItem","position":1,"name":"Home","item":"https:\/\/www.arte.tv\/sites\/olivierpere\/"},{"@type":"ListItem","position":2,"name":"Locarno 2011 Day 7 : Lame de fond de Vincente Minnelli"}]},{"@type":"WebSite","@id":"https:\/\/www.arte.tv\/sites\/olivierpere\/#website","url":"https:\/\/www.arte.tv\/sites\/olivierpere\/","name":"Olivier P\u00e8re","description":"","potentialAction":[{"@type":"SearchAction","target":{"@type":"EntryPoint","urlTemplate":"https:\/\/www.arte.tv\/sites\/olivierpere\/?s={search_term_string}"},"query-input":"required name=search_term_string"}],"inLanguage":"fr-FR"},{"@type":"Person","@id":"https:\/\/www.arte.tv\/sites\/olivierpere\/#\/schema\/person\/dc32cd6c79be95e52d43b97a74182558","name":"Olivier P\u00e8re","image":{"@type":"ImageObject","inLanguage":"fr-FR","@id":"https:\/\/www.arte.tv\/sites\/olivierpere\/#\/schema\/person\/image\/","url":"https:\/\/secure.gravatar.com\/avatar\/bdea7b6a2c195e2c41772429a9694758?s=96&d=mm&r=g","contentUrl":"https:\/\/secure.gravatar.com\/avatar\/bdea7b6a2c195e2c41772429a9694758?s=96&d=mm&r=g","caption":"Olivier P\u00e8re"},"url":"https:\/\/www.arte.tv\/sites\/olivierpere\/author\/pereolivier\/"}]}},"_links":{"self":[{"href":"https:\/\/www.arte.tv\/sites\/olivierpere\/wp-json\/wp\/v2\/posts\/1723"}],"collection":[{"href":"https:\/\/www.arte.tv\/sites\/olivierpere\/wp-json\/wp\/v2\/posts"}],"about":[{"href":"https:\/\/www.arte.tv\/sites\/olivierpere\/wp-json\/wp\/v2\/types\/post"}],"author":[{"embeddable":true,"href":"https:\/\/www.arte.tv\/sites\/olivierpere\/wp-json\/wp\/v2\/users\/116"}],"replies":[{"embeddable":true,"href":"https:\/\/www.arte.tv\/sites\/olivierpere\/wp-json\/wp\/v2\/comments?post=1723"}],"version-history":[{"count":1,"href":"https:\/\/www.arte.tv\/sites\/olivierpere\/wp-json\/wp\/v2\/posts\/1723\/revisions"}],"predecessor-version":[{"id":13030,"href":"https:\/\/www.arte.tv\/sites\/olivierpere\/wp-json\/wp\/v2\/posts\/1723\/revisions\/13030"}],"wp:featuredmedia":[{"embeddable":true,"href":"https:\/\/www.arte.tv\/sites\/olivierpere\/wp-json\/wp\/v2\/media\/13029"}],"wp:attachment":[{"href":"https:\/\/www.arte.tv\/sites\/olivierpere\/wp-json\/wp\/v2\/media?parent=1723"}],"wp:term":[{"taxonomy":"category","embeddable":true,"href":"https:\/\/www.arte.tv\/sites\/olivierpere\/wp-json\/wp\/v2\/categories?post=1723"},{"taxonomy":"post_tag","embeddable":true,"href":"https:\/\/www.arte.tv\/sites\/olivierpere\/wp-json\/wp\/v2\/tags?post=1723"}],"curies":[{"name":"wp","href":"https:\/\/api.w.org\/{rel}","templated":true}]}}