{"id":1676,"date":"2011-08-04T08:00:01","date_gmt":"2011-08-04T07:00:01","guid":{"rendered":"http:\/\/olivierpere.wordpress.com\/?p=1676"},"modified":"2020-03-28T13:21:42","modified_gmt":"2020-03-28T12:21:42","slug":"locarno-2011-day-2-leslie-caron","status":"publish","type":"post","link":"https:\/\/www.arte.tv\/sites\/olivierpere\/2011\/08\/04\/locarno-2011-day-2-leslie-caron\/","title":{"rendered":"Locarno 2011 Day 2 : Leslie Caron"},"content":{"rendered":"<p><span style=\"font-family: arial;font-size: 10pt\">Leslie Caron continue de faire r\u00eaver plusieurs g\u00e9n\u00e9rations de spectateurs et a c\u00e9l\u00e9br\u00e9 avec une gr\u00e2ce unique les noces de la danse et de la com\u00e9die. Nous l\u2019accueillons ce soir sur la Piazza Grande, \u00e0 l\u2019occasion de la traduction fran\u00e7aise de ses m\u00e9moires et de la r\u00e9trospective Vincente Minnelli, avec qui elle a tourn\u00e9 deux longs m\u00e9trages, <em>Un Am\u00e9ricain \u00e0 Paris<\/em>, <em>Gigi<\/em> et le sketch \u00ab Mademoiselle \u00bb de <em>Histoire de trois amours<\/em>.<br \/>\nJeune danseuse dans le ballet de Roland Petit, elle d\u00e9barque \u00e0 Hollywood, sous contrat \u00e0 la MGM, et fait ses premiers pas devant les cam\u00e9ras aux c\u00f4t\u00e9s de Gene Kelly dans <em>Un Am\u00e9ricain \u00e0 Paris<\/em>. Puis c\u2019est au tour de Fred Astaire de danser avec elle dans <em>Papa longues jambes<\/em>. Minnelli, Astaire et Kelly, princes de la com\u00e9die musicale, sont ses parrains de cin\u00e9ma.<br \/>\nL\u2019autre grande rencontre dans la vie de Leslie Caron, c\u2019est Jean Renoir, auquel elle consacre les plus belles pages de ses m\u00e9moires \u00ab Une Fran\u00e7aise \u00e0 Hollywood \u00bb (\u00e9ditions BakerStreet). Install\u00e9 \u00e0 Beverly Hills, Jean Renoir re\u00e7oit Leslie Caron \u00e0 partir de 1951 et une tendre amiti\u00e9 na\u00eet entre la jeune actrice et le vieux ma\u00eetre d\u2019une intelligence et d\u2019une chaleur humaine extraordinaires. Renoir et Leslie Caron nourriront \u00e0 plusieurs reprises l\u2019espoir de tourner un film ensemble, mais c\u2019est finalement sur les planches qu\u2019ils se retrouveront. Renoir \u00e9crit et met en sc\u00e8ne pour elle la pi\u00e8ce <em>Orvet<\/em>, dont la premi\u00e8re aura lieu en 1955 au Th\u00e9\u00e2tre de la Renaissance \u00e0 Paris. D\u2019autres artistes d\u2019exception traverseront la vie de Leslie Caron : Warren Beatty, Fran\u00e7ois Truffaut, Rudolf Noureev\u2026<br \/>\nUne rencontre entre Leslie Caron et le public pour \u00e9voquer sa carri\u00e8re aura lieu demain vendredi \u00e0 la Magnolia \u00e0 14h, mod\u00e9r\u00e9e par Serge Toubiana, directeur g\u00e9n\u00e9ral de la Cin\u00e9math\u00e8que fran\u00e7aise.<br \/>\n<\/span><\/p>\n","protected":false},"excerpt":{"rendered":"<p>Leslie Caron continue de faire r\u00eaver plusieurs g\u00e9n\u00e9rations de spectateurs et a c\u00e9l\u00e9br\u00e9 avec une gr\u00e2ce unique les noces de\u2026<\/p>\n","protected":false},"author":116,"featured_media":0,"comment_status":"open","ping_status":"open","sticky":false,"template":"","format":"standard","meta":[],"categories":[9],"tags":[],"yoast_head":"<!-- This site is optimized with the Yoast SEO plugin v20.8 - https:\/\/yoast.com\/wordpress\/plugins\/seo\/ -->\n<title>Locarno 2011 Day 2 : Leslie Caron - Olivier P\u00e8re<\/title>\n<meta name=\"robots\" content=\"index, follow, max-snippet:-1, max-image-preview:large, max-video-preview:-1\" \/>\n<link rel=\"canonical\" href=\"https:\/\/www.arte.tv\/sites\/olivierpere\/2011\/08\/04\/locarno-2011-day-2-leslie-caron\/\" \/>\n<meta property=\"og:locale\" content=\"fr_FR\" \/>\n<meta property=\"og:type\" content=\"article\" \/>\n<meta property=\"og:title\" content=\"Locarno 2011 Day 2 : Leslie Caron - Olivier P\u00e8re\" \/>\n<meta property=\"og:description\" content=\"Leslie Caron continue de faire r\u00eaver plusieurs g\u00e9n\u00e9rations de spectateurs et a c\u00e9l\u00e9br\u00e9 avec une gr\u00e2ce unique les noces de\u2026\" \/>\n<meta property=\"og:url\" content=\"https:\/\/www.arte.tv\/sites\/olivierpere\/2011\/08\/04\/locarno-2011-day-2-leslie-caron\/\" \/>\n<meta property=\"og:site_name\" content=\"Olivier P\u00e8re\" \/>\n<meta property=\"article:published_time\" content=\"2011-08-04T07:00:01+00:00\" \/>\n<meta property=\"article:modified_time\" content=\"2020-03-28T12:21:42+00:00\" \/>\n<meta name=\"author\" content=\"Olivier P\u00e8re\" \/>\n<meta name=\"twitter:label1\" content=\"\u00c9crit par\" \/>\n\t<meta name=\"twitter:data1\" content=\"Olivier P\u00e8re\" \/>\n\t<meta name=\"twitter:label2\" content=\"Dur\u00e9e de lecture estim\u00e9e\" \/>\n\t<meta name=\"twitter:data2\" content=\"2 minutes\" \/>\n<script type=\"application\/ld+json\" class=\"yoast-schema-graph\">{\"@context\":\"https:\/\/schema.org\",\"@graph\":[{\"@type\":\"WebPage\",\"@id\":\"https:\/\/www.arte.tv\/sites\/olivierpere\/2011\/08\/04\/locarno-2011-day-2-leslie-caron\/\",\"url\":\"https:\/\/www.arte.tv\/sites\/olivierpere\/2011\/08\/04\/locarno-2011-day-2-leslie-caron\/\",\"name\":\"Locarno 2011 Day 2 : Leslie Caron - Olivier P\u00e8re\",\"isPartOf\":{\"@id\":\"https:\/\/www.arte.tv\/sites\/olivierpere\/#website\"},\"datePublished\":\"2011-08-04T07:00:01+00:00\",\"dateModified\":\"2020-03-28T12:21:42+00:00\",\"author\":{\"@id\":\"https:\/\/www.arte.tv\/sites\/olivierpere\/#\/schema\/person\/dc32cd6c79be95e52d43b97a74182558\"},\"breadcrumb\":{\"@id\":\"https:\/\/www.arte.tv\/sites\/olivierpere\/2011\/08\/04\/locarno-2011-day-2-leslie-caron\/#breadcrumb\"},\"inLanguage\":\"fr-FR\",\"potentialAction\":[{\"@type\":\"ReadAction\",\"target\":[\"https:\/\/www.arte.tv\/sites\/olivierpere\/2011\/08\/04\/locarno-2011-day-2-leslie-caron\/\"]}]},{\"@type\":\"BreadcrumbList\",\"@id\":\"https:\/\/www.arte.tv\/sites\/olivierpere\/2011\/08\/04\/locarno-2011-day-2-leslie-caron\/#breadcrumb\",\"itemListElement\":[{\"@type\":\"ListItem\",\"position\":1,\"name\":\"Home\",\"item\":\"https:\/\/www.arte.tv\/sites\/olivierpere\/\"},{\"@type\":\"ListItem\",\"position\":2,\"name\":\"Locarno 2011 Day 2 : Leslie Caron\"}]},{\"@type\":\"WebSite\",\"@id\":\"https:\/\/www.arte.tv\/sites\/olivierpere\/#website\",\"url\":\"https:\/\/www.arte.tv\/sites\/olivierpere\/\",\"name\":\"Olivier P\u00e8re\",\"description\":\"\",\"potentialAction\":[{\"@type\":\"SearchAction\",\"target\":{\"@type\":\"EntryPoint\",\"urlTemplate\":\"https:\/\/www.arte.tv\/sites\/olivierpere\/?s={search_term_string}\"},\"query-input\":\"required name=search_term_string\"}],\"inLanguage\":\"fr-FR\"},{\"@type\":\"Person\",\"@id\":\"https:\/\/www.arte.tv\/sites\/olivierpere\/#\/schema\/person\/dc32cd6c79be95e52d43b97a74182558\",\"name\":\"Olivier P\u00e8re\",\"image\":{\"@type\":\"ImageObject\",\"inLanguage\":\"fr-FR\",\"@id\":\"https:\/\/www.arte.tv\/sites\/olivierpere\/#\/schema\/person\/image\/\",\"url\":\"https:\/\/secure.gravatar.com\/avatar\/bdea7b6a2c195e2c41772429a9694758?s=96&d=mm&r=g\",\"contentUrl\":\"https:\/\/secure.gravatar.com\/avatar\/bdea7b6a2c195e2c41772429a9694758?s=96&d=mm&r=g\",\"caption\":\"Olivier P\u00e8re\"},\"url\":\"https:\/\/www.arte.tv\/sites\/olivierpere\/author\/pereolivier\/\"}]}<\/script>\n<!-- \/ Yoast SEO plugin. -->","yoast_head_json":{"title":"Locarno 2011 Day 2 : Leslie Caron - Olivier P\u00e8re","robots":{"index":"index","follow":"follow","max-snippet":"max-snippet:-1","max-image-preview":"max-image-preview:large","max-video-preview":"max-video-preview:-1"},"canonical":"https:\/\/www.arte.tv\/sites\/olivierpere\/2011\/08\/04\/locarno-2011-day-2-leslie-caron\/","og_locale":"fr_FR","og_type":"article","og_title":"Locarno 2011 Day 2 : Leslie Caron - Olivier P\u00e8re","og_description":"Leslie Caron continue de faire r\u00eaver plusieurs g\u00e9n\u00e9rations de spectateurs et a c\u00e9l\u00e9br\u00e9 avec une gr\u00e2ce unique les noces de\u2026","og_url":"https:\/\/www.arte.tv\/sites\/olivierpere\/2011\/08\/04\/locarno-2011-day-2-leslie-caron\/","og_site_name":"Olivier P\u00e8re","article_published_time":"2011-08-04T07:00:01+00:00","article_modified_time":"2020-03-28T12:21:42+00:00","author":"Olivier P\u00e8re","twitter_misc":{"\u00c9crit par":"Olivier P\u00e8re","Dur\u00e9e de lecture estim\u00e9e":"2 minutes"},"schema":{"@context":"https:\/\/schema.org","@graph":[{"@type":"WebPage","@id":"https:\/\/www.arte.tv\/sites\/olivierpere\/2011\/08\/04\/locarno-2011-day-2-leslie-caron\/","url":"https:\/\/www.arte.tv\/sites\/olivierpere\/2011\/08\/04\/locarno-2011-day-2-leslie-caron\/","name":"Locarno 2011 Day 2 : Leslie Caron - Olivier P\u00e8re","isPartOf":{"@id":"https:\/\/www.arte.tv\/sites\/olivierpere\/#website"},"datePublished":"2011-08-04T07:00:01+00:00","dateModified":"2020-03-28T12:21:42+00:00","author":{"@id":"https:\/\/www.arte.tv\/sites\/olivierpere\/#\/schema\/person\/dc32cd6c79be95e52d43b97a74182558"},"breadcrumb":{"@id":"https:\/\/www.arte.tv\/sites\/olivierpere\/2011\/08\/04\/locarno-2011-day-2-leslie-caron\/#breadcrumb"},"inLanguage":"fr-FR","potentialAction":[{"@type":"ReadAction","target":["https:\/\/www.arte.tv\/sites\/olivierpere\/2011\/08\/04\/locarno-2011-day-2-leslie-caron\/"]}]},{"@type":"BreadcrumbList","@id":"https:\/\/www.arte.tv\/sites\/olivierpere\/2011\/08\/04\/locarno-2011-day-2-leslie-caron\/#breadcrumb","itemListElement":[{"@type":"ListItem","position":1,"name":"Home","item":"https:\/\/www.arte.tv\/sites\/olivierpere\/"},{"@type":"ListItem","position":2,"name":"Locarno 2011 Day 2 : Leslie Caron"}]},{"@type":"WebSite","@id":"https:\/\/www.arte.tv\/sites\/olivierpere\/#website","url":"https:\/\/www.arte.tv\/sites\/olivierpere\/","name":"Olivier P\u00e8re","description":"","potentialAction":[{"@type":"SearchAction","target":{"@type":"EntryPoint","urlTemplate":"https:\/\/www.arte.tv\/sites\/olivierpere\/?s={search_term_string}"},"query-input":"required name=search_term_string"}],"inLanguage":"fr-FR"},{"@type":"Person","@id":"https:\/\/www.arte.tv\/sites\/olivierpere\/#\/schema\/person\/dc32cd6c79be95e52d43b97a74182558","name":"Olivier P\u00e8re","image":{"@type":"ImageObject","inLanguage":"fr-FR","@id":"https:\/\/www.arte.tv\/sites\/olivierpere\/#\/schema\/person\/image\/","url":"https:\/\/secure.gravatar.com\/avatar\/bdea7b6a2c195e2c41772429a9694758?s=96&d=mm&r=g","contentUrl":"https:\/\/secure.gravatar.com\/avatar\/bdea7b6a2c195e2c41772429a9694758?s=96&d=mm&r=g","caption":"Olivier P\u00e8re"},"url":"https:\/\/www.arte.tv\/sites\/olivierpere\/author\/pereolivier\/"}]}},"_links":{"self":[{"href":"https:\/\/www.arte.tv\/sites\/olivierpere\/wp-json\/wp\/v2\/posts\/1676"}],"collection":[{"href":"https:\/\/www.arte.tv\/sites\/olivierpere\/wp-json\/wp\/v2\/posts"}],"about":[{"href":"https:\/\/www.arte.tv\/sites\/olivierpere\/wp-json\/wp\/v2\/types\/post"}],"author":[{"embeddable":true,"href":"https:\/\/www.arte.tv\/sites\/olivierpere\/wp-json\/wp\/v2\/users\/116"}],"replies":[{"embeddable":true,"href":"https:\/\/www.arte.tv\/sites\/olivierpere\/wp-json\/wp\/v2\/comments?post=1676"}],"version-history":[{"count":2,"href":"https:\/\/www.arte.tv\/sites\/olivierpere\/wp-json\/wp\/v2\/posts\/1676\/revisions"}],"predecessor-version":[{"id":24593,"href":"https:\/\/www.arte.tv\/sites\/olivierpere\/wp-json\/wp\/v2\/posts\/1676\/revisions\/24593"}],"wp:attachment":[{"href":"https:\/\/www.arte.tv\/sites\/olivierpere\/wp-json\/wp\/v2\/media?parent=1676"}],"wp:term":[{"taxonomy":"category","embeddable":true,"href":"https:\/\/www.arte.tv\/sites\/olivierpere\/wp-json\/wp\/v2\/categories?post=1676"},{"taxonomy":"post_tag","embeddable":true,"href":"https:\/\/www.arte.tv\/sites\/olivierpere\/wp-json\/wp\/v2\/tags?post=1676"}],"curies":[{"name":"wp","href":"https:\/\/api.w.org\/{rel}","templated":true}]}}