{"id":16714,"date":"2015-09-24T02:04:46","date_gmt":"2015-09-24T01:04:46","guid":{"rendered":"https:\/\/www.arte.tv\/sites\/olivierpere\/?p=16714"},"modified":"2015-09-24T09:50:44","modified_gmt":"2015-09-24T08:50:44","slug":"les-affranchis-de-martin-scorsese-2","status":"publish","type":"post","link":"https:\/\/www.arte.tv\/sites\/olivierpere\/2015\/09\/24\/les-affranchis-de-martin-scorsese-2\/","title":{"rendered":"Les Affranchis de Martin Scorsese"},"content":{"rendered":"<p>ARTE inaugure son cycle d\u00e9di\u00e9 \u00e0 Martin Scorsese en diffusant dimanche 18 octobre \u00e0 20h45 l\u2019un des films les plus c\u00e9l\u00e8bres du cin\u00e9aste am\u00e9ricain.<em> Les Affranchis<\/em> (<em>Goodfellas<\/em>, 1990) raconte l&rsquo;ascension et la chute d&rsquo;un jeune homme n\u00e9 \u00e0 Brooklyn et qui a toujours r\u00eav\u00e9 de devenir gangster. Il y parviendra, au d\u00e9triment de tout le reste\u00a0: son couple, ses complices, ses amis et ses affaires voleront en \u00e9clat \u00e0 l\u2019issue d\u2019une vie d\u2019exc\u00e8s de violence et de trahison qui conna\u00eetra un \u00e9pilogue tragi-comique. <em>Les Affranchis<\/em> est adapt\u00e9 d\u2019un r\u00e9cit de Nicholas Pileggi, \u00ab\u00a0Wiseguy\u00a0\u00bb, qui s\u2019inspirait de l\u2019histoire vraie d\u2019un petit truand, Henry Hill, (interpr\u00e9t\u00e9 par Ray Liotta dans le film), entre 1955 et 1980. Scorsese, en pleine forme, filme la mafia comme personne et aborde la drogue de front, une des cl\u00e9s de la fr\u00e9n\u00e9sie de ses mises en sc\u00e8ne. Comme dans <em>Mean Streets<\/em> le cin\u00e9aste oscille entre approche documentaire pseudo n\u00e9o-r\u00e9aliste et stylisation extr\u00eame, orchestrant la rencontre entre ses souvenirs de jeunesse (la communaut\u00e9 italo-am\u00e9ricaine de New York) et ses souvenirs de cin\u00e9phile (Michael Powell en t\u00eate). <em>Casino<\/em> (chef-d&rsquo;\u0153uvre de 1995, sans doute le film le plus ambitieux du cin\u00e9aste, v\u00e9ritable fresque intimiste sur un couple et un homme sans qualit\u00e9 employ\u00e9 par la mafia) reprendra les th\u00e8mes des<em> Affranchis<\/em> pour les d\u00e9velopper et les approfondir. <em>Mean Streets<\/em>, <em>Les Affranchis<\/em> et <em>Casino <\/em>forment une trilogie sur le fonctionnement de la mafia mais surtout sur la \u00ab\u00a0vieillesse du m\u00eame\u00a0\u00bb (le couple form\u00e9 par Scorsese et De Niro, le film criminel, la production ind\u00e9pendante am\u00e9ricaine) o\u00f9 le cin\u00e9aste \u00e9voque l\u2019\u00e9volution du gangst\u00e9risme, des petits voyous de quartier jusqu\u2019\u00e0 l\u2019organisation \u00e9conomique de Las Vegas film\u00e9e comme un documentaire cauchemardesque sur la soci\u00e9t\u00e9 capitaliste mais aussi de son propre cin\u00e9ma de plus en plus virtuose et flamboyant. On pourrait comparer les trois films \u00e0 <em>Rio Bravo<\/em>, <em>El Doraro<\/em> et <em>Rio Lobo<\/em>, sauf qu\u2019\u00e0 la diff\u00e9rence de Hawks le dernier film de la s\u00e9rie est le meilleur chez Scorsese.<\/p>\n<p>L&rsquo;exposition et la r\u00e9trospective consacr\u00e9es \u00e0 Martin Scorsese se d\u00e9rouleront du 14 octobre 2015 au 14 f\u00e9vrier 2016 \u00e0 la Cin\u00e9math\u00e8que fran\u00e7aise. A cette occasion <em>Les Nerfs \u00e0 vif<\/em> et <em>Casino<\/em> ressortiront dans les salles. Nous y reviendrons.<\/p>\n<p>Cycle Martin Scorsese sur ARTE<\/p>\n<p>Dimanche 18 octobre<\/p>\n<p>20h45 <em>Les Affranchis<\/em> (1990)<\/p>\n<p>23h <em>Un voyage avec Martin Scorsese \u00e0 travers le cin\u00e9ma am\u00e9ricain<\/em> parties 1 et 2 (1995) &#8211; Disponible aussi en coffret DVD chez ARTE \u00e9ditions<\/p>\n<p>Lundi 19 octobre<\/p>\n<p>20h55 <em>Le Temps de l&rsquo;innocence<\/em> (1993)<\/p>\n<p>23h05 <em>Mean Streets<\/em> (1972)<\/p>\n<p>00h55 <em>Un voyage avec Martin Scorsese \u00e0 travers le cin\u00e9ma am\u00e9ricain<\/em> partie 3 (1995) &#8211; Disponible aussi en coffret DVD chez ARTE \u00e9ditions<\/p>\n<p>Mercredi 21 octobre<\/p>\n<p>20h55<em> New York, New York<\/em> (1977)<\/p>\n<p>Lundi 26 octobre<\/p>\n<p>20h50 <em>Taxi Driver<\/em> (1976)<\/p>\n<p>22h40 <em>La Valse des pantins<\/em> (1983)<\/p>\n<div id=\"attachment_8987\" style=\"width: 1773px\" class=\"wp-caption alignnone\"><a href=\"https:\/\/www.arte.tv\/sites\/olivierpere\/files\/2013\/03\/Les-Affranchis.png\"><img aria-describedby=\"caption-attachment-8987\" decoding=\"async\" loading=\"lazy\" class=\"size-full wp-image-8987\" src=\"https:\/\/www.arte.tv\/sites\/olivierpere\/files\/2013\/03\/Les-Affranchis.png\" alt=\"Les Affranchis\" width=\"1763\" height=\"1034\" srcset=\"https:\/\/www.arte.tv\/sites\/olivierpere\/files\/2013\/03\/Les-Affranchis.png 1763w, https:\/\/www.arte.tv\/sites\/olivierpere\/files\/2013\/03\/Les-Affranchis-477x280.png 477w, https:\/\/www.arte.tv\/sites\/olivierpere\/files\/2013\/03\/Les-Affranchis-1024x600.png 1024w, https:\/\/www.arte.tv\/sites\/olivierpere\/files\/2013\/03\/Les-Affranchis-580x340.png 580w\" sizes=\"(max-width: 1763px) 100vw, 1763px\" \/><\/a><p id=\"caption-attachment-8987\" class=\"wp-caption-text\">Les Affranchis<\/p><\/div>\n","protected":false},"excerpt":{"rendered":"<p>ARTE inaugure son cycle d\u00e9di\u00e9 \u00e0 Martin Scorsese en diffusant dimanche 18 octobre \u00e0 20h45 l\u2019un des films les plus\u2026<\/p>\n","protected":false},"author":116,"featured_media":8986,"comment_status":"open","ping_status":"open","sticky":false,"template":"","format":"standard","meta":[],"categories":[9,8],"tags":[],"yoast_head":"<!-- This site is optimized with the Yoast SEO plugin v20.8 - https:\/\/yoast.com\/wordpress\/plugins\/seo\/ -->\n<title>Les Affranchis de Martin Scorsese - Olivier P\u00e8re<\/title>\n<meta name=\"robots\" content=\"index, follow, max-snippet:-1, max-image-preview:large, max-video-preview:-1\" \/>\n<link rel=\"canonical\" href=\"https:\/\/www.arte.tv\/sites\/olivierpere\/2015\/09\/24\/les-affranchis-de-martin-scorsese-2\/\" \/>\n<meta property=\"og:locale\" content=\"fr_FR\" \/>\n<meta property=\"og:type\" content=\"article\" \/>\n<meta property=\"og:title\" content=\"Les Affranchis de Martin Scorsese - Olivier P\u00e8re\" \/>\n<meta property=\"og:description\" content=\"ARTE inaugure son cycle d\u00e9di\u00e9 \u00e0 Martin Scorsese en diffusant dimanche 18 octobre \u00e0 20h45 l\u2019un des films les plus\u2026\" \/>\n<meta property=\"og:url\" content=\"https:\/\/www.arte.tv\/sites\/olivierpere\/2015\/09\/24\/les-affranchis-de-martin-scorsese-2\/\" \/>\n<meta property=\"og:site_name\" content=\"Olivier P\u00e8re\" \/>\n<meta property=\"article:published_time\" content=\"2015-09-24T01:04:46+00:00\" \/>\n<meta property=\"article:modified_time\" content=\"2015-09-24T08:50:44+00:00\" \/>\n<meta property=\"og:image\" content=\"https:\/\/www.arte.tv\/sites\/olivierpere\/files\/2013\/03\/Les-Affranchis.jpg\" \/>\n\t<meta property=\"og:image:width\" content=\"1800\" \/>\n\t<meta property=\"og:image:height\" content=\"1197\" \/>\n\t<meta property=\"og:image:type\" content=\"image\/jpeg\" \/>\n<meta name=\"author\" content=\"Olivier P\u00e8re\" \/>\n<meta name=\"twitter:label1\" content=\"\u00c9crit par\" \/>\n\t<meta name=\"twitter:data1\" content=\"Olivier P\u00e8re\" \/>\n\t<meta name=\"twitter:label2\" content=\"Dur\u00e9e de lecture estim\u00e9e\" \/>\n\t<meta name=\"twitter:data2\" content=\"2 minutes\" \/>\n<script type=\"application\/ld+json\" class=\"yoast-schema-graph\">{\"@context\":\"https:\/\/schema.org\",\"@graph\":[{\"@type\":\"WebPage\",\"@id\":\"https:\/\/www.arte.tv\/sites\/olivierpere\/2015\/09\/24\/les-affranchis-de-martin-scorsese-2\/\",\"url\":\"https:\/\/www.arte.tv\/sites\/olivierpere\/2015\/09\/24\/les-affranchis-de-martin-scorsese-2\/\",\"name\":\"Les Affranchis de Martin Scorsese - Olivier P\u00e8re\",\"isPartOf\":{\"@id\":\"https:\/\/www.arte.tv\/sites\/olivierpere\/#website\"},\"datePublished\":\"2015-09-24T01:04:46+00:00\",\"dateModified\":\"2015-09-24T08:50:44+00:00\",\"author\":{\"@id\":\"https:\/\/www.arte.tv\/sites\/olivierpere\/#\/schema\/person\/dc32cd6c79be95e52d43b97a74182558\"},\"breadcrumb\":{\"@id\":\"https:\/\/www.arte.tv\/sites\/olivierpere\/2015\/09\/24\/les-affranchis-de-martin-scorsese-2\/#breadcrumb\"},\"inLanguage\":\"fr-FR\",\"potentialAction\":[{\"@type\":\"ReadAction\",\"target\":[\"https:\/\/www.arte.tv\/sites\/olivierpere\/2015\/09\/24\/les-affranchis-de-martin-scorsese-2\/\"]}]},{\"@type\":\"BreadcrumbList\",\"@id\":\"https:\/\/www.arte.tv\/sites\/olivierpere\/2015\/09\/24\/les-affranchis-de-martin-scorsese-2\/#breadcrumb\",\"itemListElement\":[{\"@type\":\"ListItem\",\"position\":1,\"name\":\"Home\",\"item\":\"https:\/\/www.arte.tv\/sites\/olivierpere\/\"},{\"@type\":\"ListItem\",\"position\":2,\"name\":\"Les Affranchis de Martin Scorsese\"}]},{\"@type\":\"WebSite\",\"@id\":\"https:\/\/www.arte.tv\/sites\/olivierpere\/#website\",\"url\":\"https:\/\/www.arte.tv\/sites\/olivierpere\/\",\"name\":\"Olivier P\u00e8re\",\"description\":\"\",\"potentialAction\":[{\"@type\":\"SearchAction\",\"target\":{\"@type\":\"EntryPoint\",\"urlTemplate\":\"https:\/\/www.arte.tv\/sites\/olivierpere\/?s={search_term_string}\"},\"query-input\":\"required name=search_term_string\"}],\"inLanguage\":\"fr-FR\"},{\"@type\":\"Person\",\"@id\":\"https:\/\/www.arte.tv\/sites\/olivierpere\/#\/schema\/person\/dc32cd6c79be95e52d43b97a74182558\",\"name\":\"Olivier P\u00e8re\",\"image\":{\"@type\":\"ImageObject\",\"inLanguage\":\"fr-FR\",\"@id\":\"https:\/\/www.arte.tv\/sites\/olivierpere\/#\/schema\/person\/image\/\",\"url\":\"https:\/\/secure.gravatar.com\/avatar\/bdea7b6a2c195e2c41772429a9694758?s=96&d=mm&r=g\",\"contentUrl\":\"https:\/\/secure.gravatar.com\/avatar\/bdea7b6a2c195e2c41772429a9694758?s=96&d=mm&r=g\",\"caption\":\"Olivier P\u00e8re\"},\"url\":\"https:\/\/www.arte.tv\/sites\/olivierpere\/author\/pereolivier\/\"}]}<\/script>\n<!-- \/ Yoast SEO plugin. -->","yoast_head_json":{"title":"Les Affranchis de Martin Scorsese - Olivier P\u00e8re","robots":{"index":"index","follow":"follow","max-snippet":"max-snippet:-1","max-image-preview":"max-image-preview:large","max-video-preview":"max-video-preview:-1"},"canonical":"https:\/\/www.arte.tv\/sites\/olivierpere\/2015\/09\/24\/les-affranchis-de-martin-scorsese-2\/","og_locale":"fr_FR","og_type":"article","og_title":"Les Affranchis de Martin Scorsese - Olivier P\u00e8re","og_description":"ARTE inaugure son cycle d\u00e9di\u00e9 \u00e0 Martin Scorsese en diffusant dimanche 18 octobre \u00e0 20h45 l\u2019un des films les plus\u2026","og_url":"https:\/\/www.arte.tv\/sites\/olivierpere\/2015\/09\/24\/les-affranchis-de-martin-scorsese-2\/","og_site_name":"Olivier P\u00e8re","article_published_time":"2015-09-24T01:04:46+00:00","article_modified_time":"2015-09-24T08:50:44+00:00","og_image":[{"width":"1800","height":"1197","url":"https:\/\/www.arte.tv\/sites\/olivierpere\/files\/2013\/03\/Les-Affranchis.jpg","type":"image\/jpeg"}],"author":"Olivier P\u00e8re","twitter_misc":{"\u00c9crit par":"Olivier P\u00e8re","Dur\u00e9e de lecture estim\u00e9e":"2 minutes"},"schema":{"@context":"https:\/\/schema.org","@graph":[{"@type":"WebPage","@id":"https:\/\/www.arte.tv\/sites\/olivierpere\/2015\/09\/24\/les-affranchis-de-martin-scorsese-2\/","url":"https:\/\/www.arte.tv\/sites\/olivierpere\/2015\/09\/24\/les-affranchis-de-martin-scorsese-2\/","name":"Les Affranchis de Martin Scorsese - Olivier P\u00e8re","isPartOf":{"@id":"https:\/\/www.arte.tv\/sites\/olivierpere\/#website"},"datePublished":"2015-09-24T01:04:46+00:00","dateModified":"2015-09-24T08:50:44+00:00","author":{"@id":"https:\/\/www.arte.tv\/sites\/olivierpere\/#\/schema\/person\/dc32cd6c79be95e52d43b97a74182558"},"breadcrumb":{"@id":"https:\/\/www.arte.tv\/sites\/olivierpere\/2015\/09\/24\/les-affranchis-de-martin-scorsese-2\/#breadcrumb"},"inLanguage":"fr-FR","potentialAction":[{"@type":"ReadAction","target":["https:\/\/www.arte.tv\/sites\/olivierpere\/2015\/09\/24\/les-affranchis-de-martin-scorsese-2\/"]}]},{"@type":"BreadcrumbList","@id":"https:\/\/www.arte.tv\/sites\/olivierpere\/2015\/09\/24\/les-affranchis-de-martin-scorsese-2\/#breadcrumb","itemListElement":[{"@type":"ListItem","position":1,"name":"Home","item":"https:\/\/www.arte.tv\/sites\/olivierpere\/"},{"@type":"ListItem","position":2,"name":"Les Affranchis de Martin Scorsese"}]},{"@type":"WebSite","@id":"https:\/\/www.arte.tv\/sites\/olivierpere\/#website","url":"https:\/\/www.arte.tv\/sites\/olivierpere\/","name":"Olivier P\u00e8re","description":"","potentialAction":[{"@type":"SearchAction","target":{"@type":"EntryPoint","urlTemplate":"https:\/\/www.arte.tv\/sites\/olivierpere\/?s={search_term_string}"},"query-input":"required name=search_term_string"}],"inLanguage":"fr-FR"},{"@type":"Person","@id":"https:\/\/www.arte.tv\/sites\/olivierpere\/#\/schema\/person\/dc32cd6c79be95e52d43b97a74182558","name":"Olivier P\u00e8re","image":{"@type":"ImageObject","inLanguage":"fr-FR","@id":"https:\/\/www.arte.tv\/sites\/olivierpere\/#\/schema\/person\/image\/","url":"https:\/\/secure.gravatar.com\/avatar\/bdea7b6a2c195e2c41772429a9694758?s=96&d=mm&r=g","contentUrl":"https:\/\/secure.gravatar.com\/avatar\/bdea7b6a2c195e2c41772429a9694758?s=96&d=mm&r=g","caption":"Olivier P\u00e8re"},"url":"https:\/\/www.arte.tv\/sites\/olivierpere\/author\/pereolivier\/"}]}},"_links":{"self":[{"href":"https:\/\/www.arte.tv\/sites\/olivierpere\/wp-json\/wp\/v2\/posts\/16714"}],"collection":[{"href":"https:\/\/www.arte.tv\/sites\/olivierpere\/wp-json\/wp\/v2\/posts"}],"about":[{"href":"https:\/\/www.arte.tv\/sites\/olivierpere\/wp-json\/wp\/v2\/types\/post"}],"author":[{"embeddable":true,"href":"https:\/\/www.arte.tv\/sites\/olivierpere\/wp-json\/wp\/v2\/users\/116"}],"replies":[{"embeddable":true,"href":"https:\/\/www.arte.tv\/sites\/olivierpere\/wp-json\/wp\/v2\/comments?post=16714"}],"version-history":[{"count":5,"href":"https:\/\/www.arte.tv\/sites\/olivierpere\/wp-json\/wp\/v2\/posts\/16714\/revisions"}],"predecessor-version":[{"id":17061,"href":"https:\/\/www.arte.tv\/sites\/olivierpere\/wp-json\/wp\/v2\/posts\/16714\/revisions\/17061"}],"wp:featuredmedia":[{"embeddable":true,"href":"https:\/\/www.arte.tv\/sites\/olivierpere\/wp-json\/wp\/v2\/media\/8986"}],"wp:attachment":[{"href":"https:\/\/www.arte.tv\/sites\/olivierpere\/wp-json\/wp\/v2\/media?parent=16714"}],"wp:term":[{"taxonomy":"category","embeddable":true,"href":"https:\/\/www.arte.tv\/sites\/olivierpere\/wp-json\/wp\/v2\/categories?post=16714"},{"taxonomy":"post_tag","embeddable":true,"href":"https:\/\/www.arte.tv\/sites\/olivierpere\/wp-json\/wp\/v2\/tags?post=16714"}],"curies":[{"name":"wp","href":"https:\/\/api.w.org\/{rel}","templated":true}]}}