{"id":1651,"date":"2011-08-03T09:28:34","date_gmt":"2011-08-03T08:28:34","guid":{"rendered":"http:\/\/olivierpere.wordpress.com\/?p=1651"},"modified":"2014-06-09T07:48:29","modified_gmt":"2014-06-09T06:48:29","slug":"locarno-2011-day-1-super-8-de-j-j-abrams","status":"publish","type":"post","link":"https:\/\/www.arte.tv\/sites\/olivierpere\/2011\/08\/03\/locarno-2011-day-1-super-8-de-j-j-abrams\/","title":{"rendered":"Locarno 2011 Day 1 : Super 8 de J.J. Abrams"},"content":{"rendered":"<p><span style=\"font-family: arial;font-size: 10pt\">Pour ouvrir cette 64<sup>\u00e8me<\/sup> \u00e9dition du Festival del film Locarno nous pr\u00e9sentons <em>Super 8<\/em> de J.J. Abrams, qui sort dans les salles fran\u00e7aises et suisses le m\u00eame jour.<br \/>\nPar une \u00e9trange co\u00efncidence, le nom de Steven Spielberg est le fil conducteur de la premi\u00e8re moiti\u00e9 de la programmation de la Piazza Grande. Il a produit <em>Super 8<\/em> et <em>Cowboys &amp; Aliens <\/em>et Joe Cornish (<em>Attack the Block<\/em>)est le sc\u00e9nariste de son attendu<em> The Adventures of Tintin.<\/em> Co\u00efncidence qui n\u2019en est pas une si l\u2019on consid\u00e8re l\u2019influence unique que Spielberg exerce sur le cin\u00e9ma mondial depuis presque cinquante ans.<br \/>\nL\u2019ex wonder boy est d\u00e9sormais \u00e0 la t\u00eate d\u2019un extraordinaire empire cin\u00e9matographique, sans d\u00e9laisser sa carri\u00e8re de cin\u00e9aste qui a pris ces dix derni\u00e8res ann\u00e9es une tournure passionnante avec des films aussi beaux que <em>A.I.<\/em> et <em>La Guerre des mondes<\/em>. <em>Super 8<\/em>, hommage au ma\u00eetre de la science-fiction moderne, poss\u00e8de cependant des qualit\u00e9s propres qui le diff\u00e9rencie du cin\u00e9ma spielbergien\u00a0: notamment un personnage f\u00e9minin d\u2019une belle maturit\u00e9 malgr\u00e9 son \u00e2ge. Spielberg n\u2019a jamais \u00e9t\u00e9 tr\u00e8s inspir\u00e9 par les filles et les femmes. <em>Super 8 <\/em>nous impressionne plus par l\u2019interpr\u00e9tation d\u2019Elle Fanning que par ses superbes effets sp\u00e9ciaux. Elle est g\u00e9niale dans le r\u00f4le d\u2019Alice, gamine qui se r\u00e9v\u00e8le juste et bouleversante d\u00e8s la premi\u00e8re prise lorsque le jeune h\u00e9ros cin\u00e9aste, amoureux d\u2019elle, lui demande de jouer dans son film d\u2019horreur amateur. Elle Fanning (r\u00e9v\u00e9l\u00e9e par <em>Somewhere<\/em> de Sofia Coppola) n\u2019a que treize ans, mais c\u2019est d\u00e9j\u00e0 une grande actrice. Et une future star.<\/span><\/p>\n<p><span style=\"font-family: arial;font-size: 10pt\">Et\u00e9 79, dans une petite ville de l\u2019Ohio. Un groupe de jeunes adolescents tourne un film d\u2019horreur en super 8. Une nuit, ils enregistrent par hasard le d\u00e9raillement spectaculaire d\u2019un train de marchandises. Cette catastrophe ferroviaire cache une affaire d\u2019\u00e9tat\u00a0: quelque chose s\u2019est \u00e9chapp\u00e9 d\u2019un wagon, et des ph\u00e9nom\u00e8nes \u00e9tranges se succ\u00e8dent dans la bourgade\u2026<br \/>\nBlockbuster intelligent, <em>Super 8<\/em> repr\u00e9sente ce que les studios hollywoodiens peuvent produire de meilleur\u00a0: une machinerie rutilante au service d\u2019un projet de cin\u00e9ma g\u00e9n\u00e9reux et personnel. <em>Super 8<\/em> n\u2019est pas un film de science-fiction comme les autres. Il repose sur la nostalgie de la fin des ann\u00e9es 70, \u00e9poque de la jeunesse du cin\u00e9aste.<br \/>\nUn effet saisissant de mim\u00e9tisme est au c\u0153ur du film, qui sans mani\u00e9risme retrouve l\u2019esth\u00e9tique des films produits et r\u00e9alis\u00e9s par Steven Spielberg \u00e0 cette \u00e9poque (<em>Rencontres du troisi\u00e8me type<\/em>, <em>E.T. l\u2019extraterrestre<\/em>, <em>Les Goonies<\/em>).<em><br \/>\nSuper 8<\/em> est donc une madeleine de Proust \u00e0 partager avec le cin\u00e9aste, avec des effets photographiques et des mouvements de cam\u00e9ra qui font ressurgir les souvenirs des spectateurs qui ont plus de trente ans. D\u00e8s son titre, il exhume de l\u2019oubli un format remplac\u00e9 depuis longtemps par les petites cam\u00e9ras num\u00e9riques qui ont d\u00e9mocratis\u00e9 la fabrication des images, tant sur le plan domestique que professionnel. La premi\u00e8re rencontre entre J.J. Abrams et son producteur Steven Spielberg se fit d\u2019ailleurs gr\u00e2ce au super 8. Les deux hommes ont commenc\u00e9 leurs carri\u00e8re en tournant des petits films dans ce format (Abrams d\u00e8s l\u2019\u00e2ge de huit ans), et le r\u00e9alisateur des <em>Dents de la mer<\/em> avait demand\u00e9 au cin\u00e9aste en herbe \u00e2g\u00e9 de quinze ans (et \u00e0 son ami Matt Reeves, futur r\u00e9alisateur de <em>Cloverfield<\/em>) de restaurer ses propres films super 8. C\u2019\u00e9tait en 1981. La boucle est boucl\u00e9e.<br \/>\n<\/span><\/p>\n<div id=\"attachment_1659\" style=\"width: 1034px\" class=\"wp-caption aligncenter\"><a href=\"http:\/\/olivierpere.wordpress.com\/2011\/08\/03\/locarno-2011-day-1-super-8-de-j-j-abrams\/super-8\/\" rel=\"attachment wp-att-1659\"><img aria-describedby=\"caption-attachment-1659\" decoding=\"async\" loading=\"lazy\" class=\"size-large wp-image-1659\" title=\"&lt;em&gt;Super 8&lt;\/em&gt; de J.J. Abrams (2011)\" src=\"https:\/\/www.arte.tv\/sites\/olivierpere\/files\/2011\/08\/d-06429.jpg?w=1024\" alt=\"Super 8 de J.J. Abrams (2011)\" width=\"1024\" height=\"682\" srcset=\"https:\/\/www.arte.tv\/sites\/olivierpere\/files\/2011\/08\/d-06429.jpg 2000w, https:\/\/www.arte.tv\/sites\/olivierpere\/files\/2011\/08\/d-06429-420x280.jpg 420w, https:\/\/www.arte.tv\/sites\/olivierpere\/files\/2011\/08\/d-06429-1024x682.jpg 1024w, https:\/\/www.arte.tv\/sites\/olivierpere\/files\/2011\/08\/d-06429-580x386.jpg 580w\" sizes=\"(max-width: 1024px) 100vw, 1024px\" \/><\/a><p id=\"caption-attachment-1659\" class=\"wp-caption-text\"><em>Super 8<\/em> (2011)<\/p><\/div>\n","protected":false},"excerpt":{"rendered":"<p>Pour ouvrir cette 64\u00e8me \u00e9dition du Festival del film Locarno nous pr\u00e9sentons Super 8 de J.J. Abrams, qui sort dans\u2026<\/p>\n","protected":false},"author":116,"featured_media":13039,"comment_status":"open","ping_status":"open","sticky":false,"template":"","format":"standard","meta":[],"categories":[9],"tags":[],"yoast_head":"<!-- This site is optimized with the Yoast SEO plugin v20.8 - https:\/\/yoast.com\/wordpress\/plugins\/seo\/ -->\n<title>Locarno 2011 Day 1 : Super 8 de J.J. Abrams - Olivier P\u00e8re<\/title>\n<meta name=\"robots\" content=\"index, follow, max-snippet:-1, max-image-preview:large, max-video-preview:-1\" \/>\n<link rel=\"canonical\" href=\"https:\/\/www.arte.tv\/sites\/olivierpere\/2011\/08\/03\/locarno-2011-day-1-super-8-de-j-j-abrams\/\" \/>\n<meta property=\"og:locale\" content=\"fr_FR\" \/>\n<meta property=\"og:type\" content=\"article\" \/>\n<meta property=\"og:title\" content=\"Locarno 2011 Day 1 : Super 8 de J.J. Abrams - Olivier P\u00e8re\" \/>\n<meta property=\"og:description\" content=\"Pour ouvrir cette 64\u00e8me \u00e9dition du Festival del film Locarno nous pr\u00e9sentons Super 8 de J.J. Abrams, qui sort dans\u2026\" \/>\n<meta property=\"og:url\" content=\"https:\/\/www.arte.tv\/sites\/olivierpere\/2011\/08\/03\/locarno-2011-day-1-super-8-de-j-j-abrams\/\" \/>\n<meta property=\"og:site_name\" content=\"Olivier P\u00e8re\" \/>\n<meta property=\"article:published_time\" content=\"2011-08-03T08:28:34+00:00\" \/>\n<meta property=\"article:modified_time\" content=\"2014-06-09T06:48:29+00:00\" \/>\n<meta property=\"og:image\" content=\"https:\/\/www.arte.tv\/sites\/olivierpere\/files\/Super8.jpg\" \/>\n\t<meta property=\"og:image:width\" content=\"1600\" \/>\n\t<meta property=\"og:image:height\" content=\"1067\" \/>\n\t<meta property=\"og:image:type\" content=\"image\/jpeg\" \/>\n<meta name=\"author\" content=\"Olivier P\u00e8re\" \/>\n<meta name=\"twitter:label1\" content=\"\u00c9crit par\" \/>\n\t<meta name=\"twitter:data1\" content=\"Olivier P\u00e8re\" \/>\n\t<meta name=\"twitter:label2\" content=\"Dur\u00e9e de lecture estim\u00e9e\" \/>\n\t<meta name=\"twitter:data2\" content=\"3 minutes\" \/>\n<script type=\"application\/ld+json\" class=\"yoast-schema-graph\">{\"@context\":\"https:\/\/schema.org\",\"@graph\":[{\"@type\":\"WebPage\",\"@id\":\"https:\/\/www.arte.tv\/sites\/olivierpere\/2011\/08\/03\/locarno-2011-day-1-super-8-de-j-j-abrams\/\",\"url\":\"https:\/\/www.arte.tv\/sites\/olivierpere\/2011\/08\/03\/locarno-2011-day-1-super-8-de-j-j-abrams\/\",\"name\":\"Locarno 2011 Day 1 : Super 8 de J.J. Abrams - Olivier P\u00e8re\",\"isPartOf\":{\"@id\":\"https:\/\/www.arte.tv\/sites\/olivierpere\/#website\"},\"datePublished\":\"2011-08-03T08:28:34+00:00\",\"dateModified\":\"2014-06-09T06:48:29+00:00\",\"author\":{\"@id\":\"https:\/\/www.arte.tv\/sites\/olivierpere\/#\/schema\/person\/dc32cd6c79be95e52d43b97a74182558\"},\"breadcrumb\":{\"@id\":\"https:\/\/www.arte.tv\/sites\/olivierpere\/2011\/08\/03\/locarno-2011-day-1-super-8-de-j-j-abrams\/#breadcrumb\"},\"inLanguage\":\"fr-FR\",\"potentialAction\":[{\"@type\":\"ReadAction\",\"target\":[\"https:\/\/www.arte.tv\/sites\/olivierpere\/2011\/08\/03\/locarno-2011-day-1-super-8-de-j-j-abrams\/\"]}]},{\"@type\":\"BreadcrumbList\",\"@id\":\"https:\/\/www.arte.tv\/sites\/olivierpere\/2011\/08\/03\/locarno-2011-day-1-super-8-de-j-j-abrams\/#breadcrumb\",\"itemListElement\":[{\"@type\":\"ListItem\",\"position\":1,\"name\":\"Home\",\"item\":\"https:\/\/www.arte.tv\/sites\/olivierpere\/\"},{\"@type\":\"ListItem\",\"position\":2,\"name\":\"Locarno 2011 Day 1 : Super 8 de J.J. Abrams\"}]},{\"@type\":\"WebSite\",\"@id\":\"https:\/\/www.arte.tv\/sites\/olivierpere\/#website\",\"url\":\"https:\/\/www.arte.tv\/sites\/olivierpere\/\",\"name\":\"Olivier P\u00e8re\",\"description\":\"\",\"potentialAction\":[{\"@type\":\"SearchAction\",\"target\":{\"@type\":\"EntryPoint\",\"urlTemplate\":\"https:\/\/www.arte.tv\/sites\/olivierpere\/?s={search_term_string}\"},\"query-input\":\"required name=search_term_string\"}],\"inLanguage\":\"fr-FR\"},{\"@type\":\"Person\",\"@id\":\"https:\/\/www.arte.tv\/sites\/olivierpere\/#\/schema\/person\/dc32cd6c79be95e52d43b97a74182558\",\"name\":\"Olivier P\u00e8re\",\"image\":{\"@type\":\"ImageObject\",\"inLanguage\":\"fr-FR\",\"@id\":\"https:\/\/www.arte.tv\/sites\/olivierpere\/#\/schema\/person\/image\/\",\"url\":\"https:\/\/secure.gravatar.com\/avatar\/bdea7b6a2c195e2c41772429a9694758?s=96&d=mm&r=g\",\"contentUrl\":\"https:\/\/secure.gravatar.com\/avatar\/bdea7b6a2c195e2c41772429a9694758?s=96&d=mm&r=g\",\"caption\":\"Olivier P\u00e8re\"},\"url\":\"https:\/\/www.arte.tv\/sites\/olivierpere\/author\/pereolivier\/\"}]}<\/script>\n<!-- \/ Yoast SEO plugin. -->","yoast_head_json":{"title":"Locarno 2011 Day 1 : Super 8 de J.J. Abrams - Olivier P\u00e8re","robots":{"index":"index","follow":"follow","max-snippet":"max-snippet:-1","max-image-preview":"max-image-preview:large","max-video-preview":"max-video-preview:-1"},"canonical":"https:\/\/www.arte.tv\/sites\/olivierpere\/2011\/08\/03\/locarno-2011-day-1-super-8-de-j-j-abrams\/","og_locale":"fr_FR","og_type":"article","og_title":"Locarno 2011 Day 1 : Super 8 de J.J. Abrams - Olivier P\u00e8re","og_description":"Pour ouvrir cette 64\u00e8me \u00e9dition du Festival del film Locarno nous pr\u00e9sentons Super 8 de J.J. Abrams, qui sort dans\u2026","og_url":"https:\/\/www.arte.tv\/sites\/olivierpere\/2011\/08\/03\/locarno-2011-day-1-super-8-de-j-j-abrams\/","og_site_name":"Olivier P\u00e8re","article_published_time":"2011-08-03T08:28:34+00:00","article_modified_time":"2014-06-09T06:48:29+00:00","og_image":[{"width":1600,"height":1067,"url":"https:\/\/www.arte.tv\/sites\/olivierpere\/files\/Super8.jpg","type":"image\/jpeg"}],"author":"Olivier P\u00e8re","twitter_misc":{"\u00c9crit par":"Olivier P\u00e8re","Dur\u00e9e de lecture estim\u00e9e":"3 minutes"},"schema":{"@context":"https:\/\/schema.org","@graph":[{"@type":"WebPage","@id":"https:\/\/www.arte.tv\/sites\/olivierpere\/2011\/08\/03\/locarno-2011-day-1-super-8-de-j-j-abrams\/","url":"https:\/\/www.arte.tv\/sites\/olivierpere\/2011\/08\/03\/locarno-2011-day-1-super-8-de-j-j-abrams\/","name":"Locarno 2011 Day 1 : Super 8 de J.J. Abrams - Olivier P\u00e8re","isPartOf":{"@id":"https:\/\/www.arte.tv\/sites\/olivierpere\/#website"},"datePublished":"2011-08-03T08:28:34+00:00","dateModified":"2014-06-09T06:48:29+00:00","author":{"@id":"https:\/\/www.arte.tv\/sites\/olivierpere\/#\/schema\/person\/dc32cd6c79be95e52d43b97a74182558"},"breadcrumb":{"@id":"https:\/\/www.arte.tv\/sites\/olivierpere\/2011\/08\/03\/locarno-2011-day-1-super-8-de-j-j-abrams\/#breadcrumb"},"inLanguage":"fr-FR","potentialAction":[{"@type":"ReadAction","target":["https:\/\/www.arte.tv\/sites\/olivierpere\/2011\/08\/03\/locarno-2011-day-1-super-8-de-j-j-abrams\/"]}]},{"@type":"BreadcrumbList","@id":"https:\/\/www.arte.tv\/sites\/olivierpere\/2011\/08\/03\/locarno-2011-day-1-super-8-de-j-j-abrams\/#breadcrumb","itemListElement":[{"@type":"ListItem","position":1,"name":"Home","item":"https:\/\/www.arte.tv\/sites\/olivierpere\/"},{"@type":"ListItem","position":2,"name":"Locarno 2011 Day 1 : Super 8 de J.J. Abrams"}]},{"@type":"WebSite","@id":"https:\/\/www.arte.tv\/sites\/olivierpere\/#website","url":"https:\/\/www.arte.tv\/sites\/olivierpere\/","name":"Olivier P\u00e8re","description":"","potentialAction":[{"@type":"SearchAction","target":{"@type":"EntryPoint","urlTemplate":"https:\/\/www.arte.tv\/sites\/olivierpere\/?s={search_term_string}"},"query-input":"required name=search_term_string"}],"inLanguage":"fr-FR"},{"@type":"Person","@id":"https:\/\/www.arte.tv\/sites\/olivierpere\/#\/schema\/person\/dc32cd6c79be95e52d43b97a74182558","name":"Olivier P\u00e8re","image":{"@type":"ImageObject","inLanguage":"fr-FR","@id":"https:\/\/www.arte.tv\/sites\/olivierpere\/#\/schema\/person\/image\/","url":"https:\/\/secure.gravatar.com\/avatar\/bdea7b6a2c195e2c41772429a9694758?s=96&d=mm&r=g","contentUrl":"https:\/\/secure.gravatar.com\/avatar\/bdea7b6a2c195e2c41772429a9694758?s=96&d=mm&r=g","caption":"Olivier P\u00e8re"},"url":"https:\/\/www.arte.tv\/sites\/olivierpere\/author\/pereolivier\/"}]}},"_links":{"self":[{"href":"https:\/\/www.arte.tv\/sites\/olivierpere\/wp-json\/wp\/v2\/posts\/1651"}],"collection":[{"href":"https:\/\/www.arte.tv\/sites\/olivierpere\/wp-json\/wp\/v2\/posts"}],"about":[{"href":"https:\/\/www.arte.tv\/sites\/olivierpere\/wp-json\/wp\/v2\/types\/post"}],"author":[{"embeddable":true,"href":"https:\/\/www.arte.tv\/sites\/olivierpere\/wp-json\/wp\/v2\/users\/116"}],"replies":[{"embeddable":true,"href":"https:\/\/www.arte.tv\/sites\/olivierpere\/wp-json\/wp\/v2\/comments?post=1651"}],"version-history":[{"count":1,"href":"https:\/\/www.arte.tv\/sites\/olivierpere\/wp-json\/wp\/v2\/posts\/1651\/revisions"}],"predecessor-version":[{"id":13040,"href":"https:\/\/www.arte.tv\/sites\/olivierpere\/wp-json\/wp\/v2\/posts\/1651\/revisions\/13040"}],"wp:featuredmedia":[{"embeddable":true,"href":"https:\/\/www.arte.tv\/sites\/olivierpere\/wp-json\/wp\/v2\/media\/13039"}],"wp:attachment":[{"href":"https:\/\/www.arte.tv\/sites\/olivierpere\/wp-json\/wp\/v2\/media?parent=1651"}],"wp:term":[{"taxonomy":"category","embeddable":true,"href":"https:\/\/www.arte.tv\/sites\/olivierpere\/wp-json\/wp\/v2\/categories?post=1651"},{"taxonomy":"post_tag","embeddable":true,"href":"https:\/\/www.arte.tv\/sites\/olivierpere\/wp-json\/wp\/v2\/tags?post=1651"}],"curies":[{"name":"wp","href":"https:\/\/api.w.org\/{rel}","templated":true}]}}