{"id":16048,"date":"2015-07-12T03:49:58","date_gmt":"2015-07-12T02:49:58","guid":{"rendered":"https:\/\/www.arte.tv\/sites\/olivierpere\/?p=16048"},"modified":"2015-07-10T17:12:17","modified_gmt":"2015-07-10T16:12:17","slug":"sorcerer-de-william-friedkin","status":"publish","type":"post","link":"https:\/\/www.arte.tv\/sites\/olivierpere\/2015\/07\/12\/sorcerer-de-william-friedkin\/","title":{"rendered":"Sorcerer de William Friedkin"},"content":{"rendered":"<p><iframe loading=\"lazy\" src=\"https:\/\/www.youtube.com\/embed\/Fw7dliftWc8\" width=\"560\" height=\"315\" frameborder=\"0\"><\/iframe><\/p>\n<p>La Rabbia en association avec Bac Films ressort en salles mercredi 15 juillet <em>Le Convoi de la peur<\/em> sous son titre am\u00e9ricain original <em>Sorcerer. <\/em>Le chef-d\u2019\u0153uvre de William Friedkin r\u00e9alis\u00e9 en 1977 a fait peau neuve il y a quelques ann\u00e9es gr\u00e2ce \u00e0 une version restaur\u00e9e et remasteris\u00e9e par Friedkin lui-m\u00eame, qu&rsquo;on pourra bient\u00f4t admirer dans les salles fran\u00e7aises apr\u00e8s sa r\u00e9\u00e9dition en Blu-ray, et sa diffusion sur ARTE au mois de janvier.<\/p>\n<p>Trois hommes de nationalit\u00e9s diff\u00e9rentes, un gangster am\u00e9ricain (Roy Scheider), un banquier fran\u00e7ais (Bruno Cremer) et un terroriste palestinien (Amidou), chacun recherch\u00e9 par la police de son pays, s&rsquo;associent pour conduire un chargement de nitroglyc\u00e9rine \u00e0 travers la jungle sud-am\u00e9ricaine, afin de stopper l\u2019incendie d\u2019une exploitation p\u00e9troli\u00e8re. La cargaison hautement explosive est uniquement transportable par voie routi\u00e8re, exp\u00e9dition qui rel\u00e8ve de la mission suicide. Mais les trois aventuriers ont d\u00e9sesp\u00e9r\u00e9ment besoin d\u2019argent pour quitter ce lieu infernal&#8230; Un quatri\u00e8me homme (Francisco Rabal), tueur \u00e0 gages lui aussi en fuite, les rejoint au dernier moment dans ce dangereux p\u00e9riple.<\/p>\n<p>Ce pr\u00e9tendu remake du <em>Salaire de la peur<\/em> de Henri-Georges Clouzot a acquis une r\u00e9putation exceptionnelle au fil des ans, au m\u00eame titre que trois autres nouvelles versions modernis\u00e9es de grands films classiques d\u2019abord m\u00e9pris\u00e9es ou incomprises lors de leurs sorties au d\u00e9but des ann\u00e9es 80, aujourd\u2019hui admir\u00e9es par les amateurs de cin\u00e9ma\u00a0: <em>The Thing<\/em> de John Carpenter, <em>La F\u00e9line<\/em> de Paul Schrader et <em>Scarface<\/em> de Brian De Palma. Trois cin\u00e9astes qui s\u2019engouffrent dans la violence et le pessimisme le plus total comme Friedkin avant eux.<\/p>\n<p>Mais <em>Sorcerer<\/em>, qu\u2019on a le droit de pr\u00e9f\u00e9rer au film de Clouzot demeure un cas \u00e0 part dans l\u2019histoire mouvement\u00e9e du Nouvel Hollywood.<\/p>\n<p>Ce r\u00e9cit d\u2019aventure moderne sur le th\u00e8me du destin et de la dualit\u00e9 au c\u0153ur de chaque \u00eatre humain (\u00ab\u00a0personne n\u2019est quelque chose et rien de plus\u00a0\u00bb \u2013 \u00ab\u00a0No one is just anything\u00a0\u00bb est prononc\u00e9 au d\u00e9but du film dans l\u2019\u00e9pisode parisien, comme une sentence \u00e9clairant ce qui va suivre) dresse aussi, \u00e0 la diff\u00e9rence du film de Clouzot, le tableau g\u00e9opolitique d\u2019un monde qui bascule dans le chaos, r\u00e9gi par des forces opaques \u2013 mafieuses, financi\u00e8res et politiques qui broient les individus, leur interdisant toute forme de salut.<\/p>\n<div id=\"attachment_14457\" style=\"width: 3010px\" class=\"wp-caption alignnone\"><img aria-describedby=\"caption-attachment-14457\" decoding=\"async\" loading=\"lazy\" class=\"size-full wp-image-14457\" src=\"https:\/\/www.arte.tv\/sites\/fr\/olivierpere\/files\/sorcerer3.jpg\" alt=\"Roy Scheider dans Le Convoi de la peur\" width=\"3000\" height=\"1904\" srcset=\"https:\/\/www.arte.tv\/sites\/olivierpere\/files\/sorcerer3.jpg 3000w, https:\/\/www.arte.tv\/sites\/olivierpere\/files\/sorcerer3-441x280.jpg 441w, https:\/\/www.arte.tv\/sites\/olivierpere\/files\/sorcerer3-1024x650.jpg 1024w, https:\/\/www.arte.tv\/sites\/olivierpere\/files\/sorcerer3-580x368.jpg 580w\" sizes=\"(max-width: 3000px) 100vw, 3000px\" \/><p id=\"caption-attachment-14457\" class=\"wp-caption-text\">Roy Scheider dans Sorcerer<\/p><\/div>\n<p>Fascinant, \u00e9prouvant pour les nerfs et magnifiquement interpr\u00e9t\u00e9 par Roy Scheider, Bruno Cremer, Francisco Rabal et Amidou, <em>Sorcerer<\/em> connut un des tournages les plus compliqu\u00e9s de l\u2019histoire du cin\u00e9ma avant d\u2019acc\u00e9der au statut de chef-d\u2019\u0153uvre maudit.<\/p>\n<p>Il s\u2019agit sans doute du film le plus passionnant de Friedkin et d\u2019un titre majeur du cin\u00e9ma am\u00e9ricain contemporain. L\u2019hyperr\u00e9alisme cher \u00e0 l\u2019auteur de <em>French Connection<\/em>, le go\u00fbt du cin\u00e9aste pour les ambiances \u00e0 la fois cauchemardesques et documentaires, d\u00e9bouchent dans\u00a0<em>Sorcerer<\/em> sur des images criantes de v\u00e9rit\u00e9 (aucun trucage) et en m\u00eame temps proches de l\u2019hallucination, gr\u00e2ce au montage, \u00e0 l\u2019investissement physique des com\u00e9diens et \u00e0 la musique obs\u00e9dante du groupe de rock progressif allemand Tangerine Dream.<\/p>\n<p>&nbsp;<\/p>\n<p>&nbsp;<\/p>\n<p>&nbsp;<\/p>\n<p>&nbsp;<\/p>\n<p>&nbsp;<\/p>\n","protected":false},"excerpt":{"rendered":"<p>La Rabbia en association avec Bac Films ressort en salles mercredi 15 juillet Le Convoi de la peur sous son\u2026<\/p>\n","protected":false},"author":116,"featured_media":14449,"comment_status":"open","ping_status":"open","sticky":false,"template":"","format":"standard","meta":[],"categories":[9],"tags":[],"yoast_head":"<!-- This site is optimized with the Yoast SEO plugin v20.8 - https:\/\/yoast.com\/wordpress\/plugins\/seo\/ -->\n<title>Sorcerer de William Friedkin - Olivier P\u00e8re<\/title>\n<meta name=\"robots\" content=\"index, follow, max-snippet:-1, max-image-preview:large, max-video-preview:-1\" \/>\n<link rel=\"canonical\" href=\"https:\/\/www.arte.tv\/sites\/olivierpere\/2015\/07\/12\/sorcerer-de-william-friedkin\/\" \/>\n<meta property=\"og:locale\" content=\"fr_FR\" \/>\n<meta property=\"og:type\" content=\"article\" \/>\n<meta property=\"og:title\" content=\"Sorcerer de William Friedkin - Olivier P\u00e8re\" \/>\n<meta property=\"og:description\" content=\"La Rabbia en association avec Bac Films ressort en salles mercredi 15 juillet Le Convoi de la peur sous son\u2026\" \/>\n<meta property=\"og:url\" content=\"https:\/\/www.arte.tv\/sites\/olivierpere\/2015\/07\/12\/sorcerer-de-william-friedkin\/\" \/>\n<meta property=\"og:site_name\" content=\"Olivier P\u00e8re\" \/>\n<meta property=\"article:published_time\" content=\"2015-07-12T02:49:58+00:00\" \/>\n<meta property=\"article:modified_time\" content=\"2015-07-10T16:12:17+00:00\" \/>\n<meta property=\"og:image\" content=\"https:\/\/www.arte.tv\/sites\/olivierpere\/files\/truck.jpg\" \/>\n\t<meta property=\"og:image:width\" content=\"1280\" \/>\n\t<meta property=\"og:image:height\" content=\"720\" \/>\n\t<meta property=\"og:image:type\" content=\"image\/jpeg\" \/>\n<meta name=\"author\" content=\"Olivier P\u00e8re\" \/>\n<meta name=\"twitter:label1\" content=\"\u00c9crit par\" \/>\n\t<meta name=\"twitter:data1\" content=\"Olivier P\u00e8re\" \/>\n\t<meta name=\"twitter:label2\" content=\"Dur\u00e9e de lecture estim\u00e9e\" \/>\n\t<meta name=\"twitter:data2\" content=\"3 minutes\" \/>\n<script type=\"application\/ld+json\" class=\"yoast-schema-graph\">{\"@context\":\"https:\/\/schema.org\",\"@graph\":[{\"@type\":\"WebPage\",\"@id\":\"https:\/\/www.arte.tv\/sites\/olivierpere\/2015\/07\/12\/sorcerer-de-william-friedkin\/\",\"url\":\"https:\/\/www.arte.tv\/sites\/olivierpere\/2015\/07\/12\/sorcerer-de-william-friedkin\/\",\"name\":\"Sorcerer de William Friedkin - Olivier P\u00e8re\",\"isPartOf\":{\"@id\":\"https:\/\/www.arte.tv\/sites\/olivierpere\/#website\"},\"datePublished\":\"2015-07-12T02:49:58+00:00\",\"dateModified\":\"2015-07-10T16:12:17+00:00\",\"author\":{\"@id\":\"https:\/\/www.arte.tv\/sites\/olivierpere\/#\/schema\/person\/dc32cd6c79be95e52d43b97a74182558\"},\"breadcrumb\":{\"@id\":\"https:\/\/www.arte.tv\/sites\/olivierpere\/2015\/07\/12\/sorcerer-de-william-friedkin\/#breadcrumb\"},\"inLanguage\":\"fr-FR\",\"potentialAction\":[{\"@type\":\"ReadAction\",\"target\":[\"https:\/\/www.arte.tv\/sites\/olivierpere\/2015\/07\/12\/sorcerer-de-william-friedkin\/\"]}]},{\"@type\":\"BreadcrumbList\",\"@id\":\"https:\/\/www.arte.tv\/sites\/olivierpere\/2015\/07\/12\/sorcerer-de-william-friedkin\/#breadcrumb\",\"itemListElement\":[{\"@type\":\"ListItem\",\"position\":1,\"name\":\"Home\",\"item\":\"https:\/\/www.arte.tv\/sites\/olivierpere\/\"},{\"@type\":\"ListItem\",\"position\":2,\"name\":\"Sorcerer de William Friedkin\"}]},{\"@type\":\"WebSite\",\"@id\":\"https:\/\/www.arte.tv\/sites\/olivierpere\/#website\",\"url\":\"https:\/\/www.arte.tv\/sites\/olivierpere\/\",\"name\":\"Olivier P\u00e8re\",\"description\":\"\",\"potentialAction\":[{\"@type\":\"SearchAction\",\"target\":{\"@type\":\"EntryPoint\",\"urlTemplate\":\"https:\/\/www.arte.tv\/sites\/olivierpere\/?s={search_term_string}\"},\"query-input\":\"required name=search_term_string\"}],\"inLanguage\":\"fr-FR\"},{\"@type\":\"Person\",\"@id\":\"https:\/\/www.arte.tv\/sites\/olivierpere\/#\/schema\/person\/dc32cd6c79be95e52d43b97a74182558\",\"name\":\"Olivier P\u00e8re\",\"image\":{\"@type\":\"ImageObject\",\"inLanguage\":\"fr-FR\",\"@id\":\"https:\/\/www.arte.tv\/sites\/olivierpere\/#\/schema\/person\/image\/\",\"url\":\"https:\/\/secure.gravatar.com\/avatar\/bdea7b6a2c195e2c41772429a9694758?s=96&d=mm&r=g\",\"contentUrl\":\"https:\/\/secure.gravatar.com\/avatar\/bdea7b6a2c195e2c41772429a9694758?s=96&d=mm&r=g\",\"caption\":\"Olivier P\u00e8re\"},\"url\":\"https:\/\/www.arte.tv\/sites\/olivierpere\/author\/pereolivier\/\"}]}<\/script>\n<!-- \/ Yoast SEO plugin. -->","yoast_head_json":{"title":"Sorcerer de William Friedkin - Olivier P\u00e8re","robots":{"index":"index","follow":"follow","max-snippet":"max-snippet:-1","max-image-preview":"max-image-preview:large","max-video-preview":"max-video-preview:-1"},"canonical":"https:\/\/www.arte.tv\/sites\/olivierpere\/2015\/07\/12\/sorcerer-de-william-friedkin\/","og_locale":"fr_FR","og_type":"article","og_title":"Sorcerer de William Friedkin - Olivier P\u00e8re","og_description":"La Rabbia en association avec Bac Films ressort en salles mercredi 15 juillet Le Convoi de la peur sous son\u2026","og_url":"https:\/\/www.arte.tv\/sites\/olivierpere\/2015\/07\/12\/sorcerer-de-william-friedkin\/","og_site_name":"Olivier P\u00e8re","article_published_time":"2015-07-12T02:49:58+00:00","article_modified_time":"2015-07-10T16:12:17+00:00","og_image":[{"width":1280,"height":720,"url":"https:\/\/www.arte.tv\/sites\/olivierpere\/files\/truck.jpg","type":"image\/jpeg"}],"author":"Olivier P\u00e8re","twitter_misc":{"\u00c9crit par":"Olivier P\u00e8re","Dur\u00e9e de lecture estim\u00e9e":"3 minutes"},"schema":{"@context":"https:\/\/schema.org","@graph":[{"@type":"WebPage","@id":"https:\/\/www.arte.tv\/sites\/olivierpere\/2015\/07\/12\/sorcerer-de-william-friedkin\/","url":"https:\/\/www.arte.tv\/sites\/olivierpere\/2015\/07\/12\/sorcerer-de-william-friedkin\/","name":"Sorcerer de William Friedkin - Olivier P\u00e8re","isPartOf":{"@id":"https:\/\/www.arte.tv\/sites\/olivierpere\/#website"},"datePublished":"2015-07-12T02:49:58+00:00","dateModified":"2015-07-10T16:12:17+00:00","author":{"@id":"https:\/\/www.arte.tv\/sites\/olivierpere\/#\/schema\/person\/dc32cd6c79be95e52d43b97a74182558"},"breadcrumb":{"@id":"https:\/\/www.arte.tv\/sites\/olivierpere\/2015\/07\/12\/sorcerer-de-william-friedkin\/#breadcrumb"},"inLanguage":"fr-FR","potentialAction":[{"@type":"ReadAction","target":["https:\/\/www.arte.tv\/sites\/olivierpere\/2015\/07\/12\/sorcerer-de-william-friedkin\/"]}]},{"@type":"BreadcrumbList","@id":"https:\/\/www.arte.tv\/sites\/olivierpere\/2015\/07\/12\/sorcerer-de-william-friedkin\/#breadcrumb","itemListElement":[{"@type":"ListItem","position":1,"name":"Home","item":"https:\/\/www.arte.tv\/sites\/olivierpere\/"},{"@type":"ListItem","position":2,"name":"Sorcerer de William Friedkin"}]},{"@type":"WebSite","@id":"https:\/\/www.arte.tv\/sites\/olivierpere\/#website","url":"https:\/\/www.arte.tv\/sites\/olivierpere\/","name":"Olivier P\u00e8re","description":"","potentialAction":[{"@type":"SearchAction","target":{"@type":"EntryPoint","urlTemplate":"https:\/\/www.arte.tv\/sites\/olivierpere\/?s={search_term_string}"},"query-input":"required name=search_term_string"}],"inLanguage":"fr-FR"},{"@type":"Person","@id":"https:\/\/www.arte.tv\/sites\/olivierpere\/#\/schema\/person\/dc32cd6c79be95e52d43b97a74182558","name":"Olivier P\u00e8re","image":{"@type":"ImageObject","inLanguage":"fr-FR","@id":"https:\/\/www.arte.tv\/sites\/olivierpere\/#\/schema\/person\/image\/","url":"https:\/\/secure.gravatar.com\/avatar\/bdea7b6a2c195e2c41772429a9694758?s=96&d=mm&r=g","contentUrl":"https:\/\/secure.gravatar.com\/avatar\/bdea7b6a2c195e2c41772429a9694758?s=96&d=mm&r=g","caption":"Olivier P\u00e8re"},"url":"https:\/\/www.arte.tv\/sites\/olivierpere\/author\/pereolivier\/"}]}},"_links":{"self":[{"href":"https:\/\/www.arte.tv\/sites\/olivierpere\/wp-json\/wp\/v2\/posts\/16048"}],"collection":[{"href":"https:\/\/www.arte.tv\/sites\/olivierpere\/wp-json\/wp\/v2\/posts"}],"about":[{"href":"https:\/\/www.arte.tv\/sites\/olivierpere\/wp-json\/wp\/v2\/types\/post"}],"author":[{"embeddable":true,"href":"https:\/\/www.arte.tv\/sites\/olivierpere\/wp-json\/wp\/v2\/users\/116"}],"replies":[{"embeddable":true,"href":"https:\/\/www.arte.tv\/sites\/olivierpere\/wp-json\/wp\/v2\/comments?post=16048"}],"version-history":[{"count":2,"href":"https:\/\/www.arte.tv\/sites\/olivierpere\/wp-json\/wp\/v2\/posts\/16048\/revisions"}],"predecessor-version":[{"id":16054,"href":"https:\/\/www.arte.tv\/sites\/olivierpere\/wp-json\/wp\/v2\/posts\/16048\/revisions\/16054"}],"wp:featuredmedia":[{"embeddable":true,"href":"https:\/\/www.arte.tv\/sites\/olivierpere\/wp-json\/wp\/v2\/media\/14449"}],"wp:attachment":[{"href":"https:\/\/www.arte.tv\/sites\/olivierpere\/wp-json\/wp\/v2\/media?parent=16048"}],"wp:term":[{"taxonomy":"category","embeddable":true,"href":"https:\/\/www.arte.tv\/sites\/olivierpere\/wp-json\/wp\/v2\/categories?post=16048"},{"taxonomy":"post_tag","embeddable":true,"href":"https:\/\/www.arte.tv\/sites\/olivierpere\/wp-json\/wp\/v2\/tags?post=16048"}],"curies":[{"name":"wp","href":"https:\/\/api.w.org\/{rel}","templated":true}]}}