{"id":15982,"date":"2015-06-16T02:28:28","date_gmt":"2015-06-16T01:28:28","guid":{"rendered":"https:\/\/www.arte.tv\/sites\/olivierpere\/?p=15982"},"modified":"2015-06-17T09:19:53","modified_gmt":"2015-06-17T08:19:53","slug":"masaan-de-neeraj-ghaywan","status":"publish","type":"post","link":"https:\/\/www.arte.tv\/sites\/olivierpere\/2015\/06\/16\/masaan-de-neeraj-ghaywan\/","title":{"rendered":"Masaan de Neeraj Ghaywan"},"content":{"rendered":"<p><iframe loading=\"lazy\" src=\"https:\/\/www.youtube.com\/embed\/-P7o63EcKlI\" width=\"560\" height=\"315\" frameborder=\"0\"><\/iframe><\/p>\n<p><em>Masaan<\/em>, pr\u00e9sent\u00e9 cette ann\u00e9e au Festival de Cannes dans la section Un Certain Regard sort le 24 juin dans les salles fran\u00e7aises, distribu\u00e9 par Path\u00e9. Premier long m\u00e9trage d\u2019un jeune cin\u00e9aste qui fut assistant \u00e0 la mise en sc\u00e8ne de Anurag Kashyap sur les deux parties de <em>Gangs of Wasseypur<\/em> et sur <em>Ugly<\/em>, coproduit par Guneet Monga d\u00e9j\u00e0 au g\u00e9n\u00e9rique de <em>Lunch Box<\/em> de Ritesh Batra, <em>Masaan<\/em> est une nouvelle preuve convaincante de la renaissance du cin\u00e9ma indien ind\u00e9pendant, loin des canons esth\u00e9tiques et industriels de Bollywood, entre modernit\u00e9 et retour \u00e0 une certaine tradition litt\u00e9raire et cin\u00e9matographique. Neeraj Ghaywan \u00e9labore un r\u00e9cit choral o\u00f9 se croisent plusieurs histoires et personnages reli\u00e9s par les th\u00e8mes du deuil et de l\u2019amour impossible, tous \u00e9cras\u00e9s par le poids des castes et l\u2019hypocrisie morale et religieuse, \u00e0 B\u00e9nar\u00e8s dans la Vall\u00e9e du Gange. Le film s\u2019articule principalement autour de deux r\u00e9cits parall\u00e8les dans lesquels des jeunes couples sont s\u00e9par\u00e9s par la mort. Surpris par la police dans une chambre d\u2019h\u00f4tel avec une amie un \u00e9tudiant pr\u00e9f\u00e8re se suicider plut\u00f4t que de subir la honte d\u2019un scandale sexuel \u2013 les rapports avant le mariage sont interdits en Inde. La jeune femme et son p\u00e8re deviendront les victimes de l\u2019officier de policier responsable de l\u2019intervention meurtri\u00e8re, ignoble ma\u00eetre chanteur qui veut leur extorquer de l\u2019argent en \u00e9change de son silence.<\/p>\n<div id=\"attachment_15569\" style=\"width: 5482px\" class=\"wp-caption alignnone\"><img aria-describedby=\"caption-attachment-15569\" decoding=\"async\" loading=\"lazy\" class=\"size-full wp-image-15569\" src=\"https:\/\/www.arte.tv\/sites\/olivierpere\/files\/masaan_de_neeraj_ghaywan.jpg\" alt=\"Masaan de Neeraj Ghaywan\" width=\"5472\" height=\"3648\" srcset=\"https:\/\/www.arte.tv\/sites\/olivierpere\/files\/masaan_de_neeraj_ghaywan.jpg 5472w, https:\/\/www.arte.tv\/sites\/olivierpere\/files\/masaan_de_neeraj_ghaywan-420x280.jpg 420w, https:\/\/www.arte.tv\/sites\/olivierpere\/files\/masaan_de_neeraj_ghaywan-1024x683.jpg 1024w, https:\/\/www.arte.tv\/sites\/olivierpere\/files\/masaan_de_neeraj_ghaywan-580x387.jpg 580w\" sizes=\"(max-width: 5472px) 100vw, 5472px\" \/><p id=\"caption-attachment-15569\" class=\"wp-caption-text\">Masaan de Neeraj Ghaywan<\/p><\/div>\n<p>L\u2019autre histoire met en sc\u00e8ne un jeune homme qui s\u2019occupe des rites fun\u00e9raires sur les bords du Gange et de la cr\u00e9mation des corps \u2013 Masaan veut dire \u00ab\u00a0b\u00fbcher\u00a0\u00bb en hindi &#8211; et qui tombe amoureux d\u2019une fille des castes sup\u00e9rieures, d\u2019abord incapable de lui avouer sa pauvre condition.<\/p>\n<p>La beaut\u00e9 du film parsem\u00e9 d\u2019\u00e9clats po\u00e9tiques n\u2019\u00e9dulcore en rien la noirceur de son propos. Neeraj Ghaywan r\u00e9ussit \u00e0 \u00e9treindre une mati\u00e8re romanesque tr\u00e8s riche, par l\u2019interm\u00e9diaire d\u2019un sc\u00e9nario foisonnant et n\u00e9anmoins lin\u00e9aire, et d\u2019une mise en sc\u00e8ne \u00e0 la pudeur bienvenue. <em>Masaan<\/em> dresse un tableau peu reluisant de la condition f\u00e9minine en Inde, de la corruption et des in\u00e9galit\u00e9s sociales, dans un pays qui a pourtant connu un d\u00e9veloppement et une modernisation rapides au cours des derni\u00e8res d\u00e9cennies. L\u2019actualit\u00e9 et les m\u00e9dias rendent trop souvent compte du harc\u00e8lement, des humiliations et des agressions faites aux femmes en Inde (pays qui n\u2019a h\u00e9las pas le monopole de ces violences sexistes), il est int\u00e9ressant de voir un cin\u00e9aste d\u00e9butant oser aborder ce probl\u00e8me sans en faire un film \u00e0 th\u00e8se, ni sombrer dans le sensationnalisme \u00e9difiant ou lacrymal.<\/p>\n<p>&nbsp;<\/p>\n<p>Sortie le 24 juin dans les salles fran\u00e7aises, distribu\u00e9 par Path\u00e9.<\/p>\n<div id=\"attachment_15785\" style=\"width: 3423px\" class=\"wp-caption alignnone\"><img aria-describedby=\"caption-attachment-15785\" decoding=\"async\" loading=\"lazy\" class=\"size-full wp-image-15785\" src=\"https:\/\/www.arte.tv\/sites\/olivierpere\/files\/Neeraj-Ghaywan-2.jpg\" alt=\"Neeraj Ghaywan par Paul Blind, Cannes 2015\" width=\"3413\" height=\"5120\" srcset=\"https:\/\/www.arte.tv\/sites\/olivierpere\/files\/Neeraj-Ghaywan-2.jpg 3413w, https:\/\/www.arte.tv\/sites\/olivierpere\/files\/Neeraj-Ghaywan-2-187x280.jpg 187w, https:\/\/www.arte.tv\/sites\/olivierpere\/files\/Neeraj-Ghaywan-2-512x768.jpg 512w, https:\/\/www.arte.tv\/sites\/olivierpere\/files\/Neeraj-Ghaywan-2-580x870.jpg 580w\" sizes=\"(max-width: 3413px) 100vw, 3413px\" \/><p id=\"caption-attachment-15785\" class=\"wp-caption-text\">Neeraj Ghaywan par Paul Blind, Cannes 2015<\/p><\/div>\n<div id=\"attachment_15788\" style=\"width: 3423px\" class=\"wp-caption alignnone\"><img aria-describedby=\"caption-attachment-15788\" decoding=\"async\" loading=\"lazy\" class=\"size-full wp-image-15788\" src=\"https:\/\/www.arte.tv\/sites\/olivierpere\/files\/Richa-Chadda.jpg\" alt=\"Richa Chadda par Paul Blind, Cannes 2015\" width=\"3413\" height=\"5120\" srcset=\"https:\/\/www.arte.tv\/sites\/olivierpere\/files\/Richa-Chadda.jpg 3413w, https:\/\/www.arte.tv\/sites\/olivierpere\/files\/Richa-Chadda-187x280.jpg 187w, https:\/\/www.arte.tv\/sites\/olivierpere\/files\/Richa-Chadda-512x768.jpg 512w, https:\/\/www.arte.tv\/sites\/olivierpere\/files\/Richa-Chadda-580x870.jpg 580w\" sizes=\"(max-width: 3413px) 100vw, 3413px\" \/><p id=\"caption-attachment-15788\" class=\"wp-caption-text\">Richa Chadda par Paul Blind, Cannes 2015<\/p><\/div>\n<div id=\"attachment_15789\" style=\"width: 3423px\" class=\"wp-caption alignnone\"><img aria-describedby=\"caption-attachment-15789\" decoding=\"async\" loading=\"lazy\" class=\"size-full wp-image-15789\" src=\"https:\/\/www.arte.tv\/sites\/olivierpere\/files\/Shweta-Tripathi-1.jpg\" alt=\"Shweta Tripathi par Paul Blind, Cannes 2015\" width=\"3413\" height=\"5120\" srcset=\"https:\/\/www.arte.tv\/sites\/olivierpere\/files\/Shweta-Tripathi-1.jpg 3413w, https:\/\/www.arte.tv\/sites\/olivierpere\/files\/Shweta-Tripathi-1-187x280.jpg 187w, https:\/\/www.arte.tv\/sites\/olivierpere\/files\/Shweta-Tripathi-1-512x768.jpg 512w, https:\/\/www.arte.tv\/sites\/olivierpere\/files\/Shweta-Tripathi-1-580x870.jpg 580w\" sizes=\"(max-width: 3413px) 100vw, 3413px\" \/><p id=\"caption-attachment-15789\" class=\"wp-caption-text\">Shweta Tripathi par Paul Blind, Cannes 2015<\/p><\/div>\n<div id=\"attachment_15790\" style=\"width: 3423px\" class=\"wp-caption alignnone\"><img aria-describedby=\"caption-attachment-15790\" decoding=\"async\" loading=\"lazy\" class=\"size-full wp-image-15790\" src=\"https:\/\/www.arte.tv\/sites\/olivierpere\/files\/Vicky-Kawshal.jpg\" alt=\"Vicky Kawshal par Paul Blind, Cannes 2015\" width=\"3413\" height=\"5120\" srcset=\"https:\/\/www.arte.tv\/sites\/olivierpere\/files\/Vicky-Kawshal.jpg 3413w, https:\/\/www.arte.tv\/sites\/olivierpere\/files\/Vicky-Kawshal-187x280.jpg 187w, https:\/\/www.arte.tv\/sites\/olivierpere\/files\/Vicky-Kawshal-512x768.jpg 512w, https:\/\/www.arte.tv\/sites\/olivierpere\/files\/Vicky-Kawshal-580x870.jpg 580w\" sizes=\"(max-width: 3413px) 100vw, 3413px\" \/><p id=\"caption-attachment-15790\" class=\"wp-caption-text\">Vicky Kawshal par Paul Blind, Cannes 2015<\/p><\/div>\n","protected":false},"excerpt":{"rendered":"<p>Masaan, pr\u00e9sent\u00e9 cette ann\u00e9e au Festival de Cannes dans la section Un Certain Regard sort le 24 juin dans les\u2026<\/p>\n","protected":false},"author":116,"featured_media":15568,"comment_status":"open","ping_status":"open","sticky":false,"template":"","format":"standard","meta":[],"categories":[9,6],"tags":[],"yoast_head":"<!-- This site is optimized with the Yoast SEO plugin v20.8 - https:\/\/yoast.com\/wordpress\/plugins\/seo\/ -->\n<title>Masaan de Neeraj Ghaywan - Olivier P\u00e8re<\/title>\n<meta name=\"robots\" content=\"index, follow, max-snippet:-1, max-image-preview:large, max-video-preview:-1\" \/>\n<link rel=\"canonical\" href=\"https:\/\/www.arte.tv\/sites\/olivierpere\/2015\/06\/16\/masaan-de-neeraj-ghaywan\/\" \/>\n<meta property=\"og:locale\" content=\"fr_FR\" \/>\n<meta property=\"og:type\" content=\"article\" \/>\n<meta property=\"og:title\" content=\"Masaan de Neeraj Ghaywan - Olivier P\u00e8re\" \/>\n<meta property=\"og:description\" content=\"Masaan, pr\u00e9sent\u00e9 cette ann\u00e9e au Festival de Cannes dans la section Un Certain Regard sort le 24 juin dans les\u2026\" \/>\n<meta property=\"og:url\" content=\"https:\/\/www.arte.tv\/sites\/olivierpere\/2015\/06\/16\/masaan-de-neeraj-ghaywan\/\" \/>\n<meta property=\"og:site_name\" content=\"Olivier P\u00e8re\" \/>\n<meta property=\"article:published_time\" content=\"2015-06-16T01:28:28+00:00\" \/>\n<meta property=\"article:modified_time\" content=\"2015-06-17T08:19:53+00:00\" \/>\n<meta property=\"og:image\" content=\"https:\/\/www.arte.tv\/sites\/olivierpere\/files\/2-Masaan.jpg\" \/>\n\t<meta property=\"og:image:width\" content=\"1200\" \/>\n\t<meta property=\"og:image:height\" content=\"800\" \/>\n\t<meta property=\"og:image:type\" content=\"image\/jpeg\" \/>\n<meta name=\"author\" content=\"Olivier P\u00e8re\" \/>\n<meta name=\"twitter:label1\" content=\"\u00c9crit par\" \/>\n\t<meta name=\"twitter:data1\" content=\"Olivier P\u00e8re\" \/>\n\t<meta name=\"twitter:label2\" content=\"Dur\u00e9e de lecture estim\u00e9e\" \/>\n\t<meta name=\"twitter:data2\" content=\"3 minutes\" \/>\n<script type=\"application\/ld+json\" class=\"yoast-schema-graph\">{\"@context\":\"https:\/\/schema.org\",\"@graph\":[{\"@type\":\"WebPage\",\"@id\":\"https:\/\/www.arte.tv\/sites\/olivierpere\/2015\/06\/16\/masaan-de-neeraj-ghaywan\/\",\"url\":\"https:\/\/www.arte.tv\/sites\/olivierpere\/2015\/06\/16\/masaan-de-neeraj-ghaywan\/\",\"name\":\"Masaan de Neeraj Ghaywan - Olivier P\u00e8re\",\"isPartOf\":{\"@id\":\"https:\/\/www.arte.tv\/sites\/olivierpere\/#website\"},\"datePublished\":\"2015-06-16T01:28:28+00:00\",\"dateModified\":\"2015-06-17T08:19:53+00:00\",\"author\":{\"@id\":\"https:\/\/www.arte.tv\/sites\/olivierpere\/#\/schema\/person\/dc32cd6c79be95e52d43b97a74182558\"},\"breadcrumb\":{\"@id\":\"https:\/\/www.arte.tv\/sites\/olivierpere\/2015\/06\/16\/masaan-de-neeraj-ghaywan\/#breadcrumb\"},\"inLanguage\":\"fr-FR\",\"potentialAction\":[{\"@type\":\"ReadAction\",\"target\":[\"https:\/\/www.arte.tv\/sites\/olivierpere\/2015\/06\/16\/masaan-de-neeraj-ghaywan\/\"]}]},{\"@type\":\"BreadcrumbList\",\"@id\":\"https:\/\/www.arte.tv\/sites\/olivierpere\/2015\/06\/16\/masaan-de-neeraj-ghaywan\/#breadcrumb\",\"itemListElement\":[{\"@type\":\"ListItem\",\"position\":1,\"name\":\"Home\",\"item\":\"https:\/\/www.arte.tv\/sites\/olivierpere\/\"},{\"@type\":\"ListItem\",\"position\":2,\"name\":\"Masaan de Neeraj Ghaywan\"}]},{\"@type\":\"WebSite\",\"@id\":\"https:\/\/www.arte.tv\/sites\/olivierpere\/#website\",\"url\":\"https:\/\/www.arte.tv\/sites\/olivierpere\/\",\"name\":\"Olivier P\u00e8re\",\"description\":\"\",\"potentialAction\":[{\"@type\":\"SearchAction\",\"target\":{\"@type\":\"EntryPoint\",\"urlTemplate\":\"https:\/\/www.arte.tv\/sites\/olivierpere\/?s={search_term_string}\"},\"query-input\":\"required name=search_term_string\"}],\"inLanguage\":\"fr-FR\"},{\"@type\":\"Person\",\"@id\":\"https:\/\/www.arte.tv\/sites\/olivierpere\/#\/schema\/person\/dc32cd6c79be95e52d43b97a74182558\",\"name\":\"Olivier P\u00e8re\",\"image\":{\"@type\":\"ImageObject\",\"inLanguage\":\"fr-FR\",\"@id\":\"https:\/\/www.arte.tv\/sites\/olivierpere\/#\/schema\/person\/image\/\",\"url\":\"https:\/\/secure.gravatar.com\/avatar\/bdea7b6a2c195e2c41772429a9694758?s=96&d=mm&r=g\",\"contentUrl\":\"https:\/\/secure.gravatar.com\/avatar\/bdea7b6a2c195e2c41772429a9694758?s=96&d=mm&r=g\",\"caption\":\"Olivier P\u00e8re\"},\"url\":\"https:\/\/www.arte.tv\/sites\/olivierpere\/author\/pereolivier\/\"}]}<\/script>\n<!-- \/ Yoast SEO plugin. -->","yoast_head_json":{"title":"Masaan de Neeraj Ghaywan - Olivier P\u00e8re","robots":{"index":"index","follow":"follow","max-snippet":"max-snippet:-1","max-image-preview":"max-image-preview:large","max-video-preview":"max-video-preview:-1"},"canonical":"https:\/\/www.arte.tv\/sites\/olivierpere\/2015\/06\/16\/masaan-de-neeraj-ghaywan\/","og_locale":"fr_FR","og_type":"article","og_title":"Masaan de Neeraj Ghaywan - Olivier P\u00e8re","og_description":"Masaan, pr\u00e9sent\u00e9 cette ann\u00e9e au Festival de Cannes dans la section Un Certain Regard sort le 24 juin dans les\u2026","og_url":"https:\/\/www.arte.tv\/sites\/olivierpere\/2015\/06\/16\/masaan-de-neeraj-ghaywan\/","og_site_name":"Olivier P\u00e8re","article_published_time":"2015-06-16T01:28:28+00:00","article_modified_time":"2015-06-17T08:19:53+00:00","og_image":[{"width":1200,"height":800,"url":"https:\/\/www.arte.tv\/sites\/olivierpere\/files\/2-Masaan.jpg","type":"image\/jpeg"}],"author":"Olivier P\u00e8re","twitter_misc":{"\u00c9crit par":"Olivier P\u00e8re","Dur\u00e9e de lecture estim\u00e9e":"3 minutes"},"schema":{"@context":"https:\/\/schema.org","@graph":[{"@type":"WebPage","@id":"https:\/\/www.arte.tv\/sites\/olivierpere\/2015\/06\/16\/masaan-de-neeraj-ghaywan\/","url":"https:\/\/www.arte.tv\/sites\/olivierpere\/2015\/06\/16\/masaan-de-neeraj-ghaywan\/","name":"Masaan de Neeraj Ghaywan - Olivier P\u00e8re","isPartOf":{"@id":"https:\/\/www.arte.tv\/sites\/olivierpere\/#website"},"datePublished":"2015-06-16T01:28:28+00:00","dateModified":"2015-06-17T08:19:53+00:00","author":{"@id":"https:\/\/www.arte.tv\/sites\/olivierpere\/#\/schema\/person\/dc32cd6c79be95e52d43b97a74182558"},"breadcrumb":{"@id":"https:\/\/www.arte.tv\/sites\/olivierpere\/2015\/06\/16\/masaan-de-neeraj-ghaywan\/#breadcrumb"},"inLanguage":"fr-FR","potentialAction":[{"@type":"ReadAction","target":["https:\/\/www.arte.tv\/sites\/olivierpere\/2015\/06\/16\/masaan-de-neeraj-ghaywan\/"]}]},{"@type":"BreadcrumbList","@id":"https:\/\/www.arte.tv\/sites\/olivierpere\/2015\/06\/16\/masaan-de-neeraj-ghaywan\/#breadcrumb","itemListElement":[{"@type":"ListItem","position":1,"name":"Home","item":"https:\/\/www.arte.tv\/sites\/olivierpere\/"},{"@type":"ListItem","position":2,"name":"Masaan de Neeraj Ghaywan"}]},{"@type":"WebSite","@id":"https:\/\/www.arte.tv\/sites\/olivierpere\/#website","url":"https:\/\/www.arte.tv\/sites\/olivierpere\/","name":"Olivier P\u00e8re","description":"","potentialAction":[{"@type":"SearchAction","target":{"@type":"EntryPoint","urlTemplate":"https:\/\/www.arte.tv\/sites\/olivierpere\/?s={search_term_string}"},"query-input":"required name=search_term_string"}],"inLanguage":"fr-FR"},{"@type":"Person","@id":"https:\/\/www.arte.tv\/sites\/olivierpere\/#\/schema\/person\/dc32cd6c79be95e52d43b97a74182558","name":"Olivier P\u00e8re","image":{"@type":"ImageObject","inLanguage":"fr-FR","@id":"https:\/\/www.arte.tv\/sites\/olivierpere\/#\/schema\/person\/image\/","url":"https:\/\/secure.gravatar.com\/avatar\/bdea7b6a2c195e2c41772429a9694758?s=96&d=mm&r=g","contentUrl":"https:\/\/secure.gravatar.com\/avatar\/bdea7b6a2c195e2c41772429a9694758?s=96&d=mm&r=g","caption":"Olivier P\u00e8re"},"url":"https:\/\/www.arte.tv\/sites\/olivierpere\/author\/pereolivier\/"}]}},"_links":{"self":[{"href":"https:\/\/www.arte.tv\/sites\/olivierpere\/wp-json\/wp\/v2\/posts\/15982"}],"collection":[{"href":"https:\/\/www.arte.tv\/sites\/olivierpere\/wp-json\/wp\/v2\/posts"}],"about":[{"href":"https:\/\/www.arte.tv\/sites\/olivierpere\/wp-json\/wp\/v2\/types\/post"}],"author":[{"embeddable":true,"href":"https:\/\/www.arte.tv\/sites\/olivierpere\/wp-json\/wp\/v2\/users\/116"}],"replies":[{"embeddable":true,"href":"https:\/\/www.arte.tv\/sites\/olivierpere\/wp-json\/wp\/v2\/comments?post=15982"}],"version-history":[{"count":2,"href":"https:\/\/www.arte.tv\/sites\/olivierpere\/wp-json\/wp\/v2\/posts\/15982\/revisions"}],"predecessor-version":[{"id":16099,"href":"https:\/\/www.arte.tv\/sites\/olivierpere\/wp-json\/wp\/v2\/posts\/15982\/revisions\/16099"}],"wp:featuredmedia":[{"embeddable":true,"href":"https:\/\/www.arte.tv\/sites\/olivierpere\/wp-json\/wp\/v2\/media\/15568"}],"wp:attachment":[{"href":"https:\/\/www.arte.tv\/sites\/olivierpere\/wp-json\/wp\/v2\/media?parent=15982"}],"wp:term":[{"taxonomy":"category","embeddable":true,"href":"https:\/\/www.arte.tv\/sites\/olivierpere\/wp-json\/wp\/v2\/categories?post=15982"},{"taxonomy":"post_tag","embeddable":true,"href":"https:\/\/www.arte.tv\/sites\/olivierpere\/wp-json\/wp\/v2\/tags?post=15982"}],"curies":[{"name":"wp","href":"https:\/\/api.w.org\/{rel}","templated":true}]}}