{"id":15626,"date":"2015-05-18T03:53:54","date_gmt":"2015-05-18T02:53:54","guid":{"rendered":"https:\/\/www.arte.tv\/sites\/olivierpere\/?p=15626"},"modified":"2020-04-16T12:59:02","modified_gmt":"2020-04-16T11:59:02","slug":"cannes-2015-jour-6-les-deux-amis-de-louis-garrel-semaine-de-la-critique","status":"publish","type":"post","link":"https:\/\/www.arte.tv\/sites\/olivierpere\/2015\/05\/18\/cannes-2015-jour-6-les-deux-amis-de-louis-garrel-semaine-de-la-critique\/","title":{"rendered":"Cannes 2015 Jour 6 : Les Deux Amis de Louis Garrel (Semaine de la Critique)"},"content":{"rendered":"<p>Vincent, figurant de cin\u00e9ma, a rencontr\u00e9 Mona, vendeuse dans une sandwicherie de gare, et il est tomb\u00e9 fou amoureux d\u2019elle. Mona repousse ses avances car elle a un secret, elle rentre tous les soirs dormir en prison. Comme Vincent est d\u00e9sar\u00e7onn\u00e9 pas les intentions de Mona, il demande \u00e0 Abel, son seul ami, de l\u2019aider \u00e0 comprendre.<\/p>\n<p><em>Les Deux Amis<\/em> est le premier long m\u00e9trage tr\u00e8s r\u00e9ussi de Louis Garrel, acteur de cin\u00e9ma et com\u00e9dien de th\u00e9\u00e2tre, d\u00e9j\u00e0 r\u00e9alisateur d\u2019une poign\u00e9e de courts. C\u2019est aussi une fable de La Fontaine qui \u00e9crivait, dans une autre fable (<em>Parole de Socrate<\/em>) \u00ab\u00a0Ami, rien n\u2019est plus commun que le nom, rien n\u2019est plus rare que la chose.\u00a0\u00bb<\/p>\n<p>M\u00eame si La Fontaine est cit\u00e9 dans le film, c\u2019est surtout Musset (<em>Les Caprices de Marianne<\/em>) dont s\u2019inspirent librement Louis Garrel et son cosc\u00e9nariste Christophe Honor\u00e9. Cet argument de d\u00e9part est loin de transformer <em>Les Deux Amis<\/em> en objet culturel guind\u00e9 ou en film litt\u00e9raire. C\u2019est vers une forme joyeusement lyrique, contemporaine et parfois franchement foutraque que s\u2019oriente Garrel d\u00e8s les premi\u00e8res sc\u00e8nes, en alliant vitesse, humour et tendresse. \u00ab\u00a0La beaut\u00e9, \u00e7a complique tout\u00a0\u00bb entend-on dans le film. C\u2019est aussi quand les choses deviennent compliqu\u00e9es qu\u2019elles sont belles semblent penser Garrel qui multiplie p\u00e9rip\u00e9ties et rebondissements sentimentaux en seulement trois jours et trois nuits autour de trois personnages qui n\u2019ont que leurs sentiments pour \u00eatre heureux (un peu) et (beaucoup) souffrir.<\/p>\n<p>Il y a surtout dans <em>Les Deux Amis<\/em> une justesse de chaque instant que l\u2019on retrouve aussi bien dans les situations que dans le jeu, admirable, des trois com\u00e9diens principaux.<\/p>\n<p>Golshifteh Farahani, sublime, n\u2019a jamais \u00e9t\u00e9 aussi bien film\u00e9e et dirig\u00e9e. Pour une fois on ne contemple pas que sa photog\u00e9nie, mais sa (belle) personne et la subtilit\u00e9 de son interpr\u00e9tation.<\/p>\n<p>En 90 minutes Louis Garrel nous offre aussi, l\u2019air de rien, une balade po\u00e9tique et buissonni\u00e8re \u00e0 travers nos souvenirs du cin\u00e9ma fran\u00e7ais. Contre toute attente il ne convoque pas exclusivement la Nouvelle Vague et ses h\u00e9ritiers mais plut\u00f4t Claude Sautet \u2013 pour le triangle amoureux et les ambiances parisiennes &#8211; et certaines com\u00e9dies populaires reposant sur des duos masculins antagonistes, \u00e0 la fois ins\u00e9parables et mal assortis. Comme si C\u00e9sar et Rosalie marchaient \u00e0 l&rsquo;ombre&#8230;<\/p>\n<p>&nbsp;<\/p>\n<p>&nbsp;<\/p>\n","protected":false},"excerpt":{"rendered":"<p>Vincent, figurant de cin\u00e9ma, a rencontr\u00e9 Mona, vendeuse dans une sandwicherie de gare, et il est tomb\u00e9 fou amoureux d\u2019elle.\u2026<\/p>\n","protected":false},"author":116,"featured_media":0,"comment_status":"open","ping_status":"open","sticky":false,"template":"","format":"standard","meta":[],"categories":[9,6],"tags":[],"yoast_head":"<!-- This site is optimized with the Yoast SEO plugin v20.8 - https:\/\/yoast.com\/wordpress\/plugins\/seo\/ -->\n<title>Cannes 2015 Jour 6 : Les Deux Amis de Louis Garrel (Semaine de la Critique) - Olivier P\u00e8re<\/title>\n<meta name=\"robots\" content=\"index, follow, max-snippet:-1, max-image-preview:large, max-video-preview:-1\" \/>\n<link rel=\"canonical\" href=\"https:\/\/www.arte.tv\/sites\/olivierpere\/2015\/05\/18\/cannes-2015-jour-6-les-deux-amis-de-louis-garrel-semaine-de-la-critique\/\" \/>\n<meta property=\"og:locale\" content=\"fr_FR\" \/>\n<meta property=\"og:type\" content=\"article\" \/>\n<meta property=\"og:title\" content=\"Cannes 2015 Jour 6 : Les Deux Amis de Louis Garrel (Semaine de la Critique) - Olivier P\u00e8re\" \/>\n<meta property=\"og:description\" content=\"Vincent, figurant de cin\u00e9ma, a rencontr\u00e9 Mona, vendeuse dans une sandwicherie de gare, et il est tomb\u00e9 fou amoureux d\u2019elle.\u2026\" \/>\n<meta property=\"og:url\" content=\"https:\/\/www.arte.tv\/sites\/olivierpere\/2015\/05\/18\/cannes-2015-jour-6-les-deux-amis-de-louis-garrel-semaine-de-la-critique\/\" \/>\n<meta property=\"og:site_name\" content=\"Olivier P\u00e8re\" \/>\n<meta property=\"article:published_time\" content=\"2015-05-18T02:53:54+00:00\" \/>\n<meta property=\"article:modified_time\" content=\"2020-04-16T11:59:02+00:00\" \/>\n<meta name=\"author\" content=\"Olivier P\u00e8re\" \/>\n<meta name=\"twitter:label1\" content=\"\u00c9crit par\" \/>\n\t<meta name=\"twitter:data1\" content=\"Olivier P\u00e8re\" \/>\n\t<meta name=\"twitter:label2\" content=\"Dur\u00e9e de lecture estim\u00e9e\" \/>\n\t<meta name=\"twitter:data2\" content=\"2 minutes\" \/>\n<script type=\"application\/ld+json\" class=\"yoast-schema-graph\">{\"@context\":\"https:\/\/schema.org\",\"@graph\":[{\"@type\":\"WebPage\",\"@id\":\"https:\/\/www.arte.tv\/sites\/olivierpere\/2015\/05\/18\/cannes-2015-jour-6-les-deux-amis-de-louis-garrel-semaine-de-la-critique\/\",\"url\":\"https:\/\/www.arte.tv\/sites\/olivierpere\/2015\/05\/18\/cannes-2015-jour-6-les-deux-amis-de-louis-garrel-semaine-de-la-critique\/\",\"name\":\"Cannes 2015 Jour 6 : Les Deux Amis de Louis Garrel (Semaine de la Critique) - Olivier P\u00e8re\",\"isPartOf\":{\"@id\":\"https:\/\/www.arte.tv\/sites\/olivierpere\/#website\"},\"datePublished\":\"2015-05-18T02:53:54+00:00\",\"dateModified\":\"2020-04-16T11:59:02+00:00\",\"author\":{\"@id\":\"https:\/\/www.arte.tv\/sites\/olivierpere\/#\/schema\/person\/dc32cd6c79be95e52d43b97a74182558\"},\"breadcrumb\":{\"@id\":\"https:\/\/www.arte.tv\/sites\/olivierpere\/2015\/05\/18\/cannes-2015-jour-6-les-deux-amis-de-louis-garrel-semaine-de-la-critique\/#breadcrumb\"},\"inLanguage\":\"fr-FR\",\"potentialAction\":[{\"@type\":\"ReadAction\",\"target\":[\"https:\/\/www.arte.tv\/sites\/olivierpere\/2015\/05\/18\/cannes-2015-jour-6-les-deux-amis-de-louis-garrel-semaine-de-la-critique\/\"]}]},{\"@type\":\"BreadcrumbList\",\"@id\":\"https:\/\/www.arte.tv\/sites\/olivierpere\/2015\/05\/18\/cannes-2015-jour-6-les-deux-amis-de-louis-garrel-semaine-de-la-critique\/#breadcrumb\",\"itemListElement\":[{\"@type\":\"ListItem\",\"position\":1,\"name\":\"Home\",\"item\":\"https:\/\/www.arte.tv\/sites\/olivierpere\/\"},{\"@type\":\"ListItem\",\"position\":2,\"name\":\"Cannes 2015 Jour 6 : Les Deux Amis de Louis Garrel (Semaine de la Critique)\"}]},{\"@type\":\"WebSite\",\"@id\":\"https:\/\/www.arte.tv\/sites\/olivierpere\/#website\",\"url\":\"https:\/\/www.arte.tv\/sites\/olivierpere\/\",\"name\":\"Olivier P\u00e8re\",\"description\":\"\",\"potentialAction\":[{\"@type\":\"SearchAction\",\"target\":{\"@type\":\"EntryPoint\",\"urlTemplate\":\"https:\/\/www.arte.tv\/sites\/olivierpere\/?s={search_term_string}\"},\"query-input\":\"required name=search_term_string\"}],\"inLanguage\":\"fr-FR\"},{\"@type\":\"Person\",\"@id\":\"https:\/\/www.arte.tv\/sites\/olivierpere\/#\/schema\/person\/dc32cd6c79be95e52d43b97a74182558\",\"name\":\"Olivier P\u00e8re\",\"image\":{\"@type\":\"ImageObject\",\"inLanguage\":\"fr-FR\",\"@id\":\"https:\/\/www.arte.tv\/sites\/olivierpere\/#\/schema\/person\/image\/\",\"url\":\"https:\/\/secure.gravatar.com\/avatar\/bdea7b6a2c195e2c41772429a9694758?s=96&d=mm&r=g\",\"contentUrl\":\"https:\/\/secure.gravatar.com\/avatar\/bdea7b6a2c195e2c41772429a9694758?s=96&d=mm&r=g\",\"caption\":\"Olivier P\u00e8re\"},\"url\":\"https:\/\/www.arte.tv\/sites\/olivierpere\/author\/pereolivier\/\"}]}<\/script>\n<!-- \/ Yoast SEO plugin. -->","yoast_head_json":{"title":"Cannes 2015 Jour 6 : Les Deux Amis de Louis Garrel (Semaine de la Critique) - Olivier P\u00e8re","robots":{"index":"index","follow":"follow","max-snippet":"max-snippet:-1","max-image-preview":"max-image-preview:large","max-video-preview":"max-video-preview:-1"},"canonical":"https:\/\/www.arte.tv\/sites\/olivierpere\/2015\/05\/18\/cannes-2015-jour-6-les-deux-amis-de-louis-garrel-semaine-de-la-critique\/","og_locale":"fr_FR","og_type":"article","og_title":"Cannes 2015 Jour 6 : Les Deux Amis de Louis Garrel (Semaine de la Critique) - Olivier P\u00e8re","og_description":"Vincent, figurant de cin\u00e9ma, a rencontr\u00e9 Mona, vendeuse dans une sandwicherie de gare, et il est tomb\u00e9 fou amoureux d\u2019elle.\u2026","og_url":"https:\/\/www.arte.tv\/sites\/olivierpere\/2015\/05\/18\/cannes-2015-jour-6-les-deux-amis-de-louis-garrel-semaine-de-la-critique\/","og_site_name":"Olivier P\u00e8re","article_published_time":"2015-05-18T02:53:54+00:00","article_modified_time":"2020-04-16T11:59:02+00:00","author":"Olivier P\u00e8re","twitter_misc":{"\u00c9crit par":"Olivier P\u00e8re","Dur\u00e9e de lecture estim\u00e9e":"2 minutes"},"schema":{"@context":"https:\/\/schema.org","@graph":[{"@type":"WebPage","@id":"https:\/\/www.arte.tv\/sites\/olivierpere\/2015\/05\/18\/cannes-2015-jour-6-les-deux-amis-de-louis-garrel-semaine-de-la-critique\/","url":"https:\/\/www.arte.tv\/sites\/olivierpere\/2015\/05\/18\/cannes-2015-jour-6-les-deux-amis-de-louis-garrel-semaine-de-la-critique\/","name":"Cannes 2015 Jour 6 : Les Deux Amis de Louis Garrel (Semaine de la Critique) - Olivier P\u00e8re","isPartOf":{"@id":"https:\/\/www.arte.tv\/sites\/olivierpere\/#website"},"datePublished":"2015-05-18T02:53:54+00:00","dateModified":"2020-04-16T11:59:02+00:00","author":{"@id":"https:\/\/www.arte.tv\/sites\/olivierpere\/#\/schema\/person\/dc32cd6c79be95e52d43b97a74182558"},"breadcrumb":{"@id":"https:\/\/www.arte.tv\/sites\/olivierpere\/2015\/05\/18\/cannes-2015-jour-6-les-deux-amis-de-louis-garrel-semaine-de-la-critique\/#breadcrumb"},"inLanguage":"fr-FR","potentialAction":[{"@type":"ReadAction","target":["https:\/\/www.arte.tv\/sites\/olivierpere\/2015\/05\/18\/cannes-2015-jour-6-les-deux-amis-de-louis-garrel-semaine-de-la-critique\/"]}]},{"@type":"BreadcrumbList","@id":"https:\/\/www.arte.tv\/sites\/olivierpere\/2015\/05\/18\/cannes-2015-jour-6-les-deux-amis-de-louis-garrel-semaine-de-la-critique\/#breadcrumb","itemListElement":[{"@type":"ListItem","position":1,"name":"Home","item":"https:\/\/www.arte.tv\/sites\/olivierpere\/"},{"@type":"ListItem","position":2,"name":"Cannes 2015 Jour 6 : Les Deux Amis de Louis Garrel (Semaine de la Critique)"}]},{"@type":"WebSite","@id":"https:\/\/www.arte.tv\/sites\/olivierpere\/#website","url":"https:\/\/www.arte.tv\/sites\/olivierpere\/","name":"Olivier P\u00e8re","description":"","potentialAction":[{"@type":"SearchAction","target":{"@type":"EntryPoint","urlTemplate":"https:\/\/www.arte.tv\/sites\/olivierpere\/?s={search_term_string}"},"query-input":"required name=search_term_string"}],"inLanguage":"fr-FR"},{"@type":"Person","@id":"https:\/\/www.arte.tv\/sites\/olivierpere\/#\/schema\/person\/dc32cd6c79be95e52d43b97a74182558","name":"Olivier P\u00e8re","image":{"@type":"ImageObject","inLanguage":"fr-FR","@id":"https:\/\/www.arte.tv\/sites\/olivierpere\/#\/schema\/person\/image\/","url":"https:\/\/secure.gravatar.com\/avatar\/bdea7b6a2c195e2c41772429a9694758?s=96&d=mm&r=g","contentUrl":"https:\/\/secure.gravatar.com\/avatar\/bdea7b6a2c195e2c41772429a9694758?s=96&d=mm&r=g","caption":"Olivier P\u00e8re"},"url":"https:\/\/www.arte.tv\/sites\/olivierpere\/author\/pereolivier\/"}]}},"_links":{"self":[{"href":"https:\/\/www.arte.tv\/sites\/olivierpere\/wp-json\/wp\/v2\/posts\/15626"}],"collection":[{"href":"https:\/\/www.arte.tv\/sites\/olivierpere\/wp-json\/wp\/v2\/posts"}],"about":[{"href":"https:\/\/www.arte.tv\/sites\/olivierpere\/wp-json\/wp\/v2\/types\/post"}],"author":[{"embeddable":true,"href":"https:\/\/www.arte.tv\/sites\/olivierpere\/wp-json\/wp\/v2\/users\/116"}],"replies":[{"embeddable":true,"href":"https:\/\/www.arte.tv\/sites\/olivierpere\/wp-json\/wp\/v2\/comments?post=15626"}],"version-history":[{"count":5,"href":"https:\/\/www.arte.tv\/sites\/olivierpere\/wp-json\/wp\/v2\/posts\/15626\/revisions"}],"predecessor-version":[{"id":25528,"href":"https:\/\/www.arte.tv\/sites\/olivierpere\/wp-json\/wp\/v2\/posts\/15626\/revisions\/25528"}],"wp:attachment":[{"href":"https:\/\/www.arte.tv\/sites\/olivierpere\/wp-json\/wp\/v2\/media?parent=15626"}],"wp:term":[{"taxonomy":"category","embeddable":true,"href":"https:\/\/www.arte.tv\/sites\/olivierpere\/wp-json\/wp\/v2\/categories?post=15626"},{"taxonomy":"post_tag","embeddable":true,"href":"https:\/\/www.arte.tv\/sites\/olivierpere\/wp-json\/wp\/v2\/tags?post=15626"}],"curies":[{"name":"wp","href":"https:\/\/api.w.org\/{rel}","templated":true}]}}