{"id":15601,"date":"2015-05-10T03:40:12","date_gmt":"2015-05-10T02:40:12","guid":{"rendered":"https:\/\/www.arte.tv\/sites\/olivierpere\/?p=15601"},"modified":"2015-05-10T08:52:23","modified_gmt":"2015-05-10T07:52:23","slug":"le-mariage-de-maria-braun-de-rainer-werner-fassbinder","status":"publish","type":"post","link":"https:\/\/www.arte.tv\/sites\/olivierpere\/2015\/05\/10\/le-mariage-de-maria-braun-de-rainer-werner-fassbinder\/","title":{"rendered":"Le Mariage de Maria Braun de Rainer Werner Fassbinder"},"content":{"rendered":"<p>ARTE diffuse mercredi 27 mai \u00e0 20h50 <em>Le Mariage de Maria Braun<\/em> (<em>Die Ehe der Maria Braun<\/em>, 1978) de Rainer Werner Fassbinder, suivi \u00e0 22h45 d\u2019un documentaire de Annkatrin Hendel sur le r\u00e9alisateur allemand, qui aurait eu 70 ans le 31 mai 2015.<\/p>\n<p>C\u2019est dans cette s\u00e9rie de films r\u00e9alis\u00e9s dans les ann\u00e9es 70, de <em>Tous les autres s\u2019appellent Ali<\/em> au <em>Secret de Veronika Voss<\/em>, en passant par le titre en question <em>Le Mariage de Maria Braun<\/em>, l\u2019un de ses plus grand succ\u00e8s qui lui ouvre la voie de la c\u00e9l\u00e9brit\u00e9 internationale, qu\u2019appara\u00eet tr\u00e8s clairement un des projets les plus passionnant et ambitieux de Fassbinder. Le cin\u00e9aste dresse le portrait de l\u2019Allemagne de l\u2019Apr\u00e8s-guerre, du miracle \u00e9conomique, avec la lib\u00e9ration des m\u0153urs, l\u2019exasp\u00e9ration des sens mais aussi les cicatrices ouvertes et les ruines fumantes de la guerre et les fant\u00f4mes du nazisme. C\u2019est la \u00ab\u00a0Com\u00e9die humaine\u00a0\u00bb de Fassbinder, qui sur le mod\u00e8le balzacien observe la circulation du d\u00e9sir et de l\u2019argent, et propose une radioscopie de la soci\u00e9t\u00e9 allemande, en filmant aussi bien les classes moyennes que le prol\u00e9tariat, les hautes sph\u00e8res du pouvoir que les groupuscules terroristes (<em>La Troisi\u00e8me G\u00e9n\u00e9ration<\/em>), en passant par les milieux marginaux (le magnifique <em>Droit du plus fort<\/em> dans lequel Fassbinder interpr\u00e8te le r\u00f4le principal.)<\/p>\n<p><em>Le Mariage de Maria Braun<\/em> est le premier volet d\u2019une trilogie sur la RFA dans les ann\u00e9es 50, qui sera suivi par <em>Lola, une femme allemande<\/em> et <em>Le Secret de Veronika Voos<\/em>. Pour parler de son pays, Fassbinder d\u00e9cide de raconter le destin de femmes, mi putes mi d\u00e9esses, sur le mod\u00e8le de Marlene Dietrich. Fassbinder \u00ab\u00a0invente\u00a0\u00bb les nouvelles stars du cin\u00e9ma allemand, ou plut\u00f4t ses propres stars int\u00e9gr\u00e9es \u00e0 sa troupe\u00a0: Hanna Schygulla (magnifique dans le r\u00f4le de Maria Braun), Barbara Sukowa, Ingrid Caven, Margit Carstensen\u2026<\/p>\n<div id=\"attachment_15603\" style=\"width: 1210px\" class=\"wp-caption alignnone\"><img aria-describedby=\"caption-attachment-15603\" decoding=\"async\" loading=\"lazy\" class=\"size-full wp-image-15603\" src=\"https:\/\/www.arte.tv\/sites\/olivierpere\/files\/04a1f63855b2aad55141fd03d807d8ce56d2642b.jpg\" alt=\"Anna Schygulla dans Le Mariage de Maria Braun\" width=\"1200\" height=\"896\" \/><p id=\"caption-attachment-15603\" class=\"wp-caption-text\">Anna Schygulla dans Le Mariage de Maria Braun<\/p><\/div>\n<p>Cette trilogie est un feuilleton politique d\u2019une grande intensit\u00e9 romanesque et qui entretient, comme les autres films historiques du cin\u00e9aste, un rapport ambigu au pass\u00e9, qui m\u00eale nostalgie et r\u00e8glements de comptes.<\/p>\n<p><em>Le Mariage de Maria Braun<\/em> suit le destin d\u2019une femme pendant les ann\u00e9es de reconstruction de l\u2019Allemagne, entre 1943 et 1954. Pendant la s\u00e9quence du g\u00e9n\u00e9rique elle \u00e9pouse dans une ambiance chaotique un soldat qui doit repartir au front quelques heures apr\u00e8s son mariage. Port\u00e9 disparu puis annonc\u00e9 comme mort \u00e0 la fin de la guerre, le mari fait une r\u00e9apparition surprise et surprend Maria dans les bras de son amant, un soldat am\u00e9ricain noir dont elle attend un enfant. Maria tue l\u2019Am\u00e9ricain mais c\u2019est Hermann son mari qui s\u2019accuse du meurtre. Hermann condamn\u00e9 \u00e0 plusieurs ann\u00e9es de prison, une nouvelle longue s\u00e9paration attend les deux \u00e9poux. Maria Braun se transforme en aventuri\u00e8re arriviste, froide et m\u00e9thodique, dans une p\u00e9riode qu\u2019elle qualifie de \u00ab\u00a0mauvaise pour les sentiments\u00a0\u00bb. V\u00e9ritable \u00ab\u00a0Mata Hari du miracle \u00e9conomique\u00a0\u00bb elle devient la ma\u00eetresse d\u2019un riche industriel et apprend \u00e0 ses c\u00f4t\u00e9s tous les rouages du monde des affaires, pr\u00eate \u00e0 tout pour devenir riche le plus rapidement possible afin de commencer une nouvelle vie avec Hermann quand il sortira de prison.<\/p>\n<p>A revoir <em>Le Mariage de Maria Braun<\/em> on est frapp\u00e9 par la virtuosit\u00e9 cin\u00e9matographique de Fassbinder \u2013 aid\u00e9 par son directeur de la photographie Michael Ballhaus &#8211; qui multiplie les mouvements de cam\u00e9ra complexes dans des lieux clos et sinueux aux nombreuses parois et ouvertures (l\u2019\u00e9tonnante perforation murale qui traverse l\u2019appartement mis\u00e9rable de la m\u00e8re de Maria au d\u00e9but du film), v\u00e9ritable sc\u00e9nographe de l\u2019\u00e9cran dont on devine la grande exp\u00e9rience th\u00e9\u00e2trale qui pr\u00e9c\u00e9da sa fr\u00e9n\u00e9sie de tournages.<\/p>\n<p>Elle se ressent dans la direction d\u2019acteur, mais aussi dans la mise en sc\u00e8ne de Fassbinder, loin de tout r\u00e9alisme. L\u2019influence des <em>Damn\u00e9s <\/em>de Visconti (un des films pr\u00e9f\u00e9r\u00e9s de Fassbinder) est ainsi flagrante, \u00e0 laquelle s\u2019ajoute les admirations de cin\u00e9phile de Fassbinder, dont les idoles \u00e9taient bien s\u00fbr Douglas Sirk mais aussi Raoul Walsh (voir <em>L\u2019Esclave libre<\/em> et ses amours multiraciales diffus\u00e9 quelques jours sur ARTE avant <em>Le Mariage de Maria Braun<\/em>) et Michael Curtiz, autre peintre de l\u2019arrivisme dont les m\u00e9lodrames f\u00e9minins et cruels (<em>Le Roman de Mildred Pierce<\/em>) inspir\u00e8rent profond\u00e9ment le g\u00e9nial et turbulent cin\u00e9aste allemand passionn\u00e9 par le cin\u00e9ma hollywoodien classique.<\/p>\n<p>&nbsp;<\/p>\n<p>&nbsp;<\/p>\n","protected":false},"excerpt":{"rendered":"<p>ARTE diffuse mercredi 27 mai \u00e0 20h50 Le Mariage de Maria Braun (Die Ehe der Maria Braun, 1978) de Rainer\u2026<\/p>\n","protected":false},"author":116,"featured_media":15602,"comment_status":"open","ping_status":"open","sticky":false,"template":"","format":"standard","meta":[],"categories":[8],"tags":[],"yoast_head":"<!-- This site is optimized with the Yoast SEO plugin v20.8 - https:\/\/yoast.com\/wordpress\/plugins\/seo\/ -->\n<title>Le Mariage de Maria Braun de Rainer Werner Fassbinder - Olivier P\u00e8re<\/title>\n<meta name=\"robots\" content=\"index, follow, max-snippet:-1, max-image-preview:large, max-video-preview:-1\" \/>\n<link rel=\"canonical\" href=\"https:\/\/www.arte.tv\/sites\/olivierpere\/2015\/05\/10\/le-mariage-de-maria-braun-de-rainer-werner-fassbinder\/\" \/>\n<meta property=\"og:locale\" content=\"fr_FR\" \/>\n<meta property=\"og:type\" content=\"article\" \/>\n<meta property=\"og:title\" content=\"Le Mariage de Maria Braun de Rainer Werner Fassbinder - Olivier P\u00e8re\" \/>\n<meta property=\"og:description\" content=\"ARTE diffuse mercredi 27 mai \u00e0 20h50 Le Mariage de Maria Braun (Die Ehe der Maria Braun, 1978) de Rainer\u2026\" \/>\n<meta property=\"og:url\" content=\"https:\/\/www.arte.tv\/sites\/olivierpere\/2015\/05\/10\/le-mariage-de-maria-braun-de-rainer-werner-fassbinder\/\" \/>\n<meta property=\"og:site_name\" content=\"Olivier P\u00e8re\" \/>\n<meta property=\"article:published_time\" content=\"2015-05-10T02:40:12+00:00\" \/>\n<meta property=\"article:modified_time\" content=\"2015-05-10T07:52:23+00:00\" \/>\n<meta property=\"og:image\" content=\"https:\/\/www.arte.tv\/sites\/olivierpere\/files\/mariage-de-maria-braun-01-g.jpg\" \/>\n\t<meta property=\"og:image:width\" content=\"1200\" \/>\n\t<meta property=\"og:image:height\" content=\"881\" \/>\n\t<meta property=\"og:image:type\" content=\"image\/jpeg\" \/>\n<meta name=\"author\" content=\"Olivier P\u00e8re\" \/>\n<meta name=\"twitter:label1\" content=\"\u00c9crit par\" \/>\n\t<meta name=\"twitter:data1\" content=\"Olivier P\u00e8re\" \/>\n\t<meta name=\"twitter:label2\" content=\"Dur\u00e9e de lecture estim\u00e9e\" \/>\n\t<meta name=\"twitter:data2\" content=\"4 minutes\" \/>\n<script type=\"application\/ld+json\" class=\"yoast-schema-graph\">{\"@context\":\"https:\/\/schema.org\",\"@graph\":[{\"@type\":\"WebPage\",\"@id\":\"https:\/\/www.arte.tv\/sites\/olivierpere\/2015\/05\/10\/le-mariage-de-maria-braun-de-rainer-werner-fassbinder\/\",\"url\":\"https:\/\/www.arte.tv\/sites\/olivierpere\/2015\/05\/10\/le-mariage-de-maria-braun-de-rainer-werner-fassbinder\/\",\"name\":\"Le Mariage de Maria Braun de Rainer Werner Fassbinder - Olivier P\u00e8re\",\"isPartOf\":{\"@id\":\"https:\/\/www.arte.tv\/sites\/olivierpere\/#website\"},\"datePublished\":\"2015-05-10T02:40:12+00:00\",\"dateModified\":\"2015-05-10T07:52:23+00:00\",\"author\":{\"@id\":\"https:\/\/www.arte.tv\/sites\/olivierpere\/#\/schema\/person\/dc32cd6c79be95e52d43b97a74182558\"},\"breadcrumb\":{\"@id\":\"https:\/\/www.arte.tv\/sites\/olivierpere\/2015\/05\/10\/le-mariage-de-maria-braun-de-rainer-werner-fassbinder\/#breadcrumb\"},\"inLanguage\":\"fr-FR\",\"potentialAction\":[{\"@type\":\"ReadAction\",\"target\":[\"https:\/\/www.arte.tv\/sites\/olivierpere\/2015\/05\/10\/le-mariage-de-maria-braun-de-rainer-werner-fassbinder\/\"]}]},{\"@type\":\"BreadcrumbList\",\"@id\":\"https:\/\/www.arte.tv\/sites\/olivierpere\/2015\/05\/10\/le-mariage-de-maria-braun-de-rainer-werner-fassbinder\/#breadcrumb\",\"itemListElement\":[{\"@type\":\"ListItem\",\"position\":1,\"name\":\"Home\",\"item\":\"https:\/\/www.arte.tv\/sites\/olivierpere\/\"},{\"@type\":\"ListItem\",\"position\":2,\"name\":\"Le Mariage de Maria Braun de Rainer Werner Fassbinder\"}]},{\"@type\":\"WebSite\",\"@id\":\"https:\/\/www.arte.tv\/sites\/olivierpere\/#website\",\"url\":\"https:\/\/www.arte.tv\/sites\/olivierpere\/\",\"name\":\"Olivier P\u00e8re\",\"description\":\"\",\"potentialAction\":[{\"@type\":\"SearchAction\",\"target\":{\"@type\":\"EntryPoint\",\"urlTemplate\":\"https:\/\/www.arte.tv\/sites\/olivierpere\/?s={search_term_string}\"},\"query-input\":\"required name=search_term_string\"}],\"inLanguage\":\"fr-FR\"},{\"@type\":\"Person\",\"@id\":\"https:\/\/www.arte.tv\/sites\/olivierpere\/#\/schema\/person\/dc32cd6c79be95e52d43b97a74182558\",\"name\":\"Olivier P\u00e8re\",\"image\":{\"@type\":\"ImageObject\",\"inLanguage\":\"fr-FR\",\"@id\":\"https:\/\/www.arte.tv\/sites\/olivierpere\/#\/schema\/person\/image\/\",\"url\":\"https:\/\/secure.gravatar.com\/avatar\/bdea7b6a2c195e2c41772429a9694758?s=96&d=mm&r=g\",\"contentUrl\":\"https:\/\/secure.gravatar.com\/avatar\/bdea7b6a2c195e2c41772429a9694758?s=96&d=mm&r=g\",\"caption\":\"Olivier P\u00e8re\"},\"url\":\"https:\/\/www.arte.tv\/sites\/olivierpere\/author\/pereolivier\/\"}]}<\/script>\n<!-- \/ Yoast SEO plugin. -->","yoast_head_json":{"title":"Le Mariage de Maria Braun de Rainer Werner Fassbinder - Olivier P\u00e8re","robots":{"index":"index","follow":"follow","max-snippet":"max-snippet:-1","max-image-preview":"max-image-preview:large","max-video-preview":"max-video-preview:-1"},"canonical":"https:\/\/www.arte.tv\/sites\/olivierpere\/2015\/05\/10\/le-mariage-de-maria-braun-de-rainer-werner-fassbinder\/","og_locale":"fr_FR","og_type":"article","og_title":"Le Mariage de Maria Braun de Rainer Werner Fassbinder - Olivier P\u00e8re","og_description":"ARTE diffuse mercredi 27 mai \u00e0 20h50 Le Mariage de Maria Braun (Die Ehe der Maria Braun, 1978) de Rainer\u2026","og_url":"https:\/\/www.arte.tv\/sites\/olivierpere\/2015\/05\/10\/le-mariage-de-maria-braun-de-rainer-werner-fassbinder\/","og_site_name":"Olivier P\u00e8re","article_published_time":"2015-05-10T02:40:12+00:00","article_modified_time":"2015-05-10T07:52:23+00:00","og_image":[{"width":1200,"height":881,"url":"https:\/\/www.arte.tv\/sites\/olivierpere\/files\/mariage-de-maria-braun-01-g.jpg","type":"image\/jpeg"}],"author":"Olivier P\u00e8re","twitter_misc":{"\u00c9crit par":"Olivier P\u00e8re","Dur\u00e9e de lecture estim\u00e9e":"4 minutes"},"schema":{"@context":"https:\/\/schema.org","@graph":[{"@type":"WebPage","@id":"https:\/\/www.arte.tv\/sites\/olivierpere\/2015\/05\/10\/le-mariage-de-maria-braun-de-rainer-werner-fassbinder\/","url":"https:\/\/www.arte.tv\/sites\/olivierpere\/2015\/05\/10\/le-mariage-de-maria-braun-de-rainer-werner-fassbinder\/","name":"Le Mariage de Maria Braun de Rainer Werner Fassbinder - Olivier P\u00e8re","isPartOf":{"@id":"https:\/\/www.arte.tv\/sites\/olivierpere\/#website"},"datePublished":"2015-05-10T02:40:12+00:00","dateModified":"2015-05-10T07:52:23+00:00","author":{"@id":"https:\/\/www.arte.tv\/sites\/olivierpere\/#\/schema\/person\/dc32cd6c79be95e52d43b97a74182558"},"breadcrumb":{"@id":"https:\/\/www.arte.tv\/sites\/olivierpere\/2015\/05\/10\/le-mariage-de-maria-braun-de-rainer-werner-fassbinder\/#breadcrumb"},"inLanguage":"fr-FR","potentialAction":[{"@type":"ReadAction","target":["https:\/\/www.arte.tv\/sites\/olivierpere\/2015\/05\/10\/le-mariage-de-maria-braun-de-rainer-werner-fassbinder\/"]}]},{"@type":"BreadcrumbList","@id":"https:\/\/www.arte.tv\/sites\/olivierpere\/2015\/05\/10\/le-mariage-de-maria-braun-de-rainer-werner-fassbinder\/#breadcrumb","itemListElement":[{"@type":"ListItem","position":1,"name":"Home","item":"https:\/\/www.arte.tv\/sites\/olivierpere\/"},{"@type":"ListItem","position":2,"name":"Le Mariage de Maria Braun de Rainer Werner Fassbinder"}]},{"@type":"WebSite","@id":"https:\/\/www.arte.tv\/sites\/olivierpere\/#website","url":"https:\/\/www.arte.tv\/sites\/olivierpere\/","name":"Olivier P\u00e8re","description":"","potentialAction":[{"@type":"SearchAction","target":{"@type":"EntryPoint","urlTemplate":"https:\/\/www.arte.tv\/sites\/olivierpere\/?s={search_term_string}"},"query-input":"required name=search_term_string"}],"inLanguage":"fr-FR"},{"@type":"Person","@id":"https:\/\/www.arte.tv\/sites\/olivierpere\/#\/schema\/person\/dc32cd6c79be95e52d43b97a74182558","name":"Olivier P\u00e8re","image":{"@type":"ImageObject","inLanguage":"fr-FR","@id":"https:\/\/www.arte.tv\/sites\/olivierpere\/#\/schema\/person\/image\/","url":"https:\/\/secure.gravatar.com\/avatar\/bdea7b6a2c195e2c41772429a9694758?s=96&d=mm&r=g","contentUrl":"https:\/\/secure.gravatar.com\/avatar\/bdea7b6a2c195e2c41772429a9694758?s=96&d=mm&r=g","caption":"Olivier P\u00e8re"},"url":"https:\/\/www.arte.tv\/sites\/olivierpere\/author\/pereolivier\/"}]}},"_links":{"self":[{"href":"https:\/\/www.arte.tv\/sites\/olivierpere\/wp-json\/wp\/v2\/posts\/15601"}],"collection":[{"href":"https:\/\/www.arte.tv\/sites\/olivierpere\/wp-json\/wp\/v2\/posts"}],"about":[{"href":"https:\/\/www.arte.tv\/sites\/olivierpere\/wp-json\/wp\/v2\/types\/post"}],"author":[{"embeddable":true,"href":"https:\/\/www.arte.tv\/sites\/olivierpere\/wp-json\/wp\/v2\/users\/116"}],"replies":[{"embeddable":true,"href":"https:\/\/www.arte.tv\/sites\/olivierpere\/wp-json\/wp\/v2\/comments?post=15601"}],"version-history":[{"count":3,"href":"https:\/\/www.arte.tv\/sites\/olivierpere\/wp-json\/wp\/v2\/posts\/15601\/revisions"}],"predecessor-version":[{"id":15623,"href":"https:\/\/www.arte.tv\/sites\/olivierpere\/wp-json\/wp\/v2\/posts\/15601\/revisions\/15623"}],"wp:featuredmedia":[{"embeddable":true,"href":"https:\/\/www.arte.tv\/sites\/olivierpere\/wp-json\/wp\/v2\/media\/15602"}],"wp:attachment":[{"href":"https:\/\/www.arte.tv\/sites\/olivierpere\/wp-json\/wp\/v2\/media?parent=15601"}],"wp:term":[{"taxonomy":"category","embeddable":true,"href":"https:\/\/www.arte.tv\/sites\/olivierpere\/wp-json\/wp\/v2\/categories?post=15601"},{"taxonomy":"post_tag","embeddable":true,"href":"https:\/\/www.arte.tv\/sites\/olivierpere\/wp-json\/wp\/v2\/tags?post=15601"}],"curies":[{"name":"wp","href":"https:\/\/api.w.org\/{rel}","templated":true}]}}