{"id":15484,"date":"2015-05-12T03:49:29","date_gmt":"2015-05-12T02:49:29","guid":{"rendered":"https:\/\/www.arte.tv\/sites\/olivierpere\/?p=15484"},"modified":"2020-03-29T10:22:11","modified_gmt":"2020-03-29T09:22:11","slug":"laurence-anyways-rencontre-avec-melvil-poupaud","status":"publish","type":"post","link":"https:\/\/www.arte.tv\/sites\/olivierpere\/2015\/05\/12\/laurence-anyways-rencontre-avec-melvil-poupaud\/","title":{"rendered":"Laurence Anyways : rencontre avec Melvil Poupaud"},"content":{"rendered":"<p><iframe loading=\"lazy\" style=\"margin: 0 auto;background-color: #000000\" src=\"https:\/\/www.arte.tv\/arte_vp\/index.php?json_url=https%3A%2F%2Fapi.arte.tv%2Fapi%2Fplayer%2Fv1%2Fconfig%2Ffr%2F059306-001-A%3Fplatform%3DCINEMA%26autostart%3D0%26infoLink%3D%26primaryAudioVersion%3D&amp;lang=fr_FR&amp;config=arte_cinema\" width=\"720\" height=\"406\" frameborder=\"0\"><\/iframe><\/p>\n<p>Dans le cadre de sa programmation \u00ab\u00a0sp\u00e9cial Cannes\u00a0\u00bb ARTE diffuse mercredi 13 mai \u00e0 20h50 <em>Laurence Anyways<\/em> de Xavier Dolan d\u00e9couvert en 2012 dans la section Un Certain Regard. Le jeune cin\u00e9aste qu\u00e9b\u00e9cois Xavier Dolan r\u00e9v\u00e9l\u00e9 par la Quinzaine des R\u00e9alisateurs en 2009 avec son premier long m\u00e9trage <em>J\u2019ai tu\u00e9 ma m\u00e8re<\/em>, devenu un habitu\u00e9 de la Croisette, revenait en force avec cette belle fresque amoureuse (une dizaine d\u2019ann\u00e9es en 2h40 de film, on pense \u00e0 <em>Nos plus belles ann\u00e9es <\/em>de Sydney Pollack) sur les tourbillons d\u2019un couple qui s\u2019aime, se s\u00e9pare, se retrouve. Le style extravagant du r\u00e9alisateur, qui n\u2019a pas peur du kitsch et fait ici des choix esth\u00e9tiques plus affirm\u00e9s et coh\u00e9rents que dans ses films pr\u00e9c\u00e9dents est au service d\u2019un sens du romanesque tr\u00e8s fort. Le film a aussi la bonne id\u00e9e de ne pas se transformer en \u00e9tendard de la transsexualit\u00e9 ou de sombrer dans le pr\u00eachi pr\u00eacha et l\u2019\u00e9loge de la tol\u00e9rance et de la diff\u00e9rence, il s\u2019agit d\u2019une aventure personnelle (le changement de sexe) synchrone avec les changements d\u2019une \u00e9poque et le d\u00e9sir d\u2019absolu et de libert\u00e9, l\u2019\u00e9lan rimbaldien qui caract\u00e9rise le travail de Xavier Dolan.<\/p>\n<p>C\u2019est peut-\u00eatre le film le plus enthousiasmant de l\u2019enfant terrible du cin\u00e9ma qu\u00e9b\u00e9cois, par son \u00e9nergie mais aussi son \u00e9criture et sa mise en sc\u00e8ne, dont il faut reconna\u00eetre l\u2019originalit\u00e9. Xavier Dolan ose le m\u00e9lodrame hollywoodien transgenre et flashy, avec une belle utilisation de la musique et des effets de mode de la fin des ann\u00e9es 80. Les acteurs sont remarquables, notamment le couple vedette Suzanne Cl\u00e9ment et Melvil Poupaud, dans le r\u00f4le de Laurence, un homme h\u00e9t\u00e9rosexuel qui d\u00e9cide de devenir une femme \u00e0 35 ans.<\/p>\n<p>A l\u2019occasion de la diffusion du film sur ARTE nous avons souhait\u00e9 en discuter avec son interpr\u00e8te principal Melvil Poupaud, d\u00e9j\u00e0 formidable chez Ruiz, Rohmer, Ozon ou Desplechin et qui d\u00e9livre dans <em>Laurence Anyways<\/em> une performance extraordinaire. A noter que Melvil Poupaud est membre du jury Cam\u00e9ra d&rsquo;Or cette ann\u00e9e \u00e0 Cannes tandis que Xavier Dolan si\u00e8ge dans le jury de la Comp\u00e9tition officielle.<\/p>\n<p>&nbsp;<\/p>\n<p><em>\u00a0Laurence Anyways<\/em> est disponible en Replay sur ARTE+7.<\/p>\n","protected":false},"excerpt":{"rendered":"<p>Dans le cadre de sa programmation \u00ab\u00a0sp\u00e9cial Cannes\u00a0\u00bb ARTE diffuse mercredi 13 mai \u00e0 20h50 Laurence Anyways de Xavier Dolan\u2026<\/p>\n","protected":false},"author":116,"featured_media":0,"comment_status":"open","ping_status":"open","sticky":false,"template":"","format":"standard","meta":[],"categories":[6,7,8],"tags":[],"yoast_head":"<!-- This site is optimized with the Yoast SEO plugin v20.8 - https:\/\/yoast.com\/wordpress\/plugins\/seo\/ -->\n<title>Laurence Anyways : rencontre avec Melvil Poupaud - Olivier P\u00e8re<\/title>\n<meta name=\"robots\" content=\"index, follow, max-snippet:-1, max-image-preview:large, max-video-preview:-1\" \/>\n<link rel=\"canonical\" href=\"https:\/\/www.arte.tv\/sites\/olivierpere\/2015\/05\/12\/laurence-anyways-rencontre-avec-melvil-poupaud\/\" \/>\n<meta property=\"og:locale\" content=\"fr_FR\" \/>\n<meta property=\"og:type\" content=\"article\" \/>\n<meta property=\"og:title\" content=\"Laurence Anyways : rencontre avec Melvil Poupaud - Olivier P\u00e8re\" \/>\n<meta property=\"og:description\" content=\"Dans le cadre de sa programmation \u00ab\u00a0sp\u00e9cial Cannes\u00a0\u00bb ARTE diffuse mercredi 13 mai \u00e0 20h50 Laurence Anyways de Xavier Dolan\u2026\" \/>\n<meta property=\"og:url\" content=\"https:\/\/www.arte.tv\/sites\/olivierpere\/2015\/05\/12\/laurence-anyways-rencontre-avec-melvil-poupaud\/\" \/>\n<meta property=\"og:site_name\" content=\"Olivier P\u00e8re\" \/>\n<meta property=\"article:published_time\" content=\"2015-05-12T02:49:29+00:00\" \/>\n<meta property=\"article:modified_time\" content=\"2020-03-29T09:22:11+00:00\" \/>\n<meta name=\"author\" content=\"Olivier P\u00e8re\" \/>\n<meta name=\"twitter:label1\" content=\"\u00c9crit par\" \/>\n\t<meta name=\"twitter:data1\" content=\"Olivier P\u00e8re\" \/>\n\t<meta name=\"twitter:label2\" content=\"Dur\u00e9e de lecture estim\u00e9e\" \/>\n\t<meta name=\"twitter:data2\" content=\"2 minutes\" \/>\n<script type=\"application\/ld+json\" class=\"yoast-schema-graph\">{\"@context\":\"https:\/\/schema.org\",\"@graph\":[{\"@type\":\"WebPage\",\"@id\":\"https:\/\/www.arte.tv\/sites\/olivierpere\/2015\/05\/12\/laurence-anyways-rencontre-avec-melvil-poupaud\/\",\"url\":\"https:\/\/www.arte.tv\/sites\/olivierpere\/2015\/05\/12\/laurence-anyways-rencontre-avec-melvil-poupaud\/\",\"name\":\"Laurence Anyways : rencontre avec Melvil Poupaud - Olivier P\u00e8re\",\"isPartOf\":{\"@id\":\"https:\/\/www.arte.tv\/sites\/olivierpere\/#website\"},\"datePublished\":\"2015-05-12T02:49:29+00:00\",\"dateModified\":\"2020-03-29T09:22:11+00:00\",\"author\":{\"@id\":\"https:\/\/www.arte.tv\/sites\/olivierpere\/#\/schema\/person\/dc32cd6c79be95e52d43b97a74182558\"},\"breadcrumb\":{\"@id\":\"https:\/\/www.arte.tv\/sites\/olivierpere\/2015\/05\/12\/laurence-anyways-rencontre-avec-melvil-poupaud\/#breadcrumb\"},\"inLanguage\":\"fr-FR\",\"potentialAction\":[{\"@type\":\"ReadAction\",\"target\":[\"https:\/\/www.arte.tv\/sites\/olivierpere\/2015\/05\/12\/laurence-anyways-rencontre-avec-melvil-poupaud\/\"]}]},{\"@type\":\"BreadcrumbList\",\"@id\":\"https:\/\/www.arte.tv\/sites\/olivierpere\/2015\/05\/12\/laurence-anyways-rencontre-avec-melvil-poupaud\/#breadcrumb\",\"itemListElement\":[{\"@type\":\"ListItem\",\"position\":1,\"name\":\"Home\",\"item\":\"https:\/\/www.arte.tv\/sites\/olivierpere\/\"},{\"@type\":\"ListItem\",\"position\":2,\"name\":\"Laurence Anyways : rencontre avec Melvil Poupaud\"}]},{\"@type\":\"WebSite\",\"@id\":\"https:\/\/www.arte.tv\/sites\/olivierpere\/#website\",\"url\":\"https:\/\/www.arte.tv\/sites\/olivierpere\/\",\"name\":\"Olivier P\u00e8re\",\"description\":\"\",\"potentialAction\":[{\"@type\":\"SearchAction\",\"target\":{\"@type\":\"EntryPoint\",\"urlTemplate\":\"https:\/\/www.arte.tv\/sites\/olivierpere\/?s={search_term_string}\"},\"query-input\":\"required name=search_term_string\"}],\"inLanguage\":\"fr-FR\"},{\"@type\":\"Person\",\"@id\":\"https:\/\/www.arte.tv\/sites\/olivierpere\/#\/schema\/person\/dc32cd6c79be95e52d43b97a74182558\",\"name\":\"Olivier P\u00e8re\",\"image\":{\"@type\":\"ImageObject\",\"inLanguage\":\"fr-FR\",\"@id\":\"https:\/\/www.arte.tv\/sites\/olivierpere\/#\/schema\/person\/image\/\",\"url\":\"https:\/\/secure.gravatar.com\/avatar\/bdea7b6a2c195e2c41772429a9694758?s=96&d=mm&r=g\",\"contentUrl\":\"https:\/\/secure.gravatar.com\/avatar\/bdea7b6a2c195e2c41772429a9694758?s=96&d=mm&r=g\",\"caption\":\"Olivier P\u00e8re\"},\"url\":\"https:\/\/www.arte.tv\/sites\/olivierpere\/author\/pereolivier\/\"}]}<\/script>\n<!-- \/ Yoast SEO plugin. -->","yoast_head_json":{"title":"Laurence Anyways : rencontre avec Melvil Poupaud - Olivier P\u00e8re","robots":{"index":"index","follow":"follow","max-snippet":"max-snippet:-1","max-image-preview":"max-image-preview:large","max-video-preview":"max-video-preview:-1"},"canonical":"https:\/\/www.arte.tv\/sites\/olivierpere\/2015\/05\/12\/laurence-anyways-rencontre-avec-melvil-poupaud\/","og_locale":"fr_FR","og_type":"article","og_title":"Laurence Anyways : rencontre avec Melvil Poupaud - Olivier P\u00e8re","og_description":"Dans le cadre de sa programmation \u00ab\u00a0sp\u00e9cial Cannes\u00a0\u00bb ARTE diffuse mercredi 13 mai \u00e0 20h50 Laurence Anyways de Xavier Dolan\u2026","og_url":"https:\/\/www.arte.tv\/sites\/olivierpere\/2015\/05\/12\/laurence-anyways-rencontre-avec-melvil-poupaud\/","og_site_name":"Olivier P\u00e8re","article_published_time":"2015-05-12T02:49:29+00:00","article_modified_time":"2020-03-29T09:22:11+00:00","author":"Olivier P\u00e8re","twitter_misc":{"\u00c9crit par":"Olivier P\u00e8re","Dur\u00e9e de lecture estim\u00e9e":"2 minutes"},"schema":{"@context":"https:\/\/schema.org","@graph":[{"@type":"WebPage","@id":"https:\/\/www.arte.tv\/sites\/olivierpere\/2015\/05\/12\/laurence-anyways-rencontre-avec-melvil-poupaud\/","url":"https:\/\/www.arte.tv\/sites\/olivierpere\/2015\/05\/12\/laurence-anyways-rencontre-avec-melvil-poupaud\/","name":"Laurence Anyways : rencontre avec Melvil Poupaud - Olivier P\u00e8re","isPartOf":{"@id":"https:\/\/www.arte.tv\/sites\/olivierpere\/#website"},"datePublished":"2015-05-12T02:49:29+00:00","dateModified":"2020-03-29T09:22:11+00:00","author":{"@id":"https:\/\/www.arte.tv\/sites\/olivierpere\/#\/schema\/person\/dc32cd6c79be95e52d43b97a74182558"},"breadcrumb":{"@id":"https:\/\/www.arte.tv\/sites\/olivierpere\/2015\/05\/12\/laurence-anyways-rencontre-avec-melvil-poupaud\/#breadcrumb"},"inLanguage":"fr-FR","potentialAction":[{"@type":"ReadAction","target":["https:\/\/www.arte.tv\/sites\/olivierpere\/2015\/05\/12\/laurence-anyways-rencontre-avec-melvil-poupaud\/"]}]},{"@type":"BreadcrumbList","@id":"https:\/\/www.arte.tv\/sites\/olivierpere\/2015\/05\/12\/laurence-anyways-rencontre-avec-melvil-poupaud\/#breadcrumb","itemListElement":[{"@type":"ListItem","position":1,"name":"Home","item":"https:\/\/www.arte.tv\/sites\/olivierpere\/"},{"@type":"ListItem","position":2,"name":"Laurence Anyways : rencontre avec Melvil Poupaud"}]},{"@type":"WebSite","@id":"https:\/\/www.arte.tv\/sites\/olivierpere\/#website","url":"https:\/\/www.arte.tv\/sites\/olivierpere\/","name":"Olivier P\u00e8re","description":"","potentialAction":[{"@type":"SearchAction","target":{"@type":"EntryPoint","urlTemplate":"https:\/\/www.arte.tv\/sites\/olivierpere\/?s={search_term_string}"},"query-input":"required name=search_term_string"}],"inLanguage":"fr-FR"},{"@type":"Person","@id":"https:\/\/www.arte.tv\/sites\/olivierpere\/#\/schema\/person\/dc32cd6c79be95e52d43b97a74182558","name":"Olivier P\u00e8re","image":{"@type":"ImageObject","inLanguage":"fr-FR","@id":"https:\/\/www.arte.tv\/sites\/olivierpere\/#\/schema\/person\/image\/","url":"https:\/\/secure.gravatar.com\/avatar\/bdea7b6a2c195e2c41772429a9694758?s=96&d=mm&r=g","contentUrl":"https:\/\/secure.gravatar.com\/avatar\/bdea7b6a2c195e2c41772429a9694758?s=96&d=mm&r=g","caption":"Olivier P\u00e8re"},"url":"https:\/\/www.arte.tv\/sites\/olivierpere\/author\/pereolivier\/"}]}},"_links":{"self":[{"href":"https:\/\/www.arte.tv\/sites\/olivierpere\/wp-json\/wp\/v2\/posts\/15484"}],"collection":[{"href":"https:\/\/www.arte.tv\/sites\/olivierpere\/wp-json\/wp\/v2\/posts"}],"about":[{"href":"https:\/\/www.arte.tv\/sites\/olivierpere\/wp-json\/wp\/v2\/types\/post"}],"author":[{"embeddable":true,"href":"https:\/\/www.arte.tv\/sites\/olivierpere\/wp-json\/wp\/v2\/users\/116"}],"replies":[{"embeddable":true,"href":"https:\/\/www.arte.tv\/sites\/olivierpere\/wp-json\/wp\/v2\/comments?post=15484"}],"version-history":[{"count":7,"href":"https:\/\/www.arte.tv\/sites\/olivierpere\/wp-json\/wp\/v2\/posts\/15484\/revisions"}],"predecessor-version":[{"id":24660,"href":"https:\/\/www.arte.tv\/sites\/olivierpere\/wp-json\/wp\/v2\/posts\/15484\/revisions\/24660"}],"wp:attachment":[{"href":"https:\/\/www.arte.tv\/sites\/olivierpere\/wp-json\/wp\/v2\/media?parent=15484"}],"wp:term":[{"taxonomy":"category","embeddable":true,"href":"https:\/\/www.arte.tv\/sites\/olivierpere\/wp-json\/wp\/v2\/categories?post=15484"},{"taxonomy":"post_tag","embeddable":true,"href":"https:\/\/www.arte.tv\/sites\/olivierpere\/wp-json\/wp\/v2\/tags?post=15484"}],"curies":[{"name":"wp","href":"https:\/\/api.w.org\/{rel}","templated":true}]}}