{"id":15451,"date":"2015-05-07T02:50:53","date_gmt":"2015-05-07T01:50:53","guid":{"rendered":"https:\/\/www.arte.tv\/sites\/olivierpere\/?p=15451"},"modified":"2018-03-28T20:00:26","modified_gmt":"2018-03-28T19:00:26","slug":"rosetta-de-luc-et-jean-pierre-dardenne","status":"publish","type":"post","link":"https:\/\/www.arte.tv\/sites\/olivierpere\/2015\/05\/07\/rosetta-de-luc-et-jean-pierre-dardenne\/","title":{"rendered":"Rosetta de Jean-Pierre et Luc Dardenne"},"content":{"rendered":"<p>Mercredi 20 mai \u00e0 20h50 ARTE diffuse<em> Rosetta <\/em>de Jean-Pierre et Luc Dardenne, Palme d\u2019or et prix d\u2019interpr\u00e9tation f\u00e9minine pour Emilie Dequenne au Festival de Cannes en 1999, suivi \u00e0 22h25 du documentaire de Auberi Elder <em>Il \u00e9tait une fois\u2026 Rosetta<\/em>.<\/p>\n<p><em>La Promesse<\/em>, leur film pr\u00e9c\u00e9dent, avait marqu\u00e9 un tournant dans la carri\u00e8re des fr\u00e8res cin\u00e9astes qui y appliquait pour la premi\u00e8re fois certaines m\u00e9thodes de travail et une approche radicale de sujets soci\u00e9taux. Un cin\u00e9ma n\u00e9 de l\u2019observation de la r\u00e9alit\u00e9 mais aussi d\u2019une r\u00e9flexion sur la place de la cam\u00e9ra, la direction d\u2019acteurs soumis \u00e0 un \u00ab\u00a0modelage\u00a0\u00bb au cours de nombreuses prises avec des partis-pris esth\u00e9tiques qui abandonnent tous les artifices du cin\u00e9ma et m\u00eame la psychologie pour se concentrer sur la force et la v\u00e9rit\u00e9 des corps et des gestes. <em>Rosetta<\/em> sera la cons\u00e9cration pr\u00e9coce et l\u2019affirmation triomphante d\u2019une \u00ab\u00a0m\u00e9thode\u00a0\u00bb qui n\u2019est pas destin\u00e9e \u00e0 se r\u00e9p\u00e9ter mais plut\u00f4t \u00e0 se consolider et \u00e0 s\u2019ouvrir \u00e0 de nouvelles exp\u00e9riences dans un paysage \u2013 la Belgique ouvri\u00e8re, et plus pr\u00e9cis\u00e9ment Seraing ville industrielle de la province de Li\u00e8ge \u2013 qui reste sensiblement identique de film en film.<\/p>\n<div id=\"attachment_15453\" style=\"width: 1408px\" class=\"wp-caption alignnone\"><img aria-describedby=\"caption-attachment-15453\" decoding=\"async\" loading=\"lazy\" class=\"size-full wp-image-15453\" src=\"https:\/\/www.arte.tv\/sites\/olivierpere\/files\/rosetta_2.jpg\" alt=\"Emilie Dequenne dans Rosetta\" width=\"1398\" height=\"947\" srcset=\"https:\/\/www.arte.tv\/sites\/olivierpere\/files\/rosetta_2.jpg 1398w, https:\/\/www.arte.tv\/sites\/olivierpere\/files\/rosetta_2-413x280.jpg 413w, https:\/\/www.arte.tv\/sites\/olivierpere\/files\/rosetta_2-1024x694.jpg 1024w, https:\/\/www.arte.tv\/sites\/olivierpere\/files\/rosetta_2-580x393.jpg 580w\" sizes=\"(max-width: 1398px) 100vw, 1398px\" \/><p id=\"caption-attachment-15453\" class=\"wp-caption-text\">Emilie Dequenne dans Rosetta<\/p><\/div>\n<p><em>Rosetta<\/em> est donc ce chef-d\u2019\u0153uvre fondateur qui doit son titre au pr\u00e9nom d\u2019une jeune fille en perp\u00e9tuel mouvement, que la cam\u00e9ra ne l\u00e2che jamais, et suit g\u00e9n\u00e9ralement au plus pr\u00e8s. Le film est un v\u00e9ritable manuel de survie, le portrait d\u2019une guerri\u00e8re qui doit recommencer chaque jour les m\u00eames gestes pour ne pas couler comme sa m\u00e8re \u2013 \u00e9pave humaine sombr\u00e9e dans l\u2019alcool et la prostitution \u2013 et qui part inlassablement chaque matin \u00e0 la recherche d\u2019un emploi stable.<\/p>\n<p>Trouver un travail co\u00fbte que co\u00fbte, jusqu\u2019\u00e0 la tentation du meurtre et au prix de la d\u00e9lation, pour s\u2019int\u00e9grer \u00e0 la soci\u00e9t\u00e9 et sortir de la pr\u00e9carit\u00e9, telle est la qu\u00eate, l\u2019id\u00e9e fixe de Rosetta.<\/p>\n<p>Les fr\u00e8res Dardenne constatent la faillite de la solidarit\u00e9 de classe entre prol\u00e9taires dans un monde o\u00f9 chacun doit se battre pour lui-m\u00eame et contre l&rsquo;autre, o\u00f9 l\u2019homme est exploit\u00e9 par l\u2019homme.<\/p>\n<p>Par sa solitude et le conflit moral dont elle fait l\u2019exp\u00e9rience Rosetta est une petite s\u0153ur de la Mouchette de Bernanos et de Bresson. Nul doute que les fr\u00e8res Dardenne ont pens\u00e9 \u00e0 ces illustres mod\u00e8les en imaginant leur h\u00e9ro\u00efne, qui surmonte \u00e0 grand peine le d\u00e9sespoir et le d\u00e9couragement par une \u00e9nergie et une violence hallucinantes. Il n\u2019est pas interdit de trouver dans ce film la\u00efc et mat\u00e9rialiste un \u00e9cho \u00e0 la passion de certaines figures de la foi chr\u00e9tienne, figures de douleur mais aussi de r\u00e9sistance.<\/p>\n<p><em>Rosetta<\/em>, c\u2019est aussi et avant tout la naissance sous nos yeux d\u2019une grande actrice \u00e0 peine \u00e2g\u00e9e de 17 ans au moment du tournage, Emilie Dequenne. Jouer pour la premi\u00e8re fois devant la cam\u00e9ra de cin\u00e9astes exceptionnels ne veut \u00e9videmment pas dire qu\u2019on est une \u00ab\u00a0non professionnelle\u00a0\u00bb et la suite de la carri\u00e8re d\u2019Emilie Dequenne, qui a confirm\u00e9 son talent \u00e0 de nombreuses reprises en travaillant avec d\u2019autres cin\u00e9astes et en apparaissant dans des films fort \u00e9loign\u00e9s du style de <em>Rosetta<\/em> et de l\u2019exigence des fr\u00e8res Dardenne est l\u00e0 pour le d\u00e9montrer.<\/p>\n<p>&nbsp;<\/p>\n<p><em>Rosetta<\/em> sera aussi disponible en Replay, sur ARTE+7.<\/p>\n<p>&nbsp;<\/p>\n<p>&nbsp;<\/p>\n<p>&nbsp;<\/p>\n<p>&nbsp;<\/p>\n<p><em>\u00a0<\/em><\/p>\n<p><em>\u00a0<\/em><\/p>\n<p>&nbsp;<\/p>\n<p>&nbsp;<\/p>\n","protected":false},"excerpt":{"rendered":"<p>Mercredi 20 mai \u00e0 20h50 ARTE diffuse Rosetta de Jean-Pierre et Luc Dardenne, Palme d\u2019or et prix d\u2019interpr\u00e9tation f\u00e9minine pour\u2026<\/p>\n","protected":false},"author":116,"featured_media":15452,"comment_status":"open","ping_status":"open","sticky":false,"template":"","format":"standard","meta":[],"categories":[8],"tags":[],"yoast_head":"<!-- This site is optimized with the Yoast SEO plugin v20.8 - https:\/\/yoast.com\/wordpress\/plugins\/seo\/ -->\n<title>Rosetta de Jean-Pierre et Luc Dardenne - Olivier P\u00e8re<\/title>\n<meta name=\"robots\" content=\"index, follow, max-snippet:-1, max-image-preview:large, max-video-preview:-1\" \/>\n<link rel=\"canonical\" href=\"https:\/\/www.arte.tv\/sites\/olivierpere\/2015\/05\/07\/rosetta-de-luc-et-jean-pierre-dardenne\/\" \/>\n<meta property=\"og:locale\" content=\"fr_FR\" \/>\n<meta property=\"og:type\" content=\"article\" \/>\n<meta property=\"og:title\" content=\"Rosetta de Jean-Pierre et Luc Dardenne - Olivier P\u00e8re\" \/>\n<meta property=\"og:description\" content=\"Mercredi 20 mai \u00e0 20h50 ARTE diffuse Rosetta de Jean-Pierre et Luc Dardenne, Palme d\u2019or et prix d\u2019interpr\u00e9tation f\u00e9minine pour\u2026\" \/>\n<meta property=\"og:url\" content=\"https:\/\/www.arte.tv\/sites\/olivierpere\/2015\/05\/07\/rosetta-de-luc-et-jean-pierre-dardenne\/\" \/>\n<meta property=\"og:site_name\" content=\"Olivier P\u00e8re\" \/>\n<meta property=\"article:published_time\" content=\"2015-05-07T01:50:53+00:00\" \/>\n<meta property=\"article:modified_time\" content=\"2018-03-28T19:00:26+00:00\" \/>\n<meta property=\"og:image\" content=\"https:\/\/www.arte.tv\/sites\/olivierpere\/files\/rosetta-1999-05-g.jpg\" \/>\n\t<meta property=\"og:image:width\" content=\"1200\" \/>\n\t<meta property=\"og:image:height\" content=\"797\" \/>\n\t<meta property=\"og:image:type\" content=\"image\/jpeg\" \/>\n<meta name=\"author\" content=\"Olivier P\u00e8re\" \/>\n<meta name=\"twitter:label1\" content=\"\u00c9crit par\" \/>\n\t<meta name=\"twitter:data1\" content=\"Olivier P\u00e8re\" \/>\n\t<meta name=\"twitter:label2\" content=\"Dur\u00e9e de lecture estim\u00e9e\" \/>\n\t<meta name=\"twitter:data2\" content=\"3 minutes\" \/>\n<script type=\"application\/ld+json\" class=\"yoast-schema-graph\">{\"@context\":\"https:\/\/schema.org\",\"@graph\":[{\"@type\":\"WebPage\",\"@id\":\"https:\/\/www.arte.tv\/sites\/olivierpere\/2015\/05\/07\/rosetta-de-luc-et-jean-pierre-dardenne\/\",\"url\":\"https:\/\/www.arte.tv\/sites\/olivierpere\/2015\/05\/07\/rosetta-de-luc-et-jean-pierre-dardenne\/\",\"name\":\"Rosetta de Jean-Pierre et Luc Dardenne - Olivier P\u00e8re\",\"isPartOf\":{\"@id\":\"https:\/\/www.arte.tv\/sites\/olivierpere\/#website\"},\"datePublished\":\"2015-05-07T01:50:53+00:00\",\"dateModified\":\"2018-03-28T19:00:26+00:00\",\"author\":{\"@id\":\"https:\/\/www.arte.tv\/sites\/olivierpere\/#\/schema\/person\/dc32cd6c79be95e52d43b97a74182558\"},\"breadcrumb\":{\"@id\":\"https:\/\/www.arte.tv\/sites\/olivierpere\/2015\/05\/07\/rosetta-de-luc-et-jean-pierre-dardenne\/#breadcrumb\"},\"inLanguage\":\"fr-FR\",\"potentialAction\":[{\"@type\":\"ReadAction\",\"target\":[\"https:\/\/www.arte.tv\/sites\/olivierpere\/2015\/05\/07\/rosetta-de-luc-et-jean-pierre-dardenne\/\"]}]},{\"@type\":\"BreadcrumbList\",\"@id\":\"https:\/\/www.arte.tv\/sites\/olivierpere\/2015\/05\/07\/rosetta-de-luc-et-jean-pierre-dardenne\/#breadcrumb\",\"itemListElement\":[{\"@type\":\"ListItem\",\"position\":1,\"name\":\"Home\",\"item\":\"https:\/\/www.arte.tv\/sites\/olivierpere\/\"},{\"@type\":\"ListItem\",\"position\":2,\"name\":\"Rosetta de Jean-Pierre et Luc Dardenne\"}]},{\"@type\":\"WebSite\",\"@id\":\"https:\/\/www.arte.tv\/sites\/olivierpere\/#website\",\"url\":\"https:\/\/www.arte.tv\/sites\/olivierpere\/\",\"name\":\"Olivier P\u00e8re\",\"description\":\"\",\"potentialAction\":[{\"@type\":\"SearchAction\",\"target\":{\"@type\":\"EntryPoint\",\"urlTemplate\":\"https:\/\/www.arte.tv\/sites\/olivierpere\/?s={search_term_string}\"},\"query-input\":\"required name=search_term_string\"}],\"inLanguage\":\"fr-FR\"},{\"@type\":\"Person\",\"@id\":\"https:\/\/www.arte.tv\/sites\/olivierpere\/#\/schema\/person\/dc32cd6c79be95e52d43b97a74182558\",\"name\":\"Olivier P\u00e8re\",\"image\":{\"@type\":\"ImageObject\",\"inLanguage\":\"fr-FR\",\"@id\":\"https:\/\/www.arte.tv\/sites\/olivierpere\/#\/schema\/person\/image\/\",\"url\":\"https:\/\/secure.gravatar.com\/avatar\/bdea7b6a2c195e2c41772429a9694758?s=96&d=mm&r=g\",\"contentUrl\":\"https:\/\/secure.gravatar.com\/avatar\/bdea7b6a2c195e2c41772429a9694758?s=96&d=mm&r=g\",\"caption\":\"Olivier P\u00e8re\"},\"url\":\"https:\/\/www.arte.tv\/sites\/olivierpere\/author\/pereolivier\/\"}]}<\/script>\n<!-- \/ Yoast SEO plugin. -->","yoast_head_json":{"title":"Rosetta de Jean-Pierre et Luc Dardenne - Olivier P\u00e8re","robots":{"index":"index","follow":"follow","max-snippet":"max-snippet:-1","max-image-preview":"max-image-preview:large","max-video-preview":"max-video-preview:-1"},"canonical":"https:\/\/www.arte.tv\/sites\/olivierpere\/2015\/05\/07\/rosetta-de-luc-et-jean-pierre-dardenne\/","og_locale":"fr_FR","og_type":"article","og_title":"Rosetta de Jean-Pierre et Luc Dardenne - Olivier P\u00e8re","og_description":"Mercredi 20 mai \u00e0 20h50 ARTE diffuse Rosetta de Jean-Pierre et Luc Dardenne, Palme d\u2019or et prix d\u2019interpr\u00e9tation f\u00e9minine pour\u2026","og_url":"https:\/\/www.arte.tv\/sites\/olivierpere\/2015\/05\/07\/rosetta-de-luc-et-jean-pierre-dardenne\/","og_site_name":"Olivier P\u00e8re","article_published_time":"2015-05-07T01:50:53+00:00","article_modified_time":"2018-03-28T19:00:26+00:00","og_image":[{"width":1200,"height":797,"url":"https:\/\/www.arte.tv\/sites\/olivierpere\/files\/rosetta-1999-05-g.jpg","type":"image\/jpeg"}],"author":"Olivier P\u00e8re","twitter_misc":{"\u00c9crit par":"Olivier P\u00e8re","Dur\u00e9e de lecture estim\u00e9e":"3 minutes"},"schema":{"@context":"https:\/\/schema.org","@graph":[{"@type":"WebPage","@id":"https:\/\/www.arte.tv\/sites\/olivierpere\/2015\/05\/07\/rosetta-de-luc-et-jean-pierre-dardenne\/","url":"https:\/\/www.arte.tv\/sites\/olivierpere\/2015\/05\/07\/rosetta-de-luc-et-jean-pierre-dardenne\/","name":"Rosetta de Jean-Pierre et Luc Dardenne - Olivier P\u00e8re","isPartOf":{"@id":"https:\/\/www.arte.tv\/sites\/olivierpere\/#website"},"datePublished":"2015-05-07T01:50:53+00:00","dateModified":"2018-03-28T19:00:26+00:00","author":{"@id":"https:\/\/www.arte.tv\/sites\/olivierpere\/#\/schema\/person\/dc32cd6c79be95e52d43b97a74182558"},"breadcrumb":{"@id":"https:\/\/www.arte.tv\/sites\/olivierpere\/2015\/05\/07\/rosetta-de-luc-et-jean-pierre-dardenne\/#breadcrumb"},"inLanguage":"fr-FR","potentialAction":[{"@type":"ReadAction","target":["https:\/\/www.arte.tv\/sites\/olivierpere\/2015\/05\/07\/rosetta-de-luc-et-jean-pierre-dardenne\/"]}]},{"@type":"BreadcrumbList","@id":"https:\/\/www.arte.tv\/sites\/olivierpere\/2015\/05\/07\/rosetta-de-luc-et-jean-pierre-dardenne\/#breadcrumb","itemListElement":[{"@type":"ListItem","position":1,"name":"Home","item":"https:\/\/www.arte.tv\/sites\/olivierpere\/"},{"@type":"ListItem","position":2,"name":"Rosetta de Jean-Pierre et Luc Dardenne"}]},{"@type":"WebSite","@id":"https:\/\/www.arte.tv\/sites\/olivierpere\/#website","url":"https:\/\/www.arte.tv\/sites\/olivierpere\/","name":"Olivier P\u00e8re","description":"","potentialAction":[{"@type":"SearchAction","target":{"@type":"EntryPoint","urlTemplate":"https:\/\/www.arte.tv\/sites\/olivierpere\/?s={search_term_string}"},"query-input":"required name=search_term_string"}],"inLanguage":"fr-FR"},{"@type":"Person","@id":"https:\/\/www.arte.tv\/sites\/olivierpere\/#\/schema\/person\/dc32cd6c79be95e52d43b97a74182558","name":"Olivier P\u00e8re","image":{"@type":"ImageObject","inLanguage":"fr-FR","@id":"https:\/\/www.arte.tv\/sites\/olivierpere\/#\/schema\/person\/image\/","url":"https:\/\/secure.gravatar.com\/avatar\/bdea7b6a2c195e2c41772429a9694758?s=96&d=mm&r=g","contentUrl":"https:\/\/secure.gravatar.com\/avatar\/bdea7b6a2c195e2c41772429a9694758?s=96&d=mm&r=g","caption":"Olivier P\u00e8re"},"url":"https:\/\/www.arte.tv\/sites\/olivierpere\/author\/pereolivier\/"}]}},"_links":{"self":[{"href":"https:\/\/www.arte.tv\/sites\/olivierpere\/wp-json\/wp\/v2\/posts\/15451"}],"collection":[{"href":"https:\/\/www.arte.tv\/sites\/olivierpere\/wp-json\/wp\/v2\/posts"}],"about":[{"href":"https:\/\/www.arte.tv\/sites\/olivierpere\/wp-json\/wp\/v2\/types\/post"}],"author":[{"embeddable":true,"href":"https:\/\/www.arte.tv\/sites\/olivierpere\/wp-json\/wp\/v2\/users\/116"}],"replies":[{"embeddable":true,"href":"https:\/\/www.arte.tv\/sites\/olivierpere\/wp-json\/wp\/v2\/comments?post=15451"}],"version-history":[{"count":4,"href":"https:\/\/www.arte.tv\/sites\/olivierpere\/wp-json\/wp\/v2\/posts\/15451\/revisions"}],"predecessor-version":[{"id":21996,"href":"https:\/\/www.arte.tv\/sites\/olivierpere\/wp-json\/wp\/v2\/posts\/15451\/revisions\/21996"}],"wp:featuredmedia":[{"embeddable":true,"href":"https:\/\/www.arte.tv\/sites\/olivierpere\/wp-json\/wp\/v2\/media\/15452"}],"wp:attachment":[{"href":"https:\/\/www.arte.tv\/sites\/olivierpere\/wp-json\/wp\/v2\/media?parent=15451"}],"wp:term":[{"taxonomy":"category","embeddable":true,"href":"https:\/\/www.arte.tv\/sites\/olivierpere\/wp-json\/wp\/v2\/categories?post=15451"},{"taxonomy":"post_tag","embeddable":true,"href":"https:\/\/www.arte.tv\/sites\/olivierpere\/wp-json\/wp\/v2\/tags?post=15451"}],"curies":[{"name":"wp","href":"https:\/\/api.w.org\/{rel}","templated":true}]}}