{"id":15420,"date":"2015-04-23T02:48:52","date_gmt":"2015-04-23T01:48:52","guid":{"rendered":"https:\/\/www.arte.tv\/sites\/olivierpere\/?p=15420"},"modified":"2015-04-22T08:23:52","modified_gmt":"2015-04-22T07:23:52","slug":"la-soif-du-mal-de-orson-welles","status":"publish","type":"post","link":"https:\/\/www.arte.tv\/sites\/olivierpere\/2015\/04\/23\/la-soif-du-mal-de-orson-welles\/","title":{"rendered":"La Soif du mal de Orson Welles"},"content":{"rendered":"<p>Dans le cadre de son hommage \u00e0 Orson Welles ARTE diffuse lundi 11 mai \u00e0 20h50 <em>La Soif du mal (Touch of Evil<\/em>, 1958).<\/p>\n<p><em>La Soif du mal<\/em> est consid\u00e9r\u00e9 par beaucoup comme le chant du cygne du film noir classique, m\u00eame si cet adjectif ne convient absolument pas \u00e0 l\u2019art de Welles, et \u00e0 ce film en particulier, sans doute l\u2019un des plus g\u00e9niaux et caract\u00e9ristiques de son auteur, qui donne libre cours \u00e0 sa d\u00e9mesure baroque.<\/p>\n<p>Il s\u2019agit du premier film r\u00e9alis\u00e9 par Welles \u00e0 Hollywood apr\u00e8s une absence de plus de dix ans \u2013 le tournage de <em>La Dame de Shanghai<\/em> remonte \u00e0 1947. Entre ces deux chefs-d\u2019\u0153uvre du film noir, ses adaptations shakespeariennes \u00e9taient des productions ind\u00e9pendantes et <em>Mr. Arkadin<\/em> avait \u00e9t\u00e9 tourn\u00e9 en Espagne. Pour financer ses projets personnels Welles avait beaucoup cachetonn\u00e9 en tant qu\u2019acteur aux Etats-Unis et en Europe.<\/p>\n<p>Deux hypoth\u00e8ses demeurent au sujet du choix de Orson Welles pour mettre en sc\u00e8ne <em>La Soif du mal<\/em>. Soit Charlton Heston aurait insist\u00e9 pour que son partenaire \u00e0 l\u2019\u00e9cran soit \u00e9galement le r\u00e9alisateur du film, soit le producteur Albert Zugsmith aurait confi\u00e9 le poste \u00e0 Welles apr\u00e8s leur pr\u00e9c\u00e9dente collaboration sur <em>Le Salaire du diable<\/em> de Jack Arnold, dans lequel Welles jouait le vilain du film. Il n\u2019emp\u00eache que les deux hommes, admirateur du g\u00e9nie du cin\u00e9aste, ne parviendront pas \u00e0 att\u00e9nuer la m\u00e9fiance de la Universal, effray\u00e9e par la r\u00e9putation capricieuse et dispendieuse de Welles, qui n\u2019avait rien tourn\u00e9 \u00e0 Hollywood depuis pr\u00e8s de dix ans. M\u00eame si Welles met en sc\u00e8ne le film sans difficult\u00e9 et en un temps record, pour un budget modique de 895.000 dollars, le studio insatisfait de son montage exigera une version plus courte et des s\u00e9quences additionnelles, au grand m\u00e9contentement de Welles. Sa version ne sera restaur\u00e9e et montr\u00e9e qu\u2019en 1998 \u2013 c\u2019est elle qui est diffus\u00e9e sur ARTE. Est-ce le semi \u00e9chec du film, malgr\u00e9 son immense beaut\u00e9, qui conduira Zugsmith \u00e0 abandonner toute vell\u00e9it\u00e9 artistique \u00e0 partir de 1958\u00a0?\u00a0Furieux d\u2019\u00eatre interdit de salle de montage Welles \u00e9crivit un long m\u00e9mo pour exprimer sa surprise et sa d\u00e9ception, qui ne sera suivi d\u2019aucun effet. Welles n\u2019a jamais pardonn\u00e9 aux pontes de la Universal d\u2019avoir d\u00e9natur\u00e9 <em>La Soif du mal<\/em> et s\u2019est d\u00e9finitivement exil\u00e9 loin de Hollywood. <em>La Soif du mal<\/em> restera son dernier film am\u00e9ricain.<\/p>\n<p>Revoir <em>La Soif du mal<\/em> permet de v\u00e9rifier la modernit\u00e9 de la mise en sc\u00e8ne de Welles. Virtuose et proc\u00e9dant \u00e0 un usage proche de la performance de la profondeur de champ, de la plong\u00e9e et de la contre-plong\u00e9e et surtout du plan-s\u00e9quence, Welles ouvre la voie au cin\u00e9ma am\u00e9ricain des d\u00e9cennies suivantes. On constate \u00e0 quel point l\u2019\u0153uvre de Welles et ce film en particulier, o\u00f9 il semble pousser \u00e0 leur paroxysme ses trouvailles visuelles, a eu une influence consid\u00e9rable sur le jeune Kubrick, puis Frankenheimer, Coppola, DePalma\u2026 jusqu\u2019aux premiers films de Lars von Trier ou David Fincher.<\/p>\n<p>Il serait faux de consid\u00e9rer Welles comme un simple exp\u00e9rimentateur jouant avec la grammaire et la technique cin\u00e9matographiques. Ses inventions formelles et son style baroque s\u2019accordent avec un projet politique, une histoire de corruption et de racisme situ\u00e9e dans un univers en \u00e9tat de d\u00e9composition. Welles ose aborder les sujets tabous de la corruption polici\u00e8re et de la drogue de mani\u00e8re explicite. Sa mise en sc\u00e8ne exprime les tourments de ses personnages, la violence et la d\u00e9r\u00e9liction morale qui r\u00e8gnent dans cette ville fronti\u00e8re d\u00e9glingu\u00e9e entre les Etats-Unis du Mexique.<\/p>\n<div id=\"attachment_15422\" style=\"width: 1210px\" class=\"wp-caption alignnone\"><img aria-describedby=\"caption-attachment-15422\" decoding=\"async\" loading=\"lazy\" class=\"size-full wp-image-15422\" src=\"https:\/\/www.arte.tv\/sites\/olivierpere\/files\/soif-du-mal-06-g.jpg\" alt=\"Charlton Heston et Orson Welles dans La Soif du mal\" width=\"1200\" height=\"913\" srcset=\"https:\/\/www.arte.tv\/sites\/olivierpere\/files\/soif-du-mal-06-g.jpg 1200w, https:\/\/www.arte.tv\/sites\/olivierpere\/files\/soif-du-mal-06-g-368x280.jpg 368w, https:\/\/www.arte.tv\/sites\/olivierpere\/files\/soif-du-mal-06-g-1009x768.jpg 1009w, https:\/\/www.arte.tv\/sites\/olivierpere\/files\/soif-du-mal-06-g-580x441.jpg 580w\" sizes=\"(max-width: 1200px) 100vw, 1200px\" \/><p id=\"caption-attachment-15422\" class=\"wp-caption-text\">Charlton Heston et Orson Welles dans La Soif du mal<\/p><\/div>\n<p><em>La Soif du mal<\/em> montre l\u2019affrontement sans merci entre un haut fonctionnaire de la police mexicaine ambitieux et droit, Vargas (Charlton Heston, remarquable) et Quinlan, flic l\u00e9gendaire aux m\u00e9thodes anticonformistes, atour de l\u2019enqu\u00eate sur l\u2019assassinat d\u2019un notable victime d\u2019un attentat \u00e0 la dynamite au d\u00e9but du film.<\/p>\n<p>Le redoutable Quinlan est interpr\u00e9t\u00e9 par Welles, rendu m\u00e9connaissable par un maquillage et un rembourrage qui en font un vieillard ob\u00e8se et effrayant, alors qu\u2019il n\u2019a que 42 ans au moment du tournage. <em>La Soif du mal<\/em> dresse le portrait d\u2019un flic fasciste et raciste, incarnation du mal et du pouvoir corrupteur. Avec le personnage de Quinlan, Welles condamne all\u00e9goriquement les abus am\u00e9ricains \u00e0 l\u2019int\u00e9rieur et en dehors des fronti\u00e8res du pays.<\/p>\n<p>Mais Quinlan poss\u00e8de aussi une dimension path\u00e9tique qui ressort lors de ses discussions avec sa vieille amie Tana (Marlene Dietrich grim\u00e9e en gitane), diseuse de bonne aventure chez laquelle il vient de r\u00e9fugier, comme d\u00e9gout\u00e9 de lui-m\u00eame. C\u2019est Tana qui aura le mot de la fin avec une oraison fun\u00e8bre tranchante et inattendue\u00a0: \u00ab\u00a0he was some kind of a man\u2026\u00a0\u00bb<\/p>\n<p><em>La Soif du mal<\/em> est l\u2019histoire de la d\u00e9ch\u00e9ance d\u2019un homme, \u00e0 l\u2019instar de nombreux autres films de Welles. Celle de Quinlan, autant morale que physique, revoit \u00e0 celle de Welles, ange d\u00e9chu qui s\u2019est br\u00fbl\u00e9 les ailes \u00e0 Hollywood et a dilapid\u00e9 sa force et son g\u00e9nie \u00e0 la poursuite de projets fantomatiques, d\u2019aventures autour du monde, ne r\u00e9coltant que regrets, \u00e9checs et amertume.<\/p>\n<div id=\"attachment_15423\" style=\"width: 770px\" class=\"wp-caption alignnone\"><img aria-describedby=\"caption-attachment-15423\" decoding=\"async\" loading=\"lazy\" class=\"size-full wp-image-15423\" src=\"https:\/\/www.arte.tv\/sites\/olivierpere\/files\/12.jpg\" alt=\"Orson Welles dans La Soif du mal\" width=\"760\" height=\"1054\" srcset=\"https:\/\/www.arte.tv\/sites\/olivierpere\/files\/12.jpg 760w, https:\/\/www.arte.tv\/sites\/olivierpere\/files\/12-202x280.jpg 202w, https:\/\/www.arte.tv\/sites\/olivierpere\/files\/12-554x768.jpg 554w, https:\/\/www.arte.tv\/sites\/olivierpere\/files\/12-580x804.jpg 580w\" sizes=\"(max-width: 760px) 100vw, 760px\" \/><p id=\"caption-attachment-15423\" class=\"wp-caption-text\">Orson Welles dans La Soif du mal<\/p><\/div>\n<p><em>\u00a0<\/em><\/p>\n<p><em>\u00a0<\/em><\/p>\n<p><em>\u00a0<\/em><\/p>\n<p>&nbsp;<\/p>\n<p>&nbsp;<\/p>\n","protected":false},"excerpt":{"rendered":"<p>Dans le cadre de son hommage \u00e0 Orson Welles ARTE diffuse lundi 11 mai \u00e0 20h50 La Soif du mal\u2026<\/p>\n","protected":false},"author":116,"featured_media":15421,"comment_status":"open","ping_status":"open","sticky":false,"template":"","format":"standard","meta":[],"categories":[8],"tags":[],"yoast_head":"<!-- This site is optimized with the Yoast SEO plugin v20.8 - https:\/\/yoast.com\/wordpress\/plugins\/seo\/ -->\n<title>La Soif du mal de Orson Welles - Olivier P\u00e8re<\/title>\n<meta name=\"robots\" content=\"index, follow, max-snippet:-1, max-image-preview:large, max-video-preview:-1\" \/>\n<link rel=\"canonical\" href=\"https:\/\/www.arte.tv\/sites\/olivierpere\/2015\/04\/23\/la-soif-du-mal-de-orson-welles\/\" \/>\n<meta property=\"og:locale\" content=\"fr_FR\" \/>\n<meta property=\"og:type\" content=\"article\" \/>\n<meta property=\"og:title\" content=\"La Soif du mal de Orson Welles - Olivier P\u00e8re\" \/>\n<meta property=\"og:description\" content=\"Dans le cadre de son hommage \u00e0 Orson Welles ARTE diffuse lundi 11 mai \u00e0 20h50 La Soif du mal\u2026\" \/>\n<meta property=\"og:url\" content=\"https:\/\/www.arte.tv\/sites\/olivierpere\/2015\/04\/23\/la-soif-du-mal-de-orson-welles\/\" \/>\n<meta property=\"og:site_name\" content=\"Olivier P\u00e8re\" \/>\n<meta property=\"article:published_time\" content=\"2015-04-23T01:48:52+00:00\" \/>\n<meta property=\"article:modified_time\" content=\"2015-04-22T07:23:52+00:00\" \/>\n<meta property=\"og:image\" content=\"https:\/\/www.arte.tv\/sites\/olivierpere\/files\/FA_image_00036544.jpg\" \/>\n\t<meta property=\"og:image:width\" content=\"1200\" \/>\n\t<meta property=\"og:image:height\" content=\"901\" \/>\n\t<meta property=\"og:image:type\" content=\"image\/jpeg\" \/>\n<meta name=\"author\" content=\"Olivier P\u00e8re\" \/>\n<meta name=\"twitter:label1\" content=\"\u00c9crit par\" \/>\n\t<meta name=\"twitter:data1\" content=\"Olivier P\u00e8re\" \/>\n\t<meta name=\"twitter:label2\" content=\"Dur\u00e9e de lecture estim\u00e9e\" \/>\n\t<meta name=\"twitter:data2\" content=\"5 minutes\" \/>\n<script type=\"application\/ld+json\" class=\"yoast-schema-graph\">{\"@context\":\"https:\/\/schema.org\",\"@graph\":[{\"@type\":\"WebPage\",\"@id\":\"https:\/\/www.arte.tv\/sites\/olivierpere\/2015\/04\/23\/la-soif-du-mal-de-orson-welles\/\",\"url\":\"https:\/\/www.arte.tv\/sites\/olivierpere\/2015\/04\/23\/la-soif-du-mal-de-orson-welles\/\",\"name\":\"La Soif du mal de Orson Welles - Olivier P\u00e8re\",\"isPartOf\":{\"@id\":\"https:\/\/www.arte.tv\/sites\/olivierpere\/#website\"},\"datePublished\":\"2015-04-23T01:48:52+00:00\",\"dateModified\":\"2015-04-22T07:23:52+00:00\",\"author\":{\"@id\":\"https:\/\/www.arte.tv\/sites\/olivierpere\/#\/schema\/person\/dc32cd6c79be95e52d43b97a74182558\"},\"breadcrumb\":{\"@id\":\"https:\/\/www.arte.tv\/sites\/olivierpere\/2015\/04\/23\/la-soif-du-mal-de-orson-welles\/#breadcrumb\"},\"inLanguage\":\"fr-FR\",\"potentialAction\":[{\"@type\":\"ReadAction\",\"target\":[\"https:\/\/www.arte.tv\/sites\/olivierpere\/2015\/04\/23\/la-soif-du-mal-de-orson-welles\/\"]}]},{\"@type\":\"BreadcrumbList\",\"@id\":\"https:\/\/www.arte.tv\/sites\/olivierpere\/2015\/04\/23\/la-soif-du-mal-de-orson-welles\/#breadcrumb\",\"itemListElement\":[{\"@type\":\"ListItem\",\"position\":1,\"name\":\"Home\",\"item\":\"https:\/\/www.arte.tv\/sites\/olivierpere\/\"},{\"@type\":\"ListItem\",\"position\":2,\"name\":\"La Soif du mal de Orson Welles\"}]},{\"@type\":\"WebSite\",\"@id\":\"https:\/\/www.arte.tv\/sites\/olivierpere\/#website\",\"url\":\"https:\/\/www.arte.tv\/sites\/olivierpere\/\",\"name\":\"Olivier P\u00e8re\",\"description\":\"\",\"potentialAction\":[{\"@type\":\"SearchAction\",\"target\":{\"@type\":\"EntryPoint\",\"urlTemplate\":\"https:\/\/www.arte.tv\/sites\/olivierpere\/?s={search_term_string}\"},\"query-input\":\"required name=search_term_string\"}],\"inLanguage\":\"fr-FR\"},{\"@type\":\"Person\",\"@id\":\"https:\/\/www.arte.tv\/sites\/olivierpere\/#\/schema\/person\/dc32cd6c79be95e52d43b97a74182558\",\"name\":\"Olivier P\u00e8re\",\"image\":{\"@type\":\"ImageObject\",\"inLanguage\":\"fr-FR\",\"@id\":\"https:\/\/www.arte.tv\/sites\/olivierpere\/#\/schema\/person\/image\/\",\"url\":\"https:\/\/secure.gravatar.com\/avatar\/bdea7b6a2c195e2c41772429a9694758?s=96&d=mm&r=g\",\"contentUrl\":\"https:\/\/secure.gravatar.com\/avatar\/bdea7b6a2c195e2c41772429a9694758?s=96&d=mm&r=g\",\"caption\":\"Olivier P\u00e8re\"},\"url\":\"https:\/\/www.arte.tv\/sites\/olivierpere\/author\/pereolivier\/\"}]}<\/script>\n<!-- \/ Yoast SEO plugin. -->","yoast_head_json":{"title":"La Soif du mal de Orson Welles - Olivier P\u00e8re","robots":{"index":"index","follow":"follow","max-snippet":"max-snippet:-1","max-image-preview":"max-image-preview:large","max-video-preview":"max-video-preview:-1"},"canonical":"https:\/\/www.arte.tv\/sites\/olivierpere\/2015\/04\/23\/la-soif-du-mal-de-orson-welles\/","og_locale":"fr_FR","og_type":"article","og_title":"La Soif du mal de Orson Welles - Olivier P\u00e8re","og_description":"Dans le cadre de son hommage \u00e0 Orson Welles ARTE diffuse lundi 11 mai \u00e0 20h50 La Soif du mal\u2026","og_url":"https:\/\/www.arte.tv\/sites\/olivierpere\/2015\/04\/23\/la-soif-du-mal-de-orson-welles\/","og_site_name":"Olivier P\u00e8re","article_published_time":"2015-04-23T01:48:52+00:00","article_modified_time":"2015-04-22T07:23:52+00:00","og_image":[{"width":1200,"height":901,"url":"https:\/\/www.arte.tv\/sites\/olivierpere\/files\/FA_image_00036544.jpg","type":"image\/jpeg"}],"author":"Olivier P\u00e8re","twitter_misc":{"\u00c9crit par":"Olivier P\u00e8re","Dur\u00e9e de lecture estim\u00e9e":"5 minutes"},"schema":{"@context":"https:\/\/schema.org","@graph":[{"@type":"WebPage","@id":"https:\/\/www.arte.tv\/sites\/olivierpere\/2015\/04\/23\/la-soif-du-mal-de-orson-welles\/","url":"https:\/\/www.arte.tv\/sites\/olivierpere\/2015\/04\/23\/la-soif-du-mal-de-orson-welles\/","name":"La Soif du mal de Orson Welles - Olivier P\u00e8re","isPartOf":{"@id":"https:\/\/www.arte.tv\/sites\/olivierpere\/#website"},"datePublished":"2015-04-23T01:48:52+00:00","dateModified":"2015-04-22T07:23:52+00:00","author":{"@id":"https:\/\/www.arte.tv\/sites\/olivierpere\/#\/schema\/person\/dc32cd6c79be95e52d43b97a74182558"},"breadcrumb":{"@id":"https:\/\/www.arte.tv\/sites\/olivierpere\/2015\/04\/23\/la-soif-du-mal-de-orson-welles\/#breadcrumb"},"inLanguage":"fr-FR","potentialAction":[{"@type":"ReadAction","target":["https:\/\/www.arte.tv\/sites\/olivierpere\/2015\/04\/23\/la-soif-du-mal-de-orson-welles\/"]}]},{"@type":"BreadcrumbList","@id":"https:\/\/www.arte.tv\/sites\/olivierpere\/2015\/04\/23\/la-soif-du-mal-de-orson-welles\/#breadcrumb","itemListElement":[{"@type":"ListItem","position":1,"name":"Home","item":"https:\/\/www.arte.tv\/sites\/olivierpere\/"},{"@type":"ListItem","position":2,"name":"La Soif du mal de Orson Welles"}]},{"@type":"WebSite","@id":"https:\/\/www.arte.tv\/sites\/olivierpere\/#website","url":"https:\/\/www.arte.tv\/sites\/olivierpere\/","name":"Olivier P\u00e8re","description":"","potentialAction":[{"@type":"SearchAction","target":{"@type":"EntryPoint","urlTemplate":"https:\/\/www.arte.tv\/sites\/olivierpere\/?s={search_term_string}"},"query-input":"required name=search_term_string"}],"inLanguage":"fr-FR"},{"@type":"Person","@id":"https:\/\/www.arte.tv\/sites\/olivierpere\/#\/schema\/person\/dc32cd6c79be95e52d43b97a74182558","name":"Olivier P\u00e8re","image":{"@type":"ImageObject","inLanguage":"fr-FR","@id":"https:\/\/www.arte.tv\/sites\/olivierpere\/#\/schema\/person\/image\/","url":"https:\/\/secure.gravatar.com\/avatar\/bdea7b6a2c195e2c41772429a9694758?s=96&d=mm&r=g","contentUrl":"https:\/\/secure.gravatar.com\/avatar\/bdea7b6a2c195e2c41772429a9694758?s=96&d=mm&r=g","caption":"Olivier P\u00e8re"},"url":"https:\/\/www.arte.tv\/sites\/olivierpere\/author\/pereolivier\/"}]}},"_links":{"self":[{"href":"https:\/\/www.arte.tv\/sites\/olivierpere\/wp-json\/wp\/v2\/posts\/15420"}],"collection":[{"href":"https:\/\/www.arte.tv\/sites\/olivierpere\/wp-json\/wp\/v2\/posts"}],"about":[{"href":"https:\/\/www.arte.tv\/sites\/olivierpere\/wp-json\/wp\/v2\/types\/post"}],"author":[{"embeddable":true,"href":"https:\/\/www.arte.tv\/sites\/olivierpere\/wp-json\/wp\/v2\/users\/116"}],"replies":[{"embeddable":true,"href":"https:\/\/www.arte.tv\/sites\/olivierpere\/wp-json\/wp\/v2\/comments?post=15420"}],"version-history":[{"count":1,"href":"https:\/\/www.arte.tv\/sites\/olivierpere\/wp-json\/wp\/v2\/posts\/15420\/revisions"}],"predecessor-version":[{"id":15424,"href":"https:\/\/www.arte.tv\/sites\/olivierpere\/wp-json\/wp\/v2\/posts\/15420\/revisions\/15424"}],"wp:featuredmedia":[{"embeddable":true,"href":"https:\/\/www.arte.tv\/sites\/olivierpere\/wp-json\/wp\/v2\/media\/15421"}],"wp:attachment":[{"href":"https:\/\/www.arte.tv\/sites\/olivierpere\/wp-json\/wp\/v2\/media?parent=15420"}],"wp:term":[{"taxonomy":"category","embeddable":true,"href":"https:\/\/www.arte.tv\/sites\/olivierpere\/wp-json\/wp\/v2\/categories?post=15420"},{"taxonomy":"post_tag","embeddable":true,"href":"https:\/\/www.arte.tv\/sites\/olivierpere\/wp-json\/wp\/v2\/tags?post=15420"}],"curies":[{"name":"wp","href":"https:\/\/api.w.org\/{rel}","templated":true}]}}