{"id":15050,"date":"2015-03-24T12:07:08","date_gmt":"2015-03-24T11:07:08","guid":{"rendered":"https:\/\/www.arte.tv\/sites\/olivierpere\/?p=15050"},"modified":"2015-03-24T15:59:11","modified_gmt":"2015-03-24T14:59:11","slug":"arte-france-cinema-coproduit-les-prochains-films-de-axelle-ropert-caroline-deruas-mohamed-diab-et-arnaud-des-pallieres","status":"publish","type":"post","link":"https:\/\/www.arte.tv\/sites\/olivierpere\/2015\/03\/24\/arte-france-cinema-coproduit-les-prochains-films-de-axelle-ropert-caroline-deruas-mohamed-diab-et-arnaud-des-pallieres\/","title":{"rendered":"ARTE France Cin\u00e9ma coproduit les films de Axelle Ropert, Caroline Deruas, Mohamed Diab et Arnaud des Palli\u00e8res"},"content":{"rendered":"<p>Le comit\u00e9 de s\u00e9lection d\u2019ARTE France Cin\u00e9ma, qui s\u2019est r\u00e9uni le 19 mars, a d\u00e9cid\u00e9 de soutenir quatre nouveaux projets de longs m\u00e9trages : un premier film fran\u00e7ais, deux films fran\u00e7ais et une coproduction internationale, repr\u00e9sentatifs de la diversit\u00e9 et de l\u2019originalit\u00e9 du cin\u00e9ma contemporain, et aussi de son renouveau avec trois jeunes auteur(e)s \u00e0 l\u2019or\u00e9e de leur carri\u00e8re, et un cin\u00e9aste qui se r\u00e9invente avec un portrait de femme tr\u00e8s impressionnant.<\/p>\n<p>&nbsp;<\/p>\n<div id=\"attachment_15052\" style=\"width: 1034px\" class=\"wp-caption alignnone\"><img aria-describedby=\"caption-attachment-15052\" decoding=\"async\" loading=\"lazy\" class=\"size-full wp-image-15052\" src=\"https:\/\/www.arte.tv\/sites\/olivierpere\/files\/Axelle-Ropert.jpg\" alt=\"Axelle Ropert\" width=\"1024\" height=\"888\" srcset=\"https:\/\/www.arte.tv\/sites\/olivierpere\/files\/Axelle-Ropert.jpg 1024w, https:\/\/www.arte.tv\/sites\/olivierpere\/files\/Axelle-Ropert-323x280.jpg 323w, https:\/\/www.arte.tv\/sites\/olivierpere\/files\/Axelle-Ropert-886x768.jpg 886w, https:\/\/www.arte.tv\/sites\/olivierpere\/files\/Axelle-Ropert-580x503.jpg 580w\" sizes=\"(max-width: 1024px) 100vw, 1024px\" \/><p id=\"caption-attachment-15052\" class=\"wp-caption-text\">Axelle Ropert<\/p><\/div>\n<p><em>La Prunelle de mes yeux<\/em> (Les Films Pell\u00e9as), troisi\u00e8me long m\u00e9trage de Axelle Ropert, sera interpr\u00e9t\u00e9 par des jeunes com\u00e9diens. La r\u00e9alisatrice entend redonner \u00e0 la com\u00e9die romantique actuelle, sous la double influence du cin\u00e9ma am\u00e9ricain et du classicisme fran\u00e7ais, le charme, l\u2019\u00e9l\u00e9gance mais aussi la gravit\u00e9 et la m\u00e9lancolie qui lui font souvent d\u00e9faut. Les talents d\u2019\u00e9criture et de direction d\u2019acteurs de Axelle Ropert furent salu\u00e9s \u00e0 l\u2019occasion de ses deux pr\u00e9c\u00e9dents films <em>La Famille Wolberg<\/em> (2009) et <em>Tirez la langue, mademoiselle<\/em> (2013).<\/p>\n<p>Sc\u00e9nariste, cin\u00e9aste et aussi critique de cin\u00e9ma Axelle Ropert souhaite insuffler \u00e0 son prochain film <em>La Prunelle de mes yeux<\/em> une dr\u00f4lerie qui n\u2019est pas incompatible avec l\u2019\u00e9motion.<\/p>\n<p>\u00ab\u00a0C\u2019est un film qui d\u00e9marre comme une blague, se m\u00e9tamorphose en drame et finit en histoire d\u2019amour. Ou comment une mauvaise plaisanterie conduit \u00e0 des cons\u00e9quences violentes et s\u2019ach\u00e8ve en r\u00e9conciliation apais\u00e9e.\u00a0\u00bb (Axelle Ropert)<\/p>\n<p>&nbsp;<\/p>\n<div id=\"attachment_15053\" style=\"width: 2242px\" class=\"wp-caption alignnone\"><img aria-describedby=\"caption-attachment-15053\" decoding=\"async\" loading=\"lazy\" class=\"size-full wp-image-15053\" src=\"https:\/\/www.arte.tv\/sites\/olivierpere\/files\/Caroline-Deruas.jpg\" alt=\"Caroline Deruas\" width=\"2232\" height=\"2618\" srcset=\"https:\/\/www.arte.tv\/sites\/olivierpere\/files\/Caroline-Deruas.jpg 2232w, https:\/\/www.arte.tv\/sites\/olivierpere\/files\/Caroline-Deruas-239x280.jpg 239w, https:\/\/www.arte.tv\/sites\/olivierpere\/files\/Caroline-Deruas-655x768.jpg 655w, https:\/\/www.arte.tv\/sites\/olivierpere\/files\/Caroline-Deruas-580x680.jpg 580w\" sizes=\"(max-width: 2232px) 100vw, 2232px\" \/><p id=\"caption-attachment-15053\" class=\"wp-caption-text\">Caroline Deruas<\/p><\/div>\n<p><em>L\u2019Indompt\u00e9e<\/em> (Thelma Films) sera le premier long m\u00e9trage de Caroline Deruas, dont on avait beaucoup aim\u00e9 les courts m\u00e9trages (<em>L\u2019Etoile de mer<\/em>, <em>Les Enfants de la nuit<\/em>) et qui a aussi co\u00e9crit <em>Un \u00e9t\u00e9 br\u00fblant<\/em>, <em>La Jalousie<\/em> et <em>L\u2019Ombre des femmes<\/em> &#8211; bient\u00f4t sur les \u00e9crans &#8211; de Philippe Garrel. Tourn\u00e9 \u00e0 Rome dans le cadre fantastique de la Villa M\u00e9dicis, <em>L\u2019Indompt\u00e9e <\/em>conte la relation entre deux jeunes artistes, une photographe et une \u00e9crivaine, mais surtout l\u2019histoire d\u2019une lib\u00e9ration personnelle par le filtre de l\u2019imaginaire.<\/p>\n<p>&nbsp;<\/p>\n<p><em>Clash<\/em> (Sampek Productions \/ Film Clinic) sera le deuxi\u00e8me long m\u00e9trage du r\u00e9alisateur \u00e9gyptien Mohamed Diab (photo en t\u00eate de texte), tr\u00e8s remarqu\u00e9 avec son premier film <em>Les Femmes du bus 678<\/em>, \u0153uvre courageuse et forte sur le harc\u00e8lement sexuel auquel \u00e9taient confront\u00e9es plusieurs femmes Cairotes et qui remporta un succ\u00e8s m\u00e9rit\u00e9 au moment de sa sortie en 2012.<\/p>\n<p>Inspir\u00e9 d\u2019un \u00e9v\u00e9nement r\u00e9el, <em>Clash<\/em> se d\u00e9roule presque enti\u00e8rement dans un fourgon anti-\u00e9meute lors d\u2019une manifestation au Caire \u00e0 la suite de la destitution du pr\u00e9sident \u00e9gyptien Morsi en 2013. Un v\u00e9ritable tour de force cin\u00e9matographique qui permet d\u2019appr\u00e9hender d\u2019une mani\u00e8re intens\u00e9ment dramatique et humaine les enjeux et les conflits autour du Printemps arabe.<\/p>\n<p>&nbsp;<\/p>\n<div id=\"attachment_15054\" style=\"width: 1782px\" class=\"wp-caption alignnone\"><img aria-describedby=\"caption-attachment-15054\" decoding=\"async\" loading=\"lazy\" class=\"size-full wp-image-15054\" src=\"https:\/\/www.arte.tv\/sites\/olivierpere\/files\/Arnaud-des-Pallieres-2014-c-Patrice-Terraz-Festival-Ale\u0300s.jpg\" alt=\"Arnaud des Pallieres \u00a9 Patrice Terraz Festival Ale\u0300s\" width=\"1772\" height=\"1197\" srcset=\"https:\/\/www.arte.tv\/sites\/olivierpere\/files\/Arnaud-des-Pallieres-2014-c-Patrice-Terraz-Festival-Ale\u0300s.jpg 1772w, https:\/\/www.arte.tv\/sites\/olivierpere\/files\/Arnaud-des-Pallieres-2014-c-Patrice-Terraz-Festival-Ale\u0300s-415x280.jpg 415w, https:\/\/www.arte.tv\/sites\/olivierpere\/files\/Arnaud-des-Pallieres-2014-c-Patrice-Terraz-Festival-Ale\u0300s-1024x692.jpg 1024w, https:\/\/www.arte.tv\/sites\/olivierpere\/files\/Arnaud-des-Pallieres-2014-c-Patrice-Terraz-Festival-Ale\u0300s-580x392.jpg 580w\" sizes=\"(max-width: 1772px) 100vw, 1772px\" \/><p id=\"caption-attachment-15054\" class=\"wp-caption-text\">Arnaud des Palli\u00e8res \u00a9 Patrice Terraz<\/p><\/div>\n<p><em>Orpheline<\/em> (Les Films Hatari \/ Les Films d\u2019Ici) \u00e9crit par Arnaud des Palli\u00e8res et Christelle Berthevas, interpr\u00e9t\u00e9 par Ad\u00e8le Haenel, sera le prochain long m\u00e9trage de l\u2019auteur de <em>Michael Kohlhaas<\/em> (2013). L\u2019histoire d\u2019une femme \u00e0 quatre \u00e2ges de sa vie.<\/p>\n<p>\u00ab\u00a0Devant le projet d&rsquo;<em>Orpheline, <\/em>j&rsquo;\u00e9prouve le sentiment d\u2019avoir \u00e0 mettre mon travail au service d\u2019une histoire qui est plus qu\u2019une fiction et ne m\u2019appartient pas. Celle de la lutte d\u2019une femme pour sa vie, sa libert\u00e9 et son identit\u00e9.\u00a0\u00bb (Arnaud des Palli\u00e8res)<\/p>\n<p>&nbsp;<\/p>\n<p>Ces quatre films sont attendus en 2016.<\/p>\n<p>&nbsp;<\/p>\n<p>&nbsp;<\/p>\n<p>&nbsp;<\/p>\n<p>&nbsp;<\/p>\n","protected":false},"excerpt":{"rendered":"<p>Le comit\u00e9 de s\u00e9lection d\u2019ARTE France Cin\u00e9ma, qui s\u2019est r\u00e9uni le 19 mars, a d\u00e9cid\u00e9 de soutenir quatre nouveaux projets\u2026<\/p>\n","protected":false},"author":116,"featured_media":15051,"comment_status":"open","ping_status":"open","sticky":false,"template":"","format":"standard","meta":[],"categories":[6],"tags":[],"yoast_head":"<!-- This site is optimized with the Yoast SEO plugin v20.8 - https:\/\/yoast.com\/wordpress\/plugins\/seo\/ -->\n<title>ARTE France Cin\u00e9ma coproduit les films de Axelle Ropert, Caroline Deruas, Mohamed Diab et Arnaud des Palli\u00e8res - Olivier P\u00e8re<\/title>\n<meta name=\"robots\" content=\"index, follow, max-snippet:-1, max-image-preview:large, max-video-preview:-1\" \/>\n<link rel=\"canonical\" href=\"https:\/\/www.arte.tv\/sites\/olivierpere\/2015\/03\/24\/arte-france-cinema-coproduit-les-prochains-films-de-axelle-ropert-caroline-deruas-mohamed-diab-et-arnaud-des-pallieres\/\" \/>\n<meta property=\"og:locale\" content=\"fr_FR\" \/>\n<meta property=\"og:type\" content=\"article\" \/>\n<meta property=\"og:title\" content=\"ARTE France Cin\u00e9ma coproduit les films de Axelle Ropert, Caroline Deruas, Mohamed Diab et Arnaud des Palli\u00e8res - Olivier P\u00e8re\" \/>\n<meta property=\"og:description\" content=\"Le comit\u00e9 de s\u00e9lection d\u2019ARTE France Cin\u00e9ma, qui s\u2019est r\u00e9uni le 19 mars, a d\u00e9cid\u00e9 de soutenir quatre nouveaux projets\u2026\" \/>\n<meta property=\"og:url\" content=\"https:\/\/www.arte.tv\/sites\/olivierpere\/2015\/03\/24\/arte-france-cinema-coproduit-les-prochains-films-de-axelle-ropert-caroline-deruas-mohamed-diab-et-arnaud-des-pallieres\/\" \/>\n<meta property=\"og:site_name\" content=\"Olivier P\u00e8re\" \/>\n<meta property=\"article:published_time\" content=\"2015-03-24T11:07:08+00:00\" \/>\n<meta property=\"article:modified_time\" content=\"2015-03-24T14:59:11+00:00\" \/>\n<meta property=\"og:image\" content=\"https:\/\/www.arte.tv\/sites\/olivierpere\/files\/P50625501.jpg\" \/>\n\t<meta property=\"og:image:width\" content=\"881\" \/>\n\t<meta property=\"og:image:height\" content=\"1141\" \/>\n\t<meta property=\"og:image:type\" content=\"image\/jpeg\" \/>\n<meta name=\"author\" content=\"Olivier P\u00e8re\" \/>\n<meta name=\"twitter:label1\" content=\"\u00c9crit par\" \/>\n\t<meta name=\"twitter:data1\" content=\"Olivier P\u00e8re\" \/>\n\t<meta name=\"twitter:label2\" content=\"Dur\u00e9e de lecture estim\u00e9e\" \/>\n\t<meta name=\"twitter:data2\" content=\"3 minutes\" \/>\n<script type=\"application\/ld+json\" class=\"yoast-schema-graph\">{\"@context\":\"https:\/\/schema.org\",\"@graph\":[{\"@type\":\"WebPage\",\"@id\":\"https:\/\/www.arte.tv\/sites\/olivierpere\/2015\/03\/24\/arte-france-cinema-coproduit-les-prochains-films-de-axelle-ropert-caroline-deruas-mohamed-diab-et-arnaud-des-pallieres\/\",\"url\":\"https:\/\/www.arte.tv\/sites\/olivierpere\/2015\/03\/24\/arte-france-cinema-coproduit-les-prochains-films-de-axelle-ropert-caroline-deruas-mohamed-diab-et-arnaud-des-pallieres\/\",\"name\":\"ARTE France Cin\u00e9ma coproduit les films de Axelle Ropert, Caroline Deruas, Mohamed Diab et Arnaud des Palli\u00e8res - Olivier P\u00e8re\",\"isPartOf\":{\"@id\":\"https:\/\/www.arte.tv\/sites\/olivierpere\/#website\"},\"datePublished\":\"2015-03-24T11:07:08+00:00\",\"dateModified\":\"2015-03-24T14:59:11+00:00\",\"author\":{\"@id\":\"https:\/\/www.arte.tv\/sites\/olivierpere\/#\/schema\/person\/dc32cd6c79be95e52d43b97a74182558\"},\"breadcrumb\":{\"@id\":\"https:\/\/www.arte.tv\/sites\/olivierpere\/2015\/03\/24\/arte-france-cinema-coproduit-les-prochains-films-de-axelle-ropert-caroline-deruas-mohamed-diab-et-arnaud-des-pallieres\/#breadcrumb\"},\"inLanguage\":\"fr-FR\",\"potentialAction\":[{\"@type\":\"ReadAction\",\"target\":[\"https:\/\/www.arte.tv\/sites\/olivierpere\/2015\/03\/24\/arte-france-cinema-coproduit-les-prochains-films-de-axelle-ropert-caroline-deruas-mohamed-diab-et-arnaud-des-pallieres\/\"]}]},{\"@type\":\"BreadcrumbList\",\"@id\":\"https:\/\/www.arte.tv\/sites\/olivierpere\/2015\/03\/24\/arte-france-cinema-coproduit-les-prochains-films-de-axelle-ropert-caroline-deruas-mohamed-diab-et-arnaud-des-pallieres\/#breadcrumb\",\"itemListElement\":[{\"@type\":\"ListItem\",\"position\":1,\"name\":\"Home\",\"item\":\"https:\/\/www.arte.tv\/sites\/olivierpere\/\"},{\"@type\":\"ListItem\",\"position\":2,\"name\":\"ARTE France Cin\u00e9ma coproduit les films de Axelle Ropert, Caroline Deruas, Mohamed Diab et Arnaud des Palli\u00e8res\"}]},{\"@type\":\"WebSite\",\"@id\":\"https:\/\/www.arte.tv\/sites\/olivierpere\/#website\",\"url\":\"https:\/\/www.arte.tv\/sites\/olivierpere\/\",\"name\":\"Olivier P\u00e8re\",\"description\":\"\",\"potentialAction\":[{\"@type\":\"SearchAction\",\"target\":{\"@type\":\"EntryPoint\",\"urlTemplate\":\"https:\/\/www.arte.tv\/sites\/olivierpere\/?s={search_term_string}\"},\"query-input\":\"required name=search_term_string\"}],\"inLanguage\":\"fr-FR\"},{\"@type\":\"Person\",\"@id\":\"https:\/\/www.arte.tv\/sites\/olivierpere\/#\/schema\/person\/dc32cd6c79be95e52d43b97a74182558\",\"name\":\"Olivier P\u00e8re\",\"image\":{\"@type\":\"ImageObject\",\"inLanguage\":\"fr-FR\",\"@id\":\"https:\/\/www.arte.tv\/sites\/olivierpere\/#\/schema\/person\/image\/\",\"url\":\"https:\/\/secure.gravatar.com\/avatar\/bdea7b6a2c195e2c41772429a9694758?s=96&d=mm&r=g\",\"contentUrl\":\"https:\/\/secure.gravatar.com\/avatar\/bdea7b6a2c195e2c41772429a9694758?s=96&d=mm&r=g\",\"caption\":\"Olivier P\u00e8re\"},\"url\":\"https:\/\/www.arte.tv\/sites\/olivierpere\/author\/pereolivier\/\"}]}<\/script>\n<!-- \/ Yoast SEO plugin. -->","yoast_head_json":{"title":"ARTE France Cin\u00e9ma coproduit les films de Axelle Ropert, Caroline Deruas, Mohamed Diab et Arnaud des Palli\u00e8res - Olivier P\u00e8re","robots":{"index":"index","follow":"follow","max-snippet":"max-snippet:-1","max-image-preview":"max-image-preview:large","max-video-preview":"max-video-preview:-1"},"canonical":"https:\/\/www.arte.tv\/sites\/olivierpere\/2015\/03\/24\/arte-france-cinema-coproduit-les-prochains-films-de-axelle-ropert-caroline-deruas-mohamed-diab-et-arnaud-des-pallieres\/","og_locale":"fr_FR","og_type":"article","og_title":"ARTE France Cin\u00e9ma coproduit les films de Axelle Ropert, Caroline Deruas, Mohamed Diab et Arnaud des Palli\u00e8res - Olivier P\u00e8re","og_description":"Le comit\u00e9 de s\u00e9lection d\u2019ARTE France Cin\u00e9ma, qui s\u2019est r\u00e9uni le 19 mars, a d\u00e9cid\u00e9 de soutenir quatre nouveaux projets\u2026","og_url":"https:\/\/www.arte.tv\/sites\/olivierpere\/2015\/03\/24\/arte-france-cinema-coproduit-les-prochains-films-de-axelle-ropert-caroline-deruas-mohamed-diab-et-arnaud-des-pallieres\/","og_site_name":"Olivier P\u00e8re","article_published_time":"2015-03-24T11:07:08+00:00","article_modified_time":"2015-03-24T14:59:11+00:00","og_image":[{"width":881,"height":1141,"url":"https:\/\/www.arte.tv\/sites\/olivierpere\/files\/P50625501.jpg","type":"image\/jpeg"}],"author":"Olivier P\u00e8re","twitter_misc":{"\u00c9crit par":"Olivier P\u00e8re","Dur\u00e9e de lecture estim\u00e9e":"3 minutes"},"schema":{"@context":"https:\/\/schema.org","@graph":[{"@type":"WebPage","@id":"https:\/\/www.arte.tv\/sites\/olivierpere\/2015\/03\/24\/arte-france-cinema-coproduit-les-prochains-films-de-axelle-ropert-caroline-deruas-mohamed-diab-et-arnaud-des-pallieres\/","url":"https:\/\/www.arte.tv\/sites\/olivierpere\/2015\/03\/24\/arte-france-cinema-coproduit-les-prochains-films-de-axelle-ropert-caroline-deruas-mohamed-diab-et-arnaud-des-pallieres\/","name":"ARTE France Cin\u00e9ma coproduit les films de Axelle Ropert, Caroline Deruas, Mohamed Diab et Arnaud des Palli\u00e8res - Olivier P\u00e8re","isPartOf":{"@id":"https:\/\/www.arte.tv\/sites\/olivierpere\/#website"},"datePublished":"2015-03-24T11:07:08+00:00","dateModified":"2015-03-24T14:59:11+00:00","author":{"@id":"https:\/\/www.arte.tv\/sites\/olivierpere\/#\/schema\/person\/dc32cd6c79be95e52d43b97a74182558"},"breadcrumb":{"@id":"https:\/\/www.arte.tv\/sites\/olivierpere\/2015\/03\/24\/arte-france-cinema-coproduit-les-prochains-films-de-axelle-ropert-caroline-deruas-mohamed-diab-et-arnaud-des-pallieres\/#breadcrumb"},"inLanguage":"fr-FR","potentialAction":[{"@type":"ReadAction","target":["https:\/\/www.arte.tv\/sites\/olivierpere\/2015\/03\/24\/arte-france-cinema-coproduit-les-prochains-films-de-axelle-ropert-caroline-deruas-mohamed-diab-et-arnaud-des-pallieres\/"]}]},{"@type":"BreadcrumbList","@id":"https:\/\/www.arte.tv\/sites\/olivierpere\/2015\/03\/24\/arte-france-cinema-coproduit-les-prochains-films-de-axelle-ropert-caroline-deruas-mohamed-diab-et-arnaud-des-pallieres\/#breadcrumb","itemListElement":[{"@type":"ListItem","position":1,"name":"Home","item":"https:\/\/www.arte.tv\/sites\/olivierpere\/"},{"@type":"ListItem","position":2,"name":"ARTE France Cin\u00e9ma coproduit les films de Axelle Ropert, Caroline Deruas, Mohamed Diab et Arnaud des Palli\u00e8res"}]},{"@type":"WebSite","@id":"https:\/\/www.arte.tv\/sites\/olivierpere\/#website","url":"https:\/\/www.arte.tv\/sites\/olivierpere\/","name":"Olivier P\u00e8re","description":"","potentialAction":[{"@type":"SearchAction","target":{"@type":"EntryPoint","urlTemplate":"https:\/\/www.arte.tv\/sites\/olivierpere\/?s={search_term_string}"},"query-input":"required name=search_term_string"}],"inLanguage":"fr-FR"},{"@type":"Person","@id":"https:\/\/www.arte.tv\/sites\/olivierpere\/#\/schema\/person\/dc32cd6c79be95e52d43b97a74182558","name":"Olivier P\u00e8re","image":{"@type":"ImageObject","inLanguage":"fr-FR","@id":"https:\/\/www.arte.tv\/sites\/olivierpere\/#\/schema\/person\/image\/","url":"https:\/\/secure.gravatar.com\/avatar\/bdea7b6a2c195e2c41772429a9694758?s=96&d=mm&r=g","contentUrl":"https:\/\/secure.gravatar.com\/avatar\/bdea7b6a2c195e2c41772429a9694758?s=96&d=mm&r=g","caption":"Olivier P\u00e8re"},"url":"https:\/\/www.arte.tv\/sites\/olivierpere\/author\/pereolivier\/"}]}},"_links":{"self":[{"href":"https:\/\/www.arte.tv\/sites\/olivierpere\/wp-json\/wp\/v2\/posts\/15050"}],"collection":[{"href":"https:\/\/www.arte.tv\/sites\/olivierpere\/wp-json\/wp\/v2\/posts"}],"about":[{"href":"https:\/\/www.arte.tv\/sites\/olivierpere\/wp-json\/wp\/v2\/types\/post"}],"author":[{"embeddable":true,"href":"https:\/\/www.arte.tv\/sites\/olivierpere\/wp-json\/wp\/v2\/users\/116"}],"replies":[{"embeddable":true,"href":"https:\/\/www.arte.tv\/sites\/olivierpere\/wp-json\/wp\/v2\/comments?post=15050"}],"version-history":[{"count":6,"href":"https:\/\/www.arte.tv\/sites\/olivierpere\/wp-json\/wp\/v2\/posts\/15050\/revisions"}],"predecessor-version":[{"id":15081,"href":"https:\/\/www.arte.tv\/sites\/olivierpere\/wp-json\/wp\/v2\/posts\/15050\/revisions\/15081"}],"wp:featuredmedia":[{"embeddable":true,"href":"https:\/\/www.arte.tv\/sites\/olivierpere\/wp-json\/wp\/v2\/media\/15051"}],"wp:attachment":[{"href":"https:\/\/www.arte.tv\/sites\/olivierpere\/wp-json\/wp\/v2\/media?parent=15050"}],"wp:term":[{"taxonomy":"category","embeddable":true,"href":"https:\/\/www.arte.tv\/sites\/olivierpere\/wp-json\/wp\/v2\/categories?post=15050"},{"taxonomy":"post_tag","embeddable":true,"href":"https:\/\/www.arte.tv\/sites\/olivierpere\/wp-json\/wp\/v2\/tags?post=15050"}],"curies":[{"name":"wp","href":"https:\/\/api.w.org\/{rel}","templated":true}]}}