{"id":15013,"date":"2015-04-20T03:17:36","date_gmt":"2015-04-20T02:17:36","guid":{"rendered":"https:\/\/www.arte.tv\/sites\/olivierpere\/?p=15013"},"modified":"2015-04-20T14:13:05","modified_gmt":"2015-04-20T13:13:05","slug":"caprice-de-emmanuel-mouret","status":"publish","type":"post","link":"https:\/\/www.arte.tv\/sites\/olivierpere\/2015\/04\/20\/caprice-de-emmanuel-mouret\/","title":{"rendered":"Caprice : rencontre avec Emmanuel Mouret"},"content":{"rendered":"<p><em>Caprice<\/em>, la nouvelle com\u00e9die romantique \u00e9crite et r\u00e9alis\u00e9e par Emmanuel Mouret, est interpr\u00e9t\u00e9e par Ana\u00efs Demoustier, Virginie Efira, Laurent Stocker et Mouret dans le r\u00f4le masculin principal.<\/p>\n<div id=\"attachment_15034\" style=\"width: 1610px\" class=\"wp-caption alignnone\"><img aria-describedby=\"caption-attachment-15034\" decoding=\"async\" loading=\"lazy\" class=\"size-full wp-image-15034\" src=\"https:\/\/www.arte.tv\/sites\/olivierpere\/files\/54d4b75fc83e5.jpg\" alt=\"Emmanuel Mouret et Virginie Efira dans Caprice\" width=\"1600\" height=\"1065\" \/><p id=\"caption-attachment-15034\" class=\"wp-caption-text\">Emmanuel Mouret et Virginie Efira dans Caprice<\/p><\/div>\n<p>Cl\u00e9ment (Emmanuel Mouret toujours dans le registre de l&rsquo;amoureux lunaire et maladroit), instituteur, est combl\u00e9 jusqu&rsquo;\u00e0 l&rsquo;\u00e9tourdissement : Alicia (Virginie Efira), une actrice c\u00e9l\u00e8bre qu&rsquo;il admire au plus haut point, devient sa compagne. Tout se complique quand il rencontre Caprice (Ana\u00efs Demoustier), une jeune femme excessive et d\u00e9bordante qui s&rsquo;\u00e9prend de lui. Entretemps son meilleur ami, Thomas (Laurent Stocker), se rapproche d&rsquo;Alicia&#8230;<\/p>\n<div id=\"attachment_15035\" style=\"width: 1191px\" class=\"wp-caption alignnone\"><img aria-describedby=\"caption-attachment-15035\" decoding=\"async\" loading=\"lazy\" class=\"size-full wp-image-15035\" src=\"https:\/\/www.arte.tv\/sites\/olivierpere\/files\/AU7_4182ROK.jpg\" alt=\"Laurent Stocker et Virginie Efira dans Caprice\" width=\"1181\" height=\"783\" \/><p id=\"caption-attachment-15035\" class=\"wp-caption-text\">Laurent Stocker et Virginie Efira dans Caprice<\/p><\/div>\n<p>A l&rsquo;occasion de la sortie de <em>Caprice<\/em> nous avons souhait\u00e9 nous entretenir avec son auteur Emmanuel Mouret :<\/p>\n<p><iframe loading=\"lazy\" src=\"https:\/\/www.youtube.com\/embed\/nC2AI1UhyP4\" width=\"560\" height=\"315\" frameborder=\"0\"><\/iframe><\/p>\n<p><iframe loading=\"lazy\" src=\"https:\/\/www.youtube.com\/embed\/3MK9kZaVde0\" width=\"560\" height=\"315\" frameborder=\"0\"><\/iframe><\/p>\n<div id=\"attachment_15036\" style=\"width: 1191px\" class=\"wp-caption alignnone\"><img aria-describedby=\"caption-attachment-15036\" decoding=\"async\" loading=\"lazy\" class=\"size-full wp-image-15036\" src=\"https:\/\/www.arte.tv\/sites\/olivierpere\/files\/504872.jpg\" alt=\"Ana\u00efs Demoustier et Emmanuel Mouret dans Caprice\" width=\"1181\" height=\"786\" srcset=\"https:\/\/www.arte.tv\/sites\/olivierpere\/files\/504872.jpg 1181w, https:\/\/www.arte.tv\/sites\/olivierpere\/files\/504872-421x280.jpg 421w, https:\/\/www.arte.tv\/sites\/olivierpere\/files\/504872-1024x682.jpg 1024w, https:\/\/www.arte.tv\/sites\/olivierpere\/files\/504872-580x386.jpg 580w\" sizes=\"(max-width: 1181px) 100vw, 1181px\" \/><p id=\"caption-attachment-15036\" class=\"wp-caption-text\">Ana\u00efs Demoustier et Emmanuel Mouret dans Caprice<\/p><\/div>\n<p><em>Caprice<\/em> sort le 22 avril 2015, distribu\u00e9 par Pyramide. C&rsquo;est une coproduction ARTE France Cin\u00e9ma.<\/p>\n","protected":false},"excerpt":{"rendered":"<p>Caprice, la nouvelle com\u00e9die romantique \u00e9crite et r\u00e9alis\u00e9e par Emmanuel Mouret, est interpr\u00e9t\u00e9e par Ana\u00efs Demoustier, Virginie Efira, Laurent Stocker\u2026<\/p>\n","protected":false},"author":116,"featured_media":13074,"comment_status":"open","ping_status":"open","sticky":false,"template":"","format":"standard","meta":[],"categories":[9,6,7],"tags":[],"yoast_head":"<!-- This site is optimized with the Yoast SEO plugin v20.8 - https:\/\/yoast.com\/wordpress\/plugins\/seo\/ -->\n<title>Caprice : rencontre avec Emmanuel Mouret - Olivier P\u00e8re<\/title>\n<meta name=\"robots\" content=\"index, follow, max-snippet:-1, max-image-preview:large, max-video-preview:-1\" \/>\n<link rel=\"canonical\" href=\"https:\/\/www.arte.tv\/sites\/olivierpere\/2015\/04\/20\/caprice-de-emmanuel-mouret\/\" \/>\n<meta property=\"og:locale\" content=\"fr_FR\" \/>\n<meta property=\"og:type\" content=\"article\" \/>\n<meta property=\"og:title\" content=\"Caprice : rencontre avec Emmanuel Mouret - Olivier P\u00e8re\" \/>\n<meta property=\"og:description\" content=\"Caprice, la nouvelle com\u00e9die romantique \u00e9crite et r\u00e9alis\u00e9e par Emmanuel Mouret, est interpr\u00e9t\u00e9e par Ana\u00efs Demoustier, Virginie Efira, Laurent Stocker\u2026\" \/>\n<meta property=\"og:url\" content=\"https:\/\/www.arte.tv\/sites\/olivierpere\/2015\/04\/20\/caprice-de-emmanuel-mouret\/\" \/>\n<meta property=\"og:site_name\" content=\"Olivier P\u00e8re\" \/>\n<meta property=\"article:published_time\" content=\"2015-04-20T02:17:36+00:00\" \/>\n<meta property=\"article:modified_time\" content=\"2015-04-20T13:13:05+00:00\" \/>\n<meta property=\"og:image\" content=\"https:\/\/www.arte.tv\/sites\/olivierpere\/files\/AU7_00342-1024x661.jpg\" \/>\n\t<meta property=\"og:image:width\" content=\"1024\" \/>\n\t<meta property=\"og:image:height\" content=\"661\" \/>\n\t<meta property=\"og:image:type\" content=\"image\/jpeg\" \/>\n<meta name=\"author\" content=\"Olivier P\u00e8re\" \/>\n<meta name=\"twitter:label1\" content=\"\u00c9crit par\" \/>\n\t<meta name=\"twitter:data1\" content=\"Olivier P\u00e8re\" \/>\n\t<meta name=\"twitter:label2\" content=\"Dur\u00e9e de lecture estim\u00e9e\" \/>\n\t<meta name=\"twitter:data2\" content=\"1 minute\" \/>\n<script type=\"application\/ld+json\" class=\"yoast-schema-graph\">{\"@context\":\"https:\/\/schema.org\",\"@graph\":[{\"@type\":\"WebPage\",\"@id\":\"https:\/\/www.arte.tv\/sites\/olivierpere\/2015\/04\/20\/caprice-de-emmanuel-mouret\/\",\"url\":\"https:\/\/www.arte.tv\/sites\/olivierpere\/2015\/04\/20\/caprice-de-emmanuel-mouret\/\",\"name\":\"Caprice : rencontre avec Emmanuel Mouret - Olivier P\u00e8re\",\"isPartOf\":{\"@id\":\"https:\/\/www.arte.tv\/sites\/olivierpere\/#website\"},\"datePublished\":\"2015-04-20T02:17:36+00:00\",\"dateModified\":\"2015-04-20T13:13:05+00:00\",\"author\":{\"@id\":\"https:\/\/www.arte.tv\/sites\/olivierpere\/#\/schema\/person\/dc32cd6c79be95e52d43b97a74182558\"},\"breadcrumb\":{\"@id\":\"https:\/\/www.arte.tv\/sites\/olivierpere\/2015\/04\/20\/caprice-de-emmanuel-mouret\/#breadcrumb\"},\"inLanguage\":\"fr-FR\",\"potentialAction\":[{\"@type\":\"ReadAction\",\"target\":[\"https:\/\/www.arte.tv\/sites\/olivierpere\/2015\/04\/20\/caprice-de-emmanuel-mouret\/\"]}]},{\"@type\":\"BreadcrumbList\",\"@id\":\"https:\/\/www.arte.tv\/sites\/olivierpere\/2015\/04\/20\/caprice-de-emmanuel-mouret\/#breadcrumb\",\"itemListElement\":[{\"@type\":\"ListItem\",\"position\":1,\"name\":\"Home\",\"item\":\"https:\/\/www.arte.tv\/sites\/olivierpere\/\"},{\"@type\":\"ListItem\",\"position\":2,\"name\":\"Caprice : rencontre avec Emmanuel Mouret\"}]},{\"@type\":\"WebSite\",\"@id\":\"https:\/\/www.arte.tv\/sites\/olivierpere\/#website\",\"url\":\"https:\/\/www.arte.tv\/sites\/olivierpere\/\",\"name\":\"Olivier P\u00e8re\",\"description\":\"\",\"potentialAction\":[{\"@type\":\"SearchAction\",\"target\":{\"@type\":\"EntryPoint\",\"urlTemplate\":\"https:\/\/www.arte.tv\/sites\/olivierpere\/?s={search_term_string}\"},\"query-input\":\"required name=search_term_string\"}],\"inLanguage\":\"fr-FR\"},{\"@type\":\"Person\",\"@id\":\"https:\/\/www.arte.tv\/sites\/olivierpere\/#\/schema\/person\/dc32cd6c79be95e52d43b97a74182558\",\"name\":\"Olivier P\u00e8re\",\"image\":{\"@type\":\"ImageObject\",\"inLanguage\":\"fr-FR\",\"@id\":\"https:\/\/www.arte.tv\/sites\/olivierpere\/#\/schema\/person\/image\/\",\"url\":\"https:\/\/secure.gravatar.com\/avatar\/bdea7b6a2c195e2c41772429a9694758?s=96&d=mm&r=g\",\"contentUrl\":\"https:\/\/secure.gravatar.com\/avatar\/bdea7b6a2c195e2c41772429a9694758?s=96&d=mm&r=g\",\"caption\":\"Olivier P\u00e8re\"},\"url\":\"https:\/\/www.arte.tv\/sites\/olivierpere\/author\/pereolivier\/\"}]}<\/script>\n<!-- \/ Yoast SEO plugin. -->","yoast_head_json":{"title":"Caprice : rencontre avec Emmanuel Mouret - Olivier P\u00e8re","robots":{"index":"index","follow":"follow","max-snippet":"max-snippet:-1","max-image-preview":"max-image-preview:large","max-video-preview":"max-video-preview:-1"},"canonical":"https:\/\/www.arte.tv\/sites\/olivierpere\/2015\/04\/20\/caprice-de-emmanuel-mouret\/","og_locale":"fr_FR","og_type":"article","og_title":"Caprice : rencontre avec Emmanuel Mouret - Olivier P\u00e8re","og_description":"Caprice, la nouvelle com\u00e9die romantique \u00e9crite et r\u00e9alis\u00e9e par Emmanuel Mouret, est interpr\u00e9t\u00e9e par Ana\u00efs Demoustier, Virginie Efira, Laurent Stocker\u2026","og_url":"https:\/\/www.arte.tv\/sites\/olivierpere\/2015\/04\/20\/caprice-de-emmanuel-mouret\/","og_site_name":"Olivier P\u00e8re","article_published_time":"2015-04-20T02:17:36+00:00","article_modified_time":"2015-04-20T13:13:05+00:00","og_image":[{"width":1024,"height":661,"url":"https:\/\/www.arte.tv\/sites\/olivierpere\/files\/AU7_00342-1024x661.jpg","type":"image\/jpeg"}],"author":"Olivier P\u00e8re","twitter_misc":{"\u00c9crit par":"Olivier P\u00e8re","Dur\u00e9e de lecture estim\u00e9e":"1 minute"},"schema":{"@context":"https:\/\/schema.org","@graph":[{"@type":"WebPage","@id":"https:\/\/www.arte.tv\/sites\/olivierpere\/2015\/04\/20\/caprice-de-emmanuel-mouret\/","url":"https:\/\/www.arte.tv\/sites\/olivierpere\/2015\/04\/20\/caprice-de-emmanuel-mouret\/","name":"Caprice : rencontre avec Emmanuel Mouret - Olivier P\u00e8re","isPartOf":{"@id":"https:\/\/www.arte.tv\/sites\/olivierpere\/#website"},"datePublished":"2015-04-20T02:17:36+00:00","dateModified":"2015-04-20T13:13:05+00:00","author":{"@id":"https:\/\/www.arte.tv\/sites\/olivierpere\/#\/schema\/person\/dc32cd6c79be95e52d43b97a74182558"},"breadcrumb":{"@id":"https:\/\/www.arte.tv\/sites\/olivierpere\/2015\/04\/20\/caprice-de-emmanuel-mouret\/#breadcrumb"},"inLanguage":"fr-FR","potentialAction":[{"@type":"ReadAction","target":["https:\/\/www.arte.tv\/sites\/olivierpere\/2015\/04\/20\/caprice-de-emmanuel-mouret\/"]}]},{"@type":"BreadcrumbList","@id":"https:\/\/www.arte.tv\/sites\/olivierpere\/2015\/04\/20\/caprice-de-emmanuel-mouret\/#breadcrumb","itemListElement":[{"@type":"ListItem","position":1,"name":"Home","item":"https:\/\/www.arte.tv\/sites\/olivierpere\/"},{"@type":"ListItem","position":2,"name":"Caprice : rencontre avec Emmanuel Mouret"}]},{"@type":"WebSite","@id":"https:\/\/www.arte.tv\/sites\/olivierpere\/#website","url":"https:\/\/www.arte.tv\/sites\/olivierpere\/","name":"Olivier P\u00e8re","description":"","potentialAction":[{"@type":"SearchAction","target":{"@type":"EntryPoint","urlTemplate":"https:\/\/www.arte.tv\/sites\/olivierpere\/?s={search_term_string}"},"query-input":"required name=search_term_string"}],"inLanguage":"fr-FR"},{"@type":"Person","@id":"https:\/\/www.arte.tv\/sites\/olivierpere\/#\/schema\/person\/dc32cd6c79be95e52d43b97a74182558","name":"Olivier P\u00e8re","image":{"@type":"ImageObject","inLanguage":"fr-FR","@id":"https:\/\/www.arte.tv\/sites\/olivierpere\/#\/schema\/person\/image\/","url":"https:\/\/secure.gravatar.com\/avatar\/bdea7b6a2c195e2c41772429a9694758?s=96&d=mm&r=g","contentUrl":"https:\/\/secure.gravatar.com\/avatar\/bdea7b6a2c195e2c41772429a9694758?s=96&d=mm&r=g","caption":"Olivier P\u00e8re"},"url":"https:\/\/www.arte.tv\/sites\/olivierpere\/author\/pereolivier\/"}]}},"_links":{"self":[{"href":"https:\/\/www.arte.tv\/sites\/olivierpere\/wp-json\/wp\/v2\/posts\/15013"}],"collection":[{"href":"https:\/\/www.arte.tv\/sites\/olivierpere\/wp-json\/wp\/v2\/posts"}],"about":[{"href":"https:\/\/www.arte.tv\/sites\/olivierpere\/wp-json\/wp\/v2\/types\/post"}],"author":[{"embeddable":true,"href":"https:\/\/www.arte.tv\/sites\/olivierpere\/wp-json\/wp\/v2\/users\/116"}],"replies":[{"embeddable":true,"href":"https:\/\/www.arte.tv\/sites\/olivierpere\/wp-json\/wp\/v2\/comments?post=15013"}],"version-history":[{"count":11,"href":"https:\/\/www.arte.tv\/sites\/olivierpere\/wp-json\/wp\/v2\/posts\/15013\/revisions"}],"predecessor-version":[{"id":15436,"href":"https:\/\/www.arte.tv\/sites\/olivierpere\/wp-json\/wp\/v2\/posts\/15013\/revisions\/15436"}],"wp:featuredmedia":[{"embeddable":true,"href":"https:\/\/www.arte.tv\/sites\/olivierpere\/wp-json\/wp\/v2\/media\/13074"}],"wp:attachment":[{"href":"https:\/\/www.arte.tv\/sites\/olivierpere\/wp-json\/wp\/v2\/media?parent=15013"}],"wp:term":[{"taxonomy":"category","embeddable":true,"href":"https:\/\/www.arte.tv\/sites\/olivierpere\/wp-json\/wp\/v2\/categories?post=15013"},{"taxonomy":"post_tag","embeddable":true,"href":"https:\/\/www.arte.tv\/sites\/olivierpere\/wp-json\/wp\/v2\/tags?post=15013"}],"curies":[{"name":"wp","href":"https:\/\/api.w.org\/{rel}","templated":true}]}}