{"id":14965,"date":"2015-03-11T03:30:52","date_gmt":"2015-03-11T02:30:52","guid":{"rendered":"https:\/\/www.arte.tv\/sites\/olivierpere\/?p=14965"},"modified":"2020-03-29T10:14:26","modified_gmt":"2020-03-29T09:14:26","slug":"bertrand-tavernier-parle-du-film-policier","status":"publish","type":"post","link":"https:\/\/www.arte.tv\/sites\/olivierpere\/2015\/03\/11\/bertrand-tavernier-parle-du-film-policier\/","title":{"rendered":"Bertrand Tavernier parle du film policier"},"content":{"rendered":"<p>Parrain du \u00ab\u00a0printemps du polar\u00a0\u00bb sur ARTE du 9 au 29 mars Bertrand Tavernier (photo en t\u00eate de texte) a accept\u00e9 de pr\u00e9senter \u00e0 l\u2019antenne six films du cycle et d\u2019en discuter plus longuement avec nous pour l\u2019offre num\u00e9rique ARTE Cin\u00e9ma. Il revient ici sur le genre policier au cin\u00e9ma et en litt\u00e9rature, sa richesse et sa diversit\u00e9 dans le monde entier. Grand cin\u00e9phile et grand lecteur, auteur d\u2019une trentaine de films, Bertrand Tavernier a r\u00e9guli\u00e8rement sign\u00e9 des longs m\u00e9trages appartenant au genre qui nous int\u00e9resse, tous tr\u00e8s diff\u00e9rents les uns des autres et souvent tir\u00e9 d\u2019un mat\u00e9riau litt\u00e9raire.<\/p>\n<p><iframe loading=\"lazy\" src=\"https:\/\/www.youtube.com\/embed\/68UZTklShm4\" width=\"560\" height=\"315\" frameborder=\"0\"><\/iframe><\/p>\n<p>Son premier long m\u00e9trage <em>L\u2019Horloger de Saint Paul <\/em>(1974) \u2013 \u00e9dit\u00e9 actuellement par studiocanal en Blu-ray et DVD dans une nouvelle version remast\u00e9ris\u00e9e \u2013 est une adaptation libre de <em>L\u2019Horloger d\u2019Everton<\/em>, roman \u00ab\u00a0am\u00e9ricain\u00a0\u00bb de Georges Simenon (paru en 1954) transpos\u00e9 par Tavernier et ses sc\u00e9naristes Jean Aurenche et Pierre Bost dans le Lyon des ann\u00e9es 70.<\/p>\n<p>Toujours avec Jean Aurenche Tavernier adapte en 1981 <em>Pop. 1280<\/em> paru en 1964 (traduit en France deux ans plus tard par Marcel Duhamel dans la \u00ab\u00a0S\u00e9rie noire\u00a0\u00bb chez Gallimard et rebaptis\u00e9 <em>1275 \u00e2mes<\/em>) du g\u00e9nial \u00e9crivain am\u00e9ricain Jim Thompson sous le titre <em>Coup de torchon<\/em>, dont l\u2019action passe d\u2019un petit comt\u00e9 du Texas dans les ann\u00e9es 1910 \u00e0 un village d\u2019une colonie fran\u00e7aise en Afrique \u00e0 la veille de la Seconde Guerre mondiale. Avec Philippe Noiret l&rsquo;acteur f\u00e9tiche de Tavernier dans le r\u00f4le principal et Isabelle Huppert.<\/p>\n<p>En 1992 Bertrand Tavernier r\u00e9alise <em>L.627 <\/em>diffus\u00e9 dans le cadre du cycle le mercredi 25 mars \u00e0 20h50.<\/p>\n<p>En 1995 il adapte sous le m\u00eame titre avec Colo Tavernier le roman de Morgan Sport\u00e8s <em>L\u2019App\u00e2t<\/em> tir\u00e9 d\u2019un fait-divers criminel survenu \u00e0 Paris dans les ann\u00e9es 80, et remporte l\u2019Ours d\u2019or \u00e0 la Berlinale.<\/p>\n<p>En 2009 Bertrand Tavernier r\u00e9alise aux Etats-Unis <em>Dans la brume \u00e9lectrique<\/em> (<em>In the Electric Mist<\/em>), inspir\u00e9 de <em>In the Electric Mist with Confederate Dead<\/em> (<em>Dans la brume \u00e9lectrique avec les morts conf\u00e9d\u00e9r\u00e9s<\/em>) \u00e9crit en 1993 par James Lee Burke, connu pour sa s\u00e9rie de romans policiers se d\u00e9roulant en Louisiane et mettant en sc\u00e8ne le sheriff adjoint Dave Robicheaux.<\/p>\n<p>Dans le film de Tavernier Robicheaux est interpr\u00e9t\u00e9 par Tommy Lee Jones. Le livre a \u00e9t\u00e9 traduit dans l\u2019excellente collection Rivages\/Noir n<sup>o<\/sup>\u00a0314.<\/p>\n<p>&nbsp;<\/p>\n","protected":false},"excerpt":{"rendered":"<p>Parrain du \u00ab\u00a0printemps du polar\u00a0\u00bb sur ARTE du 9 au 29 mars Bertrand Tavernier (photo en t\u00eate de texte) a\u2026<\/p>\n","protected":false},"author":116,"featured_media":0,"comment_status":"open","ping_status":"open","sticky":false,"template":"","format":"standard","meta":[],"categories":[7,8],"tags":[],"yoast_head":"<!-- This site is optimized with the Yoast SEO plugin v20.8 - https:\/\/yoast.com\/wordpress\/plugins\/seo\/ -->\n<title>Bertrand Tavernier parle du film policier - Olivier P\u00e8re<\/title>\n<meta name=\"robots\" content=\"index, follow, max-snippet:-1, max-image-preview:large, max-video-preview:-1\" \/>\n<link rel=\"canonical\" href=\"https:\/\/www.arte.tv\/sites\/olivierpere\/2015\/03\/11\/bertrand-tavernier-parle-du-film-policier\/\" \/>\n<meta property=\"og:locale\" content=\"fr_FR\" \/>\n<meta property=\"og:type\" content=\"article\" \/>\n<meta property=\"og:title\" content=\"Bertrand Tavernier parle du film policier - Olivier P\u00e8re\" \/>\n<meta property=\"og:description\" content=\"Parrain du \u00ab\u00a0printemps du polar\u00a0\u00bb sur ARTE du 9 au 29 mars Bertrand Tavernier (photo en t\u00eate de texte) a\u2026\" \/>\n<meta property=\"og:url\" content=\"https:\/\/www.arte.tv\/sites\/olivierpere\/2015\/03\/11\/bertrand-tavernier-parle-du-film-policier\/\" \/>\n<meta property=\"og:site_name\" content=\"Olivier P\u00e8re\" \/>\n<meta property=\"article:published_time\" content=\"2015-03-11T02:30:52+00:00\" \/>\n<meta property=\"article:modified_time\" content=\"2020-03-29T09:14:26+00:00\" \/>\n<meta name=\"author\" content=\"Olivier P\u00e8re\" \/>\n<meta name=\"twitter:label1\" content=\"\u00c9crit par\" \/>\n\t<meta name=\"twitter:data1\" content=\"Olivier P\u00e8re\" \/>\n\t<meta name=\"twitter:label2\" content=\"Dur\u00e9e de lecture estim\u00e9e\" \/>\n\t<meta name=\"twitter:data2\" content=\"2 minutes\" \/>\n<script type=\"application\/ld+json\" class=\"yoast-schema-graph\">{\"@context\":\"https:\/\/schema.org\",\"@graph\":[{\"@type\":\"WebPage\",\"@id\":\"https:\/\/www.arte.tv\/sites\/olivierpere\/2015\/03\/11\/bertrand-tavernier-parle-du-film-policier\/\",\"url\":\"https:\/\/www.arte.tv\/sites\/olivierpere\/2015\/03\/11\/bertrand-tavernier-parle-du-film-policier\/\",\"name\":\"Bertrand Tavernier parle du film policier - Olivier P\u00e8re\",\"isPartOf\":{\"@id\":\"https:\/\/www.arte.tv\/sites\/olivierpere\/#website\"},\"datePublished\":\"2015-03-11T02:30:52+00:00\",\"dateModified\":\"2020-03-29T09:14:26+00:00\",\"author\":{\"@id\":\"https:\/\/www.arte.tv\/sites\/olivierpere\/#\/schema\/person\/dc32cd6c79be95e52d43b97a74182558\"},\"breadcrumb\":{\"@id\":\"https:\/\/www.arte.tv\/sites\/olivierpere\/2015\/03\/11\/bertrand-tavernier-parle-du-film-policier\/#breadcrumb\"},\"inLanguage\":\"fr-FR\",\"potentialAction\":[{\"@type\":\"ReadAction\",\"target\":[\"https:\/\/www.arte.tv\/sites\/olivierpere\/2015\/03\/11\/bertrand-tavernier-parle-du-film-policier\/\"]}]},{\"@type\":\"BreadcrumbList\",\"@id\":\"https:\/\/www.arte.tv\/sites\/olivierpere\/2015\/03\/11\/bertrand-tavernier-parle-du-film-policier\/#breadcrumb\",\"itemListElement\":[{\"@type\":\"ListItem\",\"position\":1,\"name\":\"Home\",\"item\":\"https:\/\/www.arte.tv\/sites\/olivierpere\/\"},{\"@type\":\"ListItem\",\"position\":2,\"name\":\"Bertrand Tavernier parle du film policier\"}]},{\"@type\":\"WebSite\",\"@id\":\"https:\/\/www.arte.tv\/sites\/olivierpere\/#website\",\"url\":\"https:\/\/www.arte.tv\/sites\/olivierpere\/\",\"name\":\"Olivier P\u00e8re\",\"description\":\"\",\"potentialAction\":[{\"@type\":\"SearchAction\",\"target\":{\"@type\":\"EntryPoint\",\"urlTemplate\":\"https:\/\/www.arte.tv\/sites\/olivierpere\/?s={search_term_string}\"},\"query-input\":\"required name=search_term_string\"}],\"inLanguage\":\"fr-FR\"},{\"@type\":\"Person\",\"@id\":\"https:\/\/www.arte.tv\/sites\/olivierpere\/#\/schema\/person\/dc32cd6c79be95e52d43b97a74182558\",\"name\":\"Olivier P\u00e8re\",\"image\":{\"@type\":\"ImageObject\",\"inLanguage\":\"fr-FR\",\"@id\":\"https:\/\/www.arte.tv\/sites\/olivierpere\/#\/schema\/person\/image\/\",\"url\":\"https:\/\/secure.gravatar.com\/avatar\/bdea7b6a2c195e2c41772429a9694758?s=96&d=mm&r=g\",\"contentUrl\":\"https:\/\/secure.gravatar.com\/avatar\/bdea7b6a2c195e2c41772429a9694758?s=96&d=mm&r=g\",\"caption\":\"Olivier P\u00e8re\"},\"url\":\"https:\/\/www.arte.tv\/sites\/olivierpere\/author\/pereolivier\/\"}]}<\/script>\n<!-- \/ Yoast SEO plugin. -->","yoast_head_json":{"title":"Bertrand Tavernier parle du film policier - Olivier P\u00e8re","robots":{"index":"index","follow":"follow","max-snippet":"max-snippet:-1","max-image-preview":"max-image-preview:large","max-video-preview":"max-video-preview:-1"},"canonical":"https:\/\/www.arte.tv\/sites\/olivierpere\/2015\/03\/11\/bertrand-tavernier-parle-du-film-policier\/","og_locale":"fr_FR","og_type":"article","og_title":"Bertrand Tavernier parle du film policier - Olivier P\u00e8re","og_description":"Parrain du \u00ab\u00a0printemps du polar\u00a0\u00bb sur ARTE du 9 au 29 mars Bertrand Tavernier (photo en t\u00eate de texte) a\u2026","og_url":"https:\/\/www.arte.tv\/sites\/olivierpere\/2015\/03\/11\/bertrand-tavernier-parle-du-film-policier\/","og_site_name":"Olivier P\u00e8re","article_published_time":"2015-03-11T02:30:52+00:00","article_modified_time":"2020-03-29T09:14:26+00:00","author":"Olivier P\u00e8re","twitter_misc":{"\u00c9crit par":"Olivier P\u00e8re","Dur\u00e9e de lecture estim\u00e9e":"2 minutes"},"schema":{"@context":"https:\/\/schema.org","@graph":[{"@type":"WebPage","@id":"https:\/\/www.arte.tv\/sites\/olivierpere\/2015\/03\/11\/bertrand-tavernier-parle-du-film-policier\/","url":"https:\/\/www.arte.tv\/sites\/olivierpere\/2015\/03\/11\/bertrand-tavernier-parle-du-film-policier\/","name":"Bertrand Tavernier parle du film policier - Olivier P\u00e8re","isPartOf":{"@id":"https:\/\/www.arte.tv\/sites\/olivierpere\/#website"},"datePublished":"2015-03-11T02:30:52+00:00","dateModified":"2020-03-29T09:14:26+00:00","author":{"@id":"https:\/\/www.arte.tv\/sites\/olivierpere\/#\/schema\/person\/dc32cd6c79be95e52d43b97a74182558"},"breadcrumb":{"@id":"https:\/\/www.arte.tv\/sites\/olivierpere\/2015\/03\/11\/bertrand-tavernier-parle-du-film-policier\/#breadcrumb"},"inLanguage":"fr-FR","potentialAction":[{"@type":"ReadAction","target":["https:\/\/www.arte.tv\/sites\/olivierpere\/2015\/03\/11\/bertrand-tavernier-parle-du-film-policier\/"]}]},{"@type":"BreadcrumbList","@id":"https:\/\/www.arte.tv\/sites\/olivierpere\/2015\/03\/11\/bertrand-tavernier-parle-du-film-policier\/#breadcrumb","itemListElement":[{"@type":"ListItem","position":1,"name":"Home","item":"https:\/\/www.arte.tv\/sites\/olivierpere\/"},{"@type":"ListItem","position":2,"name":"Bertrand Tavernier parle du film policier"}]},{"@type":"WebSite","@id":"https:\/\/www.arte.tv\/sites\/olivierpere\/#website","url":"https:\/\/www.arte.tv\/sites\/olivierpere\/","name":"Olivier P\u00e8re","description":"","potentialAction":[{"@type":"SearchAction","target":{"@type":"EntryPoint","urlTemplate":"https:\/\/www.arte.tv\/sites\/olivierpere\/?s={search_term_string}"},"query-input":"required name=search_term_string"}],"inLanguage":"fr-FR"},{"@type":"Person","@id":"https:\/\/www.arte.tv\/sites\/olivierpere\/#\/schema\/person\/dc32cd6c79be95e52d43b97a74182558","name":"Olivier P\u00e8re","image":{"@type":"ImageObject","inLanguage":"fr-FR","@id":"https:\/\/www.arte.tv\/sites\/olivierpere\/#\/schema\/person\/image\/","url":"https:\/\/secure.gravatar.com\/avatar\/bdea7b6a2c195e2c41772429a9694758?s=96&d=mm&r=g","contentUrl":"https:\/\/secure.gravatar.com\/avatar\/bdea7b6a2c195e2c41772429a9694758?s=96&d=mm&r=g","caption":"Olivier P\u00e8re"},"url":"https:\/\/www.arte.tv\/sites\/olivierpere\/author\/pereolivier\/"}]}},"_links":{"self":[{"href":"https:\/\/www.arte.tv\/sites\/olivierpere\/wp-json\/wp\/v2\/posts\/14965"}],"collection":[{"href":"https:\/\/www.arte.tv\/sites\/olivierpere\/wp-json\/wp\/v2\/posts"}],"about":[{"href":"https:\/\/www.arte.tv\/sites\/olivierpere\/wp-json\/wp\/v2\/types\/post"}],"author":[{"embeddable":true,"href":"https:\/\/www.arte.tv\/sites\/olivierpere\/wp-json\/wp\/v2\/users\/116"}],"replies":[{"embeddable":true,"href":"https:\/\/www.arte.tv\/sites\/olivierpere\/wp-json\/wp\/v2\/comments?post=14965"}],"version-history":[{"count":7,"href":"https:\/\/www.arte.tv\/sites\/olivierpere\/wp-json\/wp\/v2\/posts\/14965\/revisions"}],"predecessor-version":[{"id":24642,"href":"https:\/\/www.arte.tv\/sites\/olivierpere\/wp-json\/wp\/v2\/posts\/14965\/revisions\/24642"}],"wp:attachment":[{"href":"https:\/\/www.arte.tv\/sites\/olivierpere\/wp-json\/wp\/v2\/media?parent=14965"}],"wp:term":[{"taxonomy":"category","embeddable":true,"href":"https:\/\/www.arte.tv\/sites\/olivierpere\/wp-json\/wp\/v2\/categories?post=14965"},{"taxonomy":"post_tag","embeddable":true,"href":"https:\/\/www.arte.tv\/sites\/olivierpere\/wp-json\/wp\/v2\/tags?post=14965"}],"curies":[{"name":"wp","href":"https:\/\/api.w.org\/{rel}","templated":true}]}}