{"id":14888,"date":"2015-03-01T02:55:14","date_gmt":"2015-03-01T01:55:14","guid":{"rendered":"https:\/\/www.arte.tv\/sites\/olivierpere\/?p=14888"},"modified":"2015-02-28T22:38:33","modified_gmt":"2015-02-28T21:38:33","slug":"discussion-avec-francis-ford-coppola","status":"publish","type":"post","link":"https:\/\/www.arte.tv\/sites\/olivierpere\/2015\/03\/01\/discussion-avec-francis-ford-coppola\/","title":{"rendered":"Conversation avec Francis Ford Coppola"},"content":{"rendered":"<p>\u00ab\u00a0Francis Ford Coppola, l&rsquo;homme et son r\u00eave\u00a0\u00bb &#8211; Une discussion anim\u00e9e par Serge Toubiana et le documentariste am\u00e9ricain Frank Scheffer, enregistr\u00e9e \u00e0 la Cin\u00e9math\u00e8que fran\u00e7aise le 31 janvier 2015, dans le cadre du Festival \u00ab\u00a0Toute la m\u00e9moire du monde\u00a0\u00bb et avant la projection de <em>Coup de c\u0153ur<\/em> (<em>One From the Heart<\/em>, 1981). Coppola y \u00e9voque plus particuli\u00e8rement la cr\u00e9ation de ses studios Zoetrope et l\u2019\u00e9chec financier de cette utopie artistique au sein de l\u2019industrie hollywoodienne, mais aussi sa vision du cin\u00e9ma d\u2019aujourd\u2019hui et de demain. A voir et \u00e0 \u00e9couter sur ARTE Cin\u00e9ma.<\/p>\n<p><a href=\"http:\/\/cinema.arte.tv\/fr\/article\/discussion-avec-francis-ford-coppola\">http:\/\/cinema.arte.tv\/fr\/article\/discussion-avec-francis-ford-coppola<\/a><\/p>\n<p><img decoding=\"async\" loading=\"lazy\" class=\"alignnone size-full wp-image-14890\" src=\"https:\/\/www.arte.tv\/sites\/olivierpere\/files\/coup-de-coeur-coppola.jpg\" alt=\"\" width=\"1000\" height=\"1385\" srcset=\"https:\/\/www.arte.tv\/sites\/olivierpere\/files\/coup-de-coeur-coppola.jpg 1000w, https:\/\/www.arte.tv\/sites\/olivierpere\/files\/coup-de-coeur-coppola-202x280.jpg 202w, https:\/\/www.arte.tv\/sites\/olivierpere\/files\/coup-de-coeur-coppola-555x768.jpg 555w, https:\/\/www.arte.tv\/sites\/olivierpere\/files\/coup-de-coeur-coppola-580x803.jpg 580w\" sizes=\"(max-width: 1000px) 100vw, 1000px\" \/><\/p>\n<p>&nbsp;<\/p>\n<p>ARTE diffusera prochainement <em>Apocalypse Now Redux<\/em> et <em>Peggy Sue s&rsquo;est mari\u00e9e<\/em> de Francis Ford Coppola.<\/p>\n","protected":false},"excerpt":{"rendered":"<p>\u00ab\u00a0Francis Ford Coppola, l&rsquo;homme et son r\u00eave\u00a0\u00bb &#8211; Une discussion anim\u00e9e par Serge Toubiana et le documentariste am\u00e9ricain Frank Scheffer,\u2026<\/p>\n","protected":false},"author":116,"featured_media":14889,"comment_status":"open","ping_status":"open","sticky":false,"template":"","format":"standard","meta":[],"categories":[9,7],"tags":[],"yoast_head":"<!-- This site is optimized with the Yoast SEO plugin v20.8 - https:\/\/yoast.com\/wordpress\/plugins\/seo\/ -->\n<title>Conversation avec Francis Ford Coppola - Olivier P\u00e8re<\/title>\n<meta name=\"robots\" content=\"index, follow, max-snippet:-1, max-image-preview:large, max-video-preview:-1\" \/>\n<link rel=\"canonical\" href=\"https:\/\/www.arte.tv\/sites\/olivierpere\/2015\/03\/01\/discussion-avec-francis-ford-coppola\/\" \/>\n<meta property=\"og:locale\" content=\"fr_FR\" \/>\n<meta property=\"og:type\" content=\"article\" \/>\n<meta property=\"og:title\" content=\"Conversation avec Francis Ford Coppola - Olivier P\u00e8re\" \/>\n<meta property=\"og:description\" content=\"\u00ab\u00a0Francis Ford Coppola, l&rsquo;homme et son r\u00eave\u00a0\u00bb &#8211; Une discussion anim\u00e9e par Serge Toubiana et le documentariste am\u00e9ricain Frank Scheffer,\u2026\" \/>\n<meta property=\"og:url\" content=\"https:\/\/www.arte.tv\/sites\/olivierpere\/2015\/03\/01\/discussion-avec-francis-ford-coppola\/\" \/>\n<meta property=\"og:site_name\" content=\"Olivier P\u00e8re\" \/>\n<meta property=\"article:published_time\" content=\"2015-03-01T01:55:14+00:00\" \/>\n<meta property=\"article:modified_time\" content=\"2015-02-28T21:38:33+00:00\" \/>\n<meta property=\"og:image\" content=\"https:\/\/www.arte.tv\/sites\/olivierpere\/files\/B8hxdZbIgAAQOUw.jpg\" \/>\n\t<meta property=\"og:image:width\" content=\"1023\" \/>\n\t<meta property=\"og:image:height\" content=\"1522\" \/>\n\t<meta property=\"og:image:type\" content=\"image\/jpeg\" \/>\n<meta name=\"author\" content=\"Olivier P\u00e8re\" \/>\n<meta name=\"twitter:label1\" content=\"\u00c9crit par\" \/>\n\t<meta name=\"twitter:data1\" content=\"Olivier P\u00e8re\" \/>\n\t<meta name=\"twitter:label2\" content=\"Dur\u00e9e de lecture estim\u00e9e\" \/>\n\t<meta name=\"twitter:data2\" content=\"1 minute\" \/>\n<script type=\"application\/ld+json\" class=\"yoast-schema-graph\">{\"@context\":\"https:\/\/schema.org\",\"@graph\":[{\"@type\":\"WebPage\",\"@id\":\"https:\/\/www.arte.tv\/sites\/olivierpere\/2015\/03\/01\/discussion-avec-francis-ford-coppola\/\",\"url\":\"https:\/\/www.arte.tv\/sites\/olivierpere\/2015\/03\/01\/discussion-avec-francis-ford-coppola\/\",\"name\":\"Conversation avec Francis Ford Coppola - Olivier P\u00e8re\",\"isPartOf\":{\"@id\":\"https:\/\/www.arte.tv\/sites\/olivierpere\/#website\"},\"datePublished\":\"2015-03-01T01:55:14+00:00\",\"dateModified\":\"2015-02-28T21:38:33+00:00\",\"author\":{\"@id\":\"https:\/\/www.arte.tv\/sites\/olivierpere\/#\/schema\/person\/dc32cd6c79be95e52d43b97a74182558\"},\"breadcrumb\":{\"@id\":\"https:\/\/www.arte.tv\/sites\/olivierpere\/2015\/03\/01\/discussion-avec-francis-ford-coppola\/#breadcrumb\"},\"inLanguage\":\"fr-FR\",\"potentialAction\":[{\"@type\":\"ReadAction\",\"target\":[\"https:\/\/www.arte.tv\/sites\/olivierpere\/2015\/03\/01\/discussion-avec-francis-ford-coppola\/\"]}]},{\"@type\":\"BreadcrumbList\",\"@id\":\"https:\/\/www.arte.tv\/sites\/olivierpere\/2015\/03\/01\/discussion-avec-francis-ford-coppola\/#breadcrumb\",\"itemListElement\":[{\"@type\":\"ListItem\",\"position\":1,\"name\":\"Home\",\"item\":\"https:\/\/www.arte.tv\/sites\/olivierpere\/\"},{\"@type\":\"ListItem\",\"position\":2,\"name\":\"Conversation avec Francis Ford Coppola\"}]},{\"@type\":\"WebSite\",\"@id\":\"https:\/\/www.arte.tv\/sites\/olivierpere\/#website\",\"url\":\"https:\/\/www.arte.tv\/sites\/olivierpere\/\",\"name\":\"Olivier P\u00e8re\",\"description\":\"\",\"potentialAction\":[{\"@type\":\"SearchAction\",\"target\":{\"@type\":\"EntryPoint\",\"urlTemplate\":\"https:\/\/www.arte.tv\/sites\/olivierpere\/?s={search_term_string}\"},\"query-input\":\"required name=search_term_string\"}],\"inLanguage\":\"fr-FR\"},{\"@type\":\"Person\",\"@id\":\"https:\/\/www.arte.tv\/sites\/olivierpere\/#\/schema\/person\/dc32cd6c79be95e52d43b97a74182558\",\"name\":\"Olivier P\u00e8re\",\"image\":{\"@type\":\"ImageObject\",\"inLanguage\":\"fr-FR\",\"@id\":\"https:\/\/www.arte.tv\/sites\/olivierpere\/#\/schema\/person\/image\/\",\"url\":\"https:\/\/secure.gravatar.com\/avatar\/bdea7b6a2c195e2c41772429a9694758?s=96&d=mm&r=g\",\"contentUrl\":\"https:\/\/secure.gravatar.com\/avatar\/bdea7b6a2c195e2c41772429a9694758?s=96&d=mm&r=g\",\"caption\":\"Olivier P\u00e8re\"},\"url\":\"https:\/\/www.arte.tv\/sites\/olivierpere\/author\/pereolivier\/\"}]}<\/script>\n<!-- \/ Yoast SEO plugin. -->","yoast_head_json":{"title":"Conversation avec Francis Ford Coppola - Olivier P\u00e8re","robots":{"index":"index","follow":"follow","max-snippet":"max-snippet:-1","max-image-preview":"max-image-preview:large","max-video-preview":"max-video-preview:-1"},"canonical":"https:\/\/www.arte.tv\/sites\/olivierpere\/2015\/03\/01\/discussion-avec-francis-ford-coppola\/","og_locale":"fr_FR","og_type":"article","og_title":"Conversation avec Francis Ford Coppola - Olivier P\u00e8re","og_description":"\u00ab\u00a0Francis Ford Coppola, l&rsquo;homme et son r\u00eave\u00a0\u00bb &#8211; Une discussion anim\u00e9e par Serge Toubiana et le documentariste am\u00e9ricain Frank Scheffer,\u2026","og_url":"https:\/\/www.arte.tv\/sites\/olivierpere\/2015\/03\/01\/discussion-avec-francis-ford-coppola\/","og_site_name":"Olivier P\u00e8re","article_published_time":"2015-03-01T01:55:14+00:00","article_modified_time":"2015-02-28T21:38:33+00:00","og_image":[{"width":1023,"height":1522,"url":"https:\/\/www.arte.tv\/sites\/olivierpere\/files\/B8hxdZbIgAAQOUw.jpg","type":"image\/jpeg"}],"author":"Olivier P\u00e8re","twitter_misc":{"\u00c9crit par":"Olivier P\u00e8re","Dur\u00e9e de lecture estim\u00e9e":"1 minute"},"schema":{"@context":"https:\/\/schema.org","@graph":[{"@type":"WebPage","@id":"https:\/\/www.arte.tv\/sites\/olivierpere\/2015\/03\/01\/discussion-avec-francis-ford-coppola\/","url":"https:\/\/www.arte.tv\/sites\/olivierpere\/2015\/03\/01\/discussion-avec-francis-ford-coppola\/","name":"Conversation avec Francis Ford Coppola - Olivier P\u00e8re","isPartOf":{"@id":"https:\/\/www.arte.tv\/sites\/olivierpere\/#website"},"datePublished":"2015-03-01T01:55:14+00:00","dateModified":"2015-02-28T21:38:33+00:00","author":{"@id":"https:\/\/www.arte.tv\/sites\/olivierpere\/#\/schema\/person\/dc32cd6c79be95e52d43b97a74182558"},"breadcrumb":{"@id":"https:\/\/www.arte.tv\/sites\/olivierpere\/2015\/03\/01\/discussion-avec-francis-ford-coppola\/#breadcrumb"},"inLanguage":"fr-FR","potentialAction":[{"@type":"ReadAction","target":["https:\/\/www.arte.tv\/sites\/olivierpere\/2015\/03\/01\/discussion-avec-francis-ford-coppola\/"]}]},{"@type":"BreadcrumbList","@id":"https:\/\/www.arte.tv\/sites\/olivierpere\/2015\/03\/01\/discussion-avec-francis-ford-coppola\/#breadcrumb","itemListElement":[{"@type":"ListItem","position":1,"name":"Home","item":"https:\/\/www.arte.tv\/sites\/olivierpere\/"},{"@type":"ListItem","position":2,"name":"Conversation avec Francis Ford Coppola"}]},{"@type":"WebSite","@id":"https:\/\/www.arte.tv\/sites\/olivierpere\/#website","url":"https:\/\/www.arte.tv\/sites\/olivierpere\/","name":"Olivier P\u00e8re","description":"","potentialAction":[{"@type":"SearchAction","target":{"@type":"EntryPoint","urlTemplate":"https:\/\/www.arte.tv\/sites\/olivierpere\/?s={search_term_string}"},"query-input":"required name=search_term_string"}],"inLanguage":"fr-FR"},{"@type":"Person","@id":"https:\/\/www.arte.tv\/sites\/olivierpere\/#\/schema\/person\/dc32cd6c79be95e52d43b97a74182558","name":"Olivier P\u00e8re","image":{"@type":"ImageObject","inLanguage":"fr-FR","@id":"https:\/\/www.arte.tv\/sites\/olivierpere\/#\/schema\/person\/image\/","url":"https:\/\/secure.gravatar.com\/avatar\/bdea7b6a2c195e2c41772429a9694758?s=96&d=mm&r=g","contentUrl":"https:\/\/secure.gravatar.com\/avatar\/bdea7b6a2c195e2c41772429a9694758?s=96&d=mm&r=g","caption":"Olivier P\u00e8re"},"url":"https:\/\/www.arte.tv\/sites\/olivierpere\/author\/pereolivier\/"}]}},"_links":{"self":[{"href":"https:\/\/www.arte.tv\/sites\/olivierpere\/wp-json\/wp\/v2\/posts\/14888"}],"collection":[{"href":"https:\/\/www.arte.tv\/sites\/olivierpere\/wp-json\/wp\/v2\/posts"}],"about":[{"href":"https:\/\/www.arte.tv\/sites\/olivierpere\/wp-json\/wp\/v2\/types\/post"}],"author":[{"embeddable":true,"href":"https:\/\/www.arte.tv\/sites\/olivierpere\/wp-json\/wp\/v2\/users\/116"}],"replies":[{"embeddable":true,"href":"https:\/\/www.arte.tv\/sites\/olivierpere\/wp-json\/wp\/v2\/comments?post=14888"}],"version-history":[{"count":4,"href":"https:\/\/www.arte.tv\/sites\/olivierpere\/wp-json\/wp\/v2\/posts\/14888\/revisions"}],"predecessor-version":[{"id":14894,"href":"https:\/\/www.arte.tv\/sites\/olivierpere\/wp-json\/wp\/v2\/posts\/14888\/revisions\/14894"}],"wp:featuredmedia":[{"embeddable":true,"href":"https:\/\/www.arte.tv\/sites\/olivierpere\/wp-json\/wp\/v2\/media\/14889"}],"wp:attachment":[{"href":"https:\/\/www.arte.tv\/sites\/olivierpere\/wp-json\/wp\/v2\/media?parent=14888"}],"wp:term":[{"taxonomy":"category","embeddable":true,"href":"https:\/\/www.arte.tv\/sites\/olivierpere\/wp-json\/wp\/v2\/categories?post=14888"},{"taxonomy":"post_tag","embeddable":true,"href":"https:\/\/www.arte.tv\/sites\/olivierpere\/wp-json\/wp\/v2\/tags?post=14888"}],"curies":[{"name":"wp","href":"https:\/\/api.w.org\/{rel}","templated":true}]}}