{"id":14600,"date":"2015-01-19T23:30:59","date_gmt":"2015-01-19T22:30:59","guid":{"rendered":"https:\/\/www.arte.tv\/sites\/olivierpere\/?p=14600"},"modified":"2015-01-19T23:30:59","modified_gmt":"2015-01-19T22:30:59","slug":"la-nuit-nous-appartient-de-james-gray","status":"publish","type":"post","link":"https:\/\/www.arte.tv\/sites\/olivierpere\/2015\/01\/19\/la-nuit-nous-appartient-de-james-gray\/","title":{"rendered":"La nuit nous appartient de James Gray"},"content":{"rendered":"<p>ARTE diffuse lundi 2 f\u00e9vrier \u00e0 20h50 <em>La nuit nous appartient<\/em> (<em>We Own the Night<\/em>, 2007) de James Gray.<\/p>\n<p>Brooklyn, 1988. Bobby (Joachin Phoenix, photo en t\u00eate de texte) est le jeune g\u00e9rant d&rsquo;une boite de nuit branch\u00e9e appartenant \u00e0 un commer\u00e7ant russe. Avec l&rsquo;explosion du trafic de drogue, la mafia russe \u00e9tend son influence sur le monde de la nuit.<br \/>\nPour continuer son ascension, Bobby doit cacher ses liens avec sa famille : son p\u00e8re et son fr\u00e8re (Robert Duvall et Mark Wahlberg) sont des membres \u00e9minents de la police new-yorkaise.<\/p>\n<p>Ce troisi\u00e8me long m\u00e9trage impose James Gray comme l\u2019un des auteurs majeurs du nouveau cin\u00e9ma am\u00e9ricain, et un ma\u00eetre du polar, du moins en Europe o\u00f9 sa r\u00e9putation est bien plus grande que dans son pays d\u2019origine. Le film baigne dans le climat d\u2019ins\u00e9curit\u00e9 du New York de la fin des ann\u00e9es 80, d\u00e9crivant un \u00e9tat d\u2019impunit\u00e9 o\u00f9 les truands ne craignent plus la loi et peuvent condamner \u00e0 mort les flics qui se dressent sur leur chemin.<\/p>\n<p><em>La nuit nous appartient <\/em>comme <em>Little Odessa<\/em> et <em>The Yards<\/em>, pr\u00e9c\u00e9dents films de Gray, est avant tout une histoire de famille et de fratrie. Les trois films peuvent d\u2019ailleurs s\u2019appr\u00e9hender comme une trilogie explorant les m\u00eames th\u00e9matiques. L\u2019enqu\u00eate polici\u00e8re int\u00e9resse moins Gray que les \u00e9motions. Le film explore le cruel dilemme v\u00e9cu par son personnage principal et les relations conflictuelles qu\u2019il entretient avec son fr\u00e8re et son p\u00e8re, puis sa d\u00e9cision de les rejoindre dans leur croisade contre le crime organis\u00e9.<\/p>\n<div id=\"attachment_14602\" style=\"width: 1265px\" class=\"wp-caption alignnone\"><img aria-describedby=\"caption-attachment-14602\" decoding=\"async\" loading=\"lazy\" class=\"size-full wp-image-14602\" src=\"https:\/\/www.arte.tv\/sites\/fr\/olivierpere\/files\/la-nuit-nous-appartient-we-own-the-night-28-11-2007-12-10-2007-7-g.jpg\" alt=\"Eva Mendes et Joachin Phoenix dans La nuit nous appartient\" width=\"1255\" height=\"1000\" srcset=\"https:\/\/www.arte.tv\/sites\/olivierpere\/files\/la-nuit-nous-appartient-we-own-the-night-28-11-2007-12-10-2007-7-g.jpg 1255w, https:\/\/www.arte.tv\/sites\/olivierpere\/files\/la-nuit-nous-appartient-we-own-the-night-28-11-2007-12-10-2007-7-g-351x280.jpg 351w, https:\/\/www.arte.tv\/sites\/olivierpere\/files\/la-nuit-nous-appartient-we-own-the-night-28-11-2007-12-10-2007-7-g-964x768.jpg 964w, https:\/\/www.arte.tv\/sites\/olivierpere\/files\/la-nuit-nous-appartient-we-own-the-night-28-11-2007-12-10-2007-7-g-580x462.jpg 580w\" sizes=\"(max-width: 1255px) 100vw, 1255px\" \/><p id=\"caption-attachment-14602\" class=\"wp-caption-text\">Eva Mendes et Joachin Phoenix dans La nuit nous appartient<\/p><\/div>\n<p>Gray part d\u2019un mat\u00e9riau documentaire \u2013 un article de journal, une longue pr\u00e9paration immersive, les photos en noir et blanc du g\u00e9n\u00e9rique sur les policiers de la brigade criminelle de New York, dont la devise \u00ab\u00a0we own the night\u00a0\u00bb donne son titre au film \u2013 pour d\u00e9boucher, comme \u00e0 son habitude, sur une v\u00e9ritable trag\u00e9die shakespearienne, peupl\u00e9e d\u2019\u00e2mes perdues et de cr\u00e9atures de la nuit. Vadim, le terrifiant trafiquant russe, est film\u00e9 comme un vampire, \u00e0 l\u2019instar de Tim Roth dans le premier long m\u00e9trage de Gray, <em>Little Odessa<\/em>. La dramaturgie est la grande pr\u00e9occupation de Gray, des sc\u00e8nes d\u2019affrontements verbaux jusqu\u2019\u00e0 l\u2019impressionnante fusillade lors d\u2019une poursuite de voitures sous une pluie torrentielle. La mise en sc\u00e8ne de Gray est superbe, privil\u00e9giant le cadre plut\u00f4t que le mouvement, instaurant une lenteur fun\u00e8bre contrari\u00e9e par des acc\u00e8s de violence n\u00e9vrotique. On pourrait aussi citer l\u2019\u00e9lectrisante s\u00e9quence d\u2019ouverture au son du \u00ab\u00a0Heart of Glass\u00a0\u00bb de Blondie dans les coulisses d\u2019un gigantesque night-club, dernier moment d\u2019h\u00e9donisme et d\u2019insouciance de Bobby avant que son destin ne le rattrape.<\/p>\n<p>Interpr\u00e9tation magistrale de Joachin Phoenix, figure tr\u00e8s moderne et tourment\u00e9e de la masculinit\u00e9 que l\u2019on retrouvera dans les films suivants de Gray, <em>Two Lovers<\/em> et <em>The Immigrant<\/em>.<\/p>\n<p>&nbsp;<\/p>\n","protected":false},"excerpt":{"rendered":"<p>ARTE diffuse lundi 2 f\u00e9vrier \u00e0 20h50 La nuit nous appartient (We Own the Night, 2007) de James Gray. Brooklyn,\u2026<\/p>\n","protected":false},"author":116,"featured_media":14601,"comment_status":"open","ping_status":"open","sticky":false,"template":"","format":"standard","meta":[],"categories":[8],"tags":[],"yoast_head":"<!-- This site is optimized with the Yoast SEO plugin v20.8 - https:\/\/yoast.com\/wordpress\/plugins\/seo\/ -->\n<title>La nuit nous appartient de James Gray - Olivier P\u00e8re<\/title>\n<meta name=\"robots\" content=\"index, follow, max-snippet:-1, max-image-preview:large, max-video-preview:-1\" \/>\n<link rel=\"canonical\" href=\"https:\/\/www.arte.tv\/sites\/olivierpere\/2015\/01\/19\/la-nuit-nous-appartient-de-james-gray\/\" \/>\n<meta property=\"og:locale\" content=\"fr_FR\" \/>\n<meta property=\"og:type\" content=\"article\" \/>\n<meta property=\"og:title\" content=\"La nuit nous appartient de James Gray - Olivier P\u00e8re\" \/>\n<meta property=\"og:description\" content=\"ARTE diffuse lundi 2 f\u00e9vrier \u00e0 20h50 La nuit nous appartient (We Own the Night, 2007) de James Gray. Brooklyn,\u2026\" \/>\n<meta property=\"og:url\" content=\"https:\/\/www.arte.tv\/sites\/olivierpere\/2015\/01\/19\/la-nuit-nous-appartient-de-james-gray\/\" \/>\n<meta property=\"og:site_name\" content=\"Olivier P\u00e8re\" \/>\n<meta property=\"article:published_time\" content=\"2015-01-19T22:30:59+00:00\" \/>\n<meta property=\"og:image\" content=\"https:\/\/www.arte.tv\/sites\/olivierpere\/files\/la-nuit-nous-appartient-we-own-the-night-28-11-2007-12-10-2007-2-g.jpg\" \/>\n\t<meta property=\"og:image:width\" content=\"1493\" \/>\n\t<meta property=\"og:image:height\" content=\"1000\" \/>\n\t<meta property=\"og:image:type\" content=\"image\/jpeg\" \/>\n<meta name=\"author\" content=\"Olivier P\u00e8re\" \/>\n<meta name=\"twitter:label1\" content=\"\u00c9crit par\" \/>\n\t<meta name=\"twitter:data1\" content=\"Olivier P\u00e8re\" \/>\n\t<meta name=\"twitter:label2\" content=\"Dur\u00e9e de lecture estim\u00e9e\" \/>\n\t<meta name=\"twitter:data2\" content=\"3 minutes\" \/>\n<script type=\"application\/ld+json\" class=\"yoast-schema-graph\">{\"@context\":\"https:\/\/schema.org\",\"@graph\":[{\"@type\":\"WebPage\",\"@id\":\"https:\/\/www.arte.tv\/sites\/olivierpere\/2015\/01\/19\/la-nuit-nous-appartient-de-james-gray\/\",\"url\":\"https:\/\/www.arte.tv\/sites\/olivierpere\/2015\/01\/19\/la-nuit-nous-appartient-de-james-gray\/\",\"name\":\"La nuit nous appartient de James Gray - Olivier P\u00e8re\",\"isPartOf\":{\"@id\":\"https:\/\/www.arte.tv\/sites\/olivierpere\/#website\"},\"datePublished\":\"2015-01-19T22:30:59+00:00\",\"dateModified\":\"2015-01-19T22:30:59+00:00\",\"author\":{\"@id\":\"https:\/\/www.arte.tv\/sites\/olivierpere\/#\/schema\/person\/dc32cd6c79be95e52d43b97a74182558\"},\"breadcrumb\":{\"@id\":\"https:\/\/www.arte.tv\/sites\/olivierpere\/2015\/01\/19\/la-nuit-nous-appartient-de-james-gray\/#breadcrumb\"},\"inLanguage\":\"fr-FR\",\"potentialAction\":[{\"@type\":\"ReadAction\",\"target\":[\"https:\/\/www.arte.tv\/sites\/olivierpere\/2015\/01\/19\/la-nuit-nous-appartient-de-james-gray\/\"]}]},{\"@type\":\"BreadcrumbList\",\"@id\":\"https:\/\/www.arte.tv\/sites\/olivierpere\/2015\/01\/19\/la-nuit-nous-appartient-de-james-gray\/#breadcrumb\",\"itemListElement\":[{\"@type\":\"ListItem\",\"position\":1,\"name\":\"Home\",\"item\":\"https:\/\/www.arte.tv\/sites\/olivierpere\/\"},{\"@type\":\"ListItem\",\"position\":2,\"name\":\"La nuit nous appartient de James Gray\"}]},{\"@type\":\"WebSite\",\"@id\":\"https:\/\/www.arte.tv\/sites\/olivierpere\/#website\",\"url\":\"https:\/\/www.arte.tv\/sites\/olivierpere\/\",\"name\":\"Olivier P\u00e8re\",\"description\":\"\",\"potentialAction\":[{\"@type\":\"SearchAction\",\"target\":{\"@type\":\"EntryPoint\",\"urlTemplate\":\"https:\/\/www.arte.tv\/sites\/olivierpere\/?s={search_term_string}\"},\"query-input\":\"required name=search_term_string\"}],\"inLanguage\":\"fr-FR\"},{\"@type\":\"Person\",\"@id\":\"https:\/\/www.arte.tv\/sites\/olivierpere\/#\/schema\/person\/dc32cd6c79be95e52d43b97a74182558\",\"name\":\"Olivier P\u00e8re\",\"image\":{\"@type\":\"ImageObject\",\"inLanguage\":\"fr-FR\",\"@id\":\"https:\/\/www.arte.tv\/sites\/olivierpere\/#\/schema\/person\/image\/\",\"url\":\"https:\/\/secure.gravatar.com\/avatar\/bdea7b6a2c195e2c41772429a9694758?s=96&d=mm&r=g\",\"contentUrl\":\"https:\/\/secure.gravatar.com\/avatar\/bdea7b6a2c195e2c41772429a9694758?s=96&d=mm&r=g\",\"caption\":\"Olivier P\u00e8re\"},\"url\":\"https:\/\/www.arte.tv\/sites\/olivierpere\/author\/pereolivier\/\"}]}<\/script>\n<!-- \/ Yoast SEO plugin. -->","yoast_head_json":{"title":"La nuit nous appartient de James Gray - Olivier P\u00e8re","robots":{"index":"index","follow":"follow","max-snippet":"max-snippet:-1","max-image-preview":"max-image-preview:large","max-video-preview":"max-video-preview:-1"},"canonical":"https:\/\/www.arte.tv\/sites\/olivierpere\/2015\/01\/19\/la-nuit-nous-appartient-de-james-gray\/","og_locale":"fr_FR","og_type":"article","og_title":"La nuit nous appartient de James Gray - Olivier P\u00e8re","og_description":"ARTE diffuse lundi 2 f\u00e9vrier \u00e0 20h50 La nuit nous appartient (We Own the Night, 2007) de James Gray. Brooklyn,\u2026","og_url":"https:\/\/www.arte.tv\/sites\/olivierpere\/2015\/01\/19\/la-nuit-nous-appartient-de-james-gray\/","og_site_name":"Olivier P\u00e8re","article_published_time":"2015-01-19T22:30:59+00:00","og_image":[{"width":1493,"height":1000,"url":"https:\/\/www.arte.tv\/sites\/olivierpere\/files\/la-nuit-nous-appartient-we-own-the-night-28-11-2007-12-10-2007-2-g.jpg","type":"image\/jpeg"}],"author":"Olivier P\u00e8re","twitter_misc":{"\u00c9crit par":"Olivier P\u00e8re","Dur\u00e9e de lecture estim\u00e9e":"3 minutes"},"schema":{"@context":"https:\/\/schema.org","@graph":[{"@type":"WebPage","@id":"https:\/\/www.arte.tv\/sites\/olivierpere\/2015\/01\/19\/la-nuit-nous-appartient-de-james-gray\/","url":"https:\/\/www.arte.tv\/sites\/olivierpere\/2015\/01\/19\/la-nuit-nous-appartient-de-james-gray\/","name":"La nuit nous appartient de James Gray - Olivier P\u00e8re","isPartOf":{"@id":"https:\/\/www.arte.tv\/sites\/olivierpere\/#website"},"datePublished":"2015-01-19T22:30:59+00:00","dateModified":"2015-01-19T22:30:59+00:00","author":{"@id":"https:\/\/www.arte.tv\/sites\/olivierpere\/#\/schema\/person\/dc32cd6c79be95e52d43b97a74182558"},"breadcrumb":{"@id":"https:\/\/www.arte.tv\/sites\/olivierpere\/2015\/01\/19\/la-nuit-nous-appartient-de-james-gray\/#breadcrumb"},"inLanguage":"fr-FR","potentialAction":[{"@type":"ReadAction","target":["https:\/\/www.arte.tv\/sites\/olivierpere\/2015\/01\/19\/la-nuit-nous-appartient-de-james-gray\/"]}]},{"@type":"BreadcrumbList","@id":"https:\/\/www.arte.tv\/sites\/olivierpere\/2015\/01\/19\/la-nuit-nous-appartient-de-james-gray\/#breadcrumb","itemListElement":[{"@type":"ListItem","position":1,"name":"Home","item":"https:\/\/www.arte.tv\/sites\/olivierpere\/"},{"@type":"ListItem","position":2,"name":"La nuit nous appartient de James Gray"}]},{"@type":"WebSite","@id":"https:\/\/www.arte.tv\/sites\/olivierpere\/#website","url":"https:\/\/www.arte.tv\/sites\/olivierpere\/","name":"Olivier P\u00e8re","description":"","potentialAction":[{"@type":"SearchAction","target":{"@type":"EntryPoint","urlTemplate":"https:\/\/www.arte.tv\/sites\/olivierpere\/?s={search_term_string}"},"query-input":"required name=search_term_string"}],"inLanguage":"fr-FR"},{"@type":"Person","@id":"https:\/\/www.arte.tv\/sites\/olivierpere\/#\/schema\/person\/dc32cd6c79be95e52d43b97a74182558","name":"Olivier P\u00e8re","image":{"@type":"ImageObject","inLanguage":"fr-FR","@id":"https:\/\/www.arte.tv\/sites\/olivierpere\/#\/schema\/person\/image\/","url":"https:\/\/secure.gravatar.com\/avatar\/bdea7b6a2c195e2c41772429a9694758?s=96&d=mm&r=g","contentUrl":"https:\/\/secure.gravatar.com\/avatar\/bdea7b6a2c195e2c41772429a9694758?s=96&d=mm&r=g","caption":"Olivier P\u00e8re"},"url":"https:\/\/www.arte.tv\/sites\/olivierpere\/author\/pereolivier\/"}]}},"_links":{"self":[{"href":"https:\/\/www.arte.tv\/sites\/olivierpere\/wp-json\/wp\/v2\/posts\/14600"}],"collection":[{"href":"https:\/\/www.arte.tv\/sites\/olivierpere\/wp-json\/wp\/v2\/posts"}],"about":[{"href":"https:\/\/www.arte.tv\/sites\/olivierpere\/wp-json\/wp\/v2\/types\/post"}],"author":[{"embeddable":true,"href":"https:\/\/www.arte.tv\/sites\/olivierpere\/wp-json\/wp\/v2\/users\/116"}],"replies":[{"embeddable":true,"href":"https:\/\/www.arte.tv\/sites\/olivierpere\/wp-json\/wp\/v2\/comments?post=14600"}],"version-history":[{"count":1,"href":"https:\/\/www.arte.tv\/sites\/olivierpere\/wp-json\/wp\/v2\/posts\/14600\/revisions"}],"predecessor-version":[{"id":14603,"href":"https:\/\/www.arte.tv\/sites\/olivierpere\/wp-json\/wp\/v2\/posts\/14600\/revisions\/14603"}],"wp:featuredmedia":[{"embeddable":true,"href":"https:\/\/www.arte.tv\/sites\/olivierpere\/wp-json\/wp\/v2\/media\/14601"}],"wp:attachment":[{"href":"https:\/\/www.arte.tv\/sites\/olivierpere\/wp-json\/wp\/v2\/media?parent=14600"}],"wp:term":[{"taxonomy":"category","embeddable":true,"href":"https:\/\/www.arte.tv\/sites\/olivierpere\/wp-json\/wp\/v2\/categories?post=14600"},{"taxonomy":"post_tag","embeddable":true,"href":"https:\/\/www.arte.tv\/sites\/olivierpere\/wp-json\/wp\/v2\/tags?post=14600"}],"curies":[{"name":"wp","href":"https:\/\/api.w.org\/{rel}","templated":true}]}}