{"id":14434,"date":"2014-12-26T01:01:22","date_gmt":"2014-12-26T00:01:22","guid":{"rendered":"https:\/\/www.arte.tv\/sites\/olivierpere\/?p=14434"},"modified":"2014-12-29T20:37:05","modified_gmt":"2014-12-29T19:37:05","slug":"les-meilleurs-films-de-lannee-2014","status":"publish","type":"post","link":"https:\/\/www.arte.tv\/sites\/olivierpere\/2014\/12\/26\/les-meilleurs-films-de-lannee-2014\/","title":{"rendered":"Les meilleurs films de l\u2019ann\u00e9e 2014"},"content":{"rendered":"<p>Voici nos longs m\u00e9trages pr\u00e9f\u00e9r\u00e9s parmi les nouveaux films distribu\u00e9s en salles en France entre le 1<sup>er<\/sup> janvier et le 31 d\u00e9cembre 2014. Jugements totalement subjectifs bien entendu, et lacunaires puisque nous ne pr\u00e9tendons pas avoir vu tous les films susceptibles de nous plaire parmi les nombreuses sorties de l\u2019ann\u00e9e, sans compter les oublis et les injustices. Certains films tr\u00e8s honorables ne figurent pas dans cette s\u00e9lection qui aurait pu devenir pl\u00e9thorique. Il y a sans doute des films am\u00e9ricains ou asiatiques sortis directement en DVD dans nos contr\u00e9es ou des productions destin\u00e9es au march\u00e9 vid\u00e9o qui nous ont \u00e9chapp\u00e9s. Nous aurons sans doute l\u2019occasion de d\u00e9couvrir certaines p\u00e9pites de l\u2019ann\u00e9e \u00e9coul\u00e9e lors des prochains mois gr\u00e2ce \u00e0 l\u2019\u00e9dition digitale. Attention une s\u00e9rie t\u00e9l\u00e9vis\u00e9e s\u2019est gliss\u00e9e dans cette liste\u00a0!<\/p>\n<p>N\u2019h\u00e9sitez pas \u00e0 nous envoyer vos propres listes. Tr\u00e8s belle et heureuse nouvelle ann\u00e9e \u00e0 tous et merci d\u2019\u00eatre de plus en plus nombreux \u00e0 suivre ce blog d\u00e9sormais int\u00e9gr\u00e9 \u00e0 l\u2019offre ARTE Cin\u00e9ma.<\/p>\n<div id=\"attachment_10897\" style=\"width: 1290px\" class=\"wp-caption alignnone\"><img aria-describedby=\"caption-attachment-10897\" decoding=\"async\" loading=\"lazy\" class=\"size-full wp-image-10897\" src=\"https:\/\/www.arte.tv\/sites\/fr\/olivierpere\/files\/2013\/09\/premie\u0300re-photo-de-scarlett-johansson-dans-under-our-skin1.jpg\" alt=\"Scarlett Johansson dans Under Skin\" width=\"1280\" height=\"720\" srcset=\"https:\/\/www.arte.tv\/sites\/olivierpere\/files\/2013\/09\/premie\u0300re-photo-de-scarlett-johansson-dans-under-our-skin1.jpg 1280w, https:\/\/www.arte.tv\/sites\/olivierpere\/files\/2013\/09\/premie\u0300re-photo-de-scarlett-johansson-dans-under-our-skin1-497x280.jpg 497w, https:\/\/www.arte.tv\/sites\/olivierpere\/files\/2013\/09\/premie\u0300re-photo-de-scarlett-johansson-dans-under-our-skin1-1024x576.jpg 1024w, https:\/\/www.arte.tv\/sites\/olivierpere\/files\/2013\/09\/premie\u0300re-photo-de-scarlett-johansson-dans-under-our-skin1-580x326.jpg 580w\" sizes=\"(max-width: 1280px) 100vw, 1280px\" \/><p id=\"caption-attachment-10897\" class=\"wp-caption-text\">Under the Skin<\/p><\/div>\n<p>1 &#8211; <strong><em>Under the Skin<\/em><\/strong> de Jonathan Glazer<\/p>\n<p>2 &#8211; <strong><em>Sils Maria<\/em><\/strong> de Olivier Assayas<\/p>\n<p>3 &#8211; <strong><em>Saint Laurent<\/em><\/strong> de Bertrand Bonello<\/p>\n<p>4 \u2013 <strong><em>P\u2019tit Quinquin<\/em><\/strong> de Bruno Dumont<\/p>\n<p>5 &#8211; <strong><em>The Grand Budapest Hotel<\/em><\/strong> de Wes Anderson<\/p>\n<p>6 &#8211; <strong><em>Only Lovers Left Alive<\/em><\/strong> de Jim Jarmusch<\/p>\n<p>7 &#8211; <strong><em>Le vent se l\u00e8ve<\/em><\/strong> de Hayao Miyazaki<\/p>\n<p>8 &#8211;\u00a0<strong><em>L\u2019Institutrice<\/em><\/strong> de Nadav Lapid<\/p>\n<p>9 &#8211;\u00a0<strong><em>Interstellar<\/em><\/strong> de Christopher Nolan<\/p>\n<p>10 &#8211; <strong><em>Boyhood<\/em><\/strong> de Richard Linklater<\/p>\n<p>&nbsp;<\/p>\n<div id=\"attachment_14234\" style=\"width: 2010px\" class=\"wp-caption alignnone\"><img aria-describedby=\"caption-attachment-14234\" decoding=\"async\" loading=\"lazy\" class=\"size-full wp-image-14234\" src=\"https:\/\/www.arte.tv\/sites\/fr\/olivierpere\/files\/o-TIMBUKTU-facebook.jpg\" alt=\"Timbuktu\" width=\"2000\" height=\"1000\" srcset=\"https:\/\/www.arte.tv\/sites\/olivierpere\/files\/o-TIMBUKTU-facebook.jpg 2000w, https:\/\/www.arte.tv\/sites\/olivierpere\/files\/o-TIMBUKTU-facebook-560x280.jpg 560w, https:\/\/www.arte.tv\/sites\/olivierpere\/files\/o-TIMBUKTU-facebook-1024x512.jpg 1024w, https:\/\/www.arte.tv\/sites\/olivierpere\/files\/o-TIMBUKTU-facebook-580x290.jpg 580w\" sizes=\"(max-width: 2000px) 100vw, 2000px\" \/><p id=\"caption-attachment-14234\" class=\"wp-caption-text\">Timbuktu<\/p><\/div>\n<p>&nbsp;<\/p>\n<p>Grands r\u00e9alisateurs en grande forme (sans ordre)<\/p>\n<p><strong><em>Winter Sleep<\/em><\/strong> de Nuri Bilge Ceylan<\/p>\n<p><strong><em>Timbuktu<\/em><\/strong> de Abderrahmane Sissako<\/p>\n<p><strong><em>Real<\/em><\/strong> de Kiyoshi Kurosawa<\/p>\n<p><strong><em>Deux Jours, une nuit<\/em><\/strong> de Jean-Pierre et Luc Dardenne<\/p>\n<p><strong><em>Adieu au langage<\/em><\/strong> de Jean-Luc Godard<\/p>\n<p><strong><em>Bird People<\/em><\/strong> de Pascale Ferran<\/p>\n<p><strong><em>Pasolini<\/em><\/strong> de Abel Ferrara<\/p>\n<p><strong><em>Magic in the Moonlight<\/em><\/strong> de Woody Allen<\/p>\n<p><strong><em>Gone Girl<\/em><\/strong> de David Fincher<\/p>\n<p><strong><em>Still the Water<\/em><\/strong> de Naomi Kawase<\/p>\n<p><strong><em>Le Paradis<\/em><\/strong> de Alain Cavalier<\/p>\n<p><strong><em>D\u00e9tective Dee II : La l\u00e9gende du dragon des mers<\/em><\/strong> de Tsui Hark<\/p>\n<p>&nbsp;<\/p>\n<div id=\"attachment_13104\" style=\"width: 2570px\" class=\"wp-caption alignnone\"><img aria-describedby=\"caption-attachment-13104\" decoding=\"async\" loading=\"lazy\" class=\"size-full wp-image-13104\" src=\"https:\/\/www.arte.tv\/sites\/fr\/olivierpere\/files\/Black-Coal_-Thin-Ice_web_LIAO_Fan_01.jpg\" alt=\"Black Coal\" width=\"2560\" height=\"1434\" srcset=\"https:\/\/www.arte.tv\/sites\/olivierpere\/files\/Black-Coal_-Thin-Ice_web_LIAO_Fan_01.jpg 2560w, https:\/\/www.arte.tv\/sites\/olivierpere\/files\/Black-Coal_-Thin-Ice_web_LIAO_Fan_01-499x280.jpg 499w, https:\/\/www.arte.tv\/sites\/olivierpere\/files\/Black-Coal_-Thin-Ice_web_LIAO_Fan_01-1024x573.jpg 1024w, https:\/\/www.arte.tv\/sites\/olivierpere\/files\/Black-Coal_-Thin-Ice_web_LIAO_Fan_01-580x324.jpg 580w\" sizes=\"(max-width: 2560px) 100vw, 2560px\" \/><p id=\"caption-attachment-13104\" class=\"wp-caption-text\">Black Coal<\/p><\/div>\n<p>Outsiders (sans ordre)<\/p>\n<p>&nbsp;<\/p>\n<p><strong><em>Eau Argent\u00e9e<\/em><\/strong> de Ossama Mohammed et Wiam Simav Bedierxan<\/p>\n<p><strong><em>Black Coal <\/em><\/strong>de Yinan Diao<\/p>\n<p><strong><em>Eden<\/em><\/strong> de Mia Hansen-L\u00f8ve<\/p>\n<p><strong><em>Les Bruits de Recife<\/em><\/strong> de Kleber Mendon\u00e7a Filho<\/p>\n<p><strong><em>Youth <\/em><\/strong>de Tom Shoval<\/p>\n<p><strong><em>Le C\u0153ur battant<\/em><\/strong> de Roberto Minervini<\/p>\n<p><strong><em>M\u00e9tabolisme ou Quand le soir tombe sur Bucarest<\/em><\/strong> de Corneliu Porumboiu<\/p>\n<p><strong><em>Mange tes morts<\/em><\/strong> de Jean-Charles Hue<\/p>\n<p><strong><em>Mercuriales<\/em><\/strong> de Virgil Vernier<\/p>\n<p><strong><em>Fidelio, l\u2019odyss\u00e9e d\u2019Alice<\/em><\/strong> de Lucie Borleteau<\/p>\n<p><strong><em>Les Gardiens de la galaxie<\/em><\/strong> de James Gunn<\/p>\n<p>&nbsp;<\/p>\n<p>Un in\u00e9dit\u00a0: <strong><em>Des jeunes femmes disparaissent<\/em><\/strong> de Jean-Claude Brisseau<\/p>\n<p>&nbsp;<\/p>\n<p>&nbsp;<\/p>\n<p>&nbsp;<\/p>\n<p>&nbsp;<\/p>\n<p>&nbsp;<\/p>\n<p>&nbsp;<\/p>\n<p>&nbsp;<\/p>\n","protected":false},"excerpt":{"rendered":"<p>Voici nos longs m\u00e9trages pr\u00e9f\u00e9r\u00e9s parmi les nouveaux films distribu\u00e9s en salles en France entre le 1er janvier et le\u2026<\/p>\n","protected":false},"author":116,"featured_media":14435,"comment_status":"open","ping_status":"open","sticky":false,"template":"","format":"standard","meta":[],"categories":[9],"tags":[],"yoast_head":"<!-- This site is optimized with the Yoast SEO plugin v20.8 - https:\/\/yoast.com\/wordpress\/plugins\/seo\/ -->\n<title>Les meilleurs films de l\u2019ann\u00e9e 2014 - Olivier P\u00e8re<\/title>\n<meta name=\"robots\" content=\"index, follow, max-snippet:-1, max-image-preview:large, max-video-preview:-1\" \/>\n<link rel=\"canonical\" href=\"https:\/\/www.arte.tv\/sites\/olivierpere\/2014\/12\/26\/les-meilleurs-films-de-lannee-2014\/\" \/>\n<meta property=\"og:locale\" content=\"fr_FR\" \/>\n<meta property=\"og:type\" content=\"article\" \/>\n<meta property=\"og:title\" content=\"Les meilleurs films de l\u2019ann\u00e9e 2014 - Olivier P\u00e8re\" \/>\n<meta property=\"og:description\" content=\"Voici nos longs m\u00e9trages pr\u00e9f\u00e9r\u00e9s parmi les nouveaux films distribu\u00e9s en salles en France entre le 1er janvier et le\u2026\" \/>\n<meta property=\"og:url\" content=\"https:\/\/www.arte.tv\/sites\/olivierpere\/2014\/12\/26\/les-meilleurs-films-de-lannee-2014\/\" \/>\n<meta property=\"og:site_name\" content=\"Olivier P\u00e8re\" \/>\n<meta property=\"article:published_time\" content=\"2014-12-26T00:01:22+00:00\" \/>\n<meta property=\"article:modified_time\" content=\"2014-12-29T19:37:05+00:00\" \/>\n<meta property=\"og:image\" content=\"https:\/\/www.arte.tv\/sites\/olivierpere\/files\/under-the-skin-wallpaper-1024x640.jpg\" \/>\n\t<meta property=\"og:image:width\" content=\"1024\" \/>\n\t<meta property=\"og:image:height\" content=\"640\" \/>\n\t<meta property=\"og:image:type\" content=\"image\/jpeg\" \/>\n<meta name=\"author\" content=\"Olivier P\u00e8re\" \/>\n<meta name=\"twitter:label1\" content=\"\u00c9crit par\" \/>\n\t<meta name=\"twitter:data1\" content=\"Olivier P\u00e8re\" \/>\n\t<meta name=\"twitter:label2\" content=\"Dur\u00e9e de lecture estim\u00e9e\" \/>\n\t<meta name=\"twitter:data2\" content=\"2 minutes\" \/>\n<script type=\"application\/ld+json\" class=\"yoast-schema-graph\">{\"@context\":\"https:\/\/schema.org\",\"@graph\":[{\"@type\":\"WebPage\",\"@id\":\"https:\/\/www.arte.tv\/sites\/olivierpere\/2014\/12\/26\/les-meilleurs-films-de-lannee-2014\/\",\"url\":\"https:\/\/www.arte.tv\/sites\/olivierpere\/2014\/12\/26\/les-meilleurs-films-de-lannee-2014\/\",\"name\":\"Les meilleurs films de l\u2019ann\u00e9e 2014 - Olivier P\u00e8re\",\"isPartOf\":{\"@id\":\"https:\/\/www.arte.tv\/sites\/olivierpere\/#website\"},\"datePublished\":\"2014-12-26T00:01:22+00:00\",\"dateModified\":\"2014-12-29T19:37:05+00:00\",\"author\":{\"@id\":\"https:\/\/www.arte.tv\/sites\/olivierpere\/#\/schema\/person\/dc32cd6c79be95e52d43b97a74182558\"},\"breadcrumb\":{\"@id\":\"https:\/\/www.arte.tv\/sites\/olivierpere\/2014\/12\/26\/les-meilleurs-films-de-lannee-2014\/#breadcrumb\"},\"inLanguage\":\"fr-FR\",\"potentialAction\":[{\"@type\":\"ReadAction\",\"target\":[\"https:\/\/www.arte.tv\/sites\/olivierpere\/2014\/12\/26\/les-meilleurs-films-de-lannee-2014\/\"]}]},{\"@type\":\"BreadcrumbList\",\"@id\":\"https:\/\/www.arte.tv\/sites\/olivierpere\/2014\/12\/26\/les-meilleurs-films-de-lannee-2014\/#breadcrumb\",\"itemListElement\":[{\"@type\":\"ListItem\",\"position\":1,\"name\":\"Home\",\"item\":\"https:\/\/www.arte.tv\/sites\/olivierpere\/\"},{\"@type\":\"ListItem\",\"position\":2,\"name\":\"Les meilleurs films de l\u2019ann\u00e9e 2014\"}]},{\"@type\":\"WebSite\",\"@id\":\"https:\/\/www.arte.tv\/sites\/olivierpere\/#website\",\"url\":\"https:\/\/www.arte.tv\/sites\/olivierpere\/\",\"name\":\"Olivier P\u00e8re\",\"description\":\"\",\"potentialAction\":[{\"@type\":\"SearchAction\",\"target\":{\"@type\":\"EntryPoint\",\"urlTemplate\":\"https:\/\/www.arte.tv\/sites\/olivierpere\/?s={search_term_string}\"},\"query-input\":\"required name=search_term_string\"}],\"inLanguage\":\"fr-FR\"},{\"@type\":\"Person\",\"@id\":\"https:\/\/www.arte.tv\/sites\/olivierpere\/#\/schema\/person\/dc32cd6c79be95e52d43b97a74182558\",\"name\":\"Olivier P\u00e8re\",\"image\":{\"@type\":\"ImageObject\",\"inLanguage\":\"fr-FR\",\"@id\":\"https:\/\/www.arte.tv\/sites\/olivierpere\/#\/schema\/person\/image\/\",\"url\":\"https:\/\/secure.gravatar.com\/avatar\/bdea7b6a2c195e2c41772429a9694758?s=96&d=mm&r=g\",\"contentUrl\":\"https:\/\/secure.gravatar.com\/avatar\/bdea7b6a2c195e2c41772429a9694758?s=96&d=mm&r=g\",\"caption\":\"Olivier P\u00e8re\"},\"url\":\"https:\/\/www.arte.tv\/sites\/olivierpere\/author\/pereolivier\/\"}]}<\/script>\n<!-- \/ Yoast SEO plugin. -->","yoast_head_json":{"title":"Les meilleurs films de l\u2019ann\u00e9e 2014 - Olivier P\u00e8re","robots":{"index":"index","follow":"follow","max-snippet":"max-snippet:-1","max-image-preview":"max-image-preview:large","max-video-preview":"max-video-preview:-1"},"canonical":"https:\/\/www.arte.tv\/sites\/olivierpere\/2014\/12\/26\/les-meilleurs-films-de-lannee-2014\/","og_locale":"fr_FR","og_type":"article","og_title":"Les meilleurs films de l\u2019ann\u00e9e 2014 - Olivier P\u00e8re","og_description":"Voici nos longs m\u00e9trages pr\u00e9f\u00e9r\u00e9s parmi les nouveaux films distribu\u00e9s en salles en France entre le 1er janvier et le\u2026","og_url":"https:\/\/www.arte.tv\/sites\/olivierpere\/2014\/12\/26\/les-meilleurs-films-de-lannee-2014\/","og_site_name":"Olivier P\u00e8re","article_published_time":"2014-12-26T00:01:22+00:00","article_modified_time":"2014-12-29T19:37:05+00:00","og_image":[{"width":1024,"height":640,"url":"https:\/\/www.arte.tv\/sites\/olivierpere\/files\/under-the-skin-wallpaper-1024x640.jpg","type":"image\/jpeg"}],"author":"Olivier P\u00e8re","twitter_misc":{"\u00c9crit par":"Olivier P\u00e8re","Dur\u00e9e de lecture estim\u00e9e":"2 minutes"},"schema":{"@context":"https:\/\/schema.org","@graph":[{"@type":"WebPage","@id":"https:\/\/www.arte.tv\/sites\/olivierpere\/2014\/12\/26\/les-meilleurs-films-de-lannee-2014\/","url":"https:\/\/www.arte.tv\/sites\/olivierpere\/2014\/12\/26\/les-meilleurs-films-de-lannee-2014\/","name":"Les meilleurs films de l\u2019ann\u00e9e 2014 - Olivier P\u00e8re","isPartOf":{"@id":"https:\/\/www.arte.tv\/sites\/olivierpere\/#website"},"datePublished":"2014-12-26T00:01:22+00:00","dateModified":"2014-12-29T19:37:05+00:00","author":{"@id":"https:\/\/www.arte.tv\/sites\/olivierpere\/#\/schema\/person\/dc32cd6c79be95e52d43b97a74182558"},"breadcrumb":{"@id":"https:\/\/www.arte.tv\/sites\/olivierpere\/2014\/12\/26\/les-meilleurs-films-de-lannee-2014\/#breadcrumb"},"inLanguage":"fr-FR","potentialAction":[{"@type":"ReadAction","target":["https:\/\/www.arte.tv\/sites\/olivierpere\/2014\/12\/26\/les-meilleurs-films-de-lannee-2014\/"]}]},{"@type":"BreadcrumbList","@id":"https:\/\/www.arte.tv\/sites\/olivierpere\/2014\/12\/26\/les-meilleurs-films-de-lannee-2014\/#breadcrumb","itemListElement":[{"@type":"ListItem","position":1,"name":"Home","item":"https:\/\/www.arte.tv\/sites\/olivierpere\/"},{"@type":"ListItem","position":2,"name":"Les meilleurs films de l\u2019ann\u00e9e 2014"}]},{"@type":"WebSite","@id":"https:\/\/www.arte.tv\/sites\/olivierpere\/#website","url":"https:\/\/www.arte.tv\/sites\/olivierpere\/","name":"Olivier P\u00e8re","description":"","potentialAction":[{"@type":"SearchAction","target":{"@type":"EntryPoint","urlTemplate":"https:\/\/www.arte.tv\/sites\/olivierpere\/?s={search_term_string}"},"query-input":"required name=search_term_string"}],"inLanguage":"fr-FR"},{"@type":"Person","@id":"https:\/\/www.arte.tv\/sites\/olivierpere\/#\/schema\/person\/dc32cd6c79be95e52d43b97a74182558","name":"Olivier P\u00e8re","image":{"@type":"ImageObject","inLanguage":"fr-FR","@id":"https:\/\/www.arte.tv\/sites\/olivierpere\/#\/schema\/person\/image\/","url":"https:\/\/secure.gravatar.com\/avatar\/bdea7b6a2c195e2c41772429a9694758?s=96&d=mm&r=g","contentUrl":"https:\/\/secure.gravatar.com\/avatar\/bdea7b6a2c195e2c41772429a9694758?s=96&d=mm&r=g","caption":"Olivier P\u00e8re"},"url":"https:\/\/www.arte.tv\/sites\/olivierpere\/author\/pereolivier\/"}]}},"_links":{"self":[{"href":"https:\/\/www.arte.tv\/sites\/olivierpere\/wp-json\/wp\/v2\/posts\/14434"}],"collection":[{"href":"https:\/\/www.arte.tv\/sites\/olivierpere\/wp-json\/wp\/v2\/posts"}],"about":[{"href":"https:\/\/www.arte.tv\/sites\/olivierpere\/wp-json\/wp\/v2\/types\/post"}],"author":[{"embeddable":true,"href":"https:\/\/www.arte.tv\/sites\/olivierpere\/wp-json\/wp\/v2\/users\/116"}],"replies":[{"embeddable":true,"href":"https:\/\/www.arte.tv\/sites\/olivierpere\/wp-json\/wp\/v2\/comments?post=14434"}],"version-history":[{"count":9,"href":"https:\/\/www.arte.tv\/sites\/olivierpere\/wp-json\/wp\/v2\/posts\/14434\/revisions"}],"predecessor-version":[{"id":14463,"href":"https:\/\/www.arte.tv\/sites\/olivierpere\/wp-json\/wp\/v2\/posts\/14434\/revisions\/14463"}],"wp:featuredmedia":[{"embeddable":true,"href":"https:\/\/www.arte.tv\/sites\/olivierpere\/wp-json\/wp\/v2\/media\/14435"}],"wp:attachment":[{"href":"https:\/\/www.arte.tv\/sites\/olivierpere\/wp-json\/wp\/v2\/media?parent=14434"}],"wp:term":[{"taxonomy":"category","embeddable":true,"href":"https:\/\/www.arte.tv\/sites\/olivierpere\/wp-json\/wp\/v2\/categories?post=14434"},{"taxonomy":"post_tag","embeddable":true,"href":"https:\/\/www.arte.tv\/sites\/olivierpere\/wp-json\/wp\/v2\/tags?post=14434"}],"curies":[{"name":"wp","href":"https:\/\/api.w.org\/{rel}","templated":true}]}}