{"id":14392,"date":"2014-12-14T02:44:10","date_gmt":"2014-12-14T01:44:10","guid":{"rendered":"https:\/\/www.arte.tv\/sites\/olivierpere\/?p=14392"},"modified":"2014-12-20T09:02:55","modified_gmt":"2014-12-20T08:02:55","slug":"ben-hur-de-william-wyler","status":"publish","type":"post","link":"https:\/\/www.arte.tv\/sites\/olivierpere\/2014\/12\/14\/ben-hur-de-william-wyler\/","title":{"rendered":"Ben-Hur de William Wyler"},"content":{"rendered":"<p>ARTE diffuse mardi 23 d\u00e9cembre \u00e0 20h45 <em>Ben-Hur<\/em> (1959) de William Wyler, superproduction aux dimensions gigantesques et film de tous les records avec ses onze Oscars, ses milliers de figurants et ses millions de spectateurs \u00e0 travers le monde. Le film de William Wyler est la troisi\u00e8me adaptation cin\u00e9matographique d\u2019un roman \u00e9crit en 1880 par un g\u00e9n\u00e9ral am\u00e9ricain Lew Wallace, A Tale of Christ. L\u2019originalit\u00e9 de <em>Ben-Hur<\/em> ne r\u00e9side pas en effet dans ses sc\u00e8nes grandioses \u2013 m\u00eame si elles sont entr\u00e9es dans la l\u00e9gende \u2013 mais dans son approche de l\u2019histoire du Christ, qui croise \u00e0 intervalles irr\u00e9guliers la destin\u00e9es des protagonistes, de sa naissance \u2013 prologue du film \u2013 \u00e0 sa crucifixion et sa r\u00e9surrection. Wyler choisit de ne pas montrer J\u00e9sus mais de le repr\u00e9senter sous la forme d\u2019une silhouette lointaine ou de le filmer de dos.<\/p>\n<div id=\"attachment_14395\" style=\"width: 1930px\" class=\"wp-caption alignnone\"><img aria-describedby=\"caption-attachment-14395\" decoding=\"async\" loading=\"lazy\" class=\"size-full wp-image-14395\" src=\"https:\/\/www.arte.tv\/sites\/fr\/olivierpere\/files\/Ben-hur.jpg\" alt=\"Stephen Boyd et Charlton Heston dans Ben-Hur\" width=\"1920\" height=\"1080\" srcset=\"https:\/\/www.arte.tv\/sites\/olivierpere\/files\/Ben-hur.jpg 1920w, https:\/\/www.arte.tv\/sites\/olivierpere\/files\/Ben-hur-497x280.jpg 497w, https:\/\/www.arte.tv\/sites\/olivierpere\/files\/Ben-hur-1024x576.jpg 1024w, https:\/\/www.arte.tv\/sites\/olivierpere\/files\/Ben-hur-580x326.jpg 580w\" sizes=\"(max-width: 1920px) 100vw, 1920px\" \/><p id=\"caption-attachment-14395\" class=\"wp-caption-text\">Stephen Boyd et Charlton Heston dans Ben-Hur<\/p><\/div>\n<p>Judas Ben-Hur (Charlton Heston), prince de Jud\u00e9e, retrouve son ami d&rsquo;enfance Messala (Stephen Boyd), venu prendre la t\u00eate de la garnison de J\u00e9rusalem. Mais leur amiti\u00e9 ne peut r\u00e9sister \u00e0 leurs caract\u00e8res diff\u00e9rents et \u00e0 l\u2019engagement de Messala dans la lutte contre la r\u00e9sistance juive.<br \/>\nAlors qu&rsquo;une pierre tombe du balcon de la maison familiale de Ben-Hur, manquant de tuer le gouverneur qui paradait plus bas, Messala trahit son ami qu&rsquo;il sait innocent en l&rsquo;envoyant aux gal\u00e8res et en jetant en prison sa m\u00e8re et sa s\u0153ur. Ben-Hur jure alors de reconqu\u00e9rir sa libert\u00e9 et de se venger de son ancien ami.<\/p>\n<p><em>Ben-Hur<\/em> est un grand film dans lequel William Wyler parvient \u00e0 donner une dimension \u00e9pique et universelle \u00e0 une destin\u00e9e individuelle, un long et tortueux itin\u00e9raire moral qui va du d\u00e9sir de vengeance au salut par la foi chr\u00e9tienne. Trois moments de bravoure scandent cette fresque intimiste : la bataille navale, la course de chars et le chemin de croix final.<\/p>\n<div id=\"attachment_14394\" style=\"width: 1510px\" class=\"wp-caption alignnone\"><img aria-describedby=\"caption-attachment-14394\" decoding=\"async\" loading=\"lazy\" class=\"size-full wp-image-14394\" src=\"https:\/\/www.arte.tv\/sites\/fr\/olivierpere\/files\/600600-012c.jpg\" alt=\"La course de chars de Ben-Hur\" width=\"1500\" height=\"1111\" srcset=\"https:\/\/www.arte.tv\/sites\/olivierpere\/files\/600600-012c.jpg 1500w, https:\/\/www.arte.tv\/sites\/olivierpere\/files\/600600-012c-378x280.jpg 378w, https:\/\/www.arte.tv\/sites\/olivierpere\/files\/600600-012c-1024x758.jpg 1024w, https:\/\/www.arte.tv\/sites\/olivierpere\/files\/600600-012c-580x429.jpg 580w\" sizes=\"(max-width: 1500px) 100vw, 1500px\" \/><p id=\"caption-attachment-14394\" class=\"wp-caption-text\">La course de chars de Ben-Hur<\/p><\/div>\n<p><em>Ben-Hur<\/em> adopte une imagerie sulpicienne typique des r\u00e9cits bibliques hollywoodiens en Technicolor, avec une mise en sc\u00e8ne dans laquelle on retrouve le style de Wyler fait de longs plans et d\u2019une utilisation virtuose de la profondeur de champ, sans compter que le film fut tourn\u00e9 en Panavision, avec un n\u00e9gatif d&rsquo;origine en format large 65 mm, offrant ainsi un surcro\u00eet de r\u00e9alisme encore jamais atteint au cin\u00e9ma.<\/p>\n<p>Les sc\u00e8nes \u00e0 forte connotation homo \u00e9rotique entre Charlton Heston, Stephen Boyd et Jack Hawkins qui continuent de faire jaser et que l\u2019on attribue \u00e0 l\u2019\u00e9crivain Gore Vidal et \u00e0 sa participation non cr\u00e9dit\u00e9e au sc\u00e9nario ne sont que le reflet de la r\u00e9alit\u00e9 des m\u0153urs de l\u2019\u00e9poque, la bisexualit\u00e9 \u00e9tant une inclination largement r\u00e9pandue et loin d\u2019\u00eatre consid\u00e9r\u00e9e comme \u00ab\u00a0contre-nature\u00a0\u00bb dans l\u2019arm\u00e9e et l\u2019aristocratie romaines.<\/p>\n<p>&nbsp;<\/p>\n","protected":false},"excerpt":{"rendered":"<p>ARTE diffuse mardi 23 d\u00e9cembre \u00e0 20h45 Ben-Hur (1959) de William Wyler, superproduction aux dimensions gigantesques et film de tous\u2026<\/p>\n","protected":false},"author":116,"featured_media":14399,"comment_status":"open","ping_status":"open","sticky":false,"template":"","format":"standard","meta":[],"categories":[8],"tags":[],"yoast_head":"<!-- This site is optimized with the Yoast SEO plugin v20.8 - https:\/\/yoast.com\/wordpress\/plugins\/seo\/ -->\n<title>Ben-Hur de William Wyler - Olivier P\u00e8re<\/title>\n<meta name=\"robots\" content=\"index, follow, max-snippet:-1, max-image-preview:large, max-video-preview:-1\" \/>\n<link rel=\"canonical\" href=\"https:\/\/www.arte.tv\/sites\/olivierpere\/2014\/12\/14\/ben-hur-de-william-wyler\/\" \/>\n<meta property=\"og:locale\" content=\"fr_FR\" \/>\n<meta property=\"og:type\" content=\"article\" \/>\n<meta property=\"og:title\" content=\"Ben-Hur de William Wyler - Olivier P\u00e8re\" \/>\n<meta property=\"og:description\" content=\"ARTE diffuse mardi 23 d\u00e9cembre \u00e0 20h45 Ben-Hur (1959) de William Wyler, superproduction aux dimensions gigantesques et film de tous\u2026\" \/>\n<meta property=\"og:url\" content=\"https:\/\/www.arte.tv\/sites\/olivierpere\/2014\/12\/14\/ben-hur-de-william-wyler\/\" \/>\n<meta property=\"og:site_name\" content=\"Olivier P\u00e8re\" \/>\n<meta property=\"article:published_time\" content=\"2014-12-14T01:44:10+00:00\" \/>\n<meta property=\"article:modified_time\" content=\"2014-12-20T08:02:55+00:00\" \/>\n<meta property=\"og:image\" content=\"https:\/\/www.arte.tv\/sites\/olivierpere\/files\/04-charlton-heston-theredlist.jpg\" \/>\n\t<meta property=\"og:image:width\" content=\"1952\" \/>\n\t<meta property=\"og:image:height\" content=\"2536\" \/>\n\t<meta property=\"og:image:type\" content=\"image\/jpeg\" \/>\n<meta name=\"author\" content=\"Olivier P\u00e8re\" \/>\n<meta name=\"twitter:label1\" content=\"\u00c9crit par\" \/>\n\t<meta name=\"twitter:data1\" content=\"Olivier P\u00e8re\" \/>\n\t<meta name=\"twitter:label2\" content=\"Dur\u00e9e de lecture estim\u00e9e\" \/>\n\t<meta name=\"twitter:data2\" content=\"3 minutes\" \/>\n<script type=\"application\/ld+json\" class=\"yoast-schema-graph\">{\"@context\":\"https:\/\/schema.org\",\"@graph\":[{\"@type\":\"WebPage\",\"@id\":\"https:\/\/www.arte.tv\/sites\/olivierpere\/2014\/12\/14\/ben-hur-de-william-wyler\/\",\"url\":\"https:\/\/www.arte.tv\/sites\/olivierpere\/2014\/12\/14\/ben-hur-de-william-wyler\/\",\"name\":\"Ben-Hur de William Wyler - Olivier P\u00e8re\",\"isPartOf\":{\"@id\":\"https:\/\/www.arte.tv\/sites\/olivierpere\/#website\"},\"datePublished\":\"2014-12-14T01:44:10+00:00\",\"dateModified\":\"2014-12-20T08:02:55+00:00\",\"author\":{\"@id\":\"https:\/\/www.arte.tv\/sites\/olivierpere\/#\/schema\/person\/dc32cd6c79be95e52d43b97a74182558\"},\"breadcrumb\":{\"@id\":\"https:\/\/www.arte.tv\/sites\/olivierpere\/2014\/12\/14\/ben-hur-de-william-wyler\/#breadcrumb\"},\"inLanguage\":\"fr-FR\",\"potentialAction\":[{\"@type\":\"ReadAction\",\"target\":[\"https:\/\/www.arte.tv\/sites\/olivierpere\/2014\/12\/14\/ben-hur-de-william-wyler\/\"]}]},{\"@type\":\"BreadcrumbList\",\"@id\":\"https:\/\/www.arte.tv\/sites\/olivierpere\/2014\/12\/14\/ben-hur-de-william-wyler\/#breadcrumb\",\"itemListElement\":[{\"@type\":\"ListItem\",\"position\":1,\"name\":\"Home\",\"item\":\"https:\/\/www.arte.tv\/sites\/olivierpere\/\"},{\"@type\":\"ListItem\",\"position\":2,\"name\":\"Ben-Hur de William Wyler\"}]},{\"@type\":\"WebSite\",\"@id\":\"https:\/\/www.arte.tv\/sites\/olivierpere\/#website\",\"url\":\"https:\/\/www.arte.tv\/sites\/olivierpere\/\",\"name\":\"Olivier P\u00e8re\",\"description\":\"\",\"potentialAction\":[{\"@type\":\"SearchAction\",\"target\":{\"@type\":\"EntryPoint\",\"urlTemplate\":\"https:\/\/www.arte.tv\/sites\/olivierpere\/?s={search_term_string}\"},\"query-input\":\"required name=search_term_string\"}],\"inLanguage\":\"fr-FR\"},{\"@type\":\"Person\",\"@id\":\"https:\/\/www.arte.tv\/sites\/olivierpere\/#\/schema\/person\/dc32cd6c79be95e52d43b97a74182558\",\"name\":\"Olivier P\u00e8re\",\"image\":{\"@type\":\"ImageObject\",\"inLanguage\":\"fr-FR\",\"@id\":\"https:\/\/www.arte.tv\/sites\/olivierpere\/#\/schema\/person\/image\/\",\"url\":\"https:\/\/secure.gravatar.com\/avatar\/bdea7b6a2c195e2c41772429a9694758?s=96&d=mm&r=g\",\"contentUrl\":\"https:\/\/secure.gravatar.com\/avatar\/bdea7b6a2c195e2c41772429a9694758?s=96&d=mm&r=g\",\"caption\":\"Olivier P\u00e8re\"},\"url\":\"https:\/\/www.arte.tv\/sites\/olivierpere\/author\/pereolivier\/\"}]}<\/script>\n<!-- \/ Yoast SEO plugin. -->","yoast_head_json":{"title":"Ben-Hur de William Wyler - Olivier P\u00e8re","robots":{"index":"index","follow":"follow","max-snippet":"max-snippet:-1","max-image-preview":"max-image-preview:large","max-video-preview":"max-video-preview:-1"},"canonical":"https:\/\/www.arte.tv\/sites\/olivierpere\/2014\/12\/14\/ben-hur-de-william-wyler\/","og_locale":"fr_FR","og_type":"article","og_title":"Ben-Hur de William Wyler - Olivier P\u00e8re","og_description":"ARTE diffuse mardi 23 d\u00e9cembre \u00e0 20h45 Ben-Hur (1959) de William Wyler, superproduction aux dimensions gigantesques et film de tous\u2026","og_url":"https:\/\/www.arte.tv\/sites\/olivierpere\/2014\/12\/14\/ben-hur-de-william-wyler\/","og_site_name":"Olivier P\u00e8re","article_published_time":"2014-12-14T01:44:10+00:00","article_modified_time":"2014-12-20T08:02:55+00:00","og_image":[{"width":1952,"height":2536,"url":"https:\/\/www.arte.tv\/sites\/olivierpere\/files\/04-charlton-heston-theredlist.jpg","type":"image\/jpeg"}],"author":"Olivier P\u00e8re","twitter_misc":{"\u00c9crit par":"Olivier P\u00e8re","Dur\u00e9e de lecture estim\u00e9e":"3 minutes"},"schema":{"@context":"https:\/\/schema.org","@graph":[{"@type":"WebPage","@id":"https:\/\/www.arte.tv\/sites\/olivierpere\/2014\/12\/14\/ben-hur-de-william-wyler\/","url":"https:\/\/www.arte.tv\/sites\/olivierpere\/2014\/12\/14\/ben-hur-de-william-wyler\/","name":"Ben-Hur de William Wyler - Olivier P\u00e8re","isPartOf":{"@id":"https:\/\/www.arte.tv\/sites\/olivierpere\/#website"},"datePublished":"2014-12-14T01:44:10+00:00","dateModified":"2014-12-20T08:02:55+00:00","author":{"@id":"https:\/\/www.arte.tv\/sites\/olivierpere\/#\/schema\/person\/dc32cd6c79be95e52d43b97a74182558"},"breadcrumb":{"@id":"https:\/\/www.arte.tv\/sites\/olivierpere\/2014\/12\/14\/ben-hur-de-william-wyler\/#breadcrumb"},"inLanguage":"fr-FR","potentialAction":[{"@type":"ReadAction","target":["https:\/\/www.arte.tv\/sites\/olivierpere\/2014\/12\/14\/ben-hur-de-william-wyler\/"]}]},{"@type":"BreadcrumbList","@id":"https:\/\/www.arte.tv\/sites\/olivierpere\/2014\/12\/14\/ben-hur-de-william-wyler\/#breadcrumb","itemListElement":[{"@type":"ListItem","position":1,"name":"Home","item":"https:\/\/www.arte.tv\/sites\/olivierpere\/"},{"@type":"ListItem","position":2,"name":"Ben-Hur de William Wyler"}]},{"@type":"WebSite","@id":"https:\/\/www.arte.tv\/sites\/olivierpere\/#website","url":"https:\/\/www.arte.tv\/sites\/olivierpere\/","name":"Olivier P\u00e8re","description":"","potentialAction":[{"@type":"SearchAction","target":{"@type":"EntryPoint","urlTemplate":"https:\/\/www.arte.tv\/sites\/olivierpere\/?s={search_term_string}"},"query-input":"required name=search_term_string"}],"inLanguage":"fr-FR"},{"@type":"Person","@id":"https:\/\/www.arte.tv\/sites\/olivierpere\/#\/schema\/person\/dc32cd6c79be95e52d43b97a74182558","name":"Olivier P\u00e8re","image":{"@type":"ImageObject","inLanguage":"fr-FR","@id":"https:\/\/www.arte.tv\/sites\/olivierpere\/#\/schema\/person\/image\/","url":"https:\/\/secure.gravatar.com\/avatar\/bdea7b6a2c195e2c41772429a9694758?s=96&d=mm&r=g","contentUrl":"https:\/\/secure.gravatar.com\/avatar\/bdea7b6a2c195e2c41772429a9694758?s=96&d=mm&r=g","caption":"Olivier P\u00e8re"},"url":"https:\/\/www.arte.tv\/sites\/olivierpere\/author\/pereolivier\/"}]}},"_links":{"self":[{"href":"https:\/\/www.arte.tv\/sites\/olivierpere\/wp-json\/wp\/v2\/posts\/14392"}],"collection":[{"href":"https:\/\/www.arte.tv\/sites\/olivierpere\/wp-json\/wp\/v2\/posts"}],"about":[{"href":"https:\/\/www.arte.tv\/sites\/olivierpere\/wp-json\/wp\/v2\/types\/post"}],"author":[{"embeddable":true,"href":"https:\/\/www.arte.tv\/sites\/olivierpere\/wp-json\/wp\/v2\/users\/116"}],"replies":[{"embeddable":true,"href":"https:\/\/www.arte.tv\/sites\/olivierpere\/wp-json\/wp\/v2\/comments?post=14392"}],"version-history":[{"count":4,"href":"https:\/\/www.arte.tv\/sites\/olivierpere\/wp-json\/wp\/v2\/posts\/14392\/revisions"}],"predecessor-version":[{"id":14437,"href":"https:\/\/www.arte.tv\/sites\/olivierpere\/wp-json\/wp\/v2\/posts\/14392\/revisions\/14437"}],"wp:featuredmedia":[{"embeddable":true,"href":"https:\/\/www.arte.tv\/sites\/olivierpere\/wp-json\/wp\/v2\/media\/14399"}],"wp:attachment":[{"href":"https:\/\/www.arte.tv\/sites\/olivierpere\/wp-json\/wp\/v2\/media?parent=14392"}],"wp:term":[{"taxonomy":"category","embeddable":true,"href":"https:\/\/www.arte.tv\/sites\/olivierpere\/wp-json\/wp\/v2\/categories?post=14392"},{"taxonomy":"post_tag","embeddable":true,"href":"https:\/\/www.arte.tv\/sites\/olivierpere\/wp-json\/wp\/v2\/tags?post=14392"}],"curies":[{"name":"wp","href":"https:\/\/api.w.org\/{rel}","templated":true}]}}