{"id":14103,"date":"2014-10-31T09:20:17","date_gmt":"2014-10-31T08:20:17","guid":{"rendered":"https:\/\/www.arte.tv\/sites\/olivierpere\/?p=14103"},"modified":"2014-11-01T09:31:26","modified_gmt":"2014-11-01T08:31:26","slug":"linvasion-des-araignees-geantes-de-bill-rebane-et-lhorrible-invasion-de-john-bud-cardos","status":"publish","type":"post","link":"https:\/\/www.arte.tv\/sites\/olivierpere\/2014\/10\/31\/linvasion-des-araignees-geantes-de-bill-rebane-et-lhorrible-invasion-de-john-bud-cardos\/","title":{"rendered":"L\u2019Invasion des araign\u00e9es g\u00e9antes de Bill Rebane et L\u2019Horrible Invasion de John \u00ab Bud \u00bb Cardos"},"content":{"rendered":"<p>Au fil de son histoire, le cin\u00e9ma fantastique s\u2019est enrichi d\u2019un bestiaire monstrueux, n\u00e9 de peurs ancestrales ou d\u2019angoisses plus modernes.<\/p>\n<p>L\u2019araign\u00e9e (du latin \u00ab\u00a0aranea\u00a0\u00bb), est un animal arthropode appartenant \u00e0 l\u2019ordre des aran\u00e9ides, caract\u00e9ris\u00e9 par un p\u00e9dicule qui relie la t\u00eate et l\u2019abdomen, des ch\u00e9lic\u00e8res inoculateurs de venin, des fili\u00e8res ventrales. Cette bestiole r\u00e9vulsive s\u2019il en est, occupe avec les reptiles et les grands singes le haut du podium. Elles ont inspir\u00e9 des histoires de contagion (<em>Le Mort dans le filet<\/em>, mythique nanar allemand) de prolif\u00e9ration (<em>Arachnophobie<\/em>), ou de d\u00e9mesure (le c\u00e9l\u00e8bre <em>Tarantula<\/em>) et de nombreuses d\u00e9clinaisons \u00e0 petit budget, s\u00e9ries B ou Z qu\u2019on pouvait voir dans les salles de quartiers puis les vid\u00e9oclubs.<\/p>\n<p>Les hasards de l\u2019actualit\u00e9 DVD nous permettent de comparer deux sp\u00e9cimens savoureux du cin\u00e9ma d\u2019exploitation am\u00e9ricain des ann\u00e9es 70. Deux films parfois confondus par les \u00e9tourdis en raison de la proximit\u00e9 de leurs titres fran\u00e7ais\u00a0: <em>L\u2019Invasion des araign\u00e9es g\u00e9antes<\/em> (<em>The Giant Spider Invasion<\/em>, 1975) de Bill Rebane et <em>L\u2019Horrible Invasion<\/em> (<em>Kingdom of the Spiders<\/em>, 1977, photo en t\u00eate de texte) de John \u00ab\u00a0Bud\u00a0\u00bb Cardos.<\/p>\n<div id=\"attachment_14105\" style=\"width: 1210px\" class=\"wp-caption alignnone\"><img aria-describedby=\"caption-attachment-14105\" decoding=\"async\" loading=\"lazy\" class=\"size-full wp-image-14105\" src=\"https:\/\/www.arte.tv\/sites\/fr\/olivierpere\/files\/invasion-des-araignee-g-ii-01-g.jpg\" alt=\"L'Invasion des araign\u00e9es g\u00e9antes\" width=\"1200\" height=\"896\" srcset=\"https:\/\/www.arte.tv\/sites\/olivierpere\/files\/invasion-des-araignee-g-ii-01-g.jpg 1200w, https:\/\/www.arte.tv\/sites\/olivierpere\/files\/invasion-des-araignee-g-ii-01-g-375x280.jpg 375w, https:\/\/www.arte.tv\/sites\/olivierpere\/files\/invasion-des-araignee-g-ii-01-g-1024x764.jpg 1024w, https:\/\/www.arte.tv\/sites\/olivierpere\/files\/invasion-des-araignee-g-ii-01-g-580x433.jpg 580w\" sizes=\"(max-width: 1200px) 100vw, 1200px\" \/><p id=\"caption-attachment-14105\" class=\"wp-caption-text\">L&rsquo;Invasion des araign\u00e9es g\u00e9antes<\/p><\/div>\n<p>Le premier, distribu\u00e9 par Crocofilms \u00e9ditions dans une version \u00ab\u00a0uncut et in\u00e9dite\u00a0\u00bb est une s\u00e9rie Z qui rencontra un inattendu succ\u00e8s commercial \u00e0 travers le monde lors de sa sortie (entre un et deux millions d\u2019entr\u00e9es en France selon les sources\u00a0!) C\u2019est la chute d\u2019un ast\u00e9ro\u00efde qui d\u00e9clenche l\u2019apparition d\u2019araign\u00e9es contenues dans des bombes volcaniques \u2013 si on a bien compris car tout ceci est parfois confus \u2013 qui s\u2019attaquent aux habitants d\u2019une petite bourgade du Wisconsin. Le sermon d\u2019un pr\u00e9dicateur fou au d\u00e9but du film, mettant en garde ses ouailles contre le jugement dernier, assimile cette menace extraterrestre \u00e0 la huiti\u00e8me plaie d\u2019Egypte et \u00e0 la col\u00e8re divine, plongeant le r\u00e9cit dans une ambiance mill\u00e9nariste, tandis qu\u2019un couple de scientifique essaye tant bien que mal de comprendre ce qui se passe. Notons le caract\u00e8re mensonger du titre fran\u00e7ais par rapport \u00e0 l\u2019original puisqu\u2019on ne d\u00e9nombre dans le m\u00e9trage qu\u2019une seule araign\u00e9e g\u00e9ante qui terrorise la population en d\u00e9ambulant poussivement dans les champs puis dans la rue principale du village, avec des personnages imprudents qui viennent se jeter dans ses pattes poilues pour se faire d\u00e9vorer. Le monstre, maladroitement ex\u00e9cut\u00e9, \u00e9tait constitu\u00e9 d\u2019une structure en mousse fix\u00e9e sur une Volkswagen Coccinelle, comme le rappelle le r\u00e9alisateur dans les suppl\u00e9ments du DVD. A sa d\u00e9charge, Bill Rebane \u2013 auteur d\u2019une dizaine de petits film tous tourn\u00e9s dans le Wisconsin et destin\u00e9s au march\u00e9 local &#8211; explique que le sc\u00e9nario du film ne fut jamais r\u00e9ellement abouti et qu\u2019il dut transiger avec des producteurs gu\u00e8re professionnels et un budget d\u00e9risoire, en essayant d\u2019insuffler au film une ironie salvatrice.<\/p>\n<div id=\"attachment_14106\" style=\"width: 1210px\" class=\"wp-caption alignnone\"><img aria-describedby=\"caption-attachment-14106\" decoding=\"async\" loading=\"lazy\" class=\"size-full wp-image-14106\" src=\"https:\/\/www.arte.tv\/sites\/fr\/olivierpere\/files\/invasion-des-araignee-g-ii-04-g.jpg\" alt=\"L'Invasion des araign\u00e9es g\u00e9antes\" width=\"1200\" height=\"901\" srcset=\"https:\/\/www.arte.tv\/sites\/olivierpere\/files\/invasion-des-araignee-g-ii-04-g.jpg 1200w, https:\/\/www.arte.tv\/sites\/olivierpere\/files\/invasion-des-araignee-g-ii-04-g-372x280.jpg 372w, https:\/\/www.arte.tv\/sites\/olivierpere\/files\/invasion-des-araignee-g-ii-04-g-1024x768.jpg 1024w, https:\/\/www.arte.tv\/sites\/olivierpere\/files\/invasion-des-araignee-g-ii-04-g-580x435.jpg 580w\" sizes=\"(max-width: 1200px) 100vw, 1200px\" \/><p id=\"caption-attachment-14106\" class=\"wp-caption-text\">L&rsquo;Invasion des araign\u00e9es g\u00e9antes<\/p><\/div>\n<p>Malgr\u00e9 sa mauvaise r\u00e9putation, L\u2019Invasion des araign\u00e9es g\u00e9antes se r\u00e9v\u00e8le tr\u00e8s sympathique et jamais ennuyeux, ce qui n\u2019est pas toujours le cas de ce genre de productions fauch\u00e9es et mal fichues. On s\u2019amuse beaucoup aux malheurs de cette communaut\u00e9 rurale et \u00e0 la caract\u00e9risation de personnages pittoresques, affreux sales et m\u00e9chants et port\u00e9s sur la chose \u2013 moult s\u00e9quences grivoises \u2013 impitoyablement \u00ab\u00a0punis\u00a0\u00bb par le ch\u00e2timent venu de l\u2019espace. La r\u00e9plique la plus m\u00e9morable du film\u00a0: \u00ab\u00a0A c\u00f4t\u00e9 de cette araign\u00e9e le requin des <em>Dents de la mer<\/em> passe pour un poisson rouge\u00a0!\u00a0\u00bb<\/p>\n<div id=\"attachment_14107\" style=\"width: 1290px\" class=\"wp-caption alignnone\"><img aria-describedby=\"caption-attachment-14107\" decoding=\"async\" loading=\"lazy\" class=\"size-full wp-image-14107\" src=\"https:\/\/www.arte.tv\/sites\/fr\/olivierpere\/files\/8cF0sy0YZXVJuBKYn4cuuWn816O.jpg\" alt=\"William Shatner dans L'Horrible Invasion\" width=\"1280\" height=\"720\" srcset=\"https:\/\/www.arte.tv\/sites\/olivierpere\/files\/8cF0sy0YZXVJuBKYn4cuuWn816O.jpg 1280w, https:\/\/www.arte.tv\/sites\/olivierpere\/files\/8cF0sy0YZXVJuBKYn4cuuWn816O-497x280.jpg 497w, https:\/\/www.arte.tv\/sites\/olivierpere\/files\/8cF0sy0YZXVJuBKYn4cuuWn816O-1024x576.jpg 1024w, https:\/\/www.arte.tv\/sites\/olivierpere\/files\/8cF0sy0YZXVJuBKYn4cuuWn816O-580x326.jpg 580w\" sizes=\"(max-width: 1280px) 100vw, 1280px\" \/><p id=\"caption-attachment-14107\" class=\"wp-caption-text\">William Shatner dans L&rsquo;Horrible Invasion<\/p><\/div>\n<p>Apr\u00e8s <em>L\u2019Invasion des araign\u00e9es g\u00e9antes<\/em>, <em>L\u2019Horrible Invasion<\/em>, r\u00e9alis\u00e9 deux ans plus tard, passerait pour un mod\u00e8le de s\u00e9rieux et de classicisme, et pour une superproduction hollywoodienne, ce qu&rsquo;il n&rsquo;est pas. C&rsquo;est une petite production ind\u00e9pendante qui a marqu\u00e9 les esprits et figure parmi les titres les plus populaires du filon du film d&rsquo;horreur animale, comme <em>La Nuit des vers g\u00e9ants<\/em> ou<em> Soudain&#8230; les monstres<\/em>. Nous passons du Wisconsin au Texas, mais restons dans la campagne am\u00e9ricaine, avec l\u2019histoire de mygales anormalement venimeuses s\u2019attaquant d\u2019abord au b\u00e9tail de la r\u00e9gion, puis aux humains jusqu\u2019\u00e0 un final apocalyptique. Les raisons de cette invasion sont d\u2019ordre \u00e9cologique, et la responsabilit\u00e9 de pulv\u00e9risations insecticides rendant les araign\u00e9es plus r\u00e9sistantes est \u00e9voqu\u00e9e \u00e0 plusieurs reprises.<\/p>\n<div id=\"attachment_14108\" style=\"width: 1290px\" class=\"wp-caption alignnone\"><img aria-describedby=\"caption-attachment-14108\" decoding=\"async\" loading=\"lazy\" class=\"size-full wp-image-14108\" src=\"https:\/\/www.arte.tv\/sites\/fr\/olivierpere\/files\/bR28dsMM7UuGDkcE1xlpVU2HtgQ.jpg\" alt=\"L'Horrible Invasion\" width=\"1280\" height=\"720\" srcset=\"https:\/\/www.arte.tv\/sites\/olivierpere\/files\/bR28dsMM7UuGDkcE1xlpVU2HtgQ.jpg 1280w, https:\/\/www.arte.tv\/sites\/olivierpere\/files\/bR28dsMM7UuGDkcE1xlpVU2HtgQ-497x280.jpg 497w, https:\/\/www.arte.tv\/sites\/olivierpere\/files\/bR28dsMM7UuGDkcE1xlpVU2HtgQ-1024x576.jpg 1024w, https:\/\/www.arte.tv\/sites\/olivierpere\/files\/bR28dsMM7UuGDkcE1xlpVU2HtgQ-580x326.jpg 580w\" sizes=\"(max-width: 1280px) 100vw, 1280px\" \/><p id=\"caption-attachment-14108\" class=\"wp-caption-text\">L&rsquo;Horrible Invasion<\/p><\/div>\n<p>Le film de John \u00ab\u00a0Bud\u00a0\u00bb Cardos (enfin disponible en DVD zone 2 et en vente avec le Mad Movies du mois du novembre) est un remake \u00e0 peine d\u00e9guis\u00e9 des <em>Oiseaux<\/em> de Alfred Hitchcock, chef-d\u2019\u0153uvre s\u00e9minal du film catastrophe moderne dont il reproduit in extenso la conclusion, avec aussi la reprise de l\u2019id\u00e9e de la jeune femme blonde, sophistiqu\u00e9e et citadine dont l\u2019arriv\u00e9e dans une petite communaut\u00e9 rurale co\u00efncide avec une vague de violence et de destruction. Le film poss\u00e8de l\u2019avantage de ne pas souffrir d\u2019effets sp\u00e9ciaux ringards, au contraire de nombreuses bandes fantastiques \u00e0 petit budget, car les mygales \u00e0 l\u2019\u00e9cran sont toutes \u2013 ou presque &#8211; de vraies bestioles mises en contact avec des acteurs particuli\u00e8rement courageux, ce qui g\u00e9n\u00e8re des sc\u00e8nes tr\u00e8s r\u00e9alistes et v\u00e9ritablement angoissantes. La mise en sc\u00e8ne est fonctionnelle mais le film b\u00e9n\u00e9ficie de la pr\u00e9sence de William Shatner (<em>Star Trek<\/em>) dans le r\u00f4le du h\u00e9ros v\u00e9t\u00e9rinaire et surtout de Woody Strode, superbe acteur noir vu chez John Ford et bien d\u2019autres grands r\u00e9alisateurs, en \u00e9leveur victime des premi\u00e8res attaques des mygales.<\/p>\n<p>John \u00ab\u00a0Bud\u00a0\u00bb Cardos est une figure du cin\u00e9ma d&rsquo;exploitation am\u00e9ricain. R\u00e9alisateur, cascadeur, acteur et producteur, ce Texan pure souche a sign\u00e9 une dizaine de films. Les plus connus sont <em>L&rsquo;Horrible Invasion<\/em> et ses araign\u00e9es poilues (de loin son meilleur long m\u00e9trage), <em>La Nuit des extra-terrestres<\/em> et ses aliens en p\u00e2te \u00e0 modeler, <em>Gor<\/em>, une piteuse \u00ab\u00a0Heroic Fantasy\u00a0\u00bb produite par la Cannon. Il a coproduit <em>Le Mort-vivant<\/em> de Bob Clark et collabor\u00e9 en tant qu&rsquo;acteur ou cascadeur \u00e0 de nombreuses s\u00e9ries Z de son ami Al Adamson. On se souviendra aussi de lui pour avoir remplac\u00e9 un autre c\u00e9l\u00e8bre cin\u00e9aste texan, Tobe Hooper, d\u00e9barqu\u00e9 du tournage de <em>The Dark<\/em> en 1979 pour \u00ab\u00a0diff\u00e9rends artistiques\u00a0\u00bb avec la production. <em>The Dark<\/em> est un film d\u2019horreur au climat malsain dont l&rsquo;\u00e9l\u00e9ment fantastique du sc\u00e9nario &#8211; le tueur en s\u00e9rie qui s\u00e8me la terreur dans Los Angeles en d\u00e9capitant et en br\u00fblant ses victimes est un extra-terrestre &#8211; ait \u00e9t\u00e9 int\u00e9gr\u00e9 au sc\u00e9nario tr\u00e8s tardivement, voire apr\u00e8s le d\u00e9but des prises de vues.<\/p>\n<p><img decoding=\"async\" loading=\"lazy\" class=\"alignnone size-full wp-image-14109\" src=\"https:\/\/www.arte.tv\/sites\/fr\/olivierpere\/files\/7IfATzyKfyVREfYjwavmFGESTaY.jpg\" alt=\"\" width=\"1425\" height=\"2261\" srcset=\"https:\/\/www.arte.tv\/sites\/olivierpere\/files\/7IfATzyKfyVREfYjwavmFGESTaY.jpg 1425w, https:\/\/www.arte.tv\/sites\/olivierpere\/files\/7IfATzyKfyVREfYjwavmFGESTaY-176x280.jpg 176w, https:\/\/www.arte.tv\/sites\/olivierpere\/files\/7IfATzyKfyVREfYjwavmFGESTaY-484x768.jpg 484w, https:\/\/www.arte.tv\/sites\/olivierpere\/files\/7IfATzyKfyVREfYjwavmFGESTaY-580x920.jpg 580w\" sizes=\"(max-width: 1425px) 100vw, 1425px\" \/><\/p>\n<p>&nbsp;<\/p>\n<p>&nbsp;<\/p>\n<p>&nbsp;<\/p>\n<p>&nbsp;<\/p>\n<p>&nbsp;<\/p>\n<p>&nbsp;<\/p>\n","protected":false},"excerpt":{"rendered":"<p>Au fil de son histoire, le cin\u00e9ma fantastique s\u2019est enrichi d\u2019un bestiaire monstrueux, n\u00e9 de peurs ancestrales ou d\u2019angoisses plus\u2026<\/p>\n","protected":false},"author":116,"featured_media":14104,"comment_status":"open","ping_status":"open","sticky":false,"template":"","format":"standard","meta":[],"categories":[9],"tags":[],"yoast_head":"<!-- This site is optimized with the Yoast SEO plugin v20.8 - https:\/\/yoast.com\/wordpress\/plugins\/seo\/ -->\n<title>L\u2019Invasion des araign\u00e9es g\u00e9antes de Bill Rebane et L\u2019Horrible Invasion de John \u00ab Bud \u00bb Cardos - Olivier P\u00e8re<\/title>\n<meta name=\"robots\" content=\"index, follow, max-snippet:-1, max-image-preview:large, max-video-preview:-1\" \/>\n<link rel=\"canonical\" href=\"https:\/\/www.arte.tv\/sites\/olivierpere\/2014\/10\/31\/linvasion-des-araignees-geantes-de-bill-rebane-et-lhorrible-invasion-de-john-bud-cardos\/\" \/>\n<meta property=\"og:locale\" content=\"fr_FR\" \/>\n<meta property=\"og:type\" content=\"article\" \/>\n<meta property=\"og:title\" content=\"L\u2019Invasion des araign\u00e9es g\u00e9antes de Bill Rebane et L\u2019Horrible Invasion de John \u00ab Bud \u00bb Cardos - Olivier P\u00e8re\" \/>\n<meta property=\"og:description\" content=\"Au fil de son histoire, le cin\u00e9ma fantastique s\u2019est enrichi d\u2019un bestiaire monstrueux, n\u00e9 de peurs ancestrales ou d\u2019angoisses plus\u2026\" \/>\n<meta property=\"og:url\" content=\"https:\/\/www.arte.tv\/sites\/olivierpere\/2014\/10\/31\/linvasion-des-araignees-geantes-de-bill-rebane-et-lhorrible-invasion-de-john-bud-cardos\/\" \/>\n<meta property=\"og:site_name\" content=\"Olivier P\u00e8re\" \/>\n<meta property=\"article:published_time\" content=\"2014-10-31T08:20:17+00:00\" \/>\n<meta property=\"article:modified_time\" content=\"2014-11-01T08:31:26+00:00\" \/>\n<meta property=\"og:image\" content=\"https:\/\/www.arte.tv\/sites\/olivierpere\/files\/kingdom-of-the-spiders-4.jpg\" \/>\n\t<meta property=\"og:image:width\" content=\"1920\" \/>\n\t<meta property=\"og:image:height\" content=\"1082\" \/>\n\t<meta property=\"og:image:type\" content=\"image\/jpeg\" \/>\n<meta name=\"author\" content=\"Olivier P\u00e8re\" \/>\n<meta name=\"twitter:label1\" content=\"\u00c9crit par\" \/>\n\t<meta name=\"twitter:data1\" content=\"Olivier P\u00e8re\" \/>\n\t<meta name=\"twitter:label2\" content=\"Dur\u00e9e de lecture estim\u00e9e\" \/>\n\t<meta name=\"twitter:data2\" content=\"6 minutes\" \/>\n<script type=\"application\/ld+json\" class=\"yoast-schema-graph\">{\"@context\":\"https:\/\/schema.org\",\"@graph\":[{\"@type\":\"WebPage\",\"@id\":\"https:\/\/www.arte.tv\/sites\/olivierpere\/2014\/10\/31\/linvasion-des-araignees-geantes-de-bill-rebane-et-lhorrible-invasion-de-john-bud-cardos\/\",\"url\":\"https:\/\/www.arte.tv\/sites\/olivierpere\/2014\/10\/31\/linvasion-des-araignees-geantes-de-bill-rebane-et-lhorrible-invasion-de-john-bud-cardos\/\",\"name\":\"L\u2019Invasion des araign\u00e9es g\u00e9antes de Bill Rebane et L\u2019Horrible Invasion de John \u00ab Bud \u00bb Cardos - Olivier P\u00e8re\",\"isPartOf\":{\"@id\":\"https:\/\/www.arte.tv\/sites\/olivierpere\/#website\"},\"datePublished\":\"2014-10-31T08:20:17+00:00\",\"dateModified\":\"2014-11-01T08:31:26+00:00\",\"author\":{\"@id\":\"https:\/\/www.arte.tv\/sites\/olivierpere\/#\/schema\/person\/dc32cd6c79be95e52d43b97a74182558\"},\"breadcrumb\":{\"@id\":\"https:\/\/www.arte.tv\/sites\/olivierpere\/2014\/10\/31\/linvasion-des-araignees-geantes-de-bill-rebane-et-lhorrible-invasion-de-john-bud-cardos\/#breadcrumb\"},\"inLanguage\":\"fr-FR\",\"potentialAction\":[{\"@type\":\"ReadAction\",\"target\":[\"https:\/\/www.arte.tv\/sites\/olivierpere\/2014\/10\/31\/linvasion-des-araignees-geantes-de-bill-rebane-et-lhorrible-invasion-de-john-bud-cardos\/\"]}]},{\"@type\":\"BreadcrumbList\",\"@id\":\"https:\/\/www.arte.tv\/sites\/olivierpere\/2014\/10\/31\/linvasion-des-araignees-geantes-de-bill-rebane-et-lhorrible-invasion-de-john-bud-cardos\/#breadcrumb\",\"itemListElement\":[{\"@type\":\"ListItem\",\"position\":1,\"name\":\"Home\",\"item\":\"https:\/\/www.arte.tv\/sites\/olivierpere\/\"},{\"@type\":\"ListItem\",\"position\":2,\"name\":\"L\u2019Invasion des araign\u00e9es g\u00e9antes de Bill Rebane et L\u2019Horrible Invasion de John \u00ab Bud \u00bb Cardos\"}]},{\"@type\":\"WebSite\",\"@id\":\"https:\/\/www.arte.tv\/sites\/olivierpere\/#website\",\"url\":\"https:\/\/www.arte.tv\/sites\/olivierpere\/\",\"name\":\"Olivier P\u00e8re\",\"description\":\"\",\"potentialAction\":[{\"@type\":\"SearchAction\",\"target\":{\"@type\":\"EntryPoint\",\"urlTemplate\":\"https:\/\/www.arte.tv\/sites\/olivierpere\/?s={search_term_string}\"},\"query-input\":\"required name=search_term_string\"}],\"inLanguage\":\"fr-FR\"},{\"@type\":\"Person\",\"@id\":\"https:\/\/www.arte.tv\/sites\/olivierpere\/#\/schema\/person\/dc32cd6c79be95e52d43b97a74182558\",\"name\":\"Olivier P\u00e8re\",\"image\":{\"@type\":\"ImageObject\",\"inLanguage\":\"fr-FR\",\"@id\":\"https:\/\/www.arte.tv\/sites\/olivierpere\/#\/schema\/person\/image\/\",\"url\":\"https:\/\/secure.gravatar.com\/avatar\/bdea7b6a2c195e2c41772429a9694758?s=96&d=mm&r=g\",\"contentUrl\":\"https:\/\/secure.gravatar.com\/avatar\/bdea7b6a2c195e2c41772429a9694758?s=96&d=mm&r=g\",\"caption\":\"Olivier P\u00e8re\"},\"url\":\"https:\/\/www.arte.tv\/sites\/olivierpere\/author\/pereolivier\/\"}]}<\/script>\n<!-- \/ Yoast SEO plugin. -->","yoast_head_json":{"title":"L\u2019Invasion des araign\u00e9es g\u00e9antes de Bill Rebane et L\u2019Horrible Invasion de John \u00ab Bud \u00bb Cardos - Olivier P\u00e8re","robots":{"index":"index","follow":"follow","max-snippet":"max-snippet:-1","max-image-preview":"max-image-preview:large","max-video-preview":"max-video-preview:-1"},"canonical":"https:\/\/www.arte.tv\/sites\/olivierpere\/2014\/10\/31\/linvasion-des-araignees-geantes-de-bill-rebane-et-lhorrible-invasion-de-john-bud-cardos\/","og_locale":"fr_FR","og_type":"article","og_title":"L\u2019Invasion des araign\u00e9es g\u00e9antes de Bill Rebane et L\u2019Horrible Invasion de John \u00ab Bud \u00bb Cardos - Olivier P\u00e8re","og_description":"Au fil de son histoire, le cin\u00e9ma fantastique s\u2019est enrichi d\u2019un bestiaire monstrueux, n\u00e9 de peurs ancestrales ou d\u2019angoisses plus\u2026","og_url":"https:\/\/www.arte.tv\/sites\/olivierpere\/2014\/10\/31\/linvasion-des-araignees-geantes-de-bill-rebane-et-lhorrible-invasion-de-john-bud-cardos\/","og_site_name":"Olivier P\u00e8re","article_published_time":"2014-10-31T08:20:17+00:00","article_modified_time":"2014-11-01T08:31:26+00:00","og_image":[{"width":1920,"height":1082,"url":"https:\/\/www.arte.tv\/sites\/olivierpere\/files\/kingdom-of-the-spiders-4.jpg","type":"image\/jpeg"}],"author":"Olivier P\u00e8re","twitter_misc":{"\u00c9crit par":"Olivier P\u00e8re","Dur\u00e9e de lecture estim\u00e9e":"6 minutes"},"schema":{"@context":"https:\/\/schema.org","@graph":[{"@type":"WebPage","@id":"https:\/\/www.arte.tv\/sites\/olivierpere\/2014\/10\/31\/linvasion-des-araignees-geantes-de-bill-rebane-et-lhorrible-invasion-de-john-bud-cardos\/","url":"https:\/\/www.arte.tv\/sites\/olivierpere\/2014\/10\/31\/linvasion-des-araignees-geantes-de-bill-rebane-et-lhorrible-invasion-de-john-bud-cardos\/","name":"L\u2019Invasion des araign\u00e9es g\u00e9antes de Bill Rebane et L\u2019Horrible Invasion de John \u00ab Bud \u00bb Cardos - Olivier P\u00e8re","isPartOf":{"@id":"https:\/\/www.arte.tv\/sites\/olivierpere\/#website"},"datePublished":"2014-10-31T08:20:17+00:00","dateModified":"2014-11-01T08:31:26+00:00","author":{"@id":"https:\/\/www.arte.tv\/sites\/olivierpere\/#\/schema\/person\/dc32cd6c79be95e52d43b97a74182558"},"breadcrumb":{"@id":"https:\/\/www.arte.tv\/sites\/olivierpere\/2014\/10\/31\/linvasion-des-araignees-geantes-de-bill-rebane-et-lhorrible-invasion-de-john-bud-cardos\/#breadcrumb"},"inLanguage":"fr-FR","potentialAction":[{"@type":"ReadAction","target":["https:\/\/www.arte.tv\/sites\/olivierpere\/2014\/10\/31\/linvasion-des-araignees-geantes-de-bill-rebane-et-lhorrible-invasion-de-john-bud-cardos\/"]}]},{"@type":"BreadcrumbList","@id":"https:\/\/www.arte.tv\/sites\/olivierpere\/2014\/10\/31\/linvasion-des-araignees-geantes-de-bill-rebane-et-lhorrible-invasion-de-john-bud-cardos\/#breadcrumb","itemListElement":[{"@type":"ListItem","position":1,"name":"Home","item":"https:\/\/www.arte.tv\/sites\/olivierpere\/"},{"@type":"ListItem","position":2,"name":"L\u2019Invasion des araign\u00e9es g\u00e9antes de Bill Rebane et L\u2019Horrible Invasion de John \u00ab Bud \u00bb Cardos"}]},{"@type":"WebSite","@id":"https:\/\/www.arte.tv\/sites\/olivierpere\/#website","url":"https:\/\/www.arte.tv\/sites\/olivierpere\/","name":"Olivier P\u00e8re","description":"","potentialAction":[{"@type":"SearchAction","target":{"@type":"EntryPoint","urlTemplate":"https:\/\/www.arte.tv\/sites\/olivierpere\/?s={search_term_string}"},"query-input":"required name=search_term_string"}],"inLanguage":"fr-FR"},{"@type":"Person","@id":"https:\/\/www.arte.tv\/sites\/olivierpere\/#\/schema\/person\/dc32cd6c79be95e52d43b97a74182558","name":"Olivier P\u00e8re","image":{"@type":"ImageObject","inLanguage":"fr-FR","@id":"https:\/\/www.arte.tv\/sites\/olivierpere\/#\/schema\/person\/image\/","url":"https:\/\/secure.gravatar.com\/avatar\/bdea7b6a2c195e2c41772429a9694758?s=96&d=mm&r=g","contentUrl":"https:\/\/secure.gravatar.com\/avatar\/bdea7b6a2c195e2c41772429a9694758?s=96&d=mm&r=g","caption":"Olivier P\u00e8re"},"url":"https:\/\/www.arte.tv\/sites\/olivierpere\/author\/pereolivier\/"}]}},"_links":{"self":[{"href":"https:\/\/www.arte.tv\/sites\/olivierpere\/wp-json\/wp\/v2\/posts\/14103"}],"collection":[{"href":"https:\/\/www.arte.tv\/sites\/olivierpere\/wp-json\/wp\/v2\/posts"}],"about":[{"href":"https:\/\/www.arte.tv\/sites\/olivierpere\/wp-json\/wp\/v2\/types\/post"}],"author":[{"embeddable":true,"href":"https:\/\/www.arte.tv\/sites\/olivierpere\/wp-json\/wp\/v2\/users\/116"}],"replies":[{"embeddable":true,"href":"https:\/\/www.arte.tv\/sites\/olivierpere\/wp-json\/wp\/v2\/comments?post=14103"}],"version-history":[{"count":1,"href":"https:\/\/www.arte.tv\/sites\/olivierpere\/wp-json\/wp\/v2\/posts\/14103\/revisions"}],"predecessor-version":[{"id":14110,"href":"https:\/\/www.arte.tv\/sites\/olivierpere\/wp-json\/wp\/v2\/posts\/14103\/revisions\/14110"}],"wp:featuredmedia":[{"embeddable":true,"href":"https:\/\/www.arte.tv\/sites\/olivierpere\/wp-json\/wp\/v2\/media\/14104"}],"wp:attachment":[{"href":"https:\/\/www.arte.tv\/sites\/olivierpere\/wp-json\/wp\/v2\/media?parent=14103"}],"wp:term":[{"taxonomy":"category","embeddable":true,"href":"https:\/\/www.arte.tv\/sites\/olivierpere\/wp-json\/wp\/v2\/categories?post=14103"},{"taxonomy":"post_tag","embeddable":true,"href":"https:\/\/www.arte.tv\/sites\/olivierpere\/wp-json\/wp\/v2\/tags?post=14103"}],"curies":[{"name":"wp","href":"https:\/\/api.w.org\/{rel}","templated":true}]}}