{"id":14020,"date":"2014-12-31T02:22:13","date_gmt":"2014-12-31T01:22:13","guid":{"rendered":"https:\/\/www.arte.tv\/sites\/olivierpere\/?p=14020"},"modified":"2020-04-17T12:14:57","modified_gmt":"2020-04-17T11:14:57","slug":"le-convoi-de-la-peur-entretien-avec-william-friedkin-2","status":"publish","type":"post","link":"https:\/\/www.arte.tv\/sites\/olivierpere\/2014\/12\/31\/le-convoi-de-la-peur-entretien-avec-william-friedkin-2\/","title":{"rendered":"Le Convoi de la peur : rencontre avec William Friedkin"},"content":{"rendered":"<p>&nbsp;<\/p>\n<p>A l\u2019occasion de la diffusion sur ARTE le lundi 19 janvier \u00e0 20h50 du <em>Convoi de la peur<\/em> (<em>Sorcerer<\/em>, 1977), voici un entretien r\u00e9alis\u00e9 avec son auteur William Friedkin (photo en t\u00eate de texte, \u00e0 l&rsquo;\u00e9poque du tournage du <em>Convoi de la peur<\/em>). C\u2019\u00e9tait \u00e0 Paris le 3 d\u00e9cembre 2012, quelques heures avant la soir\u00e9e d\u2019ouverture de la deuxi\u00e8me \u00e9dition du festival de la Cin\u00e9math\u00e8que fran\u00e7aise \u00ab\u00a0Toute la m\u00e9moire du monde\u00a0\u00bb d\u00e9di\u00e9 aux films restaur\u00e9s et inaugur\u00e9 par la projection de la version 4K flambant neuve du <em>Convoi de la peur<\/em>, celle-l\u00e0 m\u00eame que vous allez bient\u00f4t d\u00e9couvrir sur ARTE. William Friedkin nous recevait \u00e0 son h\u00f4tel pour \u00e9voquer un film longtemps invisible et devenu mythique, en raison de son \u00e9chec critique et commercial \u00e0 l\u2019\u00e9poque &#8211; il sortit aux Etats-Unis \u00e0 une semaine d\u2019intervalle de <em>La Guerre des Etoiles<\/em>\u00a0! &#8211; qui stoppa net l\u2019\u00e9tat de gr\u00e2ce du cin\u00e9aste aupr\u00e8s des studios hollywoodiens, mais aussi en raison de sa folie, de son ambition et de sa stup\u00e9fiante atmosph\u00e8re.<\/p>\n<p>&nbsp;<\/p>\n<p><iframe loading=\"lazy\" src=\"\/\/www.youtube.com\/embed\/LjBnfiMZ9_o\" width=\"560\" height=\"315\" frameborder=\"0\"><\/iframe><\/p>\n<p>&nbsp;<\/p>\n<p>Remerciements particuliers \u00e0 Elodie Dufour et \u00e0 William Friedkin, dont l\u2019autobiographie a \u00e9t\u00e9 traduite l&rsquo;ann\u00e9e derni\u00e8re en fran\u00e7ais aux Editions de La Martini\u00e8re.<\/p>\n<p><img decoding=\"async\" loading=\"lazy\" class=\"alignnone size-full wp-image-14088\" src=\"https:\/\/www.arte.tv\/sites\/fr\/olivierpere\/files\/friedkin-connection.jpg\" alt=\"\" width=\"640\" height=\"938\" srcset=\"https:\/\/www.arte.tv\/sites\/olivierpere\/files\/friedkin-connection.jpg 640w, https:\/\/www.arte.tv\/sites\/olivierpere\/files\/friedkin-connection-191x280.jpg 191w, https:\/\/www.arte.tv\/sites\/olivierpere\/files\/friedkin-connection-524x768.jpg 524w, https:\/\/www.arte.tv\/sites\/olivierpere\/files\/friedkin-connection-580x850.jpg 580w\" sizes=\"(max-width: 640px) 100vw, 640px\" \/><\/p>\n","protected":false},"excerpt":{"rendered":"<p>&nbsp; A l\u2019occasion de la diffusion sur ARTE le lundi 19 janvier \u00e0 20h50 du Convoi de la peur (Sorcerer,\u2026<\/p>\n","protected":false},"author":116,"featured_media":0,"comment_status":"open","ping_status":"open","sticky":false,"template":"","format":"standard","meta":[],"categories":[7,8],"tags":[],"yoast_head":"<!-- This site is optimized with the Yoast SEO plugin v20.8 - https:\/\/yoast.com\/wordpress\/plugins\/seo\/ -->\n<title>Le Convoi de la peur : rencontre avec William Friedkin - Olivier P\u00e8re<\/title>\n<meta name=\"robots\" content=\"index, follow, max-snippet:-1, max-image-preview:large, max-video-preview:-1\" \/>\n<link rel=\"canonical\" href=\"https:\/\/www.arte.tv\/sites\/olivierpere\/2014\/12\/31\/le-convoi-de-la-peur-entretien-avec-william-friedkin-2\/\" \/>\n<meta property=\"og:locale\" content=\"fr_FR\" \/>\n<meta property=\"og:type\" content=\"article\" \/>\n<meta property=\"og:title\" content=\"Le Convoi de la peur : rencontre avec William Friedkin - Olivier P\u00e8re\" \/>\n<meta property=\"og:description\" content=\"&nbsp; A l\u2019occasion de la diffusion sur ARTE le lundi 19 janvier \u00e0 20h50 du Convoi de la peur (Sorcerer,\u2026\" \/>\n<meta property=\"og:url\" content=\"https:\/\/www.arte.tv\/sites\/olivierpere\/2014\/12\/31\/le-convoi-de-la-peur-entretien-avec-william-friedkin-2\/\" \/>\n<meta property=\"og:site_name\" content=\"Olivier P\u00e8re\" \/>\n<meta property=\"article:published_time\" content=\"2014-12-31T01:22:13+00:00\" \/>\n<meta property=\"article:modified_time\" content=\"2020-04-17T11:14:57+00:00\" \/>\n<meta property=\"og:image\" content=\"https:\/\/www.arte.tv\/sites\/fr\/olivierpere\/files\/friedkin-connection.jpg\" \/>\n<meta name=\"author\" content=\"Olivier P\u00e8re\" \/>\n<meta name=\"twitter:label1\" content=\"\u00c9crit par\" \/>\n\t<meta name=\"twitter:data1\" content=\"Olivier P\u00e8re\" \/>\n\t<meta name=\"twitter:label2\" content=\"Dur\u00e9e de lecture estim\u00e9e\" \/>\n\t<meta name=\"twitter:data2\" content=\"1 minute\" \/>\n<script type=\"application\/ld+json\" class=\"yoast-schema-graph\">{\"@context\":\"https:\/\/schema.org\",\"@graph\":[{\"@type\":\"WebPage\",\"@id\":\"https:\/\/www.arte.tv\/sites\/olivierpere\/2014\/12\/31\/le-convoi-de-la-peur-entretien-avec-william-friedkin-2\/\",\"url\":\"https:\/\/www.arte.tv\/sites\/olivierpere\/2014\/12\/31\/le-convoi-de-la-peur-entretien-avec-william-friedkin-2\/\",\"name\":\"Le Convoi de la peur : rencontre avec William Friedkin - Olivier P\u00e8re\",\"isPartOf\":{\"@id\":\"https:\/\/www.arte.tv\/sites\/olivierpere\/#website\"},\"datePublished\":\"2014-12-31T01:22:13+00:00\",\"dateModified\":\"2020-04-17T11:14:57+00:00\",\"author\":{\"@id\":\"https:\/\/www.arte.tv\/sites\/olivierpere\/#\/schema\/person\/dc32cd6c79be95e52d43b97a74182558\"},\"breadcrumb\":{\"@id\":\"https:\/\/www.arte.tv\/sites\/olivierpere\/2014\/12\/31\/le-convoi-de-la-peur-entretien-avec-william-friedkin-2\/#breadcrumb\"},\"inLanguage\":\"fr-FR\",\"potentialAction\":[{\"@type\":\"ReadAction\",\"target\":[\"https:\/\/www.arte.tv\/sites\/olivierpere\/2014\/12\/31\/le-convoi-de-la-peur-entretien-avec-william-friedkin-2\/\"]}]},{\"@type\":\"BreadcrumbList\",\"@id\":\"https:\/\/www.arte.tv\/sites\/olivierpere\/2014\/12\/31\/le-convoi-de-la-peur-entretien-avec-william-friedkin-2\/#breadcrumb\",\"itemListElement\":[{\"@type\":\"ListItem\",\"position\":1,\"name\":\"Home\",\"item\":\"https:\/\/www.arte.tv\/sites\/olivierpere\/\"},{\"@type\":\"ListItem\",\"position\":2,\"name\":\"Le Convoi de la peur : rencontre avec William Friedkin\"}]},{\"@type\":\"WebSite\",\"@id\":\"https:\/\/www.arte.tv\/sites\/olivierpere\/#website\",\"url\":\"https:\/\/www.arte.tv\/sites\/olivierpere\/\",\"name\":\"Olivier P\u00e8re\",\"description\":\"\",\"potentialAction\":[{\"@type\":\"SearchAction\",\"target\":{\"@type\":\"EntryPoint\",\"urlTemplate\":\"https:\/\/www.arte.tv\/sites\/olivierpere\/?s={search_term_string}\"},\"query-input\":\"required name=search_term_string\"}],\"inLanguage\":\"fr-FR\"},{\"@type\":\"Person\",\"@id\":\"https:\/\/www.arte.tv\/sites\/olivierpere\/#\/schema\/person\/dc32cd6c79be95e52d43b97a74182558\",\"name\":\"Olivier P\u00e8re\",\"image\":{\"@type\":\"ImageObject\",\"inLanguage\":\"fr-FR\",\"@id\":\"https:\/\/www.arte.tv\/sites\/olivierpere\/#\/schema\/person\/image\/\",\"url\":\"https:\/\/secure.gravatar.com\/avatar\/bdea7b6a2c195e2c41772429a9694758?s=96&d=mm&r=g\",\"contentUrl\":\"https:\/\/secure.gravatar.com\/avatar\/bdea7b6a2c195e2c41772429a9694758?s=96&d=mm&r=g\",\"caption\":\"Olivier P\u00e8re\"},\"url\":\"https:\/\/www.arte.tv\/sites\/olivierpere\/author\/pereolivier\/\"}]}<\/script>\n<!-- \/ Yoast SEO plugin. -->","yoast_head_json":{"title":"Le Convoi de la peur : rencontre avec William Friedkin - Olivier P\u00e8re","robots":{"index":"index","follow":"follow","max-snippet":"max-snippet:-1","max-image-preview":"max-image-preview:large","max-video-preview":"max-video-preview:-1"},"canonical":"https:\/\/www.arte.tv\/sites\/olivierpere\/2014\/12\/31\/le-convoi-de-la-peur-entretien-avec-william-friedkin-2\/","og_locale":"fr_FR","og_type":"article","og_title":"Le Convoi de la peur : rencontre avec William Friedkin - Olivier P\u00e8re","og_description":"&nbsp; A l\u2019occasion de la diffusion sur ARTE le lundi 19 janvier \u00e0 20h50 du Convoi de la peur (Sorcerer,\u2026","og_url":"https:\/\/www.arte.tv\/sites\/olivierpere\/2014\/12\/31\/le-convoi-de-la-peur-entretien-avec-william-friedkin-2\/","og_site_name":"Olivier P\u00e8re","article_published_time":"2014-12-31T01:22:13+00:00","article_modified_time":"2020-04-17T11:14:57+00:00","og_image":[{"url":"https:\/\/www.arte.tv\/sites\/fr\/olivierpere\/files\/friedkin-connection.jpg"}],"author":"Olivier P\u00e8re","twitter_misc":{"\u00c9crit par":"Olivier P\u00e8re","Dur\u00e9e de lecture estim\u00e9e":"1 minute"},"schema":{"@context":"https:\/\/schema.org","@graph":[{"@type":"WebPage","@id":"https:\/\/www.arte.tv\/sites\/olivierpere\/2014\/12\/31\/le-convoi-de-la-peur-entretien-avec-william-friedkin-2\/","url":"https:\/\/www.arte.tv\/sites\/olivierpere\/2014\/12\/31\/le-convoi-de-la-peur-entretien-avec-william-friedkin-2\/","name":"Le Convoi de la peur : rencontre avec William Friedkin - Olivier P\u00e8re","isPartOf":{"@id":"https:\/\/www.arte.tv\/sites\/olivierpere\/#website"},"datePublished":"2014-12-31T01:22:13+00:00","dateModified":"2020-04-17T11:14:57+00:00","author":{"@id":"https:\/\/www.arte.tv\/sites\/olivierpere\/#\/schema\/person\/dc32cd6c79be95e52d43b97a74182558"},"breadcrumb":{"@id":"https:\/\/www.arte.tv\/sites\/olivierpere\/2014\/12\/31\/le-convoi-de-la-peur-entretien-avec-william-friedkin-2\/#breadcrumb"},"inLanguage":"fr-FR","potentialAction":[{"@type":"ReadAction","target":["https:\/\/www.arte.tv\/sites\/olivierpere\/2014\/12\/31\/le-convoi-de-la-peur-entretien-avec-william-friedkin-2\/"]}]},{"@type":"BreadcrumbList","@id":"https:\/\/www.arte.tv\/sites\/olivierpere\/2014\/12\/31\/le-convoi-de-la-peur-entretien-avec-william-friedkin-2\/#breadcrumb","itemListElement":[{"@type":"ListItem","position":1,"name":"Home","item":"https:\/\/www.arte.tv\/sites\/olivierpere\/"},{"@type":"ListItem","position":2,"name":"Le Convoi de la peur : rencontre avec William Friedkin"}]},{"@type":"WebSite","@id":"https:\/\/www.arte.tv\/sites\/olivierpere\/#website","url":"https:\/\/www.arte.tv\/sites\/olivierpere\/","name":"Olivier P\u00e8re","description":"","potentialAction":[{"@type":"SearchAction","target":{"@type":"EntryPoint","urlTemplate":"https:\/\/www.arte.tv\/sites\/olivierpere\/?s={search_term_string}"},"query-input":"required name=search_term_string"}],"inLanguage":"fr-FR"},{"@type":"Person","@id":"https:\/\/www.arte.tv\/sites\/olivierpere\/#\/schema\/person\/dc32cd6c79be95e52d43b97a74182558","name":"Olivier P\u00e8re","image":{"@type":"ImageObject","inLanguage":"fr-FR","@id":"https:\/\/www.arte.tv\/sites\/olivierpere\/#\/schema\/person\/image\/","url":"https:\/\/secure.gravatar.com\/avatar\/bdea7b6a2c195e2c41772429a9694758?s=96&d=mm&r=g","contentUrl":"https:\/\/secure.gravatar.com\/avatar\/bdea7b6a2c195e2c41772429a9694758?s=96&d=mm&r=g","caption":"Olivier P\u00e8re"},"url":"https:\/\/www.arte.tv\/sites\/olivierpere\/author\/pereolivier\/"}]}},"_links":{"self":[{"href":"https:\/\/www.arte.tv\/sites\/olivierpere\/wp-json\/wp\/v2\/posts\/14020"}],"collection":[{"href":"https:\/\/www.arte.tv\/sites\/olivierpere\/wp-json\/wp\/v2\/posts"}],"about":[{"href":"https:\/\/www.arte.tv\/sites\/olivierpere\/wp-json\/wp\/v2\/types\/post"}],"author":[{"embeddable":true,"href":"https:\/\/www.arte.tv\/sites\/olivierpere\/wp-json\/wp\/v2\/users\/116"}],"replies":[{"embeddable":true,"href":"https:\/\/www.arte.tv\/sites\/olivierpere\/wp-json\/wp\/v2\/comments?post=14020"}],"version-history":[{"count":10,"href":"https:\/\/www.arte.tv\/sites\/olivierpere\/wp-json\/wp\/v2\/posts\/14020\/revisions"}],"predecessor-version":[{"id":25652,"href":"https:\/\/www.arte.tv\/sites\/olivierpere\/wp-json\/wp\/v2\/posts\/14020\/revisions\/25652"}],"wp:attachment":[{"href":"https:\/\/www.arte.tv\/sites\/olivierpere\/wp-json\/wp\/v2\/media?parent=14020"}],"wp:term":[{"taxonomy":"category","embeddable":true,"href":"https:\/\/www.arte.tv\/sites\/olivierpere\/wp-json\/wp\/v2\/categories?post=14020"},{"taxonomy":"post_tag","embeddable":true,"href":"https:\/\/www.arte.tv\/sites\/olivierpere\/wp-json\/wp\/v2\/tags?post=14020"}],"curies":[{"name":"wp","href":"https:\/\/api.w.org\/{rel}","templated":true}]}}