{"id":13978,"date":"2014-12-09T02:35:43","date_gmt":"2014-12-09T01:35:43","guid":{"rendered":"https:\/\/www.arte.tv\/sites\/olivierpere\/?p=13978"},"modified":"2014-12-08T10:11:07","modified_gmt":"2014-12-08T09:11:07","slug":"fedora-de-billy-wilder-2","status":"publish","type":"post","link":"https:\/\/www.arte.tv\/sites\/olivierpere\/2014\/12\/09\/fedora-de-billy-wilder-2\/","title":{"rendered":"Fedora de Billy Wilder"},"content":{"rendered":"<p>ARTE diffuse lundi 22 d\u00e9cembre \u00e0 20h45 l&rsquo;\u00e9trange <em>Fedora<\/em> (1978), avant-dernier film de Billy Wilder, dans sa version restaur\u00e9e.<\/p>\n<p>Ce film plus que nostalgique \u2013 disons carr\u00e9ment fun\u00e8bre \u2013 se pr\u00e9sente comme une nouvelle version de <i>Boulevard du cr\u00e9puscule<\/i>, r\u00e9alis\u00e9 vingt-huit ans auparavant par le m\u00eame Wilder, d\u00e9j\u00e0 avec William Holden dans le r\u00f4le masculin principal. Holden n\u2019a pas soixante ans mais, us\u00e9 par l\u2019alcool \u2013 il d\u00e9c\u00e9dera quatre ans plus tard \u2013 il fait beaucoup plus vieux dans <em>Fedora<\/em> (photo en t\u00eate de texte.) La vieillesse du m\u00eame, et l\u2019impossible retour d\u2019un \u00e2ge d\u2019or cin\u00e9matographique, voil\u00e0 les th\u00e8mes de ce film qui semble ignorer le Nouvel Hollywood d\u00e9j\u00e0 d\u00e9clinant.<\/p>\n<p>C\u2019est un film d\u2019exil tourn\u00e9 en Gr\u00e8ce et dans les d\u00e9cors munichois de la Bavaria soci\u00e9t\u00e9 de production allemande. Wilder mal \u00e0 l\u2019aise devant l\u2019\u00e9volution du cin\u00e9ma de son pays a en effet produit et r\u00e9alis\u00e9 plusieurs de ses derniers films sur le vieux continent, comme un repli et un d\u00e9saveu en face de ce que devenait Hollywood. Un producteur am\u00e9ricain sur le d\u00e9clin (Holden) entreprend un voyage sur l\u2019\u00eele de Corfou dans le dessin de convaincre une star l\u00e9gendaire \u00e0 la retraite, Fedora, d&rsquo;effectuer un comeback retentissant, en acceptant de tourner dans la nouvelle version d\u2019<em>Anna Kar\u00e9nine<\/em> dont il veut lui faire lire le sc\u00e9nario. Fedora est toujours aussi belle, mais son entourage \u2013 une vieille comtesse paralys\u00e9e, une dame de compagnie acari\u00e2tre, un m\u00e9decin alcoolique s\u2019oppose fermement \u00e0 son retour sur le devant de la sc\u00e8ne et la garde recluse dans une propri\u00e9t\u00e9 \u00e0 l\u2019abri des regards. Le producteur va percer le secret de Fedora\u2026<\/p>\n<p><i>Boulevard du cr\u00e9puscule<\/i> s\u2019ouvrait sur un cadavre dans une piscine, protagoniste du film qui allait nous raconter son aventure en voix-off. <i>Fedora <\/i>d\u00e9bute par un plan fugace d\u2019une femme se jetant sous un train (cette femme est Fedora et elle choisit de mettre fin \u00e0 ses jours comme l\u2019h\u00e9ro\u00efne de Tolsto\u00ef qu\u2019elle devait incarner \u00e0 l\u2019\u00e9cran) suivi par les obs\u00e8ques grandioses de l\u2019actrice organis\u00e9es \u00e0 Paris et auxquelles assistent le producteur (r\u00e9f\u00e9rence \u00e0 un autre grand film sur le cin\u00e9ma et le star system, <i>La Comtesse aux pieds nus<\/i> de Mankiewicz.)<\/p>\n<div id=\"attachment_10676\" style=\"width: 1176px\" class=\"wp-caption alignnone\"><a href=\"https:\/\/www.arte.tv\/sites\/olivierpere\/files\/2013\/08\/fedora-01.jpg\"><img aria-describedby=\"caption-attachment-10676\" decoding=\"async\" loading=\"lazy\" class=\"size-full wp-image-10676\" src=\"https:\/\/www.arte.tv\/sites\/olivierpere\/files\/2013\/08\/fedora-01.jpg\" alt=\"Marthe Keller dans Fedora\" width=\"1166\" height=\"700\" srcset=\"https:\/\/www.arte.tv\/sites\/olivierpere\/files\/2013\/08\/fedora-01.jpg 1166w, https:\/\/www.arte.tv\/sites\/olivierpere\/files\/2013\/08\/fedora-01-466x280.jpg 466w, https:\/\/www.arte.tv\/sites\/olivierpere\/files\/2013\/08\/fedora-01-1024x614.jpg 1024w, https:\/\/www.arte.tv\/sites\/olivierpere\/files\/2013\/08\/fedora-01-580x348.jpg 580w\" sizes=\"(max-width: 1166px) 100vw, 1166px\" \/><\/a><p id=\"caption-attachment-10676\" class=\"wp-caption-text\">Marthe Keller interpr\u00e8te Fedora<\/p><\/div>\n<div id=\"attachment_10680\" style=\"width: 1182px\" class=\"wp-caption alignnone\"><a href=\"https:\/\/www.arte.tv\/sites\/olivierpere\/files\/2013\/08\/fedora-02.jpg\"><img aria-describedby=\"caption-attachment-10680\" decoding=\"async\" loading=\"lazy\" class=\"size-full wp-image-10680\" src=\"https:\/\/www.arte.tv\/sites\/olivierpere\/files\/2013\/08\/fedora-02.jpg\" alt=\"Les multiples visages de Marthe Keller dans Fedora\" width=\"1172\" height=\"700\" srcset=\"https:\/\/www.arte.tv\/sites\/olivierpere\/files\/2013\/08\/fedora-02.jpg 1172w, https:\/\/www.arte.tv\/sites\/olivierpere\/files\/2013\/08\/fedora-02-468x280.jpg 468w, https:\/\/www.arte.tv\/sites\/olivierpere\/files\/2013\/08\/fedora-02-1024x611.jpg 1024w, https:\/\/www.arte.tv\/sites\/olivierpere\/files\/2013\/08\/fedora-02-580x346.jpg 580w\" sizes=\"(max-width: 1172px) 100vw, 1172px\" \/><\/a><p id=\"caption-attachment-10680\" class=\"wp-caption-text\">Les multiples visages de Marthe Keller dans Fedora<\/p><\/div>\n<p>C\u2019est donc une nouvelle fois William Holden qui nous raconte en voix off et en flash back cette sombre histoire de d\u00e9ch\u00e9ance et de transfert. La particularit\u00e9 de <i>Fedora<\/i> est de r\u00e9v\u00e9ler la cl\u00e9 de son \u00e9nigme \u00e0 mi-parcours, puis de r\u00e9tablir en discours indirect la v\u00e9rit\u00e9 du r\u00e9cit, avec le point de vue de l\u2019entourage de Fedora d\u00e9voilant les mensonges et les impostures au spectateur pr\u00e9alablement manipul\u00e9 par Wilder et son fid\u00e8le sc\u00e9nariste I.A.L. Diamond, qui adaptent ici un roman de Tom Tryon (\u00e9crivain mais aussi acteur pour Preminger notamment.)<\/p>\n<p>Proc\u00e9d\u00e9 surprenant, un peu comme s\u2019il fallait une heure \u00e0 Hitchcock pour nous expliquer en images le pi\u00e8ge dans lequel est tomb\u00e9 Scottie dans <i>Sueurs froides<\/i>, ou la double personnalit\u00e9 de Norman Bates dans <i>Psychose <\/i>(deux films qui ne sont pas sans lien avec <em>Fedora<\/em>.) Cette construction inhabituelle \u2013 qui a pour cons\u00e9quence de rallonger consid\u00e9rablement la dur\u00e9e du film, l\u2019une des particularit\u00e9 de la derni\u00e8re partie de l\u2019\u0153uvre wilderienne, o\u00f9 la moindre com\u00e9die dure plus de deux heures &#8211; peut \u00eatre consid\u00e9r\u00e9e comme la contribution de Wilder et Diamond \u00e0 la modernit\u00e9 et \u00e0 une forme d\u2019exp\u00e9rimentation narrative \u2013 le film coup\u00e9 en deux &#8211; affranchie de la dramaturgie classique. <i>Fedora<\/i> est un conte morbide qui pleure la disparition d\u2019une certaine id\u00e9e du cin\u00e9ma hollywoodien comme usine \u00e0 r\u00eave avec ses tournages en studios, ses m\u00e9lodrames en costumes et ses stars divines et inaccessibles \u2013 le personnage de Fedora fait ouvertement r\u00e9f\u00e9rence \u00e0 Greta Garbo. Le cin\u00e9ma tout entier aurait donc perdu son aura, essentiellement v\u00e9hicul\u00e9 par des actrices mythiques et la machinerie irrempla\u00e7able des grands studios hollywoodiens. Wilder par l\u2019interm\u00e9diaire de son h\u00e9ros grisonnant ne cache pas son m\u00e9pris pour les nouveaux cin\u00e9astes am\u00e9ricains qui salissent selon lui l\u2019esth\u00e9tisme hollywoodien, bannissent le r\u00eave et le glamour des grands \u00e9crans, sans parler du cin\u00e9ma v\u00e9rit\u00e9 et de la Nouvelle Vague qu\u2019il voue aux g\u00e9monies. Un discours pass\u00e9iste assum\u00e9 pour un film d\u2019une tristesse et d\u2019une cruaut\u00e9 infinies.<\/p>\n<p>&nbsp;<\/p>\n<p>Le film est disponible en Replay sur ARTE+7.<\/p>\n<div id=\"attachment_10679\" style=\"width: 650px\" class=\"wp-caption alignnone\"><a href=\"https:\/\/www.arte.tv\/sites\/olivierpere\/files\/2013\/08\/87979194_o.png\"><img aria-describedby=\"caption-attachment-10679\" decoding=\"async\" loading=\"lazy\" class=\"size-full wp-image-10679\" src=\"https:\/\/www.arte.tv\/sites\/olivierpere\/files\/2013\/08\/87979194_o.png\" alt=\"Dans Fedora, le film d'horreur macabre n'est pas loin...\" width=\"640\" height=\"368\" srcset=\"https:\/\/www.arte.tv\/sites\/olivierpere\/files\/2013\/08\/87979194_o.png 640w, https:\/\/www.arte.tv\/sites\/olivierpere\/files\/2013\/08\/87979194_o-486x280.png 486w, https:\/\/www.arte.tv\/sites\/olivierpere\/files\/2013\/08\/87979194_o-580x333.png 580w\" sizes=\"(max-width: 640px) 100vw, 640px\" \/><\/a><p id=\"caption-attachment-10679\" class=\"wp-caption-text\">Dans Fedora, le film d&rsquo;horreur macabre n&rsquo;est pas loin&#8230;<\/p><\/div>\n","protected":false},"excerpt":{"rendered":"<p>ARTE diffuse lundi 22 d\u00e9cembre \u00e0 20h45 l&rsquo;\u00e9trange Fedora (1978), avant-dernier film de Billy Wilder, dans sa version restaur\u00e9e. Ce\u2026<\/p>\n","protected":false},"author":116,"featured_media":10675,"comment_status":"open","ping_status":"open","sticky":false,"template":"","format":"standard","meta":[],"categories":[8],"tags":[],"yoast_head":"<!-- This site is optimized with the Yoast SEO plugin v20.8 - https:\/\/yoast.com\/wordpress\/plugins\/seo\/ -->\n<title>Fedora de Billy Wilder - Olivier P\u00e8re<\/title>\n<meta name=\"robots\" content=\"index, follow, max-snippet:-1, max-image-preview:large, max-video-preview:-1\" \/>\n<link rel=\"canonical\" href=\"https:\/\/www.arte.tv\/sites\/olivierpere\/2014\/12\/09\/fedora-de-billy-wilder-2\/\" \/>\n<meta property=\"og:locale\" content=\"fr_FR\" \/>\n<meta property=\"og:type\" content=\"article\" \/>\n<meta property=\"og:title\" content=\"Fedora de Billy Wilder - Olivier P\u00e8re\" \/>\n<meta property=\"og:description\" content=\"ARTE diffuse lundi 22 d\u00e9cembre \u00e0 20h45 l&rsquo;\u00e9trange Fedora (1978), avant-dernier film de Billy Wilder, dans sa version restaur\u00e9e. Ce\u2026\" \/>\n<meta property=\"og:url\" content=\"https:\/\/www.arte.tv\/sites\/olivierpere\/2014\/12\/09\/fedora-de-billy-wilder-2\/\" \/>\n<meta property=\"og:site_name\" content=\"Olivier P\u00e8re\" \/>\n<meta property=\"article:published_time\" content=\"2014-12-09T01:35:43+00:00\" \/>\n<meta property=\"article:modified_time\" content=\"2014-12-08T09:11:07+00:00\" \/>\n<meta property=\"og:image\" content=\"https:\/\/www.arte.tv\/sites\/olivierpere\/files\/2013\/08\/1681645VwhFldAt9VSesTlQO1wAKSzAvqPs01Lbqbf5kCRIWjxM1xxB7m5A6C93P67YzOOjlZaKygcQDjJaG9r5Npl0GQ.jpg\" \/>\n\t<meta property=\"og:image:width\" content=\"800\" \/>\n\t<meta property=\"og:image:height\" content=\"528\" \/>\n\t<meta property=\"og:image:type\" content=\"image\/jpeg\" \/>\n<meta name=\"author\" content=\"Olivier P\u00e8re\" \/>\n<meta name=\"twitter:label1\" content=\"\u00c9crit par\" \/>\n\t<meta name=\"twitter:data1\" content=\"Olivier P\u00e8re\" \/>\n\t<meta name=\"twitter:label2\" content=\"Dur\u00e9e de lecture estim\u00e9e\" \/>\n\t<meta name=\"twitter:data2\" content=\"4 minutes\" \/>\n<script type=\"application\/ld+json\" class=\"yoast-schema-graph\">{\"@context\":\"https:\/\/schema.org\",\"@graph\":[{\"@type\":\"WebPage\",\"@id\":\"https:\/\/www.arte.tv\/sites\/olivierpere\/2014\/12\/09\/fedora-de-billy-wilder-2\/\",\"url\":\"https:\/\/www.arte.tv\/sites\/olivierpere\/2014\/12\/09\/fedora-de-billy-wilder-2\/\",\"name\":\"Fedora de Billy Wilder - Olivier P\u00e8re\",\"isPartOf\":{\"@id\":\"https:\/\/www.arte.tv\/sites\/olivierpere\/#website\"},\"datePublished\":\"2014-12-09T01:35:43+00:00\",\"dateModified\":\"2014-12-08T09:11:07+00:00\",\"author\":{\"@id\":\"https:\/\/www.arte.tv\/sites\/olivierpere\/#\/schema\/person\/dc32cd6c79be95e52d43b97a74182558\"},\"breadcrumb\":{\"@id\":\"https:\/\/www.arte.tv\/sites\/olivierpere\/2014\/12\/09\/fedora-de-billy-wilder-2\/#breadcrumb\"},\"inLanguage\":\"fr-FR\",\"potentialAction\":[{\"@type\":\"ReadAction\",\"target\":[\"https:\/\/www.arte.tv\/sites\/olivierpere\/2014\/12\/09\/fedora-de-billy-wilder-2\/\"]}]},{\"@type\":\"BreadcrumbList\",\"@id\":\"https:\/\/www.arte.tv\/sites\/olivierpere\/2014\/12\/09\/fedora-de-billy-wilder-2\/#breadcrumb\",\"itemListElement\":[{\"@type\":\"ListItem\",\"position\":1,\"name\":\"Home\",\"item\":\"https:\/\/www.arte.tv\/sites\/olivierpere\/\"},{\"@type\":\"ListItem\",\"position\":2,\"name\":\"Fedora de Billy Wilder\"}]},{\"@type\":\"WebSite\",\"@id\":\"https:\/\/www.arte.tv\/sites\/olivierpere\/#website\",\"url\":\"https:\/\/www.arte.tv\/sites\/olivierpere\/\",\"name\":\"Olivier P\u00e8re\",\"description\":\"\",\"potentialAction\":[{\"@type\":\"SearchAction\",\"target\":{\"@type\":\"EntryPoint\",\"urlTemplate\":\"https:\/\/www.arte.tv\/sites\/olivierpere\/?s={search_term_string}\"},\"query-input\":\"required name=search_term_string\"}],\"inLanguage\":\"fr-FR\"},{\"@type\":\"Person\",\"@id\":\"https:\/\/www.arte.tv\/sites\/olivierpere\/#\/schema\/person\/dc32cd6c79be95e52d43b97a74182558\",\"name\":\"Olivier P\u00e8re\",\"image\":{\"@type\":\"ImageObject\",\"inLanguage\":\"fr-FR\",\"@id\":\"https:\/\/www.arte.tv\/sites\/olivierpere\/#\/schema\/person\/image\/\",\"url\":\"https:\/\/secure.gravatar.com\/avatar\/bdea7b6a2c195e2c41772429a9694758?s=96&d=mm&r=g\",\"contentUrl\":\"https:\/\/secure.gravatar.com\/avatar\/bdea7b6a2c195e2c41772429a9694758?s=96&d=mm&r=g\",\"caption\":\"Olivier P\u00e8re\"},\"url\":\"https:\/\/www.arte.tv\/sites\/olivierpere\/author\/pereolivier\/\"}]}<\/script>\n<!-- \/ Yoast SEO plugin. -->","yoast_head_json":{"title":"Fedora de Billy Wilder - Olivier P\u00e8re","robots":{"index":"index","follow":"follow","max-snippet":"max-snippet:-1","max-image-preview":"max-image-preview:large","max-video-preview":"max-video-preview:-1"},"canonical":"https:\/\/www.arte.tv\/sites\/olivierpere\/2014\/12\/09\/fedora-de-billy-wilder-2\/","og_locale":"fr_FR","og_type":"article","og_title":"Fedora de Billy Wilder - Olivier P\u00e8re","og_description":"ARTE diffuse lundi 22 d\u00e9cembre \u00e0 20h45 l&rsquo;\u00e9trange Fedora (1978), avant-dernier film de Billy Wilder, dans sa version restaur\u00e9e. Ce\u2026","og_url":"https:\/\/www.arte.tv\/sites\/olivierpere\/2014\/12\/09\/fedora-de-billy-wilder-2\/","og_site_name":"Olivier P\u00e8re","article_published_time":"2014-12-09T01:35:43+00:00","article_modified_time":"2014-12-08T09:11:07+00:00","og_image":[{"width":800,"height":528,"url":"https:\/\/www.arte.tv\/sites\/olivierpere\/files\/2013\/08\/1681645VwhFldAt9VSesTlQO1wAKSzAvqPs01Lbqbf5kCRIWjxM1xxB7m5A6C93P67YzOOjlZaKygcQDjJaG9r5Npl0GQ.jpg","type":"image\/jpeg"}],"author":"Olivier P\u00e8re","twitter_misc":{"\u00c9crit par":"Olivier P\u00e8re","Dur\u00e9e de lecture estim\u00e9e":"4 minutes"},"schema":{"@context":"https:\/\/schema.org","@graph":[{"@type":"WebPage","@id":"https:\/\/www.arte.tv\/sites\/olivierpere\/2014\/12\/09\/fedora-de-billy-wilder-2\/","url":"https:\/\/www.arte.tv\/sites\/olivierpere\/2014\/12\/09\/fedora-de-billy-wilder-2\/","name":"Fedora de Billy Wilder - Olivier P\u00e8re","isPartOf":{"@id":"https:\/\/www.arte.tv\/sites\/olivierpere\/#website"},"datePublished":"2014-12-09T01:35:43+00:00","dateModified":"2014-12-08T09:11:07+00:00","author":{"@id":"https:\/\/www.arte.tv\/sites\/olivierpere\/#\/schema\/person\/dc32cd6c79be95e52d43b97a74182558"},"breadcrumb":{"@id":"https:\/\/www.arte.tv\/sites\/olivierpere\/2014\/12\/09\/fedora-de-billy-wilder-2\/#breadcrumb"},"inLanguage":"fr-FR","potentialAction":[{"@type":"ReadAction","target":["https:\/\/www.arte.tv\/sites\/olivierpere\/2014\/12\/09\/fedora-de-billy-wilder-2\/"]}]},{"@type":"BreadcrumbList","@id":"https:\/\/www.arte.tv\/sites\/olivierpere\/2014\/12\/09\/fedora-de-billy-wilder-2\/#breadcrumb","itemListElement":[{"@type":"ListItem","position":1,"name":"Home","item":"https:\/\/www.arte.tv\/sites\/olivierpere\/"},{"@type":"ListItem","position":2,"name":"Fedora de Billy Wilder"}]},{"@type":"WebSite","@id":"https:\/\/www.arte.tv\/sites\/olivierpere\/#website","url":"https:\/\/www.arte.tv\/sites\/olivierpere\/","name":"Olivier P\u00e8re","description":"","potentialAction":[{"@type":"SearchAction","target":{"@type":"EntryPoint","urlTemplate":"https:\/\/www.arte.tv\/sites\/olivierpere\/?s={search_term_string}"},"query-input":"required name=search_term_string"}],"inLanguage":"fr-FR"},{"@type":"Person","@id":"https:\/\/www.arte.tv\/sites\/olivierpere\/#\/schema\/person\/dc32cd6c79be95e52d43b97a74182558","name":"Olivier P\u00e8re","image":{"@type":"ImageObject","inLanguage":"fr-FR","@id":"https:\/\/www.arte.tv\/sites\/olivierpere\/#\/schema\/person\/image\/","url":"https:\/\/secure.gravatar.com\/avatar\/bdea7b6a2c195e2c41772429a9694758?s=96&d=mm&r=g","contentUrl":"https:\/\/secure.gravatar.com\/avatar\/bdea7b6a2c195e2c41772429a9694758?s=96&d=mm&r=g","caption":"Olivier P\u00e8re"},"url":"https:\/\/www.arte.tv\/sites\/olivierpere\/author\/pereolivier\/"}]}},"_links":{"self":[{"href":"https:\/\/www.arte.tv\/sites\/olivierpere\/wp-json\/wp\/v2\/posts\/13978"}],"collection":[{"href":"https:\/\/www.arte.tv\/sites\/olivierpere\/wp-json\/wp\/v2\/posts"}],"about":[{"href":"https:\/\/www.arte.tv\/sites\/olivierpere\/wp-json\/wp\/v2\/types\/post"}],"author":[{"embeddable":true,"href":"https:\/\/www.arte.tv\/sites\/olivierpere\/wp-json\/wp\/v2\/users\/116"}],"replies":[{"embeddable":true,"href":"https:\/\/www.arte.tv\/sites\/olivierpere\/wp-json\/wp\/v2\/comments?post=13978"}],"version-history":[{"count":3,"href":"https:\/\/www.arte.tv\/sites\/olivierpere\/wp-json\/wp\/v2\/posts\/13978\/revisions"}],"predecessor-version":[{"id":14374,"href":"https:\/\/www.arte.tv\/sites\/olivierpere\/wp-json\/wp\/v2\/posts\/13978\/revisions\/14374"}],"wp:featuredmedia":[{"embeddable":true,"href":"https:\/\/www.arte.tv\/sites\/olivierpere\/wp-json\/wp\/v2\/media\/10675"}],"wp:attachment":[{"href":"https:\/\/www.arte.tv\/sites\/olivierpere\/wp-json\/wp\/v2\/media?parent=13978"}],"wp:term":[{"taxonomy":"category","embeddable":true,"href":"https:\/\/www.arte.tv\/sites\/olivierpere\/wp-json\/wp\/v2\/categories?post=13978"},{"taxonomy":"post_tag","embeddable":true,"href":"https:\/\/www.arte.tv\/sites\/olivierpere\/wp-json\/wp\/v2\/tags?post=13978"}],"curies":[{"name":"wp","href":"https:\/\/api.w.org\/{rel}","templated":true}]}}