{"id":13567,"date":"2014-08-25T03:35:52","date_gmt":"2014-08-25T02:35:52","guid":{"rendered":"https:\/\/www.arte.tv\/sites\/olivierpere\/?p=13567"},"modified":"2020-04-12T10:32:36","modified_gmt":"2020-04-12T09:32:36","slug":"17-filles-de-delphine-et-muriel-coulin","status":"publish","type":"post","link":"https:\/\/www.arte.tv\/sites\/olivierpere\/2014\/08\/25\/17-filles-de-delphine-et-muriel-coulin\/","title":{"rendered":"17 Filles de Delphine et Muriel Coulin"},"content":{"rendered":"<p>ARTE diffuse<em> 17 Filles <\/em>(2010) de Delphine et Muriel Coulin mercredi 27 ao\u00fbt \u00e0 20h50.<\/p>\n<p>Ce premier long m\u00e9trage fran\u00e7ais, coproduction ARTE France Cin\u00e9ma, fut d\u00e9couvert \u00e0 la Semaine de la Critique \u00e0 Cannes et salu\u00e9 au juste titre au moment de sa sortie. Il traite avec intelligence d\u2019un sujet original. Dans une petite ville au bord de l\u2019oc\u00e9an (Lorient, ville natale des r\u00e9alisatrices qui en exploitent bien l\u2019urbanisme et l\u2019ambiance particuli\u00e8re), dix-sept adolescentes d\u2019un m\u00eame lyc\u00e9e prennent ensemble une d\u00e9cision inattendue et incompr\u00e9hensible aux yeux des gar\u00e7ons et des adultes : elles d\u00e9cident de tomber enceintes en m\u00eame temps. Le film est inspir\u00e9 d\u2019un fait divers survenu en 2008 \u00e0 Gloucester, au Etats-Unis mais les deux s\u0153urs s\u2019emparent de cette histoire au point de d\u00e9part presque science fictionnel \u2013 on pense au <em>Village des damn\u00e9s<\/em> de Wolf Rilla d\u2019apr\u00e8s le roman de John Wyndham <em>The Midwich Cukoos<\/em> &#8211; pour parler de la f\u00e9minit\u00e9 comme moyen de d\u00e9fense et de r\u00e9bellion en face d\u2019une soci\u00e9t\u00e9 asphyxiante. Le corps de ces adolescentes devient leur seule arme et leur seule v\u00e9ritable propri\u00e9t\u00e9 dans un syst\u00e8me qui les condamne \u00e0 l\u2019\u00e9chec. Les r\u00e9alisatrices envisagent la d\u00e9cision des adolescentes comme un projet d\u2019utopie, une aventure qui leur permet de s\u2019\u00e9manciper de leur condition, et de contester l\u2019autorit\u00e9 de leurs familles et des enseignants. Cette d\u00e9cision de maternit\u00e9 s\u2019accompagne en effet du d\u00e9sir de vivre ensemble, et d\u2019\u00e9lever ses futurs b\u00e9b\u00e9s entre femmes, sans leurs p\u00e8res biologiques, dans une sorte de gyn\u00e9c\u00e9e moderne. Delphine et Muriel Coulin n\u2019id\u00e9alisent pas pour autant la d\u00e9cision de leurs h\u00e9ro\u00efnes, ne masquant rien des faux espoirs et des illusions du groupe, ni de son fragile \u00e9quilibre autour d\u2019une id\u00e9e de r\u00e9volte et de sa r\u00e9alisation probl\u00e9matique confront\u00e9es \u00e0 la dure r\u00e9alit\u00e9. Il n\u2019emp\u00eache que <em>17 Filles<\/em> surprend agr\u00e9ablement dans le paysage du jeune cin\u00e9ma fran\u00e7ais contemporain, par l\u2019\u00e9l\u00e9gance de sa mise en sc\u00e8ne, la justesse et la qualit\u00e9 de la distribution f\u00e9minine dans son ensemble (chaque jeune fille est bien dessin\u00e9e et interpr\u00e9t\u00e9e), alli\u00e9es \u00e0 un regard politique sur un \u00e2ge, un \u00e9tat et une soci\u00e9t\u00e9 qui tranche par sa singularit\u00e9 et sa pertinence.<\/p>\n<p>&nbsp;<\/p>\n<p><em>17 Filles <\/em>sera disponible en Replay sur ARTE+7.<\/p>\n<p><em>\u00a0<\/em><\/p>\n<p><em>\u00a0<\/em><\/p>\n<p>&nbsp;<\/p>\n","protected":false},"excerpt":{"rendered":"<p>ARTE diffuse 17 Filles (2010) de Delphine et Muriel Coulin mercredi 27 ao\u00fbt \u00e0 20h50. Ce premier long m\u00e9trage fran\u00e7ais,\u2026<\/p>\n","protected":false},"author":116,"featured_media":0,"comment_status":"open","ping_status":"open","sticky":false,"template":"","format":"standard","meta":[],"categories":[6,8],"tags":[],"yoast_head":"<!-- This site is optimized with the Yoast SEO plugin v20.8 - https:\/\/yoast.com\/wordpress\/plugins\/seo\/ -->\n<title>17 Filles de Delphine et Muriel Coulin - Olivier P\u00e8re<\/title>\n<meta name=\"robots\" content=\"index, follow, max-snippet:-1, max-image-preview:large, max-video-preview:-1\" \/>\n<link rel=\"canonical\" href=\"https:\/\/www.arte.tv\/sites\/olivierpere\/2014\/08\/25\/17-filles-de-delphine-et-muriel-coulin\/\" \/>\n<meta property=\"og:locale\" content=\"fr_FR\" \/>\n<meta property=\"og:type\" content=\"article\" \/>\n<meta property=\"og:title\" content=\"17 Filles de Delphine et Muriel Coulin - Olivier P\u00e8re\" \/>\n<meta property=\"og:description\" content=\"ARTE diffuse 17 Filles (2010) de Delphine et Muriel Coulin mercredi 27 ao\u00fbt \u00e0 20h50. Ce premier long m\u00e9trage fran\u00e7ais,\u2026\" \/>\n<meta property=\"og:url\" content=\"https:\/\/www.arte.tv\/sites\/olivierpere\/2014\/08\/25\/17-filles-de-delphine-et-muriel-coulin\/\" \/>\n<meta property=\"og:site_name\" content=\"Olivier P\u00e8re\" \/>\n<meta property=\"article:published_time\" content=\"2014-08-25T02:35:52+00:00\" \/>\n<meta property=\"article:modified_time\" content=\"2020-04-12T09:32:36+00:00\" \/>\n<meta name=\"author\" content=\"Olivier P\u00e8re\" \/>\n<meta name=\"twitter:label1\" content=\"\u00c9crit par\" \/>\n\t<meta name=\"twitter:data1\" content=\"Olivier P\u00e8re\" \/>\n\t<meta name=\"twitter:label2\" content=\"Dur\u00e9e de lecture estim\u00e9e\" \/>\n\t<meta name=\"twitter:data2\" content=\"2 minutes\" \/>\n<script type=\"application\/ld+json\" class=\"yoast-schema-graph\">{\"@context\":\"https:\/\/schema.org\",\"@graph\":[{\"@type\":\"WebPage\",\"@id\":\"https:\/\/www.arte.tv\/sites\/olivierpere\/2014\/08\/25\/17-filles-de-delphine-et-muriel-coulin\/\",\"url\":\"https:\/\/www.arte.tv\/sites\/olivierpere\/2014\/08\/25\/17-filles-de-delphine-et-muriel-coulin\/\",\"name\":\"17 Filles de Delphine et Muriel Coulin - Olivier P\u00e8re\",\"isPartOf\":{\"@id\":\"https:\/\/www.arte.tv\/sites\/olivierpere\/#website\"},\"datePublished\":\"2014-08-25T02:35:52+00:00\",\"dateModified\":\"2020-04-12T09:32:36+00:00\",\"author\":{\"@id\":\"https:\/\/www.arte.tv\/sites\/olivierpere\/#\/schema\/person\/dc32cd6c79be95e52d43b97a74182558\"},\"breadcrumb\":{\"@id\":\"https:\/\/www.arte.tv\/sites\/olivierpere\/2014\/08\/25\/17-filles-de-delphine-et-muriel-coulin\/#breadcrumb\"},\"inLanguage\":\"fr-FR\",\"potentialAction\":[{\"@type\":\"ReadAction\",\"target\":[\"https:\/\/www.arte.tv\/sites\/olivierpere\/2014\/08\/25\/17-filles-de-delphine-et-muriel-coulin\/\"]}]},{\"@type\":\"BreadcrumbList\",\"@id\":\"https:\/\/www.arte.tv\/sites\/olivierpere\/2014\/08\/25\/17-filles-de-delphine-et-muriel-coulin\/#breadcrumb\",\"itemListElement\":[{\"@type\":\"ListItem\",\"position\":1,\"name\":\"Home\",\"item\":\"https:\/\/www.arte.tv\/sites\/olivierpere\/\"},{\"@type\":\"ListItem\",\"position\":2,\"name\":\"17 Filles de Delphine et Muriel Coulin\"}]},{\"@type\":\"WebSite\",\"@id\":\"https:\/\/www.arte.tv\/sites\/olivierpere\/#website\",\"url\":\"https:\/\/www.arte.tv\/sites\/olivierpere\/\",\"name\":\"Olivier P\u00e8re\",\"description\":\"\",\"potentialAction\":[{\"@type\":\"SearchAction\",\"target\":{\"@type\":\"EntryPoint\",\"urlTemplate\":\"https:\/\/www.arte.tv\/sites\/olivierpere\/?s={search_term_string}\"},\"query-input\":\"required name=search_term_string\"}],\"inLanguage\":\"fr-FR\"},{\"@type\":\"Person\",\"@id\":\"https:\/\/www.arte.tv\/sites\/olivierpere\/#\/schema\/person\/dc32cd6c79be95e52d43b97a74182558\",\"name\":\"Olivier P\u00e8re\",\"image\":{\"@type\":\"ImageObject\",\"inLanguage\":\"fr-FR\",\"@id\":\"https:\/\/www.arte.tv\/sites\/olivierpere\/#\/schema\/person\/image\/\",\"url\":\"https:\/\/secure.gravatar.com\/avatar\/bdea7b6a2c195e2c41772429a9694758?s=96&d=mm&r=g\",\"contentUrl\":\"https:\/\/secure.gravatar.com\/avatar\/bdea7b6a2c195e2c41772429a9694758?s=96&d=mm&r=g\",\"caption\":\"Olivier P\u00e8re\"},\"url\":\"https:\/\/www.arte.tv\/sites\/olivierpere\/author\/pereolivier\/\"}]}<\/script>\n<!-- \/ Yoast SEO plugin. -->","yoast_head_json":{"title":"17 Filles de Delphine et Muriel Coulin - Olivier P\u00e8re","robots":{"index":"index","follow":"follow","max-snippet":"max-snippet:-1","max-image-preview":"max-image-preview:large","max-video-preview":"max-video-preview:-1"},"canonical":"https:\/\/www.arte.tv\/sites\/olivierpere\/2014\/08\/25\/17-filles-de-delphine-et-muriel-coulin\/","og_locale":"fr_FR","og_type":"article","og_title":"17 Filles de Delphine et Muriel Coulin - Olivier P\u00e8re","og_description":"ARTE diffuse 17 Filles (2010) de Delphine et Muriel Coulin mercredi 27 ao\u00fbt \u00e0 20h50. Ce premier long m\u00e9trage fran\u00e7ais,\u2026","og_url":"https:\/\/www.arte.tv\/sites\/olivierpere\/2014\/08\/25\/17-filles-de-delphine-et-muriel-coulin\/","og_site_name":"Olivier P\u00e8re","article_published_time":"2014-08-25T02:35:52+00:00","article_modified_time":"2020-04-12T09:32:36+00:00","author":"Olivier P\u00e8re","twitter_misc":{"\u00c9crit par":"Olivier P\u00e8re","Dur\u00e9e de lecture estim\u00e9e":"2 minutes"},"schema":{"@context":"https:\/\/schema.org","@graph":[{"@type":"WebPage","@id":"https:\/\/www.arte.tv\/sites\/olivierpere\/2014\/08\/25\/17-filles-de-delphine-et-muriel-coulin\/","url":"https:\/\/www.arte.tv\/sites\/olivierpere\/2014\/08\/25\/17-filles-de-delphine-et-muriel-coulin\/","name":"17 Filles de Delphine et Muriel Coulin - Olivier P\u00e8re","isPartOf":{"@id":"https:\/\/www.arte.tv\/sites\/olivierpere\/#website"},"datePublished":"2014-08-25T02:35:52+00:00","dateModified":"2020-04-12T09:32:36+00:00","author":{"@id":"https:\/\/www.arte.tv\/sites\/olivierpere\/#\/schema\/person\/dc32cd6c79be95e52d43b97a74182558"},"breadcrumb":{"@id":"https:\/\/www.arte.tv\/sites\/olivierpere\/2014\/08\/25\/17-filles-de-delphine-et-muriel-coulin\/#breadcrumb"},"inLanguage":"fr-FR","potentialAction":[{"@type":"ReadAction","target":["https:\/\/www.arte.tv\/sites\/olivierpere\/2014\/08\/25\/17-filles-de-delphine-et-muriel-coulin\/"]}]},{"@type":"BreadcrumbList","@id":"https:\/\/www.arte.tv\/sites\/olivierpere\/2014\/08\/25\/17-filles-de-delphine-et-muriel-coulin\/#breadcrumb","itemListElement":[{"@type":"ListItem","position":1,"name":"Home","item":"https:\/\/www.arte.tv\/sites\/olivierpere\/"},{"@type":"ListItem","position":2,"name":"17 Filles de Delphine et Muriel Coulin"}]},{"@type":"WebSite","@id":"https:\/\/www.arte.tv\/sites\/olivierpere\/#website","url":"https:\/\/www.arte.tv\/sites\/olivierpere\/","name":"Olivier P\u00e8re","description":"","potentialAction":[{"@type":"SearchAction","target":{"@type":"EntryPoint","urlTemplate":"https:\/\/www.arte.tv\/sites\/olivierpere\/?s={search_term_string}"},"query-input":"required name=search_term_string"}],"inLanguage":"fr-FR"},{"@type":"Person","@id":"https:\/\/www.arte.tv\/sites\/olivierpere\/#\/schema\/person\/dc32cd6c79be95e52d43b97a74182558","name":"Olivier P\u00e8re","image":{"@type":"ImageObject","inLanguage":"fr-FR","@id":"https:\/\/www.arte.tv\/sites\/olivierpere\/#\/schema\/person\/image\/","url":"https:\/\/secure.gravatar.com\/avatar\/bdea7b6a2c195e2c41772429a9694758?s=96&d=mm&r=g","contentUrl":"https:\/\/secure.gravatar.com\/avatar\/bdea7b6a2c195e2c41772429a9694758?s=96&d=mm&r=g","caption":"Olivier P\u00e8re"},"url":"https:\/\/www.arte.tv\/sites\/olivierpere\/author\/pereolivier\/"}]}},"_links":{"self":[{"href":"https:\/\/www.arte.tv\/sites\/olivierpere\/wp-json\/wp\/v2\/posts\/13567"}],"collection":[{"href":"https:\/\/www.arte.tv\/sites\/olivierpere\/wp-json\/wp\/v2\/posts"}],"about":[{"href":"https:\/\/www.arte.tv\/sites\/olivierpere\/wp-json\/wp\/v2\/types\/post"}],"author":[{"embeddable":true,"href":"https:\/\/www.arte.tv\/sites\/olivierpere\/wp-json\/wp\/v2\/users\/116"}],"replies":[{"embeddable":true,"href":"https:\/\/www.arte.tv\/sites\/olivierpere\/wp-json\/wp\/v2\/comments?post=13567"}],"version-history":[{"count":3,"href":"https:\/\/www.arte.tv\/sites\/olivierpere\/wp-json\/wp\/v2\/posts\/13567\/revisions"}],"predecessor-version":[{"id":25335,"href":"https:\/\/www.arte.tv\/sites\/olivierpere\/wp-json\/wp\/v2\/posts\/13567\/revisions\/25335"}],"wp:attachment":[{"href":"https:\/\/www.arte.tv\/sites\/olivierpere\/wp-json\/wp\/v2\/media?parent=13567"}],"wp:term":[{"taxonomy":"category","embeddable":true,"href":"https:\/\/www.arte.tv\/sites\/olivierpere\/wp-json\/wp\/v2\/categories?post=13567"},{"taxonomy":"post_tag","embeddable":true,"href":"https:\/\/www.arte.tv\/sites\/olivierpere\/wp-json\/wp\/v2\/tags?post=13567"}],"curies":[{"name":"wp","href":"https:\/\/api.w.org\/{rel}","templated":true}]}}