{"id":13017,"date":"2014-06-08T19:09:02","date_gmt":"2014-06-08T18:09:02","guid":{"rendered":"https:\/\/www.arte.tv\/sites\/olivierpere\/?p=13017"},"modified":"2020-04-12T10:35:05","modified_gmt":"2020-04-12T09:35:05","slug":"deux-jours-une-nuit-de-jean-pierre-et-luc-dardenne","status":"publish","type":"post","link":"https:\/\/www.arte.tv\/sites\/olivierpere\/2014\/06\/08\/deux-jours-une-nuit-de-jean-pierre-et-luc-dardenne\/","title":{"rendered":"Deux Jours, une nuit de Jean-Pierre et Luc Dardenne"},"content":{"rendered":"<p>Depuis <em>La Promesse<\/em> Jean-Pierre et Luc Dardenne placent le corps de leurs personnages au centre de leur dispositif cin\u00e9matographique. A chaque fois il s\u2019agit d\u2019un homme ou d\u2019une femme que la cam\u00e9ra ne quitte pas et accompagne dans une \u00e9preuve aussi physique que morale, dans un environnement social hostile o\u00f9 la solidarit\u00e9 ouvri\u00e8re a disparu et o\u00f9 r\u00e8gne l\u2019individualisme, la loi du plus fort. Le th\u00e8me de cette solidarit\u00e9 entre prol\u00e9taires, finie ou r\u00e9siduelle, rendue probl\u00e9matique par la crise \u00e9conomique et le ch\u00f4mage, sert justement de point de d\u00e9part \u00e0 leur nouveau film pr\u00e9sent\u00e9 au Festival de Cannes en comp\u00e9tition officielle et actuellement sur les \u00e9crans\u00a0: <em>Deux Jours, une nuit<\/em>. Sandra, aid\u00e9e par son mari, n\u2019a qu\u2019un week-end pour aller voir ses coll\u00e8gues et les convaincre de renoncer \u00e0 leur prime pour qu\u2019elle puisse garder son travail. Nous accompagnons Sandra, d\u00e9sesp\u00e9r\u00e9e \u00e0 l\u2019id\u00e9e de perdre son emploi, dans sa d\u00e9marche syst\u00e9matique qui consiste \u00e0 retrouver un par un ses coll\u00e8gues et compter les voix qui pourraient lui permettre de rester dans l\u2019\u00e9quipe de cette petite usine. La m\u00e9canique implacable d\u2019un tel sc\u00e9nario, g\u00e9n\u00e9ratrice de suspens, est temp\u00e9r\u00e9e par l\u2019adage renoirien selon lequel \u00ab\u00a0tout le monde a ses raisons\u00a0\u00bb et le fait que ni Sandra, ni les r\u00e9alisateurs ne condamnent ceux qui ne peuvent ou refusent de se priver d\u2019une prime providentielle. Cela fait deux films que les Dardenne int\u00e8grent \u00e0 leur cin\u00e9ma sans compromis ni artifice une actrice populaire, apr\u00e8s avoir \u00e9t\u00e9 des d\u00e9couvreurs de talents et r\u00e9v\u00e9l\u00e9 des visages inconnus du grand public ou d\u00e9butants absolus (J\u00e9r\u00e9mie Renier, Olivier Gourmet, Emilie Dequenne, D\u00e9borah Fran\u00e7ois\u2026) Apr\u00e8s C\u00e9cile de France dans <em>Le Gamin au v\u00e9lo<\/em> c\u2019est au tour de Marion Cottillard de tourner sous la direction des Dardenne, dans le r\u00f4le central de Sandra, jeune femme fragile qui sort d\u2019une lourde d\u00e9pression et va r\u00e9unir toutes ses forces et son courage pour aller oser demander le sacrifice de mille euros, dans une croisade \u00e0 l\u2019issue incertaine. Nous avions d\u00e9j\u00e0 beaucoup aim\u00e9 Marion Cotillard l\u2019ann\u00e9e derni\u00e8re dans <em>The Immigrant<\/em> de James Gray, elle confirme avec <em>Deux Jours, une nuit<\/em> qu\u2019elle est une actrice remarquable. Evidemment cela s\u2019affirme avec plus d\u2019\u00e9vidence quand elle choisit de travailler avec les meilleurs auteurs contemporains, mais cela fait longtemps que son beau visage triste nous s\u00e9duisait, m\u00eame dans des films indignes de son talent quand il nous arrivait par hasard de les voir. Une fois n\u2019est pas coutume les fr\u00e8res Dardenne sont repartis bredouilles de Cannes et c\u2019est dommage, car Marion Cotillard m\u00e9ritait un prix pour son interpr\u00e9tation dans <em>Deux Jours, une nuit<\/em>, o\u00f9 elle est parfaitement cr\u00e9dible, juste et \u00e9mouvante, sans le moindre pathos.<\/p>\n<p>&nbsp;<\/p>\n<p>Il reste encore quelques jours pour profiter de la r\u00e9trospective des films de Jean-Pierre et Luc Dardenne \u00e0 la Cin\u00e9math\u00e8que fran\u00e7aise qui se termine le 12 juin. La le\u00e7on de cin\u00e9ma qu\u2019ils ont donn\u00e9e \u00e0 cette occasion est visible sur le site d\u2019ARTE Cin\u00e9ma (il suffit de cliquer sur l\u2019ic\u00f4ne en haut \u00e0 droite de cette page.)<\/p>\n<p>&nbsp;<\/p>\n<p>&nbsp;<\/p>\n<p>&nbsp;<\/p>\n","protected":false},"excerpt":{"rendered":"<p>Depuis La Promesse Jean-Pierre et Luc Dardenne placent le corps de leurs personnages au centre de leur dispositif cin\u00e9matographique. A\u2026<\/p>\n","protected":false},"author":116,"featured_media":0,"comment_status":"open","ping_status":"open","sticky":false,"template":"","format":"standard","meta":[],"categories":[9],"tags":[],"yoast_head":"<!-- This site is optimized with the Yoast SEO plugin v20.8 - https:\/\/yoast.com\/wordpress\/plugins\/seo\/ -->\n<title>Deux Jours, une nuit de Jean-Pierre et Luc Dardenne - Olivier P\u00e8re<\/title>\n<meta name=\"robots\" content=\"index, follow, max-snippet:-1, max-image-preview:large, max-video-preview:-1\" \/>\n<link rel=\"canonical\" href=\"https:\/\/www.arte.tv\/sites\/olivierpere\/2014\/06\/08\/deux-jours-une-nuit-de-jean-pierre-et-luc-dardenne\/\" \/>\n<meta property=\"og:locale\" content=\"fr_FR\" \/>\n<meta property=\"og:type\" content=\"article\" \/>\n<meta property=\"og:title\" content=\"Deux Jours, une nuit de Jean-Pierre et Luc Dardenne - Olivier P\u00e8re\" \/>\n<meta property=\"og:description\" content=\"Depuis La Promesse Jean-Pierre et Luc Dardenne placent le corps de leurs personnages au centre de leur dispositif cin\u00e9matographique. A\u2026\" \/>\n<meta property=\"og:url\" content=\"https:\/\/www.arte.tv\/sites\/olivierpere\/2014\/06\/08\/deux-jours-une-nuit-de-jean-pierre-et-luc-dardenne\/\" \/>\n<meta property=\"og:site_name\" content=\"Olivier P\u00e8re\" \/>\n<meta property=\"article:published_time\" content=\"2014-06-08T18:09:02+00:00\" \/>\n<meta property=\"article:modified_time\" content=\"2020-04-12T09:35:05+00:00\" \/>\n<meta name=\"author\" content=\"Olivier P\u00e8re\" \/>\n<meta name=\"twitter:label1\" content=\"\u00c9crit par\" \/>\n\t<meta name=\"twitter:data1\" content=\"Olivier P\u00e8re\" \/>\n\t<meta name=\"twitter:label2\" content=\"Dur\u00e9e de lecture estim\u00e9e\" \/>\n\t<meta name=\"twitter:data2\" content=\"3 minutes\" \/>\n<script type=\"application\/ld+json\" class=\"yoast-schema-graph\">{\"@context\":\"https:\/\/schema.org\",\"@graph\":[{\"@type\":\"WebPage\",\"@id\":\"https:\/\/www.arte.tv\/sites\/olivierpere\/2014\/06\/08\/deux-jours-une-nuit-de-jean-pierre-et-luc-dardenne\/\",\"url\":\"https:\/\/www.arte.tv\/sites\/olivierpere\/2014\/06\/08\/deux-jours-une-nuit-de-jean-pierre-et-luc-dardenne\/\",\"name\":\"Deux Jours, une nuit de Jean-Pierre et Luc Dardenne - Olivier P\u00e8re\",\"isPartOf\":{\"@id\":\"https:\/\/www.arte.tv\/sites\/olivierpere\/#website\"},\"datePublished\":\"2014-06-08T18:09:02+00:00\",\"dateModified\":\"2020-04-12T09:35:05+00:00\",\"author\":{\"@id\":\"https:\/\/www.arte.tv\/sites\/olivierpere\/#\/schema\/person\/dc32cd6c79be95e52d43b97a74182558\"},\"breadcrumb\":{\"@id\":\"https:\/\/www.arte.tv\/sites\/olivierpere\/2014\/06\/08\/deux-jours-une-nuit-de-jean-pierre-et-luc-dardenne\/#breadcrumb\"},\"inLanguage\":\"fr-FR\",\"potentialAction\":[{\"@type\":\"ReadAction\",\"target\":[\"https:\/\/www.arte.tv\/sites\/olivierpere\/2014\/06\/08\/deux-jours-une-nuit-de-jean-pierre-et-luc-dardenne\/\"]}]},{\"@type\":\"BreadcrumbList\",\"@id\":\"https:\/\/www.arte.tv\/sites\/olivierpere\/2014\/06\/08\/deux-jours-une-nuit-de-jean-pierre-et-luc-dardenne\/#breadcrumb\",\"itemListElement\":[{\"@type\":\"ListItem\",\"position\":1,\"name\":\"Home\",\"item\":\"https:\/\/www.arte.tv\/sites\/olivierpere\/\"},{\"@type\":\"ListItem\",\"position\":2,\"name\":\"Deux Jours, une nuit de Jean-Pierre et Luc Dardenne\"}]},{\"@type\":\"WebSite\",\"@id\":\"https:\/\/www.arte.tv\/sites\/olivierpere\/#website\",\"url\":\"https:\/\/www.arte.tv\/sites\/olivierpere\/\",\"name\":\"Olivier P\u00e8re\",\"description\":\"\",\"potentialAction\":[{\"@type\":\"SearchAction\",\"target\":{\"@type\":\"EntryPoint\",\"urlTemplate\":\"https:\/\/www.arte.tv\/sites\/olivierpere\/?s={search_term_string}\"},\"query-input\":\"required name=search_term_string\"}],\"inLanguage\":\"fr-FR\"},{\"@type\":\"Person\",\"@id\":\"https:\/\/www.arte.tv\/sites\/olivierpere\/#\/schema\/person\/dc32cd6c79be95e52d43b97a74182558\",\"name\":\"Olivier P\u00e8re\",\"image\":{\"@type\":\"ImageObject\",\"inLanguage\":\"fr-FR\",\"@id\":\"https:\/\/www.arte.tv\/sites\/olivierpere\/#\/schema\/person\/image\/\",\"url\":\"https:\/\/secure.gravatar.com\/avatar\/bdea7b6a2c195e2c41772429a9694758?s=96&d=mm&r=g\",\"contentUrl\":\"https:\/\/secure.gravatar.com\/avatar\/bdea7b6a2c195e2c41772429a9694758?s=96&d=mm&r=g\",\"caption\":\"Olivier P\u00e8re\"},\"url\":\"https:\/\/www.arte.tv\/sites\/olivierpere\/author\/pereolivier\/\"}]}<\/script>\n<!-- \/ Yoast SEO plugin. -->","yoast_head_json":{"title":"Deux Jours, une nuit de Jean-Pierre et Luc Dardenne - Olivier P\u00e8re","robots":{"index":"index","follow":"follow","max-snippet":"max-snippet:-1","max-image-preview":"max-image-preview:large","max-video-preview":"max-video-preview:-1"},"canonical":"https:\/\/www.arte.tv\/sites\/olivierpere\/2014\/06\/08\/deux-jours-une-nuit-de-jean-pierre-et-luc-dardenne\/","og_locale":"fr_FR","og_type":"article","og_title":"Deux Jours, une nuit de Jean-Pierre et Luc Dardenne - Olivier P\u00e8re","og_description":"Depuis La Promesse Jean-Pierre et Luc Dardenne placent le corps de leurs personnages au centre de leur dispositif cin\u00e9matographique. A\u2026","og_url":"https:\/\/www.arte.tv\/sites\/olivierpere\/2014\/06\/08\/deux-jours-une-nuit-de-jean-pierre-et-luc-dardenne\/","og_site_name":"Olivier P\u00e8re","article_published_time":"2014-06-08T18:09:02+00:00","article_modified_time":"2020-04-12T09:35:05+00:00","author":"Olivier P\u00e8re","twitter_misc":{"\u00c9crit par":"Olivier P\u00e8re","Dur\u00e9e de lecture estim\u00e9e":"3 minutes"},"schema":{"@context":"https:\/\/schema.org","@graph":[{"@type":"WebPage","@id":"https:\/\/www.arte.tv\/sites\/olivierpere\/2014\/06\/08\/deux-jours-une-nuit-de-jean-pierre-et-luc-dardenne\/","url":"https:\/\/www.arte.tv\/sites\/olivierpere\/2014\/06\/08\/deux-jours-une-nuit-de-jean-pierre-et-luc-dardenne\/","name":"Deux Jours, une nuit de Jean-Pierre et Luc Dardenne - Olivier P\u00e8re","isPartOf":{"@id":"https:\/\/www.arte.tv\/sites\/olivierpere\/#website"},"datePublished":"2014-06-08T18:09:02+00:00","dateModified":"2020-04-12T09:35:05+00:00","author":{"@id":"https:\/\/www.arte.tv\/sites\/olivierpere\/#\/schema\/person\/dc32cd6c79be95e52d43b97a74182558"},"breadcrumb":{"@id":"https:\/\/www.arte.tv\/sites\/olivierpere\/2014\/06\/08\/deux-jours-une-nuit-de-jean-pierre-et-luc-dardenne\/#breadcrumb"},"inLanguage":"fr-FR","potentialAction":[{"@type":"ReadAction","target":["https:\/\/www.arte.tv\/sites\/olivierpere\/2014\/06\/08\/deux-jours-une-nuit-de-jean-pierre-et-luc-dardenne\/"]}]},{"@type":"BreadcrumbList","@id":"https:\/\/www.arte.tv\/sites\/olivierpere\/2014\/06\/08\/deux-jours-une-nuit-de-jean-pierre-et-luc-dardenne\/#breadcrumb","itemListElement":[{"@type":"ListItem","position":1,"name":"Home","item":"https:\/\/www.arte.tv\/sites\/olivierpere\/"},{"@type":"ListItem","position":2,"name":"Deux Jours, une nuit de Jean-Pierre et Luc Dardenne"}]},{"@type":"WebSite","@id":"https:\/\/www.arte.tv\/sites\/olivierpere\/#website","url":"https:\/\/www.arte.tv\/sites\/olivierpere\/","name":"Olivier P\u00e8re","description":"","potentialAction":[{"@type":"SearchAction","target":{"@type":"EntryPoint","urlTemplate":"https:\/\/www.arte.tv\/sites\/olivierpere\/?s={search_term_string}"},"query-input":"required name=search_term_string"}],"inLanguage":"fr-FR"},{"@type":"Person","@id":"https:\/\/www.arte.tv\/sites\/olivierpere\/#\/schema\/person\/dc32cd6c79be95e52d43b97a74182558","name":"Olivier P\u00e8re","image":{"@type":"ImageObject","inLanguage":"fr-FR","@id":"https:\/\/www.arte.tv\/sites\/olivierpere\/#\/schema\/person\/image\/","url":"https:\/\/secure.gravatar.com\/avatar\/bdea7b6a2c195e2c41772429a9694758?s=96&d=mm&r=g","contentUrl":"https:\/\/secure.gravatar.com\/avatar\/bdea7b6a2c195e2c41772429a9694758?s=96&d=mm&r=g","caption":"Olivier P\u00e8re"},"url":"https:\/\/www.arte.tv\/sites\/olivierpere\/author\/pereolivier\/"}]}},"_links":{"self":[{"href":"https:\/\/www.arte.tv\/sites\/olivierpere\/wp-json\/wp\/v2\/posts\/13017"}],"collection":[{"href":"https:\/\/www.arte.tv\/sites\/olivierpere\/wp-json\/wp\/v2\/posts"}],"about":[{"href":"https:\/\/www.arte.tv\/sites\/olivierpere\/wp-json\/wp\/v2\/types\/post"}],"author":[{"embeddable":true,"href":"https:\/\/www.arte.tv\/sites\/olivierpere\/wp-json\/wp\/v2\/users\/116"}],"replies":[{"embeddable":true,"href":"https:\/\/www.arte.tv\/sites\/olivierpere\/wp-json\/wp\/v2\/comments?post=13017"}],"version-history":[{"count":4,"href":"https:\/\/www.arte.tv\/sites\/olivierpere\/wp-json\/wp\/v2\/posts\/13017\/revisions"}],"predecessor-version":[{"id":25340,"href":"https:\/\/www.arte.tv\/sites\/olivierpere\/wp-json\/wp\/v2\/posts\/13017\/revisions\/25340"}],"wp:attachment":[{"href":"https:\/\/www.arte.tv\/sites\/olivierpere\/wp-json\/wp\/v2\/media?parent=13017"}],"wp:term":[{"taxonomy":"category","embeddable":true,"href":"https:\/\/www.arte.tv\/sites\/olivierpere\/wp-json\/wp\/v2\/categories?post=13017"},{"taxonomy":"post_tag","embeddable":true,"href":"https:\/\/www.arte.tv\/sites\/olivierpere\/wp-json\/wp\/v2\/tags?post=13017"}],"curies":[{"name":"wp","href":"https:\/\/api.w.org\/{rel}","templated":true}]}}