{"id":1280,"date":"2011-07-01T09:30:47","date_gmt":"2011-07-01T08:30:47","guid":{"rendered":"http:\/\/olivierpere.wordpress.com\/?p=1280"},"modified":"2014-06-03T12:22:58","modified_gmt":"2014-06-03T11:22:58","slug":"au-fond-des-bois-de-benoit-jacquot","status":"publish","type":"post","link":"https:\/\/www.arte.tv\/sites\/olivierpere\/2011\/07\/01\/au-fond-des-bois-de-benoit-jacquot\/","title":{"rendered":"Au fond des bois de Beno\u00eet Jacquot"},"content":{"rendered":"<div id=\"attachment_1286\" style=\"width: 310px\" class=\"wp-caption alignright\"><a href=\"http:\/\/olivierpere.wordpress.com\/2011\/07\/01\/au-fond-des-bois-de-benoit-jacquot\/oc518748_p3001_142702\/\" rel=\"attachment wp-att-1286\"><img aria-describedby=\"caption-attachment-1286\" decoding=\"async\" loading=\"lazy\" class=\"size-medium wp-image-1286\" title=\"Benoit Jacquot \u00e0 Locarno en 2010. Pr\u00e9sentation Au fond des bois Piazza Grande.\" src=\"https:\/\/www.arte.tv\/sites\/olivierpere\/files\/2011\/06\/oc518748_p3001_142702.jpg?w=300\" alt=\"Benoit Jacquot \u00e0 Locarno en 2010. Pr\u00e9sentation Au fond des bois Piazza Grande.\" width=\"300\" height=\"200\" srcset=\"https:\/\/www.arte.tv\/sites\/olivierpere\/files\/2011\/06\/oc518748_p3001_142702.jpg 3888w, https:\/\/www.arte.tv\/sites\/olivierpere\/files\/2011\/06\/oc518748_p3001_142702-420x280.jpg 420w, https:\/\/www.arte.tv\/sites\/olivierpere\/files\/2011\/06\/oc518748_p3001_142702-1024x682.jpg 1024w, https:\/\/www.arte.tv\/sites\/olivierpere\/files\/2011\/06\/oc518748_p3001_142702-580x386.jpg 580w\" sizes=\"(max-width: 300px) 100vw, 300px\" \/><\/a><p id=\"caption-attachment-1286\" class=\"wp-caption-text\">Beno\u00eet Jacquot \u00e0 Locarno en 2010.<\/p><\/div>\n<p><span style=\"font-family: arial;font-size: 10pt\"><em>Au fond des bois<\/em> de Benoit Jacquot, pr\u00e9sent\u00e9 en ouverture du 63<sup>\u00e8me<\/sup> Festival del film Locarno l\u2019\u00e9t\u00e9 dernier, est une histoire de d\u00e9sir et d\u2019envo\u00fbtement. Tr\u00e8s surprenant et m\u00eame sid\u00e9rant par moments, il s\u2019inscrit n\u00e9anmoins dans une \u0153uvre qui s\u2019est souvent prise au jeu de suivre au plus pr\u00e8s les mouvements du c\u0153ur, du corps et de l\u2019esprit d\u2019une jeune femme, tenter de capter les subtiles variations du passage de l\u2019adolescence \u00e0 l\u2019\u00e2ge adulte. M\u00eame si cette transformation s\u2019effectue cette fois-ci sous le r\u00e8gne de la violence et de la folie. En 1865, un gar\u00e7on sauvage, avec des talents de magn\u00e9tiseurs, hypnose la fille du m\u00e9decin de campagne qui l\u2019a h\u00e9berg\u00e9, et abuse d\u2019elle. Il enl\u00e8ve la jeune fille au fond des bois et conna\u00eet avec elle une intense relation charnelle. La police met la main sur le couple en cavale. Le consentement physique et moral de la \u00ab\u00a0victime\u00a0\u00bb (ou non) devient la question centrale du proc\u00e8s qui va suivre.<br \/>\nLe th\u00e8me de la fuite est au c\u0153ur de l\u2019\u0153uvre de Jacquot. L\u2019hypnose et la sexualit\u00e9 f\u00e9minine traversaient d\u00e9j\u00e0 le tr\u00e8s contemporain <em>Septi\u00e8me Ciel<\/em> en 1997, plac\u00e9 sous le signe de Jacques Lacan, auquel Jacquot avait consacr\u00e9 un documentaire en 1974. Au moment de l\u2019action du film, nous sommes encore loin de la d\u00e9couverte de l\u2019inconscient par Freud et des r\u00e9flexions de Charcot sur l\u2019hyst\u00e9rie, mais un des pr\u00e9curseurs de la psychanalyse, l\u2019Allemand Mesmer, fondateur de la th\u00e9orie du magn\u00e9tisme animal, conna\u00eet encore une influence importante et controvers\u00e9e dans les milieux m\u00e9dicaux.<br \/>\nIci, l\u2019histoire du rapt est r\u00e9v\u00e9latrice de deux bouleversements\u00a0: l\u2019\u00e9veil physique et sensuel de la jeune femme, et le passage d\u2019un monde t\u00e9n\u00e9breux, rural et magique \u00e0 l\u2019av\u00e8nement d\u2019une nouvelle \u00e8re, moderne et industrielle qui est signifi\u00e9e lors du dernier plan du film. Le monde change, la question du sexe, part animale et irrationnelle de l\u2019homme, va bient\u00f4t devenir un objet d\u2019\u00e9tude scientifique.<br \/>\n<\/span><\/p>\n<div id=\"attachment_1285\" style=\"width: 1034px\" class=\"wp-caption aligncenter\"><a href=\"http:\/\/olivierpere.wordpress.com\/2011\/07\/01\/au-fond-des-bois-de-benoit-jacquot\/epson-dsc-picture\/\" rel=\"attachment wp-att-1285\"><img aria-describedby=\"caption-attachment-1285\" decoding=\"async\" loading=\"lazy\" class=\"size-large wp-image-1285\" title=\"Isild le Besco et Nahuel Perez Biscayart dans Au fond des bois.\" src=\"https:\/\/www.arte.tv\/sites\/olivierpere\/files\/2011\/06\/copyrgihtjowanlebesco.jpg?w=1024\" alt=\"Isild le Besco et Nahuel Perez Biscayart dans Au fond des bois.\" width=\"1024\" height=\"680\" srcset=\"https:\/\/www.arte.tv\/sites\/olivierpere\/files\/2011\/06\/copyrgihtjowanlebesco.jpg 3008w, https:\/\/www.arte.tv\/sites\/olivierpere\/files\/2011\/06\/copyrgihtjowanlebesco-421x280.jpg 421w, https:\/\/www.arte.tv\/sites\/olivierpere\/files\/2011\/06\/copyrgihtjowanlebesco-1024x680.jpg 1024w, https:\/\/www.arte.tv\/sites\/olivierpere\/files\/2011\/06\/copyrgihtjowanlebesco-580x385.jpg 580w\" sizes=\"(max-width: 1024px) 100vw, 1024px\" \/><\/a><p id=\"caption-attachment-1285\" class=\"wp-caption-text\">Isild le Besco et Nahuel Perez Biscayart dans <em>Au fond des bois<\/em> (2010).<\/p><\/div>\n<p><span style=\"font-family: arial;font-size: 10pt\"> Le cin\u00e9ma de Jacquot est \u00e0 la lisi\u00e8re du classicisme et de la modernit\u00e9, avec des influences litt\u00e9raires et cin\u00e9matographiques tr\u00e8s fran\u00e7aises (essentiellement Robert Bresson) mais aussi le go\u00fbt de la cin\u00e9philie am\u00e9ricaine qui transpara\u00eet dans les m\u00e9thodes de travail du cin\u00e9aste, son go\u00fbt de la commande et de la rapidit\u00e9 d\u2019ex\u00e9cution, loin de la posture du cin\u00e9ma d\u2019auteur europ\u00e9en. La mise en sc\u00e8ne inspir\u00e9e et nerveuse de Jacquot retrouve la vitesse (une \u00ab\u00a0vitesse lente\u00a0\u00bb) des s\u00e9ries B am\u00e9ricaines de Jacques Tourneur, ma\u00eetre du fantastique mais aussi du western. La nature sublim\u00e9e par le cin\u00e9aste, qui nous avait davantage habitu\u00e9 \u00e0 des films urbains et en int\u00e9rieurs, est une nature dynamique et accident\u00e9e. Rien de contemplatif dans son cin\u00e9ma. Le film peut \u00eatre vu comme des adieux cin\u00e9matographiques \u00e0 Isild Le Besco, film\u00e9e \u00e0 plusieurs reprises par le cin\u00e9aste depuis <em>Sade<\/em> en 2000 (<em>A tout de suite<\/em>, <em>L\u2019Intouchable<\/em>, autant de portraits amoureux) et qui irradie de sa beaut\u00e9 fi\u00e9vreuse et indomptable. De tous les plans, magnifique de sensualit\u00e9, elle est d\u00e9tentrice d\u2019un myst\u00e8re que le film ne pr\u00e9tend pas r\u00e9soudre mais que le cin\u00e9aste enregistre avec un m\u00e9lange de stupeur et d\u2019admiration.<em><br \/>\nAu fond des bois<\/em> compta parmi les meilleurs films fran\u00e7ais de l\u2019ann\u00e9e 2010. Il sort aujourd\u2019hui en DVD aux \u00e9ditions des films du Losange. Benoit Jacquot tourne actuellement un nouveau film historique, <em>Les Adieux \u00e0 la reine <\/em>d\u2019apr\u00e8s le roman de Chantal Thomas, sur la relation entre Marie-Antoinette et une des ses dames de compagnie. Aupr\u00e8s de Diane Kruger dans le r\u00f4le de la reine, on retrouvera L\u00e9a Seydoux, Virginie Ledoyen (d\u00e9j\u00e0 magnifiquement film\u00e9e par le cin\u00e9aste dans <em>La Fille seule<\/em>), No\u00e9mie Lvovsky, Lolita Chammah et le grand Jacques Nolot.<\/span><\/p>\n","protected":false},"excerpt":{"rendered":"<p>Au fond des bois de Benoit Jacquot, pr\u00e9sent\u00e9 en ouverture du 63\u00e8me Festival del film Locarno l\u2019\u00e9t\u00e9 dernier, est une\u2026<\/p>\n","protected":false},"author":116,"featured_media":10222,"comment_status":"open","ping_status":"open","sticky":false,"template":"","format":"standard","meta":[],"categories":[6],"tags":[],"yoast_head":"<!-- This site is optimized with the Yoast SEO plugin v20.8 - https:\/\/yoast.com\/wordpress\/plugins\/seo\/ -->\n<title>Au fond des bois de Beno\u00eet Jacquot  - Olivier P\u00e8re<\/title>\n<meta name=\"robots\" content=\"index, follow, max-snippet:-1, max-image-preview:large, max-video-preview:-1\" \/>\n<link rel=\"canonical\" href=\"https:\/\/www.arte.tv\/sites\/olivierpere\/2011\/07\/01\/au-fond-des-bois-de-benoit-jacquot\/\" \/>\n<meta property=\"og:locale\" content=\"fr_FR\" \/>\n<meta property=\"og:type\" content=\"article\" \/>\n<meta property=\"og:title\" content=\"Au fond des bois de Beno\u00eet Jacquot  - Olivier P\u00e8re\" \/>\n<meta property=\"og:description\" content=\"Au fond des bois de Benoit Jacquot, pr\u00e9sent\u00e9 en ouverture du 63\u00e8me Festival del film Locarno l\u2019\u00e9t\u00e9 dernier, est une\u2026\" \/>\n<meta property=\"og:url\" content=\"https:\/\/www.arte.tv\/sites\/olivierpere\/2011\/07\/01\/au-fond-des-bois-de-benoit-jacquot\/\" \/>\n<meta property=\"og:site_name\" content=\"Olivier P\u00e8re\" \/>\n<meta property=\"article:published_time\" content=\"2011-07-01T08:30:47+00:00\" \/>\n<meta property=\"article:modified_time\" content=\"2014-06-03T11:22:58+00:00\" \/>\n<meta property=\"og:image\" content=\"https:\/\/www.arte.tv\/sites\/olivierpere\/files\/2013\/07\/photo-Au-fond-des-bois-2010-4.jpg\" \/>\n\t<meta property=\"og:image:width\" content=\"1500\" \/>\n\t<meta property=\"og:image:height\" content=\"811\" \/>\n\t<meta property=\"og:image:type\" content=\"image\/jpeg\" \/>\n<meta name=\"author\" content=\"Olivier P\u00e8re\" \/>\n<meta name=\"twitter:label1\" content=\"\u00c9crit par\" \/>\n\t<meta name=\"twitter:data1\" content=\"Olivier P\u00e8re\" \/>\n\t<meta name=\"twitter:label2\" content=\"Dur\u00e9e de lecture estim\u00e9e\" \/>\n\t<meta name=\"twitter:data2\" content=\"4 minutes\" \/>\n<script type=\"application\/ld+json\" class=\"yoast-schema-graph\">{\"@context\":\"https:\/\/schema.org\",\"@graph\":[{\"@type\":\"WebPage\",\"@id\":\"https:\/\/www.arte.tv\/sites\/olivierpere\/2011\/07\/01\/au-fond-des-bois-de-benoit-jacquot\/\",\"url\":\"https:\/\/www.arte.tv\/sites\/olivierpere\/2011\/07\/01\/au-fond-des-bois-de-benoit-jacquot\/\",\"name\":\"Au fond des bois de Beno\u00eet Jacquot - Olivier P\u00e8re\",\"isPartOf\":{\"@id\":\"https:\/\/www.arte.tv\/sites\/olivierpere\/#website\"},\"datePublished\":\"2011-07-01T08:30:47+00:00\",\"dateModified\":\"2014-06-03T11:22:58+00:00\",\"author\":{\"@id\":\"https:\/\/www.arte.tv\/sites\/olivierpere\/#\/schema\/person\/dc32cd6c79be95e52d43b97a74182558\"},\"breadcrumb\":{\"@id\":\"https:\/\/www.arte.tv\/sites\/olivierpere\/2011\/07\/01\/au-fond-des-bois-de-benoit-jacquot\/#breadcrumb\"},\"inLanguage\":\"fr-FR\",\"potentialAction\":[{\"@type\":\"ReadAction\",\"target\":[\"https:\/\/www.arte.tv\/sites\/olivierpere\/2011\/07\/01\/au-fond-des-bois-de-benoit-jacquot\/\"]}]},{\"@type\":\"BreadcrumbList\",\"@id\":\"https:\/\/www.arte.tv\/sites\/olivierpere\/2011\/07\/01\/au-fond-des-bois-de-benoit-jacquot\/#breadcrumb\",\"itemListElement\":[{\"@type\":\"ListItem\",\"position\":1,\"name\":\"Home\",\"item\":\"https:\/\/www.arte.tv\/sites\/olivierpere\/\"},{\"@type\":\"ListItem\",\"position\":2,\"name\":\"Au fond des bois de Beno\u00eet Jacquot\"}]},{\"@type\":\"WebSite\",\"@id\":\"https:\/\/www.arte.tv\/sites\/olivierpere\/#website\",\"url\":\"https:\/\/www.arte.tv\/sites\/olivierpere\/\",\"name\":\"Olivier P\u00e8re\",\"description\":\"\",\"potentialAction\":[{\"@type\":\"SearchAction\",\"target\":{\"@type\":\"EntryPoint\",\"urlTemplate\":\"https:\/\/www.arte.tv\/sites\/olivierpere\/?s={search_term_string}\"},\"query-input\":\"required name=search_term_string\"}],\"inLanguage\":\"fr-FR\"},{\"@type\":\"Person\",\"@id\":\"https:\/\/www.arte.tv\/sites\/olivierpere\/#\/schema\/person\/dc32cd6c79be95e52d43b97a74182558\",\"name\":\"Olivier P\u00e8re\",\"image\":{\"@type\":\"ImageObject\",\"inLanguage\":\"fr-FR\",\"@id\":\"https:\/\/www.arte.tv\/sites\/olivierpere\/#\/schema\/person\/image\/\",\"url\":\"https:\/\/secure.gravatar.com\/avatar\/bdea7b6a2c195e2c41772429a9694758?s=96&d=mm&r=g\",\"contentUrl\":\"https:\/\/secure.gravatar.com\/avatar\/bdea7b6a2c195e2c41772429a9694758?s=96&d=mm&r=g\",\"caption\":\"Olivier P\u00e8re\"},\"url\":\"https:\/\/www.arte.tv\/sites\/olivierpere\/author\/pereolivier\/\"}]}<\/script>\n<!-- \/ Yoast SEO plugin. -->","yoast_head_json":{"title":"Au fond des bois de Beno\u00eet Jacquot  - Olivier P\u00e8re","robots":{"index":"index","follow":"follow","max-snippet":"max-snippet:-1","max-image-preview":"max-image-preview:large","max-video-preview":"max-video-preview:-1"},"canonical":"https:\/\/www.arte.tv\/sites\/olivierpere\/2011\/07\/01\/au-fond-des-bois-de-benoit-jacquot\/","og_locale":"fr_FR","og_type":"article","og_title":"Au fond des bois de Beno\u00eet Jacquot  - Olivier P\u00e8re","og_description":"Au fond des bois de Benoit Jacquot, pr\u00e9sent\u00e9 en ouverture du 63\u00e8me Festival del film Locarno l\u2019\u00e9t\u00e9 dernier, est une\u2026","og_url":"https:\/\/www.arte.tv\/sites\/olivierpere\/2011\/07\/01\/au-fond-des-bois-de-benoit-jacquot\/","og_site_name":"Olivier P\u00e8re","article_published_time":"2011-07-01T08:30:47+00:00","article_modified_time":"2014-06-03T11:22:58+00:00","og_image":[{"width":1500,"height":811,"url":"https:\/\/www.arte.tv\/sites\/olivierpere\/files\/2013\/07\/photo-Au-fond-des-bois-2010-4.jpg","type":"image\/jpeg"}],"author":"Olivier P\u00e8re","twitter_misc":{"\u00c9crit par":"Olivier P\u00e8re","Dur\u00e9e de lecture estim\u00e9e":"4 minutes"},"schema":{"@context":"https:\/\/schema.org","@graph":[{"@type":"WebPage","@id":"https:\/\/www.arte.tv\/sites\/olivierpere\/2011\/07\/01\/au-fond-des-bois-de-benoit-jacquot\/","url":"https:\/\/www.arte.tv\/sites\/olivierpere\/2011\/07\/01\/au-fond-des-bois-de-benoit-jacquot\/","name":"Au fond des bois de Beno\u00eet Jacquot - Olivier P\u00e8re","isPartOf":{"@id":"https:\/\/www.arte.tv\/sites\/olivierpere\/#website"},"datePublished":"2011-07-01T08:30:47+00:00","dateModified":"2014-06-03T11:22:58+00:00","author":{"@id":"https:\/\/www.arte.tv\/sites\/olivierpere\/#\/schema\/person\/dc32cd6c79be95e52d43b97a74182558"},"breadcrumb":{"@id":"https:\/\/www.arte.tv\/sites\/olivierpere\/2011\/07\/01\/au-fond-des-bois-de-benoit-jacquot\/#breadcrumb"},"inLanguage":"fr-FR","potentialAction":[{"@type":"ReadAction","target":["https:\/\/www.arte.tv\/sites\/olivierpere\/2011\/07\/01\/au-fond-des-bois-de-benoit-jacquot\/"]}]},{"@type":"BreadcrumbList","@id":"https:\/\/www.arte.tv\/sites\/olivierpere\/2011\/07\/01\/au-fond-des-bois-de-benoit-jacquot\/#breadcrumb","itemListElement":[{"@type":"ListItem","position":1,"name":"Home","item":"https:\/\/www.arte.tv\/sites\/olivierpere\/"},{"@type":"ListItem","position":2,"name":"Au fond des bois de Beno\u00eet Jacquot"}]},{"@type":"WebSite","@id":"https:\/\/www.arte.tv\/sites\/olivierpere\/#website","url":"https:\/\/www.arte.tv\/sites\/olivierpere\/","name":"Olivier P\u00e8re","description":"","potentialAction":[{"@type":"SearchAction","target":{"@type":"EntryPoint","urlTemplate":"https:\/\/www.arte.tv\/sites\/olivierpere\/?s={search_term_string}"},"query-input":"required name=search_term_string"}],"inLanguage":"fr-FR"},{"@type":"Person","@id":"https:\/\/www.arte.tv\/sites\/olivierpere\/#\/schema\/person\/dc32cd6c79be95e52d43b97a74182558","name":"Olivier P\u00e8re","image":{"@type":"ImageObject","inLanguage":"fr-FR","@id":"https:\/\/www.arte.tv\/sites\/olivierpere\/#\/schema\/person\/image\/","url":"https:\/\/secure.gravatar.com\/avatar\/bdea7b6a2c195e2c41772429a9694758?s=96&d=mm&r=g","contentUrl":"https:\/\/secure.gravatar.com\/avatar\/bdea7b6a2c195e2c41772429a9694758?s=96&d=mm&r=g","caption":"Olivier P\u00e8re"},"url":"https:\/\/www.arte.tv\/sites\/olivierpere\/author\/pereolivier\/"}]}},"_links":{"self":[{"href":"https:\/\/www.arte.tv\/sites\/olivierpere\/wp-json\/wp\/v2\/posts\/1280"}],"collection":[{"href":"https:\/\/www.arte.tv\/sites\/olivierpere\/wp-json\/wp\/v2\/posts"}],"about":[{"href":"https:\/\/www.arte.tv\/sites\/olivierpere\/wp-json\/wp\/v2\/types\/post"}],"author":[{"embeddable":true,"href":"https:\/\/www.arte.tv\/sites\/olivierpere\/wp-json\/wp\/v2\/users\/116"}],"replies":[{"embeddable":true,"href":"https:\/\/www.arte.tv\/sites\/olivierpere\/wp-json\/wp\/v2\/comments?post=1280"}],"version-history":[{"count":1,"href":"https:\/\/www.arte.tv\/sites\/olivierpere\/wp-json\/wp\/v2\/posts\/1280\/revisions"}],"predecessor-version":[{"id":12961,"href":"https:\/\/www.arte.tv\/sites\/olivierpere\/wp-json\/wp\/v2\/posts\/1280\/revisions\/12961"}],"wp:featuredmedia":[{"embeddable":true,"href":"https:\/\/www.arte.tv\/sites\/olivierpere\/wp-json\/wp\/v2\/media\/10222"}],"wp:attachment":[{"href":"https:\/\/www.arte.tv\/sites\/olivierpere\/wp-json\/wp\/v2\/media?parent=1280"}],"wp:term":[{"taxonomy":"category","embeddable":true,"href":"https:\/\/www.arte.tv\/sites\/olivierpere\/wp-json\/wp\/v2\/categories?post=1280"},{"taxonomy":"post_tag","embeddable":true,"href":"https:\/\/www.arte.tv\/sites\/olivierpere\/wp-json\/wp\/v2\/tags?post=1280"}],"curies":[{"name":"wp","href":"https:\/\/api.w.org\/{rel}","templated":true}]}}