{"id":12040,"date":"2014-03-15T14:35:49","date_gmt":"2014-03-15T13:35:49","guid":{"rendered":"https:\/\/www.arte.tv\/sites\/olivierpere\/?p=12040"},"modified":"2020-03-28T11:21:29","modified_gmt":"2020-03-28T10:21:29","slug":"un-papillon-sur-lepaule-de-jacques-deray","status":"publish","type":"post","link":"https:\/\/www.arte.tv\/sites\/olivierpere\/2014\/03\/15\/un-papillon-sur-lepaule-de-jacques-deray\/","title":{"rendered":"Un papillon sur l\u2019\u00e9paule de Jacques Deray"},"content":{"rendered":"<p>ARTE diffuse demain soir \u00e0 20h45 <em>Un papillon sur l\u2019\u00e9paule<\/em> (1978) de Jacques Deray. Roland Ferriaux (Lino Ventura), marin en escale \u00e0 Barcelone, est assomm\u00e9 dans son h\u00f4tel apr\u00e8s avoir aper\u00e7u un cadavre dans la chambre mitoyenne de la sienne. Il se r\u00e9veille dans une \u00e9trange clinique o\u00f9 il est interrog\u00e9 par un non moins \u00e9trange docteur et d\u00e9couvre peu \u00e0 peu qu\u2019il est impliqu\u00e9 par erreur dans la guerre sans merci \u00e0 laquelle se livrent deux organisations secr\u00e8tes ennemies. Cet \u00e9trange thriller occupe une place \u00e0 part dans la filmographie de Jacques Deray, qui s\u2019aventure, avec la complicit\u00e9 de Jean-Claude Carri\u00e8re (sc\u00e9nariste attitr\u00e9 des derniers films de Luis Bu\u00f1uel) et de Tonino Guerra (sc\u00e9nariste d\u2019Antonioni) du c\u00f4t\u00e9 d\u2019Hitchcock, Kafka, Borges\u2026 Cet artisan du cin\u00e9ma commercial fran\u00e7ais exprime ici des ambitions m\u00e9taphysiques, se gardant bien d\u2019\u00e9lucider les p\u00e9rip\u00e9ties, absences, personnages inqui\u00e9tants et meurtres qui jalonnent le r\u00e9cit pour exag\u00e9rer au contraire la dimension absurde et all\u00e9gorique du cauchemar \u00e9veill\u00e9 dans lequel Ferriaux se retrouve plong\u00e9 \u00e0 peine arriv\u00e9 \u00e0 Barcelone. Lino Ventura, grande vedette du cin\u00e9ma populaire, aim\u00e9 du grand public, \u00e9tait un formidable acteur au registre plus subtil qu\u2019on le pense. Toujours juste, tr\u00e8s \u00e0 l\u2019aise dans le polar et l\u2019action virile il participa \u00e9galement \u00e0 des films exceptionnels comme <em>Cadavres Exquis<\/em> de Francesco Rosi ou <em>L\u2019Arm\u00e9e des ombres<\/em> de Jean-Pierre Melville. <em>Un papillon sur l\u2019\u00e9paule<\/em> b\u00e9n\u00e9ficie de la pr\u00e9sence dans des seconds r\u00f4les de Jean Bouise en \u00e9nigmatique directeur d\u2019une clinique fant\u00f4me et de Paul Crauchet, patient dont la folie est sugg\u00e9r\u00e9e par un papillon invisible qu\u2019il tient sur son \u00e9paule, et donne son titre au film.<\/p>\n<p><em>Un papillon sur l\u2019\u00e9paule<\/em>, diffus\u00e9 en HD, sera \u00e9galement visible en replay sur ARTE+7.<\/p>\n","protected":false},"excerpt":{"rendered":"<p>ARTE diffuse demain soir \u00e0 20h45 Un papillon sur l\u2019\u00e9paule (1978) de Jacques Deray. Roland Ferriaux (Lino Ventura), marin en\u2026<\/p>\n","protected":false},"author":116,"featured_media":0,"comment_status":"open","ping_status":"open","sticky":false,"template":"","format":"standard","meta":[],"categories":[1],"tags":[],"yoast_head":"<!-- This site is optimized with the Yoast SEO plugin v20.8 - https:\/\/yoast.com\/wordpress\/plugins\/seo\/ -->\n<title>Un papillon sur l\u2019\u00e9paule de Jacques Deray - Olivier P\u00e8re<\/title>\n<meta name=\"robots\" content=\"index, follow, max-snippet:-1, max-image-preview:large, max-video-preview:-1\" \/>\n<link rel=\"canonical\" href=\"https:\/\/www.arte.tv\/sites\/olivierpere\/2014\/03\/15\/un-papillon-sur-lepaule-de-jacques-deray\/\" \/>\n<meta property=\"og:locale\" content=\"fr_FR\" \/>\n<meta property=\"og:type\" content=\"article\" \/>\n<meta property=\"og:title\" content=\"Un papillon sur l\u2019\u00e9paule de Jacques Deray - Olivier P\u00e8re\" \/>\n<meta property=\"og:description\" content=\"ARTE diffuse demain soir \u00e0 20h45 Un papillon sur l\u2019\u00e9paule (1978) de Jacques Deray. Roland Ferriaux (Lino Ventura), marin en\u2026\" \/>\n<meta property=\"og:url\" content=\"https:\/\/www.arte.tv\/sites\/olivierpere\/2014\/03\/15\/un-papillon-sur-lepaule-de-jacques-deray\/\" \/>\n<meta property=\"og:site_name\" content=\"Olivier P\u00e8re\" \/>\n<meta property=\"article:published_time\" content=\"2014-03-15T13:35:49+00:00\" \/>\n<meta property=\"article:modified_time\" content=\"2020-03-28T10:21:29+00:00\" \/>\n<meta name=\"author\" content=\"Olivier P\u00e8re\" \/>\n<meta name=\"twitter:label1\" content=\"\u00c9crit par\" \/>\n\t<meta name=\"twitter:data1\" content=\"Olivier P\u00e8re\" \/>\n\t<meta name=\"twitter:label2\" content=\"Dur\u00e9e de lecture estim\u00e9e\" \/>\n\t<meta name=\"twitter:data2\" content=\"2 minutes\" \/>\n<script type=\"application\/ld+json\" class=\"yoast-schema-graph\">{\"@context\":\"https:\/\/schema.org\",\"@graph\":[{\"@type\":\"WebPage\",\"@id\":\"https:\/\/www.arte.tv\/sites\/olivierpere\/2014\/03\/15\/un-papillon-sur-lepaule-de-jacques-deray\/\",\"url\":\"https:\/\/www.arte.tv\/sites\/olivierpere\/2014\/03\/15\/un-papillon-sur-lepaule-de-jacques-deray\/\",\"name\":\"Un papillon sur l\u2019\u00e9paule de Jacques Deray - Olivier P\u00e8re\",\"isPartOf\":{\"@id\":\"https:\/\/www.arte.tv\/sites\/olivierpere\/#website\"},\"datePublished\":\"2014-03-15T13:35:49+00:00\",\"dateModified\":\"2020-03-28T10:21:29+00:00\",\"author\":{\"@id\":\"https:\/\/www.arte.tv\/sites\/olivierpere\/#\/schema\/person\/dc32cd6c79be95e52d43b97a74182558\"},\"breadcrumb\":{\"@id\":\"https:\/\/www.arte.tv\/sites\/olivierpere\/2014\/03\/15\/un-papillon-sur-lepaule-de-jacques-deray\/#breadcrumb\"},\"inLanguage\":\"fr-FR\",\"potentialAction\":[{\"@type\":\"ReadAction\",\"target\":[\"https:\/\/www.arte.tv\/sites\/olivierpere\/2014\/03\/15\/un-papillon-sur-lepaule-de-jacques-deray\/\"]}]},{\"@type\":\"BreadcrumbList\",\"@id\":\"https:\/\/www.arte.tv\/sites\/olivierpere\/2014\/03\/15\/un-papillon-sur-lepaule-de-jacques-deray\/#breadcrumb\",\"itemListElement\":[{\"@type\":\"ListItem\",\"position\":1,\"name\":\"Home\",\"item\":\"https:\/\/www.arte.tv\/sites\/olivierpere\/\"},{\"@type\":\"ListItem\",\"position\":2,\"name\":\"Un papillon sur l\u2019\u00e9paule de Jacques Deray\"}]},{\"@type\":\"WebSite\",\"@id\":\"https:\/\/www.arte.tv\/sites\/olivierpere\/#website\",\"url\":\"https:\/\/www.arte.tv\/sites\/olivierpere\/\",\"name\":\"Olivier P\u00e8re\",\"description\":\"\",\"potentialAction\":[{\"@type\":\"SearchAction\",\"target\":{\"@type\":\"EntryPoint\",\"urlTemplate\":\"https:\/\/www.arte.tv\/sites\/olivierpere\/?s={search_term_string}\"},\"query-input\":\"required name=search_term_string\"}],\"inLanguage\":\"fr-FR\"},{\"@type\":\"Person\",\"@id\":\"https:\/\/www.arte.tv\/sites\/olivierpere\/#\/schema\/person\/dc32cd6c79be95e52d43b97a74182558\",\"name\":\"Olivier P\u00e8re\",\"image\":{\"@type\":\"ImageObject\",\"inLanguage\":\"fr-FR\",\"@id\":\"https:\/\/www.arte.tv\/sites\/olivierpere\/#\/schema\/person\/image\/\",\"url\":\"https:\/\/secure.gravatar.com\/avatar\/bdea7b6a2c195e2c41772429a9694758?s=96&d=mm&r=g\",\"contentUrl\":\"https:\/\/secure.gravatar.com\/avatar\/bdea7b6a2c195e2c41772429a9694758?s=96&d=mm&r=g\",\"caption\":\"Olivier P\u00e8re\"},\"url\":\"https:\/\/www.arte.tv\/sites\/olivierpere\/author\/pereolivier\/\"}]}<\/script>\n<!-- \/ Yoast SEO plugin. -->","yoast_head_json":{"title":"Un papillon sur l\u2019\u00e9paule de Jacques Deray - Olivier P\u00e8re","robots":{"index":"index","follow":"follow","max-snippet":"max-snippet:-1","max-image-preview":"max-image-preview:large","max-video-preview":"max-video-preview:-1"},"canonical":"https:\/\/www.arte.tv\/sites\/olivierpere\/2014\/03\/15\/un-papillon-sur-lepaule-de-jacques-deray\/","og_locale":"fr_FR","og_type":"article","og_title":"Un papillon sur l\u2019\u00e9paule de Jacques Deray - Olivier P\u00e8re","og_description":"ARTE diffuse demain soir \u00e0 20h45 Un papillon sur l\u2019\u00e9paule (1978) de Jacques Deray. Roland Ferriaux (Lino Ventura), marin en\u2026","og_url":"https:\/\/www.arte.tv\/sites\/olivierpere\/2014\/03\/15\/un-papillon-sur-lepaule-de-jacques-deray\/","og_site_name":"Olivier P\u00e8re","article_published_time":"2014-03-15T13:35:49+00:00","article_modified_time":"2020-03-28T10:21:29+00:00","author":"Olivier P\u00e8re","twitter_misc":{"\u00c9crit par":"Olivier P\u00e8re","Dur\u00e9e de lecture estim\u00e9e":"2 minutes"},"schema":{"@context":"https:\/\/schema.org","@graph":[{"@type":"WebPage","@id":"https:\/\/www.arte.tv\/sites\/olivierpere\/2014\/03\/15\/un-papillon-sur-lepaule-de-jacques-deray\/","url":"https:\/\/www.arte.tv\/sites\/olivierpere\/2014\/03\/15\/un-papillon-sur-lepaule-de-jacques-deray\/","name":"Un papillon sur l\u2019\u00e9paule de Jacques Deray - Olivier P\u00e8re","isPartOf":{"@id":"https:\/\/www.arte.tv\/sites\/olivierpere\/#website"},"datePublished":"2014-03-15T13:35:49+00:00","dateModified":"2020-03-28T10:21:29+00:00","author":{"@id":"https:\/\/www.arte.tv\/sites\/olivierpere\/#\/schema\/person\/dc32cd6c79be95e52d43b97a74182558"},"breadcrumb":{"@id":"https:\/\/www.arte.tv\/sites\/olivierpere\/2014\/03\/15\/un-papillon-sur-lepaule-de-jacques-deray\/#breadcrumb"},"inLanguage":"fr-FR","potentialAction":[{"@type":"ReadAction","target":["https:\/\/www.arte.tv\/sites\/olivierpere\/2014\/03\/15\/un-papillon-sur-lepaule-de-jacques-deray\/"]}]},{"@type":"BreadcrumbList","@id":"https:\/\/www.arte.tv\/sites\/olivierpere\/2014\/03\/15\/un-papillon-sur-lepaule-de-jacques-deray\/#breadcrumb","itemListElement":[{"@type":"ListItem","position":1,"name":"Home","item":"https:\/\/www.arte.tv\/sites\/olivierpere\/"},{"@type":"ListItem","position":2,"name":"Un papillon sur l\u2019\u00e9paule de Jacques Deray"}]},{"@type":"WebSite","@id":"https:\/\/www.arte.tv\/sites\/olivierpere\/#website","url":"https:\/\/www.arte.tv\/sites\/olivierpere\/","name":"Olivier P\u00e8re","description":"","potentialAction":[{"@type":"SearchAction","target":{"@type":"EntryPoint","urlTemplate":"https:\/\/www.arte.tv\/sites\/olivierpere\/?s={search_term_string}"},"query-input":"required name=search_term_string"}],"inLanguage":"fr-FR"},{"@type":"Person","@id":"https:\/\/www.arte.tv\/sites\/olivierpere\/#\/schema\/person\/dc32cd6c79be95e52d43b97a74182558","name":"Olivier P\u00e8re","image":{"@type":"ImageObject","inLanguage":"fr-FR","@id":"https:\/\/www.arte.tv\/sites\/olivierpere\/#\/schema\/person\/image\/","url":"https:\/\/secure.gravatar.com\/avatar\/bdea7b6a2c195e2c41772429a9694758?s=96&d=mm&r=g","contentUrl":"https:\/\/secure.gravatar.com\/avatar\/bdea7b6a2c195e2c41772429a9694758?s=96&d=mm&r=g","caption":"Olivier P\u00e8re"},"url":"https:\/\/www.arte.tv\/sites\/olivierpere\/author\/pereolivier\/"}]}},"_links":{"self":[{"href":"https:\/\/www.arte.tv\/sites\/olivierpere\/wp-json\/wp\/v2\/posts\/12040"}],"collection":[{"href":"https:\/\/www.arte.tv\/sites\/olivierpere\/wp-json\/wp\/v2\/posts"}],"about":[{"href":"https:\/\/www.arte.tv\/sites\/olivierpere\/wp-json\/wp\/v2\/types\/post"}],"author":[{"embeddable":true,"href":"https:\/\/www.arte.tv\/sites\/olivierpere\/wp-json\/wp\/v2\/users\/116"}],"replies":[{"embeddable":true,"href":"https:\/\/www.arte.tv\/sites\/olivierpere\/wp-json\/wp\/v2\/comments?post=12040"}],"version-history":[{"count":2,"href":"https:\/\/www.arte.tv\/sites\/olivierpere\/wp-json\/wp\/v2\/posts\/12040\/revisions"}],"predecessor-version":[{"id":24574,"href":"https:\/\/www.arte.tv\/sites\/olivierpere\/wp-json\/wp\/v2\/posts\/12040\/revisions\/24574"}],"wp:attachment":[{"href":"https:\/\/www.arte.tv\/sites\/olivierpere\/wp-json\/wp\/v2\/media?parent=12040"}],"wp:term":[{"taxonomy":"category","embeddable":true,"href":"https:\/\/www.arte.tv\/sites\/olivierpere\/wp-json\/wp\/v2\/categories?post=12040"},{"taxonomy":"post_tag","embeddable":true,"href":"https:\/\/www.arte.tv\/sites\/olivierpere\/wp-json\/wp\/v2\/tags?post=12040"}],"curies":[{"name":"wp","href":"https:\/\/api.w.org\/{rel}","templated":true}]}}