{"id":11962,"date":"2014-03-08T09:17:15","date_gmt":"2014-03-08T08:17:15","guid":{"rendered":"https:\/\/www.arte.tv\/sites\/olivierpere\/?p=11962"},"modified":"2020-04-12T10:01:26","modified_gmt":"2020-04-12T09:01:26","slug":"arte-france-cinema-coproduit-les-prochains-films-de-christoph-hochhausler-andreas-dresen-et-werner-herzog","status":"publish","type":"post","link":"https:\/\/www.arte.tv\/sites\/olivierpere\/2014\/03\/08\/arte-france-cinema-coproduit-les-prochains-films-de-christoph-hochhausler-andreas-dresen-et-werner-herzog\/","title":{"rendered":"ARTE France Cin\u00e9ma coproduit les prochains films de Christoph Hochh\u00e4usler, Andreas Dresen et Werner Herzog"},"content":{"rendered":"<p>En janvier 1996, ARTE et ses partenaires ARTE France, l&rsquo;ARD et la ZDF d\u00e9cidaient de r\u00e9unir leurs forces et signaient un accord de coproduction cin\u00e9matographique. Cr\u00e9\u00e9 \u00e0 l&rsquo;initiative de Heinz Ungureit de la ZDF, cet accord a pour objectif majeur d&rsquo;apporter chaque ann\u00e9e une contribution plus substantielle \u00e0 six films de grands r\u00e9alisateurs. Pour la diffusion, il permet de renforcer l&rsquo;exposition du cin\u00e9ma europ\u00e9en \u00e0 travers ses grands auteurs. La s\u00e9lection \u00e9ditoriale est orient\u00e9e par la dimension internationale du projet, de la production ou de l&rsquo;auteur et exclut les premiers films. Bien qu&rsquo;appel\u00e9 commun\u00e9ment \u00ab Grand Accord Franco-Allemand \u00bb par la profession, il n&rsquo;a pas vocation \u00e0 se concentrer sur des coproductions de films fran\u00e7ais ou allemands, celles-ci entrant dans la mission de coproduction nationale de chaque p\u00f4le. Son intention est, d\u00e8s l&rsquo;origine, de promouvoir les coproductions europ\u00e9ennes qui encouragent ARTE dans sa volont\u00e9 de contribuer \u00e0 la vitalit\u00e9 d&rsquo;un cin\u00e9ma original et courageux, o\u00f9 la libert\u00e9 de ton le dispute \u00e0 l&rsquo;audace de la forme.<\/p>\n<p>Si\u00e8gent actuellement au comit\u00e9 de s\u00e9lection Andreas Schreitm\u00fcller (ARTE G.E.I.E.), Gebhard Henke (WDR), Meinholf Zurhorst (ZDF) et moi-m\u00eame. Ce comit\u00e9 se r\u00e9unit cinq fois par an pour d\u00e9cider de la coproduction en commun de six films. L&rsquo;unanimit\u00e9 est requise. Les films sont propos\u00e9s par les deux pays (trois chacun.) Les six films du Grand Accord entrent dans le quota de la vingtaine de films coproduits annuellement par ARTE France Cin\u00e9ma.<\/p>\n<p>Les trois films d&rsquo;initiative fran\u00e7aise sont pr\u00e9alablement s\u00e9lectionn\u00e9s par le comit\u00e9 de s\u00e9lection d\u2019ARTE France Cin\u00e9ma. Les trois films d&rsquo;initiative allemande ne sont pas soumis \u00e0 la validation du comit\u00e9 de S\u00e9lection d\u2019ARTE France Cin\u00e9ma. Dans tous les cas, le film qui b\u00e9n\u00e9ficie du Grand Accord Europ\u00e9en doit avoir un producteur fran\u00e7ais et un producteur allemand, ainsi qu\u2019un distributeur dans chacun des deux pays.<\/p>\n<p>Depuis un an les films d\u2019initiative fran\u00e7aise ayant obtenu le Grand Accord sont <i>Clouds of Sils Maria<\/i> d\u2019Olivier Assayas, <i>3 C\u0153urs<\/i> de Benoit Jacquot, <i>Les Mille et Une Nuits<\/i> de Miguel Gomes et <i>Mia madre<\/i> de Nanni Moretti, actuellement en postproduction (pour les deux premiers) ou en tournage (pour les deux autres), d\u00e9j\u00e0 pr\u00e9sent\u00e9s ici et dont les sorties en salles sont pr\u00e9vues courant 2014 et 2015.<\/p>\n<p>Les films d\u2019initiative allemande sont les nouveaux longs m\u00e9trages de Christoph Hochh\u00e4usler, Andreas Dresen, Werner Herzog auxquels on ajoutera <i>Diplomatie<\/i> de Volker Schl\u00f6ndorff, long m\u00e9trage en langue fran\u00e7aise interpr\u00e9t\u00e9 par Andr\u00e9 Dussollier et Niels Arestrup adapt\u00e9 de la pi\u00e8ce de Cyril G\u00e9ly, produit par Film Oblige, coproduit par Gaumont et Blueprint Film, qui vient de sortir en salles en France mercredi, avec une r\u00e9ponse enthousiaste des spectateurs.<\/p>\n<p><i>Lichtjahre<\/i> (\u00ab\u00a0les ann\u00e9es lumi\u00e8re\u00a0\u00bb), quatri\u00e8me long m\u00e9trage de Christoph Hochh\u00e4usler (<i>Le Bois lact\u00e9, L\u2019Imposteur, Sous toi, la ville<\/i>) jeune auteur talentueux de la nouvelle \u00e9cole berlinoise est en cours de mixage. Produit par Heimatfilm en Allemagne, avec la participation de MACT Productions en France, ce film tr\u00e8s attendu pourrait marquer un tournant dans la filmographie de Hochh\u00e4usler puisqu\u2019il s\u2019agit d\u2019une histoire d\u2019espionnage dans les eaux troubles du journalisme et de la politique, toujours aussi ambitieux sur le plan formel et narratif mais r\u00e9pondant davantage aux codes du thriller que les pr\u00e9c\u00e9dents drames du cin\u00e9aste.<\/p>\n<p>N\u00e9 en 1963 en RDA, Andreas Dresen est un cin\u00e9aste tr\u00e8s prolifique, tant pour le grand que le petit \u00e9cran, qui nous avait beaucoup impressionn\u00e9 avec deux films d\u00e9couverts au Festival de Cannes dans la section Un Certain Regard\u00a0: <i>7<sup>i\u00e8me<\/sup> Ciel<\/i> (<i>Wolke 9<\/i>) en 2008 sur une \u00e9tonnante passion adult\u00e9rine entre deux personnes \u00e2g\u00e9es et surtout <i>Pour lui<\/i> (<i>Halt auf freier Strecke<\/i>) en 2011 qui d\u00e9crivait avec un r\u00e9alisme saisissant et une absence totale d\u2019apitoiement la longe agonie d\u2019un homme atteint d\u2019une tumeur au cerveau, entour\u00e9 de sa famille. Son nouveau long m\u00e9trage en postproduction, <i>Als wir tra\u00fcmten<\/i> (\u00ab\u00a0quand nous r\u00eavions\u00a0\u00bb), adapt\u00e9 d\u2019un roman \u00e0 succ\u00e8s de Clemens Meyer publi\u00e9 en 2006 propose la chronique d\u2019une bande de jeunes amis, entre r\u00eaves de r\u00e9ussite, d\u00e9linquance et r\u00e9bellion, peu de temps avant la chute du mur de Berlin, en R\u00e9publique D\u00e9mocratique Allemande. Cet \u00ab\u00a0il \u00e9tait une fois en Allemagne de l\u2019Est\u00a0\u00bb est produit par Rommel Film et coproduit par Cin\u00e9ma Defacto.<\/p>\n<p>\u00ab\u00a0Last but not least\u00a0\u00bb, l\u2019hyperactif Werner Herzog (photo en t\u00eate de texte) pr\u00e9pare pour un tournage cette ann\u00e9e <i>Vernon God Little<\/i>, son prochain long m\u00e9trage tourn\u00e9 aux Etats-Unis, d\u2019apr\u00e8s le roman \u00e9ponyme de DBC Pierre publi\u00e9 en 2003 et adapt\u00e9 pour le cin\u00e9ma par le sc\u00e9nariste anglais Andrew Birkin. Relatant les cons\u00e9quences d\u2019une fusillade mortelle dans un campus d\u2019une petite ville fronti\u00e8re du Texas, <i>Vernon God Little<\/i> est une com\u00e9die tr\u00e8s noire et une satire des m\u00e9dias sur l\u2019obsession d\u2019un pays pour la violence et la c\u00e9l\u00e9brit\u00e9, qui devrait permettre au cin\u00e9aste allemand de poursuivre sa passionnante \u00e9tude critique des Etats-Unis contemporain entreprise dans une s\u00e9rie de fictions et de documentaires (les derniers en date \u00e9tant le remarquable <i>Into the Abyss<\/i> et la s\u00e9rie t\u00e9l\u00e9vis\u00e9e <i>On Death Row<\/i>, tous deux consacr\u00e9s aux d\u00e9tenus condamn\u00e9s \u00e0 mort dans les prisons du Texas), tout en entretenant sa veine excentrique r\u00e9cemment illustr\u00e9e (en 2009) par une nouvelle version du <i>Bad Lieutenant<\/i> de Ferrara avec Nicolas Cage tourn\u00e9e \u00e0 la Nouvelle Orl\u00e9ans, et <i>My Son, My Son, What Have Ye Done<\/i> drame criminel sur un tueur mystique interpr\u00e9t\u00e9 par Michael Shannon. <i>Vernon God Little<\/i> est produit par X-Filme Creative Pool en Allemagne, avec Haut et Court comme coproducteur fran\u00e7ais.<\/p>\n","protected":false},"excerpt":{"rendered":"<p>En janvier 1996, ARTE et ses partenaires ARTE France, l&rsquo;ARD et la ZDF d\u00e9cidaient de r\u00e9unir leurs forces et signaient\u2026<\/p>\n","protected":false},"author":116,"featured_media":0,"comment_status":"open","ping_status":"open","sticky":false,"template":"","format":"standard","meta":[],"categories":[1],"tags":[],"yoast_head":"<!-- This site is optimized with the Yoast SEO plugin v20.8 - https:\/\/yoast.com\/wordpress\/plugins\/seo\/ -->\n<title>ARTE France Cin\u00e9ma coproduit les prochains films de Christoph Hochh\u00e4usler, Andreas Dresen et Werner Herzog - Olivier P\u00e8re<\/title>\n<meta name=\"robots\" content=\"index, follow, max-snippet:-1, max-image-preview:large, max-video-preview:-1\" \/>\n<link rel=\"canonical\" href=\"https:\/\/www.arte.tv\/sites\/olivierpere\/2014\/03\/08\/arte-france-cinema-coproduit-les-prochains-films-de-christoph-hochhausler-andreas-dresen-et-werner-herzog\/\" \/>\n<meta property=\"og:locale\" content=\"fr_FR\" \/>\n<meta property=\"og:type\" content=\"article\" \/>\n<meta property=\"og:title\" content=\"ARTE France Cin\u00e9ma coproduit les prochains films de Christoph Hochh\u00e4usler, Andreas Dresen et Werner Herzog - Olivier P\u00e8re\" \/>\n<meta property=\"og:description\" content=\"En janvier 1996, ARTE et ses partenaires ARTE France, l&rsquo;ARD et la ZDF d\u00e9cidaient de r\u00e9unir leurs forces et signaient\u2026\" \/>\n<meta property=\"og:url\" content=\"https:\/\/www.arte.tv\/sites\/olivierpere\/2014\/03\/08\/arte-france-cinema-coproduit-les-prochains-films-de-christoph-hochhausler-andreas-dresen-et-werner-herzog\/\" \/>\n<meta property=\"og:site_name\" content=\"Olivier P\u00e8re\" \/>\n<meta property=\"article:published_time\" content=\"2014-03-08T08:17:15+00:00\" \/>\n<meta property=\"article:modified_time\" content=\"2020-04-12T09:01:26+00:00\" \/>\n<meta name=\"author\" content=\"Olivier P\u00e8re\" \/>\n<meta name=\"twitter:label1\" content=\"\u00c9crit par\" \/>\n\t<meta name=\"twitter:data1\" content=\"Olivier P\u00e8re\" \/>\n\t<meta name=\"twitter:label2\" content=\"Dur\u00e9e de lecture estim\u00e9e\" \/>\n\t<meta name=\"twitter:data2\" content=\"5 minutes\" \/>\n<script type=\"application\/ld+json\" class=\"yoast-schema-graph\">{\"@context\":\"https:\/\/schema.org\",\"@graph\":[{\"@type\":\"WebPage\",\"@id\":\"https:\/\/www.arte.tv\/sites\/olivierpere\/2014\/03\/08\/arte-france-cinema-coproduit-les-prochains-films-de-christoph-hochhausler-andreas-dresen-et-werner-herzog\/\",\"url\":\"https:\/\/www.arte.tv\/sites\/olivierpere\/2014\/03\/08\/arte-france-cinema-coproduit-les-prochains-films-de-christoph-hochhausler-andreas-dresen-et-werner-herzog\/\",\"name\":\"ARTE France Cin\u00e9ma coproduit les prochains films de Christoph Hochh\u00e4usler, Andreas Dresen et Werner Herzog - Olivier P\u00e8re\",\"isPartOf\":{\"@id\":\"https:\/\/www.arte.tv\/sites\/olivierpere\/#website\"},\"datePublished\":\"2014-03-08T08:17:15+00:00\",\"dateModified\":\"2020-04-12T09:01:26+00:00\",\"author\":{\"@id\":\"https:\/\/www.arte.tv\/sites\/olivierpere\/#\/schema\/person\/dc32cd6c79be95e52d43b97a74182558\"},\"breadcrumb\":{\"@id\":\"https:\/\/www.arte.tv\/sites\/olivierpere\/2014\/03\/08\/arte-france-cinema-coproduit-les-prochains-films-de-christoph-hochhausler-andreas-dresen-et-werner-herzog\/#breadcrumb\"},\"inLanguage\":\"fr-FR\",\"potentialAction\":[{\"@type\":\"ReadAction\",\"target\":[\"https:\/\/www.arte.tv\/sites\/olivierpere\/2014\/03\/08\/arte-france-cinema-coproduit-les-prochains-films-de-christoph-hochhausler-andreas-dresen-et-werner-herzog\/\"]}]},{\"@type\":\"BreadcrumbList\",\"@id\":\"https:\/\/www.arte.tv\/sites\/olivierpere\/2014\/03\/08\/arte-france-cinema-coproduit-les-prochains-films-de-christoph-hochhausler-andreas-dresen-et-werner-herzog\/#breadcrumb\",\"itemListElement\":[{\"@type\":\"ListItem\",\"position\":1,\"name\":\"Home\",\"item\":\"https:\/\/www.arte.tv\/sites\/olivierpere\/\"},{\"@type\":\"ListItem\",\"position\":2,\"name\":\"ARTE France Cin\u00e9ma coproduit les prochains films de Christoph Hochh\u00e4usler, Andreas Dresen et Werner Herzog\"}]},{\"@type\":\"WebSite\",\"@id\":\"https:\/\/www.arte.tv\/sites\/olivierpere\/#website\",\"url\":\"https:\/\/www.arte.tv\/sites\/olivierpere\/\",\"name\":\"Olivier P\u00e8re\",\"description\":\"\",\"potentialAction\":[{\"@type\":\"SearchAction\",\"target\":{\"@type\":\"EntryPoint\",\"urlTemplate\":\"https:\/\/www.arte.tv\/sites\/olivierpere\/?s={search_term_string}\"},\"query-input\":\"required name=search_term_string\"}],\"inLanguage\":\"fr-FR\"},{\"@type\":\"Person\",\"@id\":\"https:\/\/www.arte.tv\/sites\/olivierpere\/#\/schema\/person\/dc32cd6c79be95e52d43b97a74182558\",\"name\":\"Olivier P\u00e8re\",\"image\":{\"@type\":\"ImageObject\",\"inLanguage\":\"fr-FR\",\"@id\":\"https:\/\/www.arte.tv\/sites\/olivierpere\/#\/schema\/person\/image\/\",\"url\":\"https:\/\/secure.gravatar.com\/avatar\/bdea7b6a2c195e2c41772429a9694758?s=96&d=mm&r=g\",\"contentUrl\":\"https:\/\/secure.gravatar.com\/avatar\/bdea7b6a2c195e2c41772429a9694758?s=96&d=mm&r=g\",\"caption\":\"Olivier P\u00e8re\"},\"url\":\"https:\/\/www.arte.tv\/sites\/olivierpere\/author\/pereolivier\/\"}]}<\/script>\n<!-- \/ Yoast SEO plugin. -->","yoast_head_json":{"title":"ARTE France Cin\u00e9ma coproduit les prochains films de Christoph Hochh\u00e4usler, Andreas Dresen et Werner Herzog - Olivier P\u00e8re","robots":{"index":"index","follow":"follow","max-snippet":"max-snippet:-1","max-image-preview":"max-image-preview:large","max-video-preview":"max-video-preview:-1"},"canonical":"https:\/\/www.arte.tv\/sites\/olivierpere\/2014\/03\/08\/arte-france-cinema-coproduit-les-prochains-films-de-christoph-hochhausler-andreas-dresen-et-werner-herzog\/","og_locale":"fr_FR","og_type":"article","og_title":"ARTE France Cin\u00e9ma coproduit les prochains films de Christoph Hochh\u00e4usler, Andreas Dresen et Werner Herzog - Olivier P\u00e8re","og_description":"En janvier 1996, ARTE et ses partenaires ARTE France, l&rsquo;ARD et la ZDF d\u00e9cidaient de r\u00e9unir leurs forces et signaient\u2026","og_url":"https:\/\/www.arte.tv\/sites\/olivierpere\/2014\/03\/08\/arte-france-cinema-coproduit-les-prochains-films-de-christoph-hochhausler-andreas-dresen-et-werner-herzog\/","og_site_name":"Olivier P\u00e8re","article_published_time":"2014-03-08T08:17:15+00:00","article_modified_time":"2020-04-12T09:01:26+00:00","author":"Olivier P\u00e8re","twitter_misc":{"\u00c9crit par":"Olivier P\u00e8re","Dur\u00e9e de lecture estim\u00e9e":"5 minutes"},"schema":{"@context":"https:\/\/schema.org","@graph":[{"@type":"WebPage","@id":"https:\/\/www.arte.tv\/sites\/olivierpere\/2014\/03\/08\/arte-france-cinema-coproduit-les-prochains-films-de-christoph-hochhausler-andreas-dresen-et-werner-herzog\/","url":"https:\/\/www.arte.tv\/sites\/olivierpere\/2014\/03\/08\/arte-france-cinema-coproduit-les-prochains-films-de-christoph-hochhausler-andreas-dresen-et-werner-herzog\/","name":"ARTE France Cin\u00e9ma coproduit les prochains films de Christoph Hochh\u00e4usler, Andreas Dresen et Werner Herzog - Olivier P\u00e8re","isPartOf":{"@id":"https:\/\/www.arte.tv\/sites\/olivierpere\/#website"},"datePublished":"2014-03-08T08:17:15+00:00","dateModified":"2020-04-12T09:01:26+00:00","author":{"@id":"https:\/\/www.arte.tv\/sites\/olivierpere\/#\/schema\/person\/dc32cd6c79be95e52d43b97a74182558"},"breadcrumb":{"@id":"https:\/\/www.arte.tv\/sites\/olivierpere\/2014\/03\/08\/arte-france-cinema-coproduit-les-prochains-films-de-christoph-hochhausler-andreas-dresen-et-werner-herzog\/#breadcrumb"},"inLanguage":"fr-FR","potentialAction":[{"@type":"ReadAction","target":["https:\/\/www.arte.tv\/sites\/olivierpere\/2014\/03\/08\/arte-france-cinema-coproduit-les-prochains-films-de-christoph-hochhausler-andreas-dresen-et-werner-herzog\/"]}]},{"@type":"BreadcrumbList","@id":"https:\/\/www.arte.tv\/sites\/olivierpere\/2014\/03\/08\/arte-france-cinema-coproduit-les-prochains-films-de-christoph-hochhausler-andreas-dresen-et-werner-herzog\/#breadcrumb","itemListElement":[{"@type":"ListItem","position":1,"name":"Home","item":"https:\/\/www.arte.tv\/sites\/olivierpere\/"},{"@type":"ListItem","position":2,"name":"ARTE France Cin\u00e9ma coproduit les prochains films de Christoph Hochh\u00e4usler, Andreas Dresen et Werner Herzog"}]},{"@type":"WebSite","@id":"https:\/\/www.arte.tv\/sites\/olivierpere\/#website","url":"https:\/\/www.arte.tv\/sites\/olivierpere\/","name":"Olivier P\u00e8re","description":"","potentialAction":[{"@type":"SearchAction","target":{"@type":"EntryPoint","urlTemplate":"https:\/\/www.arte.tv\/sites\/olivierpere\/?s={search_term_string}"},"query-input":"required name=search_term_string"}],"inLanguage":"fr-FR"},{"@type":"Person","@id":"https:\/\/www.arte.tv\/sites\/olivierpere\/#\/schema\/person\/dc32cd6c79be95e52d43b97a74182558","name":"Olivier P\u00e8re","image":{"@type":"ImageObject","inLanguage":"fr-FR","@id":"https:\/\/www.arte.tv\/sites\/olivierpere\/#\/schema\/person\/image\/","url":"https:\/\/secure.gravatar.com\/avatar\/bdea7b6a2c195e2c41772429a9694758?s=96&d=mm&r=g","contentUrl":"https:\/\/secure.gravatar.com\/avatar\/bdea7b6a2c195e2c41772429a9694758?s=96&d=mm&r=g","caption":"Olivier P\u00e8re"},"url":"https:\/\/www.arte.tv\/sites\/olivierpere\/author\/pereolivier\/"}]}},"_links":{"self":[{"href":"https:\/\/www.arte.tv\/sites\/olivierpere\/wp-json\/wp\/v2\/posts\/11962"}],"collection":[{"href":"https:\/\/www.arte.tv\/sites\/olivierpere\/wp-json\/wp\/v2\/posts"}],"about":[{"href":"https:\/\/www.arte.tv\/sites\/olivierpere\/wp-json\/wp\/v2\/types\/post"}],"author":[{"embeddable":true,"href":"https:\/\/www.arte.tv\/sites\/olivierpere\/wp-json\/wp\/v2\/users\/116"}],"replies":[{"embeddable":true,"href":"https:\/\/www.arte.tv\/sites\/olivierpere\/wp-json\/wp\/v2\/comments?post=11962"}],"version-history":[{"count":5,"href":"https:\/\/www.arte.tv\/sites\/olivierpere\/wp-json\/wp\/v2\/posts\/11962\/revisions"}],"predecessor-version":[{"id":25285,"href":"https:\/\/www.arte.tv\/sites\/olivierpere\/wp-json\/wp\/v2\/posts\/11962\/revisions\/25285"}],"wp:attachment":[{"href":"https:\/\/www.arte.tv\/sites\/olivierpere\/wp-json\/wp\/v2\/media?parent=11962"}],"wp:term":[{"taxonomy":"category","embeddable":true,"href":"https:\/\/www.arte.tv\/sites\/olivierpere\/wp-json\/wp\/v2\/categories?post=11962"},{"taxonomy":"post_tag","embeddable":true,"href":"https:\/\/www.arte.tv\/sites\/olivierpere\/wp-json\/wp\/v2\/tags?post=11962"}],"curies":[{"name":"wp","href":"https:\/\/api.w.org\/{rel}","templated":true}]}}