{"id":11728,"date":"2014-03-24T03:06:09","date_gmt":"2014-03-24T02:06:09","guid":{"rendered":"https:\/\/www.arte.tv\/sites\/olivierpere\/?p=11728"},"modified":"2020-03-26T14:55:45","modified_gmt":"2020-03-26T13:55:45","slug":"la-verite-de-henri-georges-clouzot","status":"publish","type":"post","link":"https:\/\/www.arte.tv\/sites\/olivierpere\/2014\/03\/24\/la-verite-de-henri-georges-clouzot\/","title":{"rendered":"La V\u00e9rit\u00e9 de Henri-Georges Clouzot"},"content":{"rendered":"<p>ARTE diffuse ce soir \u00e0 20h50 <em>La V\u00e9rit\u00e9<\/em> (1960), suspense judiciaire autour du proc\u00e8s d\u2019une jeune femme accus\u00e9e du meurtre de son amant. Clouzot le terrible, fid\u00e8le \u00e0 sa r\u00e9putation, r\u00e9alise un film d\u2019une noirceur extr\u00eame et tyrannise la pauvre Brigitte Bardot, forc\u00e9e d\u2019abandonner ses pitreries pour jouer dans un registre paroxystique. Avec le temps, le film a gagn\u00e9 en \u00e9tranget\u00e9. La vulgarit\u00e9 du film et les poncifs qu\u2019il v\u00e9hicule sur la jeunesse sont dat\u00e9s, mais la mise en sc\u00e8ne ne manque pas de force et Bardot est assez g\u00e9niale. A travers le proc\u00e8s de cette jeune femme trop d\u00e9sirable, libre et amorale, coupable d\u2019avoir trop aim\u00e9 et provoqu\u00e9 l&rsquo;amour, on peut voir celui de son actrice, star et symbole sexuel dont la vie priv\u00e9e passionnelle et scandaleuse faisait couler davantage d\u2019encre que ses performances \u00e0 l\u2019\u00e9cran, dans une France pudibonde et conservatrice. Il s\u2019agirait alors d\u2019une mise en abyme cruelle, et m\u00eame sadique, typique des syst\u00e8mes de domination des acteurs instaur\u00e9s par Clouzot sur ses tournages, mais au r\u00e9sultat remarquable sur le plan dramatique.<\/p>\n<p>Pr\u00e9cipit\u00e9 de misanthropie, <i>La V\u00e9rit\u00e9<\/i> brille par la qualit\u00e9 de son interpr\u00e9tation\u00a0: Paul Meurisse et Charles Vanel sont impressionnants en t\u00e9nors du barreau, Sami Frey est parfait en beau t\u00e9n\u00e9breux mais c\u2019est Brigitte Bardot qui suscite l\u2019admiration et parvient \u00e0 s\u2019imposer \u00e0 l\u2019\u00e9cran en v\u00e9ritable trag\u00e9dienne, dans ce qui restera le sommet de sa filmographie, avec <i>Le M\u00e9pris<\/i> de Godard &#8211; bient\u00f4t diffus\u00e9 sur ARTE &#8211; trois ans plus tard.<\/p>\n<p>L\u2019un des meilleurs titres de Clouzot, avec <i>Quai des Orf\u00e8vres<\/i> et <i>Le Corbeau<\/i>, et son dernier grand film, totalement ma\u00eetris\u00e9.<\/p>\n","protected":false},"excerpt":{"rendered":"<p>ARTE diffuse ce soir \u00e0 20h50 La V\u00e9rit\u00e9 (1960), suspense judiciaire autour du proc\u00e8s d\u2019une jeune femme accus\u00e9e du meurtre\u2026<\/p>\n","protected":false},"author":116,"featured_media":0,"comment_status":"open","ping_status":"open","sticky":false,"template":"","format":"standard","meta":[],"categories":[8],"tags":[],"yoast_head":"<!-- This site is optimized with the Yoast SEO plugin v20.8 - https:\/\/yoast.com\/wordpress\/plugins\/seo\/ -->\n<title>La V\u00e9rit\u00e9 de Henri-Georges Clouzot - Olivier P\u00e8re<\/title>\n<meta name=\"robots\" content=\"index, follow, max-snippet:-1, max-image-preview:large, max-video-preview:-1\" \/>\n<link rel=\"canonical\" href=\"https:\/\/www.arte.tv\/sites\/olivierpere\/2014\/03\/24\/la-verite-de-henri-georges-clouzot\/\" \/>\n<meta property=\"og:locale\" content=\"fr_FR\" \/>\n<meta property=\"og:type\" content=\"article\" \/>\n<meta property=\"og:title\" content=\"La V\u00e9rit\u00e9 de Henri-Georges Clouzot - Olivier P\u00e8re\" \/>\n<meta property=\"og:description\" content=\"ARTE diffuse ce soir \u00e0 20h50 La V\u00e9rit\u00e9 (1960), suspense judiciaire autour du proc\u00e8s d\u2019une jeune femme accus\u00e9e du meurtre\u2026\" \/>\n<meta property=\"og:url\" content=\"https:\/\/www.arte.tv\/sites\/olivierpere\/2014\/03\/24\/la-verite-de-henri-georges-clouzot\/\" \/>\n<meta property=\"og:site_name\" content=\"Olivier P\u00e8re\" \/>\n<meta property=\"article:published_time\" content=\"2014-03-24T02:06:09+00:00\" \/>\n<meta property=\"article:modified_time\" content=\"2020-03-26T13:55:45+00:00\" \/>\n<meta name=\"author\" content=\"Olivier P\u00e8re\" \/>\n<meta name=\"twitter:label1\" content=\"\u00c9crit par\" \/>\n\t<meta name=\"twitter:data1\" content=\"Olivier P\u00e8re\" \/>\n\t<meta name=\"twitter:label2\" content=\"Dur\u00e9e de lecture estim\u00e9e\" \/>\n\t<meta name=\"twitter:data2\" content=\"2 minutes\" \/>\n<script type=\"application\/ld+json\" class=\"yoast-schema-graph\">{\"@context\":\"https:\/\/schema.org\",\"@graph\":[{\"@type\":\"WebPage\",\"@id\":\"https:\/\/www.arte.tv\/sites\/olivierpere\/2014\/03\/24\/la-verite-de-henri-georges-clouzot\/\",\"url\":\"https:\/\/www.arte.tv\/sites\/olivierpere\/2014\/03\/24\/la-verite-de-henri-georges-clouzot\/\",\"name\":\"La V\u00e9rit\u00e9 de Henri-Georges Clouzot - Olivier P\u00e8re\",\"isPartOf\":{\"@id\":\"https:\/\/www.arte.tv\/sites\/olivierpere\/#website\"},\"datePublished\":\"2014-03-24T02:06:09+00:00\",\"dateModified\":\"2020-03-26T13:55:45+00:00\",\"author\":{\"@id\":\"https:\/\/www.arte.tv\/sites\/olivierpere\/#\/schema\/person\/dc32cd6c79be95e52d43b97a74182558\"},\"breadcrumb\":{\"@id\":\"https:\/\/www.arte.tv\/sites\/olivierpere\/2014\/03\/24\/la-verite-de-henri-georges-clouzot\/#breadcrumb\"},\"inLanguage\":\"fr-FR\",\"potentialAction\":[{\"@type\":\"ReadAction\",\"target\":[\"https:\/\/www.arte.tv\/sites\/olivierpere\/2014\/03\/24\/la-verite-de-henri-georges-clouzot\/\"]}]},{\"@type\":\"BreadcrumbList\",\"@id\":\"https:\/\/www.arte.tv\/sites\/olivierpere\/2014\/03\/24\/la-verite-de-henri-georges-clouzot\/#breadcrumb\",\"itemListElement\":[{\"@type\":\"ListItem\",\"position\":1,\"name\":\"Home\",\"item\":\"https:\/\/www.arte.tv\/sites\/olivierpere\/\"},{\"@type\":\"ListItem\",\"position\":2,\"name\":\"La V\u00e9rit\u00e9 de Henri-Georges Clouzot\"}]},{\"@type\":\"WebSite\",\"@id\":\"https:\/\/www.arte.tv\/sites\/olivierpere\/#website\",\"url\":\"https:\/\/www.arte.tv\/sites\/olivierpere\/\",\"name\":\"Olivier P\u00e8re\",\"description\":\"\",\"potentialAction\":[{\"@type\":\"SearchAction\",\"target\":{\"@type\":\"EntryPoint\",\"urlTemplate\":\"https:\/\/www.arte.tv\/sites\/olivierpere\/?s={search_term_string}\"},\"query-input\":\"required name=search_term_string\"}],\"inLanguage\":\"fr-FR\"},{\"@type\":\"Person\",\"@id\":\"https:\/\/www.arte.tv\/sites\/olivierpere\/#\/schema\/person\/dc32cd6c79be95e52d43b97a74182558\",\"name\":\"Olivier P\u00e8re\",\"image\":{\"@type\":\"ImageObject\",\"inLanguage\":\"fr-FR\",\"@id\":\"https:\/\/www.arte.tv\/sites\/olivierpere\/#\/schema\/person\/image\/\",\"url\":\"https:\/\/secure.gravatar.com\/avatar\/bdea7b6a2c195e2c41772429a9694758?s=96&d=mm&r=g\",\"contentUrl\":\"https:\/\/secure.gravatar.com\/avatar\/bdea7b6a2c195e2c41772429a9694758?s=96&d=mm&r=g\",\"caption\":\"Olivier P\u00e8re\"},\"url\":\"https:\/\/www.arte.tv\/sites\/olivierpere\/author\/pereolivier\/\"}]}<\/script>\n<!-- \/ Yoast SEO plugin. -->","yoast_head_json":{"title":"La V\u00e9rit\u00e9 de Henri-Georges Clouzot - Olivier P\u00e8re","robots":{"index":"index","follow":"follow","max-snippet":"max-snippet:-1","max-image-preview":"max-image-preview:large","max-video-preview":"max-video-preview:-1"},"canonical":"https:\/\/www.arte.tv\/sites\/olivierpere\/2014\/03\/24\/la-verite-de-henri-georges-clouzot\/","og_locale":"fr_FR","og_type":"article","og_title":"La V\u00e9rit\u00e9 de Henri-Georges Clouzot - Olivier P\u00e8re","og_description":"ARTE diffuse ce soir \u00e0 20h50 La V\u00e9rit\u00e9 (1960), suspense judiciaire autour du proc\u00e8s d\u2019une jeune femme accus\u00e9e du meurtre\u2026","og_url":"https:\/\/www.arte.tv\/sites\/olivierpere\/2014\/03\/24\/la-verite-de-henri-georges-clouzot\/","og_site_name":"Olivier P\u00e8re","article_published_time":"2014-03-24T02:06:09+00:00","article_modified_time":"2020-03-26T13:55:45+00:00","author":"Olivier P\u00e8re","twitter_misc":{"\u00c9crit par":"Olivier P\u00e8re","Dur\u00e9e de lecture estim\u00e9e":"2 minutes"},"schema":{"@context":"https:\/\/schema.org","@graph":[{"@type":"WebPage","@id":"https:\/\/www.arte.tv\/sites\/olivierpere\/2014\/03\/24\/la-verite-de-henri-georges-clouzot\/","url":"https:\/\/www.arte.tv\/sites\/olivierpere\/2014\/03\/24\/la-verite-de-henri-georges-clouzot\/","name":"La V\u00e9rit\u00e9 de Henri-Georges Clouzot - Olivier P\u00e8re","isPartOf":{"@id":"https:\/\/www.arte.tv\/sites\/olivierpere\/#website"},"datePublished":"2014-03-24T02:06:09+00:00","dateModified":"2020-03-26T13:55:45+00:00","author":{"@id":"https:\/\/www.arte.tv\/sites\/olivierpere\/#\/schema\/person\/dc32cd6c79be95e52d43b97a74182558"},"breadcrumb":{"@id":"https:\/\/www.arte.tv\/sites\/olivierpere\/2014\/03\/24\/la-verite-de-henri-georges-clouzot\/#breadcrumb"},"inLanguage":"fr-FR","potentialAction":[{"@type":"ReadAction","target":["https:\/\/www.arte.tv\/sites\/olivierpere\/2014\/03\/24\/la-verite-de-henri-georges-clouzot\/"]}]},{"@type":"BreadcrumbList","@id":"https:\/\/www.arte.tv\/sites\/olivierpere\/2014\/03\/24\/la-verite-de-henri-georges-clouzot\/#breadcrumb","itemListElement":[{"@type":"ListItem","position":1,"name":"Home","item":"https:\/\/www.arte.tv\/sites\/olivierpere\/"},{"@type":"ListItem","position":2,"name":"La V\u00e9rit\u00e9 de Henri-Georges Clouzot"}]},{"@type":"WebSite","@id":"https:\/\/www.arte.tv\/sites\/olivierpere\/#website","url":"https:\/\/www.arte.tv\/sites\/olivierpere\/","name":"Olivier P\u00e8re","description":"","potentialAction":[{"@type":"SearchAction","target":{"@type":"EntryPoint","urlTemplate":"https:\/\/www.arte.tv\/sites\/olivierpere\/?s={search_term_string}"},"query-input":"required name=search_term_string"}],"inLanguage":"fr-FR"},{"@type":"Person","@id":"https:\/\/www.arte.tv\/sites\/olivierpere\/#\/schema\/person\/dc32cd6c79be95e52d43b97a74182558","name":"Olivier P\u00e8re","image":{"@type":"ImageObject","inLanguage":"fr-FR","@id":"https:\/\/www.arte.tv\/sites\/olivierpere\/#\/schema\/person\/image\/","url":"https:\/\/secure.gravatar.com\/avatar\/bdea7b6a2c195e2c41772429a9694758?s=96&d=mm&r=g","contentUrl":"https:\/\/secure.gravatar.com\/avatar\/bdea7b6a2c195e2c41772429a9694758?s=96&d=mm&r=g","caption":"Olivier P\u00e8re"},"url":"https:\/\/www.arte.tv\/sites\/olivierpere\/author\/pereolivier\/"}]}},"_links":{"self":[{"href":"https:\/\/www.arte.tv\/sites\/olivierpere\/wp-json\/wp\/v2\/posts\/11728"}],"collection":[{"href":"https:\/\/www.arte.tv\/sites\/olivierpere\/wp-json\/wp\/v2\/posts"}],"about":[{"href":"https:\/\/www.arte.tv\/sites\/olivierpere\/wp-json\/wp\/v2\/types\/post"}],"author":[{"embeddable":true,"href":"https:\/\/www.arte.tv\/sites\/olivierpere\/wp-json\/wp\/v2\/users\/116"}],"replies":[{"embeddable":true,"href":"https:\/\/www.arte.tv\/sites\/olivierpere\/wp-json\/wp\/v2\/comments?post=11728"}],"version-history":[{"count":4,"href":"https:\/\/www.arte.tv\/sites\/olivierpere\/wp-json\/wp\/v2\/posts\/11728\/revisions"}],"predecessor-version":[{"id":24470,"href":"https:\/\/www.arte.tv\/sites\/olivierpere\/wp-json\/wp\/v2\/posts\/11728\/revisions\/24470"}],"wp:attachment":[{"href":"https:\/\/www.arte.tv\/sites\/olivierpere\/wp-json\/wp\/v2\/media?parent=11728"}],"wp:term":[{"taxonomy":"category","embeddable":true,"href":"https:\/\/www.arte.tv\/sites\/olivierpere\/wp-json\/wp\/v2\/categories?post=11728"},{"taxonomy":"post_tag","embeddable":true,"href":"https:\/\/www.arte.tv\/sites\/olivierpere\/wp-json\/wp\/v2\/tags?post=11728"}],"curies":[{"name":"wp","href":"https:\/\/api.w.org\/{rel}","templated":true}]}}