{"id":11263,"date":"2013-11-20T02:28:48","date_gmt":"2013-11-20T01:28:48","guid":{"rendered":"https:\/\/www.arte.tv\/sites\/olivierpere\/?p=11263"},"modified":"2020-03-26T14:42:36","modified_gmt":"2020-03-26T13:42:36","slug":"le-mepris-de-jean-luc-godard","status":"publish","type":"post","link":"https:\/\/www.arte.tv\/sites\/olivierpere\/2013\/11\/20\/le-mepris-de-jean-luc-godard\/","title":{"rendered":"Le M\u00e9pris de Jean-Luc Godard"},"content":{"rendered":"<p align=\"right\">\u00ab\u00a0Quand j&rsquo;y r\u00e9fl\u00e9chis bien, outre l&rsquo;histoire psychologique d&rsquo;une femme qui m\u00e9prise son mari, <em>Le M\u00e9pris<\/em> m&rsquo;appara\u00eet comme l&rsquo;histoire de naufrag\u00e9s du monde occidental, des rescap\u00e9s du naufrage de la modernit\u00e9, qui abordent un jour, \u00e0 l&rsquo;image des h\u00e9ros de Verne et de Stevenson, sur une \u00eele d\u00e9serte et myst\u00e9rieuse, dont le myst\u00e8re est inexorablement l&rsquo;absence de myst\u00e8re, c&rsquo;est-\u00e0-dire la v\u00e9rit\u00e9.\u00a0\u00bb (Jean-Luc Godard)<\/p>\n<p>&nbsp;<\/p>\n<p>Pour son cinquanti\u00e8me anniversaire <i>Le M\u00e9pris<\/i> (1963) de Jean-Luc Godard est r\u00e9\u00e9dit\u00e9 en version restaur\u00e9e par Carlotta, en salles le 20 novembre puis en coffret Blu-ray et DVD le 3 d\u00e9cembre. Mon film pr\u00e9f\u00e9r\u00e9 de Godard, avec ses <i>Histoire(s) du cin\u00e9ma<\/i>.<\/p>\n<p>Lors du tournage en Italie d&rsquo;un film adapt\u00e9 de \u00ab\u00a0L&rsquo;Odyss\u00e9e\u00a0\u00bb par Fritz Lang, Camille la femme de Paul, sc\u00e9nariste fran\u00e7ais, se d\u00e9tache peu \u00e0 peu de son mari, et lui avoue le m\u00e9pris qu&rsquo;il lui inspire. Un des plus beaux films jamais r\u00e9alis\u00e9s sur le couple et sur le cin\u00e9ma, <i>Le M\u00e9pris<\/i> est \u00e9galement &#8211; et \u00e0 juste titre &#8211; le plus mythique des films de Godard, qui s&rsquo;autorise un lyrisme qu&rsquo;on ne retrouvera que beaucoup plus tard dans son \u0153uvre (<i>Nouvelle vague<\/i>, 1990.) Ce lyrisme doit beaucoup \u00e0 la partition sublime de Georges Delerue, \u00e0 la photographie en couleur de Raoul Coutard et \u00e0 l\u2019utilisation par Godard de l\u2019\u00e9cran large et des d\u00e9cors des studios romains et de la villa de Curzio Malaparte au bord de la mer, \u00e0 Capri.<\/p>\n<p>&nbsp;<\/p>\n<p>Ce chef-d\u2019\u0153uvre du cin\u00e9ma moderne, \u00e0 l\u2019incommensurable post\u00e9rit\u00e9 (combien de films ont emprunt\u00e9 au <i>M\u00e9pris<\/i>\u00a0?) dialogue \u00e0 la fois avec <i>Voyage en Italie<\/i> (Rossellini figure tut\u00e9laire pour Godard) et <i>L\u2019avventura<\/i> (Antonioni, l\u2019ennemi intime) sur le m\u00eame th\u00e8me, l\u2019\u00e9rosion d\u2019un couple comme all\u00e9gorie de la crise morale du monde moderne et de la fin des id\u00e9aux. Le film est adapt\u00e9 d\u2019un roman d\u2019Alberto Moravia et devait au d\u00e9part permettre \u00e0 Godard, b\u00e9n\u00e9ficiant d\u2019un budget plus important que d\u2019habitude et d\u2019une coproduction internationale, de mettre en sc\u00e8ne Frank Sinatra et Kim Novak, ses premiers choix dans les r\u00f4les principaux. Le projet prendra une tournure plus europ\u00e9enne et Carlo Ponti le producteur italien acceptera finalement de voir Brigitte Bardot remplacer son \u00e9pouse Sophia Loren. Inutile de r\u00eaver \u00e0 un autre film puisque Brigitte Bardot et Michel Piccoli sont extraordinaires, au diapason d\u2019une \u0153uvre dont chaque phrase, chaque image, chaque son r\u00e9sonne comme un embl\u00e8me des possibilit\u00e9s et de la beaut\u00e9 du cin\u00e9ma pour plusieurs g\u00e9n\u00e9rations, pass\u00e9es pr\u00e9sentes et \u00e0 venir de spectateurs.<\/p>\n<p>Godard fait se t\u00e9lescoper dans le berceau culturel m\u00e9diterran\u00e9en, entre ciel et mer, la trag\u00e9die et la mythologie antiques et les antih\u00e9ros modernes, n\u00e9vros\u00e9s et d\u00e9sillusionn\u00e9s. Sans l\u2019aimer vraiment Godard a su filmer et trouver la v\u00e9rit\u00e9 de Bardot, qui sous son apparente d\u00e9sinvolture donne sans doute plus d\u2019elle-m\u00eame que dans aucun autre film et investit magnifiquement le personnage tragique de Camille.<\/p>\n<p>Cette r\u00e9\u00e9dition providentielle nous permettra aussi de revoir <i>Le M\u00e9pris<\/i> avant la diffusion sur ARTE le 27 novembre \u00e0 20h50 d\u2019un essai documentaire in\u00e9dit de David Teboul <i>Bardot, la m\u00e9prise<\/i> dans lequel le r\u00e9alisateur \u00e9voque avec beaucoup de sensibilit\u00e9 et de subjectivit\u00e9 la vie et la carri\u00e8re de B.B. avec bien s\u00fbr une place importante accord\u00e9e au film de Godard. La plus belle interpr\u00e9tation de Bardot sera aussi son pr\u00e9coce chant du cygne. Apr\u00e8s le tournage du <i>M\u00e9pris<\/i> l\u2019actrice se d\u00e9sint\u00e9ressera d\u00e9finitivement du cin\u00e9ma, apparaissant encore dans une dizaine de films oubliables avant d\u2019interrompre sa carri\u00e8re dix ans plus tard, en 1973.<\/p>\n","protected":false},"excerpt":{"rendered":"<p>\u00ab\u00a0Quand j&rsquo;y r\u00e9fl\u00e9chis bien, outre l&rsquo;histoire psychologique d&rsquo;une femme qui m\u00e9prise son mari, Le M\u00e9pris m&rsquo;appara\u00eet comme l&rsquo;histoire de naufrag\u00e9s\u2026<\/p>\n","protected":false},"author":116,"featured_media":0,"comment_status":"open","ping_status":"open","sticky":false,"template":"","format":"standard","meta":[],"categories":[1],"tags":[],"yoast_head":"<!-- This site is optimized with the Yoast SEO plugin v20.8 - https:\/\/yoast.com\/wordpress\/plugins\/seo\/ -->\n<title>Le M\u00e9pris de Jean-Luc Godard - Olivier P\u00e8re<\/title>\n<meta name=\"robots\" content=\"index, follow, max-snippet:-1, max-image-preview:large, max-video-preview:-1\" \/>\n<link rel=\"canonical\" href=\"https:\/\/www.arte.tv\/sites\/olivierpere\/2013\/11\/20\/le-mepris-de-jean-luc-godard\/\" \/>\n<meta property=\"og:locale\" content=\"fr_FR\" \/>\n<meta property=\"og:type\" content=\"article\" \/>\n<meta property=\"og:title\" content=\"Le M\u00e9pris de Jean-Luc Godard - Olivier P\u00e8re\" \/>\n<meta property=\"og:description\" content=\"\u00ab\u00a0Quand j&rsquo;y r\u00e9fl\u00e9chis bien, outre l&rsquo;histoire psychologique d&rsquo;une femme qui m\u00e9prise son mari, Le M\u00e9pris m&rsquo;appara\u00eet comme l&rsquo;histoire de naufrag\u00e9s\u2026\" \/>\n<meta property=\"og:url\" content=\"https:\/\/www.arte.tv\/sites\/olivierpere\/2013\/11\/20\/le-mepris-de-jean-luc-godard\/\" \/>\n<meta property=\"og:site_name\" content=\"Olivier P\u00e8re\" \/>\n<meta property=\"article:published_time\" content=\"2013-11-20T01:28:48+00:00\" \/>\n<meta property=\"article:modified_time\" content=\"2020-03-26T13:42:36+00:00\" \/>\n<meta name=\"author\" content=\"Olivier P\u00e8re\" \/>\n<meta name=\"twitter:label1\" content=\"\u00c9crit par\" \/>\n\t<meta name=\"twitter:data1\" content=\"Olivier P\u00e8re\" \/>\n\t<meta name=\"twitter:label2\" content=\"Dur\u00e9e de lecture estim\u00e9e\" \/>\n\t<meta name=\"twitter:data2\" content=\"3 minutes\" \/>\n<script type=\"application\/ld+json\" class=\"yoast-schema-graph\">{\"@context\":\"https:\/\/schema.org\",\"@graph\":[{\"@type\":\"WebPage\",\"@id\":\"https:\/\/www.arte.tv\/sites\/olivierpere\/2013\/11\/20\/le-mepris-de-jean-luc-godard\/\",\"url\":\"https:\/\/www.arte.tv\/sites\/olivierpere\/2013\/11\/20\/le-mepris-de-jean-luc-godard\/\",\"name\":\"Le M\u00e9pris de Jean-Luc Godard - Olivier P\u00e8re\",\"isPartOf\":{\"@id\":\"https:\/\/www.arte.tv\/sites\/olivierpere\/#website\"},\"datePublished\":\"2013-11-20T01:28:48+00:00\",\"dateModified\":\"2020-03-26T13:42:36+00:00\",\"author\":{\"@id\":\"https:\/\/www.arte.tv\/sites\/olivierpere\/#\/schema\/person\/dc32cd6c79be95e52d43b97a74182558\"},\"breadcrumb\":{\"@id\":\"https:\/\/www.arte.tv\/sites\/olivierpere\/2013\/11\/20\/le-mepris-de-jean-luc-godard\/#breadcrumb\"},\"inLanguage\":\"fr-FR\",\"potentialAction\":[{\"@type\":\"ReadAction\",\"target\":[\"https:\/\/www.arte.tv\/sites\/olivierpere\/2013\/11\/20\/le-mepris-de-jean-luc-godard\/\"]}]},{\"@type\":\"BreadcrumbList\",\"@id\":\"https:\/\/www.arte.tv\/sites\/olivierpere\/2013\/11\/20\/le-mepris-de-jean-luc-godard\/#breadcrumb\",\"itemListElement\":[{\"@type\":\"ListItem\",\"position\":1,\"name\":\"Home\",\"item\":\"https:\/\/www.arte.tv\/sites\/olivierpere\/\"},{\"@type\":\"ListItem\",\"position\":2,\"name\":\"Le M\u00e9pris de Jean-Luc Godard\"}]},{\"@type\":\"WebSite\",\"@id\":\"https:\/\/www.arte.tv\/sites\/olivierpere\/#website\",\"url\":\"https:\/\/www.arte.tv\/sites\/olivierpere\/\",\"name\":\"Olivier P\u00e8re\",\"description\":\"\",\"potentialAction\":[{\"@type\":\"SearchAction\",\"target\":{\"@type\":\"EntryPoint\",\"urlTemplate\":\"https:\/\/www.arte.tv\/sites\/olivierpere\/?s={search_term_string}\"},\"query-input\":\"required name=search_term_string\"}],\"inLanguage\":\"fr-FR\"},{\"@type\":\"Person\",\"@id\":\"https:\/\/www.arte.tv\/sites\/olivierpere\/#\/schema\/person\/dc32cd6c79be95e52d43b97a74182558\",\"name\":\"Olivier P\u00e8re\",\"image\":{\"@type\":\"ImageObject\",\"inLanguage\":\"fr-FR\",\"@id\":\"https:\/\/www.arte.tv\/sites\/olivierpere\/#\/schema\/person\/image\/\",\"url\":\"https:\/\/secure.gravatar.com\/avatar\/bdea7b6a2c195e2c41772429a9694758?s=96&d=mm&r=g\",\"contentUrl\":\"https:\/\/secure.gravatar.com\/avatar\/bdea7b6a2c195e2c41772429a9694758?s=96&d=mm&r=g\",\"caption\":\"Olivier P\u00e8re\"},\"url\":\"https:\/\/www.arte.tv\/sites\/olivierpere\/author\/pereolivier\/\"}]}<\/script>\n<!-- \/ Yoast SEO plugin. -->","yoast_head_json":{"title":"Le M\u00e9pris de Jean-Luc Godard - Olivier P\u00e8re","robots":{"index":"index","follow":"follow","max-snippet":"max-snippet:-1","max-image-preview":"max-image-preview:large","max-video-preview":"max-video-preview:-1"},"canonical":"https:\/\/www.arte.tv\/sites\/olivierpere\/2013\/11\/20\/le-mepris-de-jean-luc-godard\/","og_locale":"fr_FR","og_type":"article","og_title":"Le M\u00e9pris de Jean-Luc Godard - Olivier P\u00e8re","og_description":"\u00ab\u00a0Quand j&rsquo;y r\u00e9fl\u00e9chis bien, outre l&rsquo;histoire psychologique d&rsquo;une femme qui m\u00e9prise son mari, Le M\u00e9pris m&rsquo;appara\u00eet comme l&rsquo;histoire de naufrag\u00e9s\u2026","og_url":"https:\/\/www.arte.tv\/sites\/olivierpere\/2013\/11\/20\/le-mepris-de-jean-luc-godard\/","og_site_name":"Olivier P\u00e8re","article_published_time":"2013-11-20T01:28:48+00:00","article_modified_time":"2020-03-26T13:42:36+00:00","author":"Olivier P\u00e8re","twitter_misc":{"\u00c9crit par":"Olivier P\u00e8re","Dur\u00e9e de lecture estim\u00e9e":"3 minutes"},"schema":{"@context":"https:\/\/schema.org","@graph":[{"@type":"WebPage","@id":"https:\/\/www.arte.tv\/sites\/olivierpere\/2013\/11\/20\/le-mepris-de-jean-luc-godard\/","url":"https:\/\/www.arte.tv\/sites\/olivierpere\/2013\/11\/20\/le-mepris-de-jean-luc-godard\/","name":"Le M\u00e9pris de Jean-Luc Godard - Olivier P\u00e8re","isPartOf":{"@id":"https:\/\/www.arte.tv\/sites\/olivierpere\/#website"},"datePublished":"2013-11-20T01:28:48+00:00","dateModified":"2020-03-26T13:42:36+00:00","author":{"@id":"https:\/\/www.arte.tv\/sites\/olivierpere\/#\/schema\/person\/dc32cd6c79be95e52d43b97a74182558"},"breadcrumb":{"@id":"https:\/\/www.arte.tv\/sites\/olivierpere\/2013\/11\/20\/le-mepris-de-jean-luc-godard\/#breadcrumb"},"inLanguage":"fr-FR","potentialAction":[{"@type":"ReadAction","target":["https:\/\/www.arte.tv\/sites\/olivierpere\/2013\/11\/20\/le-mepris-de-jean-luc-godard\/"]}]},{"@type":"BreadcrumbList","@id":"https:\/\/www.arte.tv\/sites\/olivierpere\/2013\/11\/20\/le-mepris-de-jean-luc-godard\/#breadcrumb","itemListElement":[{"@type":"ListItem","position":1,"name":"Home","item":"https:\/\/www.arte.tv\/sites\/olivierpere\/"},{"@type":"ListItem","position":2,"name":"Le M\u00e9pris de Jean-Luc Godard"}]},{"@type":"WebSite","@id":"https:\/\/www.arte.tv\/sites\/olivierpere\/#website","url":"https:\/\/www.arte.tv\/sites\/olivierpere\/","name":"Olivier P\u00e8re","description":"","potentialAction":[{"@type":"SearchAction","target":{"@type":"EntryPoint","urlTemplate":"https:\/\/www.arte.tv\/sites\/olivierpere\/?s={search_term_string}"},"query-input":"required name=search_term_string"}],"inLanguage":"fr-FR"},{"@type":"Person","@id":"https:\/\/www.arte.tv\/sites\/olivierpere\/#\/schema\/person\/dc32cd6c79be95e52d43b97a74182558","name":"Olivier P\u00e8re","image":{"@type":"ImageObject","inLanguage":"fr-FR","@id":"https:\/\/www.arte.tv\/sites\/olivierpere\/#\/schema\/person\/image\/","url":"https:\/\/secure.gravatar.com\/avatar\/bdea7b6a2c195e2c41772429a9694758?s=96&d=mm&r=g","contentUrl":"https:\/\/secure.gravatar.com\/avatar\/bdea7b6a2c195e2c41772429a9694758?s=96&d=mm&r=g","caption":"Olivier P\u00e8re"},"url":"https:\/\/www.arte.tv\/sites\/olivierpere\/author\/pereolivier\/"}]}},"_links":{"self":[{"href":"https:\/\/www.arte.tv\/sites\/olivierpere\/wp-json\/wp\/v2\/posts\/11263"}],"collection":[{"href":"https:\/\/www.arte.tv\/sites\/olivierpere\/wp-json\/wp\/v2\/posts"}],"about":[{"href":"https:\/\/www.arte.tv\/sites\/olivierpere\/wp-json\/wp\/v2\/types\/post"}],"author":[{"embeddable":true,"href":"https:\/\/www.arte.tv\/sites\/olivierpere\/wp-json\/wp\/v2\/users\/116"}],"replies":[{"embeddable":true,"href":"https:\/\/www.arte.tv\/sites\/olivierpere\/wp-json\/wp\/v2\/comments?post=11263"}],"version-history":[{"count":3,"href":"https:\/\/www.arte.tv\/sites\/olivierpere\/wp-json\/wp\/v2\/posts\/11263\/revisions"}],"predecessor-version":[{"id":24449,"href":"https:\/\/www.arte.tv\/sites\/olivierpere\/wp-json\/wp\/v2\/posts\/11263\/revisions\/24449"}],"wp:attachment":[{"href":"https:\/\/www.arte.tv\/sites\/olivierpere\/wp-json\/wp\/v2\/media?parent=11263"}],"wp:term":[{"taxonomy":"category","embeddable":true,"href":"https:\/\/www.arte.tv\/sites\/olivierpere\/wp-json\/wp\/v2\/categories?post=11263"},{"taxonomy":"post_tag","embeddable":true,"href":"https:\/\/www.arte.tv\/sites\/olivierpere\/wp-json\/wp\/v2\/tags?post=11263"}],"curies":[{"name":"wp","href":"https:\/\/api.w.org\/{rel}","templated":true}]}}