{"id":10770,"date":"2013-09-06T03:18:07","date_gmt":"2013-09-06T02:18:07","guid":{"rendered":"https:\/\/www.arte.tv\/sites\/olivierpere\/?p=10770"},"modified":"2020-03-26T14:58:13","modified_gmt":"2020-03-26T13:58:13","slug":"rafles-sur-la-ville-de-pierre-chenal","status":"publish","type":"post","link":"https:\/\/www.arte.tv\/sites\/olivierpere\/2013\/09\/06\/rafles-sur-la-ville-de-pierre-chenal\/","title":{"rendered":"Rafles sur la ville de Pierre Chenal"},"content":{"rendered":"<p>Depuis mercredi 4 septembre (et jusqu\u2019au 4 octobre) la Cin\u00e9math\u00e8que fran\u00e7aise rend un hommage plus que m\u00e9rit\u00e9 \u00e0 l\u2019immense Michel Piccoli, acteur g\u00e9nial dont la filmographie traverse le meilleur du cin\u00e9ma des ann\u00e9es 50 \u00e0 nos jours, avec un palmar\u00e8s impressionnant : qui peut en effet se vanter d\u2019avoir tourn\u00e9 \u00e0 la fois avec Jean Renoir et Leos Carax, Mario Bava et Jean-Luc Godard, Luis Bu\u00f1uel et Bertrand Bonello, Alfred Hitchcock et Jacques Demy, Marco Ferreri et Claude Sautet, Manoel de Oliveira et Claude Chabrol, pour ne citer que quelques-uns des grands cin\u00e9astes avec lesquels il travailla, sans oublier de r\u00e9centes retrouvailles avec Alain Resnais ? Naviguant avec souplesse entre les po\u00e8tes de la modernit\u00e9 et les t\u00e9nors de la Nouvelle Qualit\u00e9 fran\u00e7aise, la carri\u00e8re de Michel Piccoli raconte \u00e0 elle seule toutes les aventures et les transformations du cin\u00e9ma contemporain, et c\u2019est loin d\u2019\u00eatre fini. Parmi les nombreux chefs-d\u2019\u0153uvre et interpr\u00e9tations m\u00e9morables de Michel Piccoli, nous avons choisi un film, revu r\u00e9cemment, qui lui offre l\u2019un de ses premiers grands r\u00f4les et que nous aimons beaucoup\u00a0: <i>Rafles sur la ville <\/i>(1958) de Pierre Chenal. On ne le dit ou on ne le sait pas assez, mais Pierre Chenal est un cin\u00e9aste remarquable, \u00e0 r\u00e9\u00e9valuer d\u2019urgence, et <i>Rafles sur la ville<\/i> figure parmi des meilleurs films policiers fran\u00e7ais jamais r\u00e9alis\u00e9s. <i>Rafles sur la ville<\/i> raconte la traque impitoyable d\u2019un vieux truand, qui est aussi un tueur fou (d\u2019ou son surnom, \u00ab\u00a0Le Fondu\u00a0\u00bb) par la police parisienne. C\u2019est l\u2019inspecteur Vardier qui est charg\u00e9 de l\u2019enqu\u00eate, et il en fait une affaire personnelle depuis que son coll\u00e8gue a \u00e9t\u00e9 tu\u00e9 par Le Fondu lors d\u2019une tentative d\u2019arrestation. Pour trouver o\u00f9 se planque Le Fondu, Vardier va utiliser et sacrifier sans scrupule un indicateur, le propre neveu du gangster. Parall\u00e8lement \u00e0 l\u2019intrigue polici\u00e8re, Vardier dragueur imp\u00e9nitent s\u00e9duit puis tombe amoureux de la femme de son nouvel adjoint, un jeune homme inexp\u00e9riment\u00e9 et issu de la bourgeoisie. Charles Vanel incarne Le Fondu tandis que Michel Piccoli impressionne dans le r\u00f4le de Vardier. Le personnage de Vardier s\u2019av\u00e8re presque programmatique dans la carri\u00e8re de l\u2019acteur, qui jouera souvent des s\u00e9ducteurs cyniques \u2013 et m\u00eame un Don Juan m\u00e9morable dans la dramatique t\u00e9l\u00e9vis\u00e9e de Marcel Bluwal en 1965. Ce qui passe d\u2019abord pour une attitude misogyne et ignoble \u2013 Piccoli ne fait rien pour rendre Vardier attachant ou sympathique, il est odieux avec les femmes et les suspects, m\u00e9prisant avec ses coll\u00e8gues \u2013 se transforme en obsession sensuelle et amoureuse, et le chasseur se retrouve pris \u00e0 son propre pi\u00e8ge. L\u2019attirance pathologique pour une femme est aussi un motif r\u00e9current dans les films de Piccoli, notamment chez Sautet (<i>Max et les Ferrailleurs<\/i>, <i>Mado<\/i>.) Enfin, la violence de Vardier finit par se manifester contre son propre co\u00e9quipier \u2013 il tente de se d\u00e9barrasser du mari de sa ma\u00eetresse en l\u2019envoyant au casse-pipe \u2013 puis contre lui-m\u00eame, lors d\u2019un d\u00e9nouement extraordinaire. Vardier se sacrifie en se couchant sur la grenade que Le Fondu gardait toujours avec lui en cas de situation d\u00e9sesp\u00e9r\u00e9e. On retrouvera comme une constante le th\u00e8me de l\u2019autodestruction ou de la crise morale chez Piccoli qui incarnera r\u00e9guli\u00e8rement des personnages suicidaires ou en rupture de ban.<\/p>\n<p>&nbsp;<\/p>\n<p>Dans les polars de Pierre Chenal et en particulier celui-ci se ressent l\u2019influence des films noirs am\u00e9ricains avec lesquels ils partagent une approche documentaire matin\u00e9e d\u2019ambiances nocturnes et expressionnistes. L\u2019interpr\u00e9tation masculine est int\u00e9ressante car elle oppose deux folies, deux g\u00e9n\u00e9rations et deux temp\u00e9raments \u00e0 l\u2019\u00e9cran\u00a0: un acteur r\u00e9aliste des ann\u00e9es 30 (Charles Vanel) et Michel Piccoli exprimant d\u00e9j\u00e0 par son jeu une v\u00e9ritable modernit\u00e9, qui passe par une violence n\u00e9vrotique (oublions Mouloudji, \u00e0 la composition englu\u00e9e dans les clich\u00e9s rances du jeune type veule et d\u00e9g\u00e9n\u00e9r\u00e9.)<\/p>\n<p>\u00ab\u00a0Admirable Michel Piccoli\u00a0\u00bb, c\u2019est ainsi que Jean-Luc Godard saluait la performance de l\u2019acteur dans une critique positive de Rafles sur la ville publi\u00e9 en avril 1958 dans les \u00ab\u00a0Cahiers du cin\u00e9ma.\u00a0\u00bb Godard se souviendra de Piccoli pour interpr\u00e9ter Paul Javal dans <i>Le M\u00e9pris<\/i>, r\u00f4le initialement pr\u00e9vu pour Frank Sinatra, et ne tarira pas d\u2019\u00e9loge sur lui (\u00ab\u00a0j&rsquo;ai pris Piccoli parce que j&rsquo;avais besoin d&rsquo;un tr\u00e8s, tr\u00e8s bon acteur. Il a un r\u00f4le difficile et il le joue tr\u00e8s bien. Personne ne s&rsquo;aper\u00e7oit qu&rsquo;il est remarquable, parce qu&rsquo;il a un r\u00f4le tout en d\u00e9tails.\u00a0\u00bb)<\/p>\n<p>Michel Piccoli a aussi jou\u00e9 dans un autre polar de Pierre Chenal r\u00e9alis\u00e9 l\u2019ann\u00e9e suivante, <i>La B\u00eate \u00e0 l\u2019affut<\/i>, pas encore vu, \u00e9galement projet\u00e9 dans le cadre de la r\u00e9trospective qui proposera un dialogue avec Michel Piccoli \u00e0 l\u2019issue de la projection d\u2019<i>Une \u00e9trange affaire <\/i>de Pierre Granier-Deferre (encore un film formidable avec un Piccoli superbe en patron pervers et manipulateur), samedi 7 septembre \u00e0 14h30. Lire aussi le texte de Serge Toubiana \u00ab\u00a0admirable Michel Piccoli\u00a0\u00bb sur le site de la CF.<\/p>\n<p>&nbsp;<\/p>\n<p><i>Rafles sur la ville<\/i> sera projet\u00e9 \u00e0 la Cin\u00e9math\u00e8que fran\u00e7aise lundi 16 septembre \u00e0 17h, salle Georges Franju.<\/p>\n","protected":false},"excerpt":{"rendered":"<p>Depuis mercredi 4 septembre (et jusqu\u2019au 4 octobre) la Cin\u00e9math\u00e8que fran\u00e7aise rend un hommage plus que m\u00e9rit\u00e9 \u00e0 l\u2019immense Michel\u2026<\/p>\n","protected":false},"author":116,"featured_media":0,"comment_status":"open","ping_status":"open","sticky":false,"template":"","format":"standard","meta":[],"categories":[1],"tags":[],"yoast_head":"<!-- This site is optimized with the Yoast SEO plugin v20.8 - https:\/\/yoast.com\/wordpress\/plugins\/seo\/ -->\n<title>Rafles sur la ville de Pierre Chenal - Olivier P\u00e8re<\/title>\n<meta name=\"robots\" content=\"index, follow, max-snippet:-1, max-image-preview:large, max-video-preview:-1\" \/>\n<link rel=\"canonical\" href=\"https:\/\/www.arte.tv\/sites\/olivierpere\/2013\/09\/06\/rafles-sur-la-ville-de-pierre-chenal\/\" \/>\n<meta property=\"og:locale\" content=\"fr_FR\" \/>\n<meta property=\"og:type\" content=\"article\" \/>\n<meta property=\"og:title\" content=\"Rafles sur la ville de Pierre Chenal - Olivier P\u00e8re\" \/>\n<meta property=\"og:description\" content=\"Depuis mercredi 4 septembre (et jusqu\u2019au 4 octobre) la Cin\u00e9math\u00e8que fran\u00e7aise rend un hommage plus que m\u00e9rit\u00e9 \u00e0 l\u2019immense Michel\u2026\" \/>\n<meta property=\"og:url\" content=\"https:\/\/www.arte.tv\/sites\/olivierpere\/2013\/09\/06\/rafles-sur-la-ville-de-pierre-chenal\/\" \/>\n<meta property=\"og:site_name\" content=\"Olivier P\u00e8re\" \/>\n<meta property=\"article:published_time\" content=\"2013-09-06T02:18:07+00:00\" \/>\n<meta property=\"article:modified_time\" content=\"2020-03-26T13:58:13+00:00\" \/>\n<meta name=\"author\" content=\"Olivier P\u00e8re\" \/>\n<meta name=\"twitter:label1\" content=\"\u00c9crit par\" \/>\n\t<meta name=\"twitter:data1\" content=\"Olivier P\u00e8re\" \/>\n\t<meta name=\"twitter:label2\" content=\"Dur\u00e9e de lecture estim\u00e9e\" \/>\n\t<meta name=\"twitter:data2\" content=\"5 minutes\" \/>\n<script type=\"application\/ld+json\" class=\"yoast-schema-graph\">{\"@context\":\"https:\/\/schema.org\",\"@graph\":[{\"@type\":\"WebPage\",\"@id\":\"https:\/\/www.arte.tv\/sites\/olivierpere\/2013\/09\/06\/rafles-sur-la-ville-de-pierre-chenal\/\",\"url\":\"https:\/\/www.arte.tv\/sites\/olivierpere\/2013\/09\/06\/rafles-sur-la-ville-de-pierre-chenal\/\",\"name\":\"Rafles sur la ville de Pierre Chenal - Olivier P\u00e8re\",\"isPartOf\":{\"@id\":\"https:\/\/www.arte.tv\/sites\/olivierpere\/#website\"},\"datePublished\":\"2013-09-06T02:18:07+00:00\",\"dateModified\":\"2020-03-26T13:58:13+00:00\",\"author\":{\"@id\":\"https:\/\/www.arte.tv\/sites\/olivierpere\/#\/schema\/person\/dc32cd6c79be95e52d43b97a74182558\"},\"breadcrumb\":{\"@id\":\"https:\/\/www.arte.tv\/sites\/olivierpere\/2013\/09\/06\/rafles-sur-la-ville-de-pierre-chenal\/#breadcrumb\"},\"inLanguage\":\"fr-FR\",\"potentialAction\":[{\"@type\":\"ReadAction\",\"target\":[\"https:\/\/www.arte.tv\/sites\/olivierpere\/2013\/09\/06\/rafles-sur-la-ville-de-pierre-chenal\/\"]}]},{\"@type\":\"BreadcrumbList\",\"@id\":\"https:\/\/www.arte.tv\/sites\/olivierpere\/2013\/09\/06\/rafles-sur-la-ville-de-pierre-chenal\/#breadcrumb\",\"itemListElement\":[{\"@type\":\"ListItem\",\"position\":1,\"name\":\"Home\",\"item\":\"https:\/\/www.arte.tv\/sites\/olivierpere\/\"},{\"@type\":\"ListItem\",\"position\":2,\"name\":\"Rafles sur la ville de Pierre Chenal\"}]},{\"@type\":\"WebSite\",\"@id\":\"https:\/\/www.arte.tv\/sites\/olivierpere\/#website\",\"url\":\"https:\/\/www.arte.tv\/sites\/olivierpere\/\",\"name\":\"Olivier P\u00e8re\",\"description\":\"\",\"potentialAction\":[{\"@type\":\"SearchAction\",\"target\":{\"@type\":\"EntryPoint\",\"urlTemplate\":\"https:\/\/www.arte.tv\/sites\/olivierpere\/?s={search_term_string}\"},\"query-input\":\"required name=search_term_string\"}],\"inLanguage\":\"fr-FR\"},{\"@type\":\"Person\",\"@id\":\"https:\/\/www.arte.tv\/sites\/olivierpere\/#\/schema\/person\/dc32cd6c79be95e52d43b97a74182558\",\"name\":\"Olivier P\u00e8re\",\"image\":{\"@type\":\"ImageObject\",\"inLanguage\":\"fr-FR\",\"@id\":\"https:\/\/www.arte.tv\/sites\/olivierpere\/#\/schema\/person\/image\/\",\"url\":\"https:\/\/secure.gravatar.com\/avatar\/bdea7b6a2c195e2c41772429a9694758?s=96&d=mm&r=g\",\"contentUrl\":\"https:\/\/secure.gravatar.com\/avatar\/bdea7b6a2c195e2c41772429a9694758?s=96&d=mm&r=g\",\"caption\":\"Olivier P\u00e8re\"},\"url\":\"https:\/\/www.arte.tv\/sites\/olivierpere\/author\/pereolivier\/\"}]}<\/script>\n<!-- \/ Yoast SEO plugin. -->","yoast_head_json":{"title":"Rafles sur la ville de Pierre Chenal - Olivier P\u00e8re","robots":{"index":"index","follow":"follow","max-snippet":"max-snippet:-1","max-image-preview":"max-image-preview:large","max-video-preview":"max-video-preview:-1"},"canonical":"https:\/\/www.arte.tv\/sites\/olivierpere\/2013\/09\/06\/rafles-sur-la-ville-de-pierre-chenal\/","og_locale":"fr_FR","og_type":"article","og_title":"Rafles sur la ville de Pierre Chenal - Olivier P\u00e8re","og_description":"Depuis mercredi 4 septembre (et jusqu\u2019au 4 octobre) la Cin\u00e9math\u00e8que fran\u00e7aise rend un hommage plus que m\u00e9rit\u00e9 \u00e0 l\u2019immense Michel\u2026","og_url":"https:\/\/www.arte.tv\/sites\/olivierpere\/2013\/09\/06\/rafles-sur-la-ville-de-pierre-chenal\/","og_site_name":"Olivier P\u00e8re","article_published_time":"2013-09-06T02:18:07+00:00","article_modified_time":"2020-03-26T13:58:13+00:00","author":"Olivier P\u00e8re","twitter_misc":{"\u00c9crit par":"Olivier P\u00e8re","Dur\u00e9e de lecture estim\u00e9e":"5 minutes"},"schema":{"@context":"https:\/\/schema.org","@graph":[{"@type":"WebPage","@id":"https:\/\/www.arte.tv\/sites\/olivierpere\/2013\/09\/06\/rafles-sur-la-ville-de-pierre-chenal\/","url":"https:\/\/www.arte.tv\/sites\/olivierpere\/2013\/09\/06\/rafles-sur-la-ville-de-pierre-chenal\/","name":"Rafles sur la ville de Pierre Chenal - Olivier P\u00e8re","isPartOf":{"@id":"https:\/\/www.arte.tv\/sites\/olivierpere\/#website"},"datePublished":"2013-09-06T02:18:07+00:00","dateModified":"2020-03-26T13:58:13+00:00","author":{"@id":"https:\/\/www.arte.tv\/sites\/olivierpere\/#\/schema\/person\/dc32cd6c79be95e52d43b97a74182558"},"breadcrumb":{"@id":"https:\/\/www.arte.tv\/sites\/olivierpere\/2013\/09\/06\/rafles-sur-la-ville-de-pierre-chenal\/#breadcrumb"},"inLanguage":"fr-FR","potentialAction":[{"@type":"ReadAction","target":["https:\/\/www.arte.tv\/sites\/olivierpere\/2013\/09\/06\/rafles-sur-la-ville-de-pierre-chenal\/"]}]},{"@type":"BreadcrumbList","@id":"https:\/\/www.arte.tv\/sites\/olivierpere\/2013\/09\/06\/rafles-sur-la-ville-de-pierre-chenal\/#breadcrumb","itemListElement":[{"@type":"ListItem","position":1,"name":"Home","item":"https:\/\/www.arte.tv\/sites\/olivierpere\/"},{"@type":"ListItem","position":2,"name":"Rafles sur la ville de Pierre Chenal"}]},{"@type":"WebSite","@id":"https:\/\/www.arte.tv\/sites\/olivierpere\/#website","url":"https:\/\/www.arte.tv\/sites\/olivierpere\/","name":"Olivier P\u00e8re","description":"","potentialAction":[{"@type":"SearchAction","target":{"@type":"EntryPoint","urlTemplate":"https:\/\/www.arte.tv\/sites\/olivierpere\/?s={search_term_string}"},"query-input":"required name=search_term_string"}],"inLanguage":"fr-FR"},{"@type":"Person","@id":"https:\/\/www.arte.tv\/sites\/olivierpere\/#\/schema\/person\/dc32cd6c79be95e52d43b97a74182558","name":"Olivier P\u00e8re","image":{"@type":"ImageObject","inLanguage":"fr-FR","@id":"https:\/\/www.arte.tv\/sites\/olivierpere\/#\/schema\/person\/image\/","url":"https:\/\/secure.gravatar.com\/avatar\/bdea7b6a2c195e2c41772429a9694758?s=96&d=mm&r=g","contentUrl":"https:\/\/secure.gravatar.com\/avatar\/bdea7b6a2c195e2c41772429a9694758?s=96&d=mm&r=g","caption":"Olivier P\u00e8re"},"url":"https:\/\/www.arte.tv\/sites\/olivierpere\/author\/pereolivier\/"}]}},"_links":{"self":[{"href":"https:\/\/www.arte.tv\/sites\/olivierpere\/wp-json\/wp\/v2\/posts\/10770"}],"collection":[{"href":"https:\/\/www.arte.tv\/sites\/olivierpere\/wp-json\/wp\/v2\/posts"}],"about":[{"href":"https:\/\/www.arte.tv\/sites\/olivierpere\/wp-json\/wp\/v2\/types\/post"}],"author":[{"embeddable":true,"href":"https:\/\/www.arte.tv\/sites\/olivierpere\/wp-json\/wp\/v2\/users\/116"}],"replies":[{"embeddable":true,"href":"https:\/\/www.arte.tv\/sites\/olivierpere\/wp-json\/wp\/v2\/comments?post=10770"}],"version-history":[{"count":6,"href":"https:\/\/www.arte.tv\/sites\/olivierpere\/wp-json\/wp\/v2\/posts\/10770\/revisions"}],"predecessor-version":[{"id":24474,"href":"https:\/\/www.arte.tv\/sites\/olivierpere\/wp-json\/wp\/v2\/posts\/10770\/revisions\/24474"}],"wp:attachment":[{"href":"https:\/\/www.arte.tv\/sites\/olivierpere\/wp-json\/wp\/v2\/media?parent=10770"}],"wp:term":[{"taxonomy":"category","embeddable":true,"href":"https:\/\/www.arte.tv\/sites\/olivierpere\/wp-json\/wp\/v2\/categories?post=10770"},{"taxonomy":"post_tag","embeddable":true,"href":"https:\/\/www.arte.tv\/sites\/olivierpere\/wp-json\/wp\/v2\/tags?post=10770"}],"curies":[{"name":"wp","href":"https:\/\/api.w.org\/{rel}","templated":true}]}}