{"id":10682,"date":"2013-10-11T02:46:20","date_gmt":"2013-10-11T01:46:20","guid":{"rendered":"https:\/\/www.arte.tv\/sites\/olivierpere\/?p=10682"},"modified":"2020-04-03T18:00:27","modified_gmt":"2020-04-03T17:00:27","slug":"les-levres-rouges-de-harry-kumel","status":"publish","type":"post","link":"https:\/\/www.arte.tv\/sites\/olivierpere\/2013\/10\/11\/les-levres-rouges-de-harry-kumel\/","title":{"rendered":"Les L\u00e8vres rouges de Harry K\u00fcmel"},"content":{"rendered":"<p>Malavida a \u00e9dit\u00e9 en DVD il y a quelques mois (il devrait aussi ressortir en salles en d\u00e9cembre) le film le plus connu de Harry K\u00fcmel, cin\u00e9aste belge \u00e9galement responsable d\u2019une adaptation de Jean Ray avec Sylvie Vartan et Orson Welles, <i>Malpertuis<\/i>. En 1971 K\u00fcmel transpose avec <i>Les L\u00e8vres rouges<\/i> la l\u00e9gende de la comtesse B\u00e1thory dans la Flandre contemporaine et signe une \u0153uvre d&rsquo;une beaut\u00e9 envo\u00fbtante dont l&rsquo;esth\u00e9tisme glac\u00e9 emprunte \u00e0 la peinture symboliste belge et permet \u00e0 Delphine Seyrig (photo en t\u00eate de texte) d&rsquo;interpr\u00e9ter avec beaucoup d&rsquo;humour et d&rsquo;\u00e9l\u00e9gance une extraordinaire femme vampire.<i> <\/i>Les jeunes mari\u00e9s Stefan et Val\u00e9rie rentrent en Angleterre en wagon-lit. Leur train se trouvant bloqu\u00e9, ils descendent dans un grand h\u00f4tel d\u00e9sert \u00e0 Ostende. Le soir venu, une \u00e9nigmatique comtesse (Seyrig) et sa suivante, Ilona (la tr\u00e8s sensuelle Andrea Rau), entrent dans l&rsquo;\u00e9tablissement. Le r\u00e9ceptionniste reconna\u00eet la femme, d\u00e9j\u00e0 venue il y a quarante ans. Cette derni\u00e8re n&rsquo;a pas pris une ride.<\/p>\n<p><i>Les l\u00e8vres rouges<\/i> est une \u0153uvre fascinante qui baigne dans une atmosph\u00e8re d\u00e9cadente et renvoie \u00e0 de nombreuses r\u00e9f\u00e9rence picturales (essentiellement les peintre symbolistes belges du XIX\u00e8me si\u00e8cle : Fernand Knopf et L\u00e9on Spilaert.)<\/p>\n<p><i>Les L\u00e8vres rouges<\/i> appartient aussi bien \u00e0 la mouvance du cin\u00e9ma \u00e9rotico fantastique que du film d\u2019art. K\u00fcmel est un auteur inclassable, grand admirateur de Sternberg. Pr\u00e9curseur avec quelques autres du film bis arty avant que cela devienne la mode, ce qui explique sa notori\u00e9t\u00e9 underground dans les pays anglo saxons et la carri\u00e8re marginale de son auteur, <em>Les L\u00e8vres rouges<\/em> b\u00e9n\u00e9ficie bien s\u00fbr du charme v\u00e9n\u00e9neux de Delphine Seyrig qui campe une cr\u00e9ature f\u00e9minine \u00e9chapp\u00e9e d\u2019un film de Resnais ou de Duras et \u00e9gar\u00e9e dans un film de Jean Rollin. Mais il faut mettre au cr\u00e9dit de la r\u00e9ussite du film la tr\u00e8s belle musique de Fran\u00e7ois de Roubaix, toujours inspir\u00e9 pour composer des m\u00e9lop\u00e9es<\/p>\n<p>ent\u00eatantes et tristes. Vilipendeur de la modernit\u00e9 cin\u00e9matographique et de la Nouvelle Vague, le petit ma\u00eetre flamand K\u00fcmel se r\u00e9fugie dans un univers compass\u00e9 et f\u00e9tichiste, cet h\u00f4tel mausol\u00e9e hant\u00e9 par la mort et les fant\u00f4mes du cin\u00e9ma des ann\u00e9es 30 et 40, faisant entrer les pages les plus sombres de l\u2019histoire de l\u2019Europe \u2013 le spectre du nazisme \u2013 par la petite porte du film de vampires \u00e9rotiques.<\/p>\n<p>Les dialogues sont sign\u00e9s Jean Ferry, c\u00e9l\u00e8bre pour sa collaboration avec Clouzot (<em>Quai des Orf\u00e8vres<\/em>) et d\u2019autres artisans de la \u00ab\u00a0qualit\u00e9 fran\u00e7aise.\u00a0\u00bb familiers d\u2019une vision noire ou d\u00e9sabus\u00e9e du monde. <em>Les L\u00e8vres rouges<\/em> est un film \u00e0 la beaut\u00e9 ind\u00e9niable, m\u00eame si on a le droit de pr\u00e9f\u00e9rer, dans un registre proche, la po\u00e9sie moins frelat\u00e9e, moins fabriqu\u00e9e, des r\u00eaveries surr\u00e9alistes de s\u00e9rie Z sign\u00e9es Jess Fran<i>co.<\/i><\/p>\n<p>&nbsp;<\/p>\n","protected":false},"excerpt":{"rendered":"<p>Malavida a \u00e9dit\u00e9 en DVD il y a quelques mois (il devrait aussi ressortir en salles en d\u00e9cembre) le film\u2026<\/p>\n","protected":false},"author":116,"featured_media":0,"comment_status":"open","ping_status":"open","sticky":false,"template":"","format":"standard","meta":[],"categories":[1],"tags":[],"yoast_head":"<!-- This site is optimized with the Yoast SEO plugin v20.8 - https:\/\/yoast.com\/wordpress\/plugins\/seo\/ -->\n<title>Les L\u00e8vres rouges de Harry K\u00fcmel - Olivier P\u00e8re<\/title>\n<meta name=\"robots\" content=\"index, follow, max-snippet:-1, max-image-preview:large, max-video-preview:-1\" \/>\n<link rel=\"canonical\" href=\"https:\/\/www.arte.tv\/sites\/olivierpere\/2013\/10\/11\/les-levres-rouges-de-harry-kumel\/\" \/>\n<meta property=\"og:locale\" content=\"fr_FR\" \/>\n<meta property=\"og:type\" content=\"article\" \/>\n<meta property=\"og:title\" content=\"Les L\u00e8vres rouges de Harry K\u00fcmel - Olivier P\u00e8re\" \/>\n<meta property=\"og:description\" content=\"Malavida a \u00e9dit\u00e9 en DVD il y a quelques mois (il devrait aussi ressortir en salles en d\u00e9cembre) le film\u2026\" \/>\n<meta property=\"og:url\" content=\"https:\/\/www.arte.tv\/sites\/olivierpere\/2013\/10\/11\/les-levres-rouges-de-harry-kumel\/\" \/>\n<meta property=\"og:site_name\" content=\"Olivier P\u00e8re\" \/>\n<meta property=\"article:published_time\" content=\"2013-10-11T01:46:20+00:00\" \/>\n<meta property=\"article:modified_time\" content=\"2020-04-03T17:00:27+00:00\" \/>\n<meta name=\"author\" content=\"Olivier P\u00e8re\" \/>\n<meta name=\"twitter:label1\" content=\"\u00c9crit par\" \/>\n\t<meta name=\"twitter:data1\" content=\"Olivier P\u00e8re\" \/>\n\t<meta name=\"twitter:label2\" content=\"Dur\u00e9e de lecture estim\u00e9e\" \/>\n\t<meta name=\"twitter:data2\" content=\"3 minutes\" \/>\n<script type=\"application\/ld+json\" class=\"yoast-schema-graph\">{\"@context\":\"https:\/\/schema.org\",\"@graph\":[{\"@type\":\"WebPage\",\"@id\":\"https:\/\/www.arte.tv\/sites\/olivierpere\/2013\/10\/11\/les-levres-rouges-de-harry-kumel\/\",\"url\":\"https:\/\/www.arte.tv\/sites\/olivierpere\/2013\/10\/11\/les-levres-rouges-de-harry-kumel\/\",\"name\":\"Les L\u00e8vres rouges de Harry K\u00fcmel - Olivier P\u00e8re\",\"isPartOf\":{\"@id\":\"https:\/\/www.arte.tv\/sites\/olivierpere\/#website\"},\"datePublished\":\"2013-10-11T01:46:20+00:00\",\"dateModified\":\"2020-04-03T17:00:27+00:00\",\"author\":{\"@id\":\"https:\/\/www.arte.tv\/sites\/olivierpere\/#\/schema\/person\/dc32cd6c79be95e52d43b97a74182558\"},\"breadcrumb\":{\"@id\":\"https:\/\/www.arte.tv\/sites\/olivierpere\/2013\/10\/11\/les-levres-rouges-de-harry-kumel\/#breadcrumb\"},\"inLanguage\":\"fr-FR\",\"potentialAction\":[{\"@type\":\"ReadAction\",\"target\":[\"https:\/\/www.arte.tv\/sites\/olivierpere\/2013\/10\/11\/les-levres-rouges-de-harry-kumel\/\"]}]},{\"@type\":\"BreadcrumbList\",\"@id\":\"https:\/\/www.arte.tv\/sites\/olivierpere\/2013\/10\/11\/les-levres-rouges-de-harry-kumel\/#breadcrumb\",\"itemListElement\":[{\"@type\":\"ListItem\",\"position\":1,\"name\":\"Home\",\"item\":\"https:\/\/www.arte.tv\/sites\/olivierpere\/\"},{\"@type\":\"ListItem\",\"position\":2,\"name\":\"Les L\u00e8vres rouges de Harry K\u00fcmel\"}]},{\"@type\":\"WebSite\",\"@id\":\"https:\/\/www.arte.tv\/sites\/olivierpere\/#website\",\"url\":\"https:\/\/www.arte.tv\/sites\/olivierpere\/\",\"name\":\"Olivier P\u00e8re\",\"description\":\"\",\"potentialAction\":[{\"@type\":\"SearchAction\",\"target\":{\"@type\":\"EntryPoint\",\"urlTemplate\":\"https:\/\/www.arte.tv\/sites\/olivierpere\/?s={search_term_string}\"},\"query-input\":\"required name=search_term_string\"}],\"inLanguage\":\"fr-FR\"},{\"@type\":\"Person\",\"@id\":\"https:\/\/www.arte.tv\/sites\/olivierpere\/#\/schema\/person\/dc32cd6c79be95e52d43b97a74182558\",\"name\":\"Olivier P\u00e8re\",\"image\":{\"@type\":\"ImageObject\",\"inLanguage\":\"fr-FR\",\"@id\":\"https:\/\/www.arte.tv\/sites\/olivierpere\/#\/schema\/person\/image\/\",\"url\":\"https:\/\/secure.gravatar.com\/avatar\/bdea7b6a2c195e2c41772429a9694758?s=96&d=mm&r=g\",\"contentUrl\":\"https:\/\/secure.gravatar.com\/avatar\/bdea7b6a2c195e2c41772429a9694758?s=96&d=mm&r=g\",\"caption\":\"Olivier P\u00e8re\"},\"url\":\"https:\/\/www.arte.tv\/sites\/olivierpere\/author\/pereolivier\/\"}]}<\/script>\n<!-- \/ Yoast SEO plugin. -->","yoast_head_json":{"title":"Les L\u00e8vres rouges de Harry K\u00fcmel - Olivier P\u00e8re","robots":{"index":"index","follow":"follow","max-snippet":"max-snippet:-1","max-image-preview":"max-image-preview:large","max-video-preview":"max-video-preview:-1"},"canonical":"https:\/\/www.arte.tv\/sites\/olivierpere\/2013\/10\/11\/les-levres-rouges-de-harry-kumel\/","og_locale":"fr_FR","og_type":"article","og_title":"Les L\u00e8vres rouges de Harry K\u00fcmel - Olivier P\u00e8re","og_description":"Malavida a \u00e9dit\u00e9 en DVD il y a quelques mois (il devrait aussi ressortir en salles en d\u00e9cembre) le film\u2026","og_url":"https:\/\/www.arte.tv\/sites\/olivierpere\/2013\/10\/11\/les-levres-rouges-de-harry-kumel\/","og_site_name":"Olivier P\u00e8re","article_published_time":"2013-10-11T01:46:20+00:00","article_modified_time":"2020-04-03T17:00:27+00:00","author":"Olivier P\u00e8re","twitter_misc":{"\u00c9crit par":"Olivier P\u00e8re","Dur\u00e9e de lecture estim\u00e9e":"3 minutes"},"schema":{"@context":"https:\/\/schema.org","@graph":[{"@type":"WebPage","@id":"https:\/\/www.arte.tv\/sites\/olivierpere\/2013\/10\/11\/les-levres-rouges-de-harry-kumel\/","url":"https:\/\/www.arte.tv\/sites\/olivierpere\/2013\/10\/11\/les-levres-rouges-de-harry-kumel\/","name":"Les L\u00e8vres rouges de Harry K\u00fcmel - Olivier P\u00e8re","isPartOf":{"@id":"https:\/\/www.arte.tv\/sites\/olivierpere\/#website"},"datePublished":"2013-10-11T01:46:20+00:00","dateModified":"2020-04-03T17:00:27+00:00","author":{"@id":"https:\/\/www.arte.tv\/sites\/olivierpere\/#\/schema\/person\/dc32cd6c79be95e52d43b97a74182558"},"breadcrumb":{"@id":"https:\/\/www.arte.tv\/sites\/olivierpere\/2013\/10\/11\/les-levres-rouges-de-harry-kumel\/#breadcrumb"},"inLanguage":"fr-FR","potentialAction":[{"@type":"ReadAction","target":["https:\/\/www.arte.tv\/sites\/olivierpere\/2013\/10\/11\/les-levres-rouges-de-harry-kumel\/"]}]},{"@type":"BreadcrumbList","@id":"https:\/\/www.arte.tv\/sites\/olivierpere\/2013\/10\/11\/les-levres-rouges-de-harry-kumel\/#breadcrumb","itemListElement":[{"@type":"ListItem","position":1,"name":"Home","item":"https:\/\/www.arte.tv\/sites\/olivierpere\/"},{"@type":"ListItem","position":2,"name":"Les L\u00e8vres rouges de Harry K\u00fcmel"}]},{"@type":"WebSite","@id":"https:\/\/www.arte.tv\/sites\/olivierpere\/#website","url":"https:\/\/www.arte.tv\/sites\/olivierpere\/","name":"Olivier P\u00e8re","description":"","potentialAction":[{"@type":"SearchAction","target":{"@type":"EntryPoint","urlTemplate":"https:\/\/www.arte.tv\/sites\/olivierpere\/?s={search_term_string}"},"query-input":"required name=search_term_string"}],"inLanguage":"fr-FR"},{"@type":"Person","@id":"https:\/\/www.arte.tv\/sites\/olivierpere\/#\/schema\/person\/dc32cd6c79be95e52d43b97a74182558","name":"Olivier P\u00e8re","image":{"@type":"ImageObject","inLanguage":"fr-FR","@id":"https:\/\/www.arte.tv\/sites\/olivierpere\/#\/schema\/person\/image\/","url":"https:\/\/secure.gravatar.com\/avatar\/bdea7b6a2c195e2c41772429a9694758?s=96&d=mm&r=g","contentUrl":"https:\/\/secure.gravatar.com\/avatar\/bdea7b6a2c195e2c41772429a9694758?s=96&d=mm&r=g","caption":"Olivier P\u00e8re"},"url":"https:\/\/www.arte.tv\/sites\/olivierpere\/author\/pereolivier\/"}]}},"_links":{"self":[{"href":"https:\/\/www.arte.tv\/sites\/olivierpere\/wp-json\/wp\/v2\/posts\/10682"}],"collection":[{"href":"https:\/\/www.arte.tv\/sites\/olivierpere\/wp-json\/wp\/v2\/posts"}],"about":[{"href":"https:\/\/www.arte.tv\/sites\/olivierpere\/wp-json\/wp\/v2\/types\/post"}],"author":[{"embeddable":true,"href":"https:\/\/www.arte.tv\/sites\/olivierpere\/wp-json\/wp\/v2\/users\/116"}],"replies":[{"embeddable":true,"href":"https:\/\/www.arte.tv\/sites\/olivierpere\/wp-json\/wp\/v2\/comments?post=10682"}],"version-history":[{"count":7,"href":"https:\/\/www.arte.tv\/sites\/olivierpere\/wp-json\/wp\/v2\/posts\/10682\/revisions"}],"predecessor-version":[{"id":24835,"href":"https:\/\/www.arte.tv\/sites\/olivierpere\/wp-json\/wp\/v2\/posts\/10682\/revisions\/24835"}],"wp:attachment":[{"href":"https:\/\/www.arte.tv\/sites\/olivierpere\/wp-json\/wp\/v2\/media?parent=10682"}],"wp:term":[{"taxonomy":"category","embeddable":true,"href":"https:\/\/www.arte.tv\/sites\/olivierpere\/wp-json\/wp\/v2\/categories?post=10682"},{"taxonomy":"post_tag","embeddable":true,"href":"https:\/\/www.arte.tv\/sites\/olivierpere\/wp-json\/wp\/v2\/tags?post=10682"}],"curies":[{"name":"wp","href":"https:\/\/api.w.org\/{rel}","templated":true}]}}