{"id":10551,"date":"2013-08-06T02:24:04","date_gmt":"2013-08-06T01:24:04","guid":{"rendered":"https:\/\/www.arte.tv\/sites\/olivierpere\/?p=10551"},"modified":"2022-03-26T18:49:01","modified_gmt":"2022-03-26T17:49:01","slug":"66eme-festival-del-film-locarno","status":"publish","type":"post","link":"https:\/\/www.arte.tv\/sites\/olivierpere\/2013\/08\/06\/66eme-festival-del-film-locarno\/","title":{"rendered":"66\u00e8me Festival del film Locarno"},"content":{"rendered":"<p>Le 66<sup>\u00e8me<\/sup> Festival del film Locarno d\u00e9bute demain. Pour sa premi\u00e8re ann\u00e9e \u00e0 la t\u00eate du festival suisse, le nouveau directeur artistique Carlo Chatrian a d\u2019ores-et-d\u00e9j\u00e0 \u00ab\u00a0sign\u00e9\u00a0\u00bb cette \u00e9dition, r\u00e9ussissant une comp\u00e9tition internationale (concorso internazionale) \u00e0 faire p\u00e2lir \u2013 ou rougir, c\u2019est selon \u2013 les manifestations cin\u00e9matographiques concurrentes et autres sections parall\u00e8les de festivals pr\u00e9tendument plus prestigieux. Je suis heureux que Carlo Chatrian et son \u00e9quipe \u2013 car le talent, c\u2019est d\u2019abord bien s\u2019entourer \u2013 aient poursuivi avec autant de brio le changement \u2013 \u00e9ditorial et structurel &#8211; que j\u2019avais entrepris en 2010 en arrivant \u00e0 Locarno. Ces efforts (les leurs et les miens) n\u2019auront pas \u00e9t\u00e9 vains, et ils devraient continuer \u00e0 fournir de nombreuses satisfactions \u00e0 ceux pour qui le cin\u00e9ma importe encore\u00a0: les professionnels qui per\u00e7oivent davantage aujourd\u2019hui l\u2019importance et l\u2019utilit\u00e9 de Locarno, le public curieux et cin\u00e9phile du festival, ses organisateurs enfin, dont le labeur difficile \u2013 je sais de quoi je parle \u2013 m\u00e9rite une nouvelle fois d\u2019\u00eatre salu\u00e9, et r\u00e9compens\u00e9 par le succ\u00e8s.<\/p>\n<p>L\u2019avantage, la force et la particularit\u00e9 du Festival del film Locarno, entre de bonnes mains, c\u2019est de pouvoir affirmer un regard critique et l\u2019expression d\u2019un go\u00fbt qui n\u2019est pas forc\u00e9ment le go\u00fbt dominant, mais qui est souvent meilleur que ce dernier. C\u2019est aussi r\u00e9ussir \u00e0 faire circuler quelques id\u00e9es et r\u00e9flexions pertinentes sur le cin\u00e9ma, pass\u00e9, pr\u00e9sent et \u00e0 venir, en s\u00e9lectionnant les meilleurs repr\u00e9sentants de la cr\u00e9ation cin\u00e9matographique contemporaine, jeune et moins jeune.<\/p>\n<p>Le programme excitant de la comp\u00e9tition cette ann\u00e9e permettra de d\u00e9couvrir en premi\u00e8re mondiale les nouveaux films de quelques-uns des plus passionnants cin\u00e9astes actuels, que nous avons eu la chance de suivre et d\u2019admirer depuis plusieurs ann\u00e9es\u00a0:<\/p>\n<p><em>C\u00e2nd se lasa seara peste Bucuresti sau Metabolism <\/em>(\u00ab\u00a0Quand le soir tombe sur Bucarest ou M\u00e9tabolisme\u00a0\u00bb) de Corneliu Porumboiu, d\u00e9j\u00e0 vu, aussi beau que son titre est long,<em> U Ri Sunhi <\/em>de Hong Sangsoo, <em>Pays Barbare <\/em>du couple de po\u00e8tes essayistes Yervant Gianikian et Angela Ricci Lucchi, <em>Historia de la meva mort<\/em> (\u00ab\u00a0Histoire de ma mort\u00a0\u00bb) d\u2019Albert Serra (d\u00e9j\u00e0 vu, chef-d\u2019\u0153uvre), <em>Real<\/em> de Kiyoshi Kurosawa, <em>Tomoguy<\/em> de Shinji Aoyama, sans oublier une s\u00e9lection fran\u00e7aise all\u00e9chante\u00a0: <em>Gare du Nord <\/em>de Claire Simon, <em>Une autre vie<\/em> d\u2019Emmanuel Mouret, <em>L\u2019Etrange Couleur des larmes de ton corps <\/em>d\u2019H\u00e9l\u00e8ne Cattet et Bruno Forzani (les auteurs d\u2019<em>Amer<\/em>) et le tr\u00e8s attendu premier long m\u00e9trage de Guillaume Brac, une histoire d\u2019amour fou avec Vincent Macaigne, Sol\u00e8ne Rigot et Bernard Menez, <em>Tonnerre<\/em>.<\/p>\n<p>Quentin Dupieux viendra quant \u00e0 lui jouer pour la troisi\u00e8me fois apr\u00e8s <em>Rubber<\/em> et <em>Wrong <\/em>les trublions sur la Piazza Grande avec son nouvel opus, <em>Wrong Cops<\/em> (d\u00e9j\u00e0 vu) cocktail explosif de provocation, d\u2019absurde, d\u2019humour tr\u00e8s noir et d\u2019invention formelle. Egalement sur la Piazza Grande, la nouvelle com\u00e9die du plus talentueux jeune r\u00e9alisateur suisse\u00a0: <em>Les Grandes Ondes (\u00e0 l\u2019ouest)<\/em> de Lionel Baier.<\/p>\n<p>Sans oublier les nombreux films encore inconnus, d\u00e9couvertes et r\u00e9v\u00e9lations, toutes sections confondues qui constituent l\u2019une des principales raisons d\u2019\u00eatre de Locarno, fid\u00e8le \u00e0 sa r\u00e9putation de t\u00eate chercheuse, clairvoyante et exigeante, et de laboratoire du cin\u00e9ma mondial.<\/p>\n<p>Parmi les nombreux programmes sp\u00e9ciaux, hommages et r\u00e9trospectives organis\u00e9s par le festival, et plusieurs invit\u00e9s de prestige (Faye Dunaway, Jacqueline Bisset, Anna Karina, Douglas Trumbull\u2026) on retiendra surtout la pr\u00e9sence de deux grands cin\u00e9astes prim\u00e9s pour leur extraordinaire contribution \u00e0 l\u2019histoire du cin\u00e9ma\u00a0: Werner Herzog (Pardo d\u2019onore) et Otar Iosseliani (Pardo alla carriera.)<\/p>\n<p>&nbsp;<\/p>\n<p>Je regrette de ne pouvoir me rendre \u00e0 Locarno cette ann\u00e9e, mais mes pens\u00e9es affectueuses accompagneront du 7 au 17 ao\u00fbt l\u2019\u00e9quipe du festival, avec qui j\u2019ai eu le plaisir et l\u2019honneur de travailler le temps de trois \u00e9ditions, ainsi que mes amis tessinois et les nombreux spectateurs d\u2019une manifestation qui peut \u00e9galement s\u2019enorgueillir de sa dimension populaire et de l\u2019intelligence de son public, toujours fervent et enthousiaste. Locarno, un festival o\u00f9 le cin\u00e9ma est plus vivant que jamais.<\/p>\n<p><em>\u00a0<\/em><\/p>\n<p><i>\u00a0<\/i><\/p>\n","protected":false},"excerpt":{"rendered":"<p>Le 66\u00e8me Festival del film Locarno d\u00e9bute demain. Pour sa premi\u00e8re ann\u00e9e \u00e0 la t\u00eate du festival suisse, le nouveau\u2026<\/p>\n","protected":false},"author":116,"featured_media":0,"comment_status":"open","ping_status":"open","sticky":false,"template":"","format":"standard","meta":[],"categories":[9],"tags":[],"yoast_head":"<!-- This site is optimized with the Yoast SEO plugin v20.8 - https:\/\/yoast.com\/wordpress\/plugins\/seo\/ -->\n<title>66\u00e8me Festival del film Locarno - Olivier P\u00e8re<\/title>\n<meta name=\"robots\" content=\"index, follow, max-snippet:-1, max-image-preview:large, max-video-preview:-1\" \/>\n<link rel=\"canonical\" href=\"https:\/\/www.arte.tv\/sites\/olivierpere\/2013\/08\/06\/66eme-festival-del-film-locarno\/\" \/>\n<meta property=\"og:locale\" content=\"fr_FR\" \/>\n<meta property=\"og:type\" content=\"article\" \/>\n<meta property=\"og:title\" content=\"66\u00e8me Festival del film Locarno - Olivier P\u00e8re\" \/>\n<meta property=\"og:description\" content=\"Le 66\u00e8me Festival del film Locarno d\u00e9bute demain. Pour sa premi\u00e8re ann\u00e9e \u00e0 la t\u00eate du festival suisse, le nouveau\u2026\" \/>\n<meta property=\"og:url\" content=\"https:\/\/www.arte.tv\/sites\/olivierpere\/2013\/08\/06\/66eme-festival-del-film-locarno\/\" \/>\n<meta property=\"og:site_name\" content=\"Olivier P\u00e8re\" \/>\n<meta property=\"article:published_time\" content=\"2013-08-06T01:24:04+00:00\" \/>\n<meta property=\"article:modified_time\" content=\"2022-03-26T17:49:01+00:00\" \/>\n<meta name=\"author\" content=\"Olivier P\u00e8re\" \/>\n<meta name=\"twitter:label1\" content=\"\u00c9crit par\" \/>\n\t<meta name=\"twitter:data1\" content=\"Olivier P\u00e8re\" \/>\n\t<meta name=\"twitter:label2\" content=\"Dur\u00e9e de lecture estim\u00e9e\" \/>\n\t<meta name=\"twitter:data2\" content=\"4 minutes\" \/>\n<script type=\"application\/ld+json\" class=\"yoast-schema-graph\">{\"@context\":\"https:\/\/schema.org\",\"@graph\":[{\"@type\":\"WebPage\",\"@id\":\"https:\/\/www.arte.tv\/sites\/olivierpere\/2013\/08\/06\/66eme-festival-del-film-locarno\/\",\"url\":\"https:\/\/www.arte.tv\/sites\/olivierpere\/2013\/08\/06\/66eme-festival-del-film-locarno\/\",\"name\":\"66\u00e8me Festival del film Locarno - Olivier P\u00e8re\",\"isPartOf\":{\"@id\":\"https:\/\/www.arte.tv\/sites\/olivierpere\/#website\"},\"datePublished\":\"2013-08-06T01:24:04+00:00\",\"dateModified\":\"2022-03-26T17:49:01+00:00\",\"author\":{\"@id\":\"https:\/\/www.arte.tv\/sites\/olivierpere\/#\/schema\/person\/dc32cd6c79be95e52d43b97a74182558\"},\"breadcrumb\":{\"@id\":\"https:\/\/www.arte.tv\/sites\/olivierpere\/2013\/08\/06\/66eme-festival-del-film-locarno\/#breadcrumb\"},\"inLanguage\":\"fr-FR\",\"potentialAction\":[{\"@type\":\"ReadAction\",\"target\":[\"https:\/\/www.arte.tv\/sites\/olivierpere\/2013\/08\/06\/66eme-festival-del-film-locarno\/\"]}]},{\"@type\":\"BreadcrumbList\",\"@id\":\"https:\/\/www.arte.tv\/sites\/olivierpere\/2013\/08\/06\/66eme-festival-del-film-locarno\/#breadcrumb\",\"itemListElement\":[{\"@type\":\"ListItem\",\"position\":1,\"name\":\"Home\",\"item\":\"https:\/\/www.arte.tv\/sites\/olivierpere\/\"},{\"@type\":\"ListItem\",\"position\":2,\"name\":\"66\u00e8me Festival del film Locarno\"}]},{\"@type\":\"WebSite\",\"@id\":\"https:\/\/www.arte.tv\/sites\/olivierpere\/#website\",\"url\":\"https:\/\/www.arte.tv\/sites\/olivierpere\/\",\"name\":\"Olivier P\u00e8re\",\"description\":\"\",\"potentialAction\":[{\"@type\":\"SearchAction\",\"target\":{\"@type\":\"EntryPoint\",\"urlTemplate\":\"https:\/\/www.arte.tv\/sites\/olivierpere\/?s={search_term_string}\"},\"query-input\":\"required name=search_term_string\"}],\"inLanguage\":\"fr-FR\"},{\"@type\":\"Person\",\"@id\":\"https:\/\/www.arte.tv\/sites\/olivierpere\/#\/schema\/person\/dc32cd6c79be95e52d43b97a74182558\",\"name\":\"Olivier P\u00e8re\",\"image\":{\"@type\":\"ImageObject\",\"inLanguage\":\"fr-FR\",\"@id\":\"https:\/\/www.arte.tv\/sites\/olivierpere\/#\/schema\/person\/image\/\",\"url\":\"https:\/\/secure.gravatar.com\/avatar\/bdea7b6a2c195e2c41772429a9694758?s=96&d=mm&r=g\",\"contentUrl\":\"https:\/\/secure.gravatar.com\/avatar\/bdea7b6a2c195e2c41772429a9694758?s=96&d=mm&r=g\",\"caption\":\"Olivier P\u00e8re\"},\"url\":\"https:\/\/www.arte.tv\/sites\/olivierpere\/author\/pereolivier\/\"}]}<\/script>\n<!-- \/ Yoast SEO plugin. -->","yoast_head_json":{"title":"66\u00e8me Festival del film Locarno - Olivier P\u00e8re","robots":{"index":"index","follow":"follow","max-snippet":"max-snippet:-1","max-image-preview":"max-image-preview:large","max-video-preview":"max-video-preview:-1"},"canonical":"https:\/\/www.arte.tv\/sites\/olivierpere\/2013\/08\/06\/66eme-festival-del-film-locarno\/","og_locale":"fr_FR","og_type":"article","og_title":"66\u00e8me Festival del film Locarno - Olivier P\u00e8re","og_description":"Le 66\u00e8me Festival del film Locarno d\u00e9bute demain. Pour sa premi\u00e8re ann\u00e9e \u00e0 la t\u00eate du festival suisse, le nouveau\u2026","og_url":"https:\/\/www.arte.tv\/sites\/olivierpere\/2013\/08\/06\/66eme-festival-del-film-locarno\/","og_site_name":"Olivier P\u00e8re","article_published_time":"2013-08-06T01:24:04+00:00","article_modified_time":"2022-03-26T17:49:01+00:00","author":"Olivier P\u00e8re","twitter_misc":{"\u00c9crit par":"Olivier P\u00e8re","Dur\u00e9e de lecture estim\u00e9e":"4 minutes"},"schema":{"@context":"https:\/\/schema.org","@graph":[{"@type":"WebPage","@id":"https:\/\/www.arte.tv\/sites\/olivierpere\/2013\/08\/06\/66eme-festival-del-film-locarno\/","url":"https:\/\/www.arte.tv\/sites\/olivierpere\/2013\/08\/06\/66eme-festival-del-film-locarno\/","name":"66\u00e8me Festival del film Locarno - Olivier P\u00e8re","isPartOf":{"@id":"https:\/\/www.arte.tv\/sites\/olivierpere\/#website"},"datePublished":"2013-08-06T01:24:04+00:00","dateModified":"2022-03-26T17:49:01+00:00","author":{"@id":"https:\/\/www.arte.tv\/sites\/olivierpere\/#\/schema\/person\/dc32cd6c79be95e52d43b97a74182558"},"breadcrumb":{"@id":"https:\/\/www.arte.tv\/sites\/olivierpere\/2013\/08\/06\/66eme-festival-del-film-locarno\/#breadcrumb"},"inLanguage":"fr-FR","potentialAction":[{"@type":"ReadAction","target":["https:\/\/www.arte.tv\/sites\/olivierpere\/2013\/08\/06\/66eme-festival-del-film-locarno\/"]}]},{"@type":"BreadcrumbList","@id":"https:\/\/www.arte.tv\/sites\/olivierpere\/2013\/08\/06\/66eme-festival-del-film-locarno\/#breadcrumb","itemListElement":[{"@type":"ListItem","position":1,"name":"Home","item":"https:\/\/www.arte.tv\/sites\/olivierpere\/"},{"@type":"ListItem","position":2,"name":"66\u00e8me Festival del film Locarno"}]},{"@type":"WebSite","@id":"https:\/\/www.arte.tv\/sites\/olivierpere\/#website","url":"https:\/\/www.arte.tv\/sites\/olivierpere\/","name":"Olivier P\u00e8re","description":"","potentialAction":[{"@type":"SearchAction","target":{"@type":"EntryPoint","urlTemplate":"https:\/\/www.arte.tv\/sites\/olivierpere\/?s={search_term_string}"},"query-input":"required name=search_term_string"}],"inLanguage":"fr-FR"},{"@type":"Person","@id":"https:\/\/www.arte.tv\/sites\/olivierpere\/#\/schema\/person\/dc32cd6c79be95e52d43b97a74182558","name":"Olivier P\u00e8re","image":{"@type":"ImageObject","inLanguage":"fr-FR","@id":"https:\/\/www.arte.tv\/sites\/olivierpere\/#\/schema\/person\/image\/","url":"https:\/\/secure.gravatar.com\/avatar\/bdea7b6a2c195e2c41772429a9694758?s=96&d=mm&r=g","contentUrl":"https:\/\/secure.gravatar.com\/avatar\/bdea7b6a2c195e2c41772429a9694758?s=96&d=mm&r=g","caption":"Olivier P\u00e8re"},"url":"https:\/\/www.arte.tv\/sites\/olivierpere\/author\/pereolivier\/"}]}},"_links":{"self":[{"href":"https:\/\/www.arte.tv\/sites\/olivierpere\/wp-json\/wp\/v2\/posts\/10551"}],"collection":[{"href":"https:\/\/www.arte.tv\/sites\/olivierpere\/wp-json\/wp\/v2\/posts"}],"about":[{"href":"https:\/\/www.arte.tv\/sites\/olivierpere\/wp-json\/wp\/v2\/types\/post"}],"author":[{"embeddable":true,"href":"https:\/\/www.arte.tv\/sites\/olivierpere\/wp-json\/wp\/v2\/users\/116"}],"replies":[{"embeddable":true,"href":"https:\/\/www.arte.tv\/sites\/olivierpere\/wp-json\/wp\/v2\/comments?post=10551"}],"version-history":[{"count":8,"href":"https:\/\/www.arte.tv\/sites\/olivierpere\/wp-json\/wp\/v2\/posts\/10551\/revisions"}],"predecessor-version":[{"id":26961,"href":"https:\/\/www.arte.tv\/sites\/olivierpere\/wp-json\/wp\/v2\/posts\/10551\/revisions\/26961"}],"wp:attachment":[{"href":"https:\/\/www.arte.tv\/sites\/olivierpere\/wp-json\/wp\/v2\/media?parent=10551"}],"wp:term":[{"taxonomy":"category","embeddable":true,"href":"https:\/\/www.arte.tv\/sites\/olivierpere\/wp-json\/wp\/v2\/categories?post=10551"},{"taxonomy":"post_tag","embeddable":true,"href":"https:\/\/www.arte.tv\/sites\/olivierpere\/wp-json\/wp\/v2\/tags?post=10551"}],"curies":[{"name":"wp","href":"https:\/\/api.w.org\/{rel}","templated":true}]}}