{"id":10380,"date":"2013-07-27T12:32:28","date_gmt":"2013-07-27T11:32:28","guid":{"rendered":"https:\/\/www.arte.tv\/sites\/olivierpere\/?p=10380"},"modified":"2020-03-26T09:19:50","modified_gmt":"2020-03-26T08:19:50","slug":"bernadette-lafont-1938-2013","status":"publish","type":"post","link":"https:\/\/www.arte.tv\/sites\/olivierpere\/2013\/07\/27\/bernadette-lafont-1938-2013\/","title":{"rendered":"Bernadette Lafont (1938-2013)"},"content":{"rendered":"<p>Disparue jeudi 25 juillet, Bernadette Lafont \u00e9tait la fianc\u00e9e de la Nouvelle Vague, l\u2019une des \u00e9g\u00e9ries principales, avec Anna Karina et St\u00e9phane Audran, de ce vent de libert\u00e9 et de jeunesse qui souffla sur le cin\u00e9ma fran\u00e7ais \u00e0 partir de la fin des ann\u00e9es 50.<\/p>\n<p>Le d\u00e9but de la carri\u00e8re de cette jolie n\u00eemoise est intimement li\u00e9 aux jeunes Turcs issus des \u00ab\u00a0Cahiers du Cin\u00e9ma\u00a0\u00bb qu\u2019elle fr\u00e9quente lors de son arriv\u00e9e \u00e0 Paris et qui la font tourner dans leurs premiers courts et longs m\u00e9trages.<\/p>\n<p>C\u2019est en effet Fran\u00e7ois Truffaut qui lui offre sa premi\u00e8re apparition \u00e0 l\u2019\u00e9cran dans son c\u00e9l\u00e8bre court m\u00e9trage <i>Les Mistons<\/i>, tourn\u00e9 \u00e0 N\u00eemes en 1957. Elle y joue la sensuelle jeune femme \u00e0 bicyclette observ\u00e9e par les garnements du titre, aux c\u00f4t\u00e9s de G\u00e9rard Blain, nouveau visage du cin\u00e9ma fran\u00e7ais (<i>Voici le temps des assassins<\/i> de Julien Duvivier avec Jean Gabin, sorti un an plus t\u00f4t) qu\u2019elle vient d\u2019\u00e9pouser.<\/p>\n<p>Le mariage ne durera que deux ans mais le couple aura le temps de partager l\u2019affiche d\u2019un autre film important, <i>Le Beau Serge<\/i> (1958), premier long m\u00e9trage de Claude Chabrol. Bernadette Lafont retrouve Chabrol pour <i>Les Bonnes Femmes<\/i> en 1960. C\u2019est l\u2019un des chefs-d\u2019\u0153uvre de son auteur, mais le film re\u00e7oit un accueil d\u00e9sastreux au moment de sa sortie (il sera jug\u00e9 misogyne et m\u00eame fasciste.) Bernadette Lafont, entour\u00e9e de St\u00e9phane Audran et Clotilde Joano y peaufine avec le r\u00f4le de la vendeuse Jane un personnage qui va longtemps lui coller \u00e0 la peau\u00a0: celui d\u2019une jeune femme sexy, indolente et insolente. Cette brunette rigolote aux mensurations de pin-up et qui idol\u00e2tre Brigitte Bardot va paradoxalement devenir l\u2019anti star par excellence. Comme Jean-Pierre L\u00e9aud son \u00e9quivalent masculin qu\u2019elle croisera \u00e0 plusieurs reprises derri\u00e8re la cam\u00e9ra Bernadette Lafont marque l\u2019irruption d\u2019un corps, d\u2019une attitude et d\u2019un phras\u00e9 r\u00e9solument modernes dans le cin\u00e9ma des ann\u00e9es 60. La jeune femme revendique ce m\u00e9lange pr\u00e9cieux et explosif de bagout h\u00e9rit\u00e9 des actrices fran\u00e7aises populaires des ann\u00e9es 30, de r\u00e9bellion anticonformiste et antibourgeoise, et n\u2019a pas peur des incursions dans le cin\u00e9ma intellectuel, po\u00e9tique ou d\u2019avant-garde qui fleurit \u00e0 l\u2019\u00e9poque.<\/p>\n<p>Les cin\u00e9astes de la Nouvelle Vague resteront fid\u00e8les \u00e0 Bernadette Lafont \u2013 et r\u00e9ciproquement \u2013 puisqu\u2019elle continuera d\u2019appara\u00eetre dans leurs films bien apr\u00e8s la fin du mouvement. Fran\u00e7ois Truffaut lui offre le r\u00f4le titre d\u2019<i>Une belle fille comme moi <\/i>en 1972, elle participe un an plus t\u00f4t \u00e0 l\u2019aventure exp\u00e9rimentale de <i>Out 1<\/i> (adaptation moderne de \u00ab\u00a0L\u2019Histoire des Treize\u00a0\u00bb de Balzac par Jacques Rivette en un film partiellement improvis\u00e9 de douze heures trente), retrouve Chabrol avec <i>Violette Nozi\u00e8re<\/i>, <i>Inspecteur Lavardin, Masques<\/i>.<\/p>\n<p>Bernadette Lafont, actrice intelligente et tr\u00e8s cin\u00e9phile, aura \u00e9t\u00e9 l\u2019interpr\u00e8te de nombreux compagnons de route ou h\u00e9ritiers de la Nouvelle Vague, et surtout de ses deux plus talentueux fils spirituels\u00a0: Philippe Garrel et son sublime <i>Le R\u00e9v\u00e9lateur<\/i> (1968), film po\u00e8me muet de la p\u00e9riode Zanzibar du r\u00e9alisateur\u00a0; <i>La Maman et la Putain<\/i> (1973) de Jean Eustache, chef-d\u2019\u0153uvre d\u00e9finitif de la g\u00e9n\u00e9ration post-68. Famili\u00e8re des cimes du cin\u00e9ma d\u2019auteur fran\u00e7ais, versant grand public (<i>L\u2019Effront\u00e9e<\/i> de Claude Miller) ou versant underground (par exemple <i>Paul <\/i>de Diourka Medveczky second mari de l\u2019actrice), Bernadette Lafont dont le bagout comique et la fantaisie \u00e9taient intarissables ne rechignait pas non plus \u00e0 fr\u00e9quenter les productions populaires (o\u00f9 elle \u00e9tait tr\u00e8s demand\u00e9e jusqu\u2019\u00e0 sa disparition.) Elle obtiendra son plus grand succ\u00e8s personnel avec <i>La Fianc\u00e9e du pirate<\/i> (1969) de Nelly Kaplan, com\u00e9die sociale aux accents anarchistes et f\u00e9ministes qui co\u00efncident avec ses propres id\u00e9es et sa personnalit\u00e9. A la fin des ann\u00e9es 70 et dans les ann\u00e9es 80 sa filmographie \u00ab\u00a0s\u2019enrichit\u00a0\u00bb de com\u00e9dies farfelues \u00e0 la mode du moment, assez oubliables mais aux titres qui fleurent bon le nanar\u00a0: <i>Le Trouble-fesses, Chaussette surprise, La Fris\u00e9e aux lardons, Nous maigrirons ensemble, Arr\u00eate de ramer t\u2019attaque la falaise, On n\u2019est pas sorti de l\u2019auberge\u2026<\/i> Ces monuments d\u2019humour navrant n\u2019entameront en rien sa cr\u00e9dibilit\u00e9 et sa cote d\u2019amour aupr\u00e8s des spectateurs.<\/p>\n<p>Dans le registre de l\u2019humour et de la farce c\u2019est Jean-Pierre Mocky qui emploiera Bernadette Lafont avec le plus de talent, dans une s\u00e9rie de com\u00e9dies grin\u00e7antes, pr\u00e9textes comme toujours chez Mocky \u00e0 de r\u00e9jouissants num\u00e9ros d\u2019acteurs\u00a0: <i>Le Pactole<\/i>, <i>Les Saisons du plaisir<\/i>, <i>Une nuit \u00e0 l\u2019assembl\u00e9e nationale<\/i>, <i>Ville \u00e0 vendre<\/i>.<\/p>\n<p>&nbsp;<\/p>\n<p>En hommage \u00e0 Bernadette Lafont ARTE bouscule sa grille des programmes et proposera lundi 29 juillet \u00e0 20h50 l\u2019un des plus grands films de l\u2019actrice\u00a0: <i>La Maman et la Putain<\/i> de Jean Eustache, sur lequel nous reviendrons le jour de sa diffusion.<\/p>\n","protected":false},"excerpt":{"rendered":"<p>Disparue jeudi 25 juillet, Bernadette Lafont \u00e9tait la fianc\u00e9e de la Nouvelle Vague, l\u2019une des \u00e9g\u00e9ries principales, avec Anna Karina\u2026<\/p>\n","protected":false},"author":116,"featured_media":0,"comment_status":"open","ping_status":"open","sticky":false,"template":"","format":"standard","meta":[],"categories":[1],"tags":[],"yoast_head":"<!-- This site is optimized with the Yoast SEO plugin v20.8 - https:\/\/yoast.com\/wordpress\/plugins\/seo\/ -->\n<title>Bernadette Lafont (1938-2013) - Olivier P\u00e8re<\/title>\n<meta name=\"robots\" content=\"index, follow, max-snippet:-1, max-image-preview:large, max-video-preview:-1\" \/>\n<link rel=\"canonical\" href=\"https:\/\/www.arte.tv\/sites\/olivierpere\/2013\/07\/27\/bernadette-lafont-1938-2013\/\" \/>\n<meta property=\"og:locale\" content=\"fr_FR\" \/>\n<meta property=\"og:type\" content=\"article\" \/>\n<meta property=\"og:title\" content=\"Bernadette Lafont (1938-2013) - Olivier P\u00e8re\" \/>\n<meta property=\"og:description\" content=\"Disparue jeudi 25 juillet, Bernadette Lafont \u00e9tait la fianc\u00e9e de la Nouvelle Vague, l\u2019une des \u00e9g\u00e9ries principales, avec Anna Karina\u2026\" \/>\n<meta property=\"og:url\" content=\"https:\/\/www.arte.tv\/sites\/olivierpere\/2013\/07\/27\/bernadette-lafont-1938-2013\/\" \/>\n<meta property=\"og:site_name\" content=\"Olivier P\u00e8re\" \/>\n<meta property=\"article:published_time\" content=\"2013-07-27T11:32:28+00:00\" \/>\n<meta property=\"article:modified_time\" content=\"2020-03-26T08:19:50+00:00\" \/>\n<meta name=\"author\" content=\"Olivier P\u00e8re\" \/>\n<meta name=\"twitter:label1\" content=\"\u00c9crit par\" \/>\n\t<meta name=\"twitter:data1\" content=\"Olivier P\u00e8re\" \/>\n\t<meta name=\"twitter:label2\" content=\"Dur\u00e9e de lecture estim\u00e9e\" \/>\n\t<meta name=\"twitter:data2\" content=\"4 minutes\" \/>\n<script type=\"application\/ld+json\" class=\"yoast-schema-graph\">{\"@context\":\"https:\/\/schema.org\",\"@graph\":[{\"@type\":\"WebPage\",\"@id\":\"https:\/\/www.arte.tv\/sites\/olivierpere\/2013\/07\/27\/bernadette-lafont-1938-2013\/\",\"url\":\"https:\/\/www.arte.tv\/sites\/olivierpere\/2013\/07\/27\/bernadette-lafont-1938-2013\/\",\"name\":\"Bernadette Lafont (1938-2013) - Olivier P\u00e8re\",\"isPartOf\":{\"@id\":\"https:\/\/www.arte.tv\/sites\/olivierpere\/#website\"},\"datePublished\":\"2013-07-27T11:32:28+00:00\",\"dateModified\":\"2020-03-26T08:19:50+00:00\",\"author\":{\"@id\":\"https:\/\/www.arte.tv\/sites\/olivierpere\/#\/schema\/person\/dc32cd6c79be95e52d43b97a74182558\"},\"breadcrumb\":{\"@id\":\"https:\/\/www.arte.tv\/sites\/olivierpere\/2013\/07\/27\/bernadette-lafont-1938-2013\/#breadcrumb\"},\"inLanguage\":\"fr-FR\",\"potentialAction\":[{\"@type\":\"ReadAction\",\"target\":[\"https:\/\/www.arte.tv\/sites\/olivierpere\/2013\/07\/27\/bernadette-lafont-1938-2013\/\"]}]},{\"@type\":\"BreadcrumbList\",\"@id\":\"https:\/\/www.arte.tv\/sites\/olivierpere\/2013\/07\/27\/bernadette-lafont-1938-2013\/#breadcrumb\",\"itemListElement\":[{\"@type\":\"ListItem\",\"position\":1,\"name\":\"Home\",\"item\":\"https:\/\/www.arte.tv\/sites\/olivierpere\/\"},{\"@type\":\"ListItem\",\"position\":2,\"name\":\"Bernadette Lafont (1938-2013)\"}]},{\"@type\":\"WebSite\",\"@id\":\"https:\/\/www.arte.tv\/sites\/olivierpere\/#website\",\"url\":\"https:\/\/www.arte.tv\/sites\/olivierpere\/\",\"name\":\"Olivier P\u00e8re\",\"description\":\"\",\"potentialAction\":[{\"@type\":\"SearchAction\",\"target\":{\"@type\":\"EntryPoint\",\"urlTemplate\":\"https:\/\/www.arte.tv\/sites\/olivierpere\/?s={search_term_string}\"},\"query-input\":\"required name=search_term_string\"}],\"inLanguage\":\"fr-FR\"},{\"@type\":\"Person\",\"@id\":\"https:\/\/www.arte.tv\/sites\/olivierpere\/#\/schema\/person\/dc32cd6c79be95e52d43b97a74182558\",\"name\":\"Olivier P\u00e8re\",\"image\":{\"@type\":\"ImageObject\",\"inLanguage\":\"fr-FR\",\"@id\":\"https:\/\/www.arte.tv\/sites\/olivierpere\/#\/schema\/person\/image\/\",\"url\":\"https:\/\/secure.gravatar.com\/avatar\/bdea7b6a2c195e2c41772429a9694758?s=96&d=mm&r=g\",\"contentUrl\":\"https:\/\/secure.gravatar.com\/avatar\/bdea7b6a2c195e2c41772429a9694758?s=96&d=mm&r=g\",\"caption\":\"Olivier P\u00e8re\"},\"url\":\"https:\/\/www.arte.tv\/sites\/olivierpere\/author\/pereolivier\/\"}]}<\/script>\n<!-- \/ Yoast SEO plugin. -->","yoast_head_json":{"title":"Bernadette Lafont (1938-2013) - Olivier P\u00e8re","robots":{"index":"index","follow":"follow","max-snippet":"max-snippet:-1","max-image-preview":"max-image-preview:large","max-video-preview":"max-video-preview:-1"},"canonical":"https:\/\/www.arte.tv\/sites\/olivierpere\/2013\/07\/27\/bernadette-lafont-1938-2013\/","og_locale":"fr_FR","og_type":"article","og_title":"Bernadette Lafont (1938-2013) - Olivier P\u00e8re","og_description":"Disparue jeudi 25 juillet, Bernadette Lafont \u00e9tait la fianc\u00e9e de la Nouvelle Vague, l\u2019une des \u00e9g\u00e9ries principales, avec Anna Karina\u2026","og_url":"https:\/\/www.arte.tv\/sites\/olivierpere\/2013\/07\/27\/bernadette-lafont-1938-2013\/","og_site_name":"Olivier P\u00e8re","article_published_time":"2013-07-27T11:32:28+00:00","article_modified_time":"2020-03-26T08:19:50+00:00","author":"Olivier P\u00e8re","twitter_misc":{"\u00c9crit par":"Olivier P\u00e8re","Dur\u00e9e de lecture estim\u00e9e":"4 minutes"},"schema":{"@context":"https:\/\/schema.org","@graph":[{"@type":"WebPage","@id":"https:\/\/www.arte.tv\/sites\/olivierpere\/2013\/07\/27\/bernadette-lafont-1938-2013\/","url":"https:\/\/www.arte.tv\/sites\/olivierpere\/2013\/07\/27\/bernadette-lafont-1938-2013\/","name":"Bernadette Lafont (1938-2013) - Olivier P\u00e8re","isPartOf":{"@id":"https:\/\/www.arte.tv\/sites\/olivierpere\/#website"},"datePublished":"2013-07-27T11:32:28+00:00","dateModified":"2020-03-26T08:19:50+00:00","author":{"@id":"https:\/\/www.arte.tv\/sites\/olivierpere\/#\/schema\/person\/dc32cd6c79be95e52d43b97a74182558"},"breadcrumb":{"@id":"https:\/\/www.arte.tv\/sites\/olivierpere\/2013\/07\/27\/bernadette-lafont-1938-2013\/#breadcrumb"},"inLanguage":"fr-FR","potentialAction":[{"@type":"ReadAction","target":["https:\/\/www.arte.tv\/sites\/olivierpere\/2013\/07\/27\/bernadette-lafont-1938-2013\/"]}]},{"@type":"BreadcrumbList","@id":"https:\/\/www.arte.tv\/sites\/olivierpere\/2013\/07\/27\/bernadette-lafont-1938-2013\/#breadcrumb","itemListElement":[{"@type":"ListItem","position":1,"name":"Home","item":"https:\/\/www.arte.tv\/sites\/olivierpere\/"},{"@type":"ListItem","position":2,"name":"Bernadette Lafont (1938-2013)"}]},{"@type":"WebSite","@id":"https:\/\/www.arte.tv\/sites\/olivierpere\/#website","url":"https:\/\/www.arte.tv\/sites\/olivierpere\/","name":"Olivier P\u00e8re","description":"","potentialAction":[{"@type":"SearchAction","target":{"@type":"EntryPoint","urlTemplate":"https:\/\/www.arte.tv\/sites\/olivierpere\/?s={search_term_string}"},"query-input":"required name=search_term_string"}],"inLanguage":"fr-FR"},{"@type":"Person","@id":"https:\/\/www.arte.tv\/sites\/olivierpere\/#\/schema\/person\/dc32cd6c79be95e52d43b97a74182558","name":"Olivier P\u00e8re","image":{"@type":"ImageObject","inLanguage":"fr-FR","@id":"https:\/\/www.arte.tv\/sites\/olivierpere\/#\/schema\/person\/image\/","url":"https:\/\/secure.gravatar.com\/avatar\/bdea7b6a2c195e2c41772429a9694758?s=96&d=mm&r=g","contentUrl":"https:\/\/secure.gravatar.com\/avatar\/bdea7b6a2c195e2c41772429a9694758?s=96&d=mm&r=g","caption":"Olivier P\u00e8re"},"url":"https:\/\/www.arte.tv\/sites\/olivierpere\/author\/pereolivier\/"}]}},"_links":{"self":[{"href":"https:\/\/www.arte.tv\/sites\/olivierpere\/wp-json\/wp\/v2\/posts\/10380"}],"collection":[{"href":"https:\/\/www.arte.tv\/sites\/olivierpere\/wp-json\/wp\/v2\/posts"}],"about":[{"href":"https:\/\/www.arte.tv\/sites\/olivierpere\/wp-json\/wp\/v2\/types\/post"}],"author":[{"embeddable":true,"href":"https:\/\/www.arte.tv\/sites\/olivierpere\/wp-json\/wp\/v2\/users\/116"}],"replies":[{"embeddable":true,"href":"https:\/\/www.arte.tv\/sites\/olivierpere\/wp-json\/wp\/v2\/comments?post=10380"}],"version-history":[{"count":4,"href":"https:\/\/www.arte.tv\/sites\/olivierpere\/wp-json\/wp\/v2\/posts\/10380\/revisions"}],"predecessor-version":[{"id":24436,"href":"https:\/\/www.arte.tv\/sites\/olivierpere\/wp-json\/wp\/v2\/posts\/10380\/revisions\/24436"}],"wp:attachment":[{"href":"https:\/\/www.arte.tv\/sites\/olivierpere\/wp-json\/wp\/v2\/media?parent=10380"}],"wp:term":[{"taxonomy":"category","embeddable":true,"href":"https:\/\/www.arte.tv\/sites\/olivierpere\/wp-json\/wp\/v2\/categories?post=10380"},{"taxonomy":"post_tag","embeddable":true,"href":"https:\/\/www.arte.tv\/sites\/olivierpere\/wp-json\/wp\/v2\/tags?post=10380"}],"curies":[{"name":"wp","href":"https:\/\/api.w.org\/{rel}","templated":true}]}}