{"id":10348,"date":"2013-08-13T06:12:48","date_gmt":"2013-08-13T05:12:48","guid":{"rendered":"https:\/\/www.arte.tv\/sites\/olivierpere\/?p=10348"},"modified":"2013-08-14T08:36:33","modified_gmt":"2013-08-14T07:36:33","slug":"michael-kohlhaas-entretien-avec-arnaud-des-pallieres","status":"publish","type":"post","link":"https:\/\/www.arte.tv\/sites\/olivierpere\/2013\/08\/13\/michael-kohlhaas-entretien-avec-arnaud-des-pallieres\/","title":{"rendered":"Michael Kohlhaas : entretien avec Arnaud des Palli\u00e8res"},"content":{"rendered":"<p><iframe loading=\"lazy\" src=\"\/\/www.youtube.com\/embed\/daihraGE9-g\" height=\"315\" width=\"560\" frameborder=\"0\"><\/iframe><\/p>\n<p>Demain sort en salles <em>Michael Kohlhaas<\/em> d&rsquo;Arnaud des Palli\u00e8res, distribu\u00e9 par Les Films du Losange. A cette occasion, nous vous proposons l&rsquo;entretien que nous avait accord\u00e9 le cin\u00e9aste \u00e0 l&rsquo;occasion de la pr\u00e9sentation de son film au Festival de Cannes, en s\u00e9lection officielle.<\/p>\n","protected":false},"excerpt":{"rendered":"<p>Demain sort en salles Michael Kohlhaas d&rsquo;Arnaud des Palli\u00e8res, distribu\u00e9 par Les Films du Losange. A cette occasion, nous vous\u2026<\/p>\n","protected":false},"author":116,"featured_media":10350,"comment_status":"open","ping_status":"open","sticky":false,"template":"","format":"standard","meta":[],"categories":[1],"tags":[],"yoast_head":"<!-- This site is optimized with the Yoast SEO plugin v20.8 - https:\/\/yoast.com\/wordpress\/plugins\/seo\/ -->\n<title>Michael Kohlhaas : entretien avec Arnaud des Palli\u00e8res - Olivier P\u00e8re<\/title>\n<meta name=\"robots\" content=\"index, follow, max-snippet:-1, max-image-preview:large, max-video-preview:-1\" \/>\n<link rel=\"canonical\" href=\"https:\/\/www.arte.tv\/sites\/olivierpere\/2013\/08\/13\/michael-kohlhaas-entretien-avec-arnaud-des-pallieres\/\" \/>\n<meta property=\"og:locale\" content=\"fr_FR\" \/>\n<meta property=\"og:type\" content=\"article\" \/>\n<meta property=\"og:title\" content=\"Michael Kohlhaas : entretien avec Arnaud des Palli\u00e8res - Olivier P\u00e8re\" \/>\n<meta property=\"og:description\" content=\"Demain sort en salles Michael Kohlhaas d&rsquo;Arnaud des Palli\u00e8res, distribu\u00e9 par Les Films du Losange. A cette occasion, nous vous\u2026\" \/>\n<meta property=\"og:url\" content=\"https:\/\/www.arte.tv\/sites\/olivierpere\/2013\/08\/13\/michael-kohlhaas-entretien-avec-arnaud-des-pallieres\/\" \/>\n<meta property=\"og:site_name\" content=\"Olivier P\u00e8re\" \/>\n<meta property=\"article:published_time\" content=\"2013-08-13T05:12:48+00:00\" \/>\n<meta property=\"article:modified_time\" content=\"2013-08-14T07:36:33+00:00\" \/>\n<meta property=\"og:image\" content=\"https:\/\/www.arte.tv\/sites\/olivierpere\/files\/2013\/08\/michael-kohlhaas.jpg\" \/>\n\t<meta property=\"og:image:width\" content=\"1920\" \/>\n\t<meta property=\"og:image:height\" content=\"806\" \/>\n\t<meta property=\"og:image:type\" content=\"image\/jpeg\" \/>\n<meta name=\"author\" content=\"Olivier P\u00e8re\" \/>\n<meta name=\"twitter:label1\" content=\"\u00c9crit par\" \/>\n\t<meta name=\"twitter:data1\" content=\"Olivier P\u00e8re\" \/>\n<script type=\"application\/ld+json\" class=\"yoast-schema-graph\">{\"@context\":\"https:\/\/schema.org\",\"@graph\":[{\"@type\":\"WebPage\",\"@id\":\"https:\/\/www.arte.tv\/sites\/olivierpere\/2013\/08\/13\/michael-kohlhaas-entretien-avec-arnaud-des-pallieres\/\",\"url\":\"https:\/\/www.arte.tv\/sites\/olivierpere\/2013\/08\/13\/michael-kohlhaas-entretien-avec-arnaud-des-pallieres\/\",\"name\":\"Michael Kohlhaas : entretien avec Arnaud des Palli\u00e8res - Olivier P\u00e8re\",\"isPartOf\":{\"@id\":\"https:\/\/www.arte.tv\/sites\/olivierpere\/#website\"},\"datePublished\":\"2013-08-13T05:12:48+00:00\",\"dateModified\":\"2013-08-14T07:36:33+00:00\",\"author\":{\"@id\":\"https:\/\/www.arte.tv\/sites\/olivierpere\/#\/schema\/person\/dc32cd6c79be95e52d43b97a74182558\"},\"breadcrumb\":{\"@id\":\"https:\/\/www.arte.tv\/sites\/olivierpere\/2013\/08\/13\/michael-kohlhaas-entretien-avec-arnaud-des-pallieres\/#breadcrumb\"},\"inLanguage\":\"fr-FR\",\"potentialAction\":[{\"@type\":\"ReadAction\",\"target\":[\"https:\/\/www.arte.tv\/sites\/olivierpere\/2013\/08\/13\/michael-kohlhaas-entretien-avec-arnaud-des-pallieres\/\"]}]},{\"@type\":\"BreadcrumbList\",\"@id\":\"https:\/\/www.arte.tv\/sites\/olivierpere\/2013\/08\/13\/michael-kohlhaas-entretien-avec-arnaud-des-pallieres\/#breadcrumb\",\"itemListElement\":[{\"@type\":\"ListItem\",\"position\":1,\"name\":\"Home\",\"item\":\"https:\/\/www.arte.tv\/sites\/olivierpere\/\"},{\"@type\":\"ListItem\",\"position\":2,\"name\":\"Michael Kohlhaas : entretien avec Arnaud des Palli\u00e8res\"}]},{\"@type\":\"WebSite\",\"@id\":\"https:\/\/www.arte.tv\/sites\/olivierpere\/#website\",\"url\":\"https:\/\/www.arte.tv\/sites\/olivierpere\/\",\"name\":\"Olivier P\u00e8re\",\"description\":\"\",\"potentialAction\":[{\"@type\":\"SearchAction\",\"target\":{\"@type\":\"EntryPoint\",\"urlTemplate\":\"https:\/\/www.arte.tv\/sites\/olivierpere\/?s={search_term_string}\"},\"query-input\":\"required name=search_term_string\"}],\"inLanguage\":\"fr-FR\"},{\"@type\":\"Person\",\"@id\":\"https:\/\/www.arte.tv\/sites\/olivierpere\/#\/schema\/person\/dc32cd6c79be95e52d43b97a74182558\",\"name\":\"Olivier P\u00e8re\",\"image\":{\"@type\":\"ImageObject\",\"inLanguage\":\"fr-FR\",\"@id\":\"https:\/\/www.arte.tv\/sites\/olivierpere\/#\/schema\/person\/image\/\",\"url\":\"https:\/\/secure.gravatar.com\/avatar\/bdea7b6a2c195e2c41772429a9694758?s=96&d=mm&r=g\",\"contentUrl\":\"https:\/\/secure.gravatar.com\/avatar\/bdea7b6a2c195e2c41772429a9694758?s=96&d=mm&r=g\",\"caption\":\"Olivier P\u00e8re\"},\"url\":\"https:\/\/www.arte.tv\/sites\/olivierpere\/author\/pereolivier\/\"}]}<\/script>\n<!-- \/ Yoast SEO plugin. -->","yoast_head_json":{"title":"Michael Kohlhaas : entretien avec Arnaud des Palli\u00e8res - Olivier P\u00e8re","robots":{"index":"index","follow":"follow","max-snippet":"max-snippet:-1","max-image-preview":"max-image-preview:large","max-video-preview":"max-video-preview:-1"},"canonical":"https:\/\/www.arte.tv\/sites\/olivierpere\/2013\/08\/13\/michael-kohlhaas-entretien-avec-arnaud-des-pallieres\/","og_locale":"fr_FR","og_type":"article","og_title":"Michael Kohlhaas : entretien avec Arnaud des Palli\u00e8res - Olivier P\u00e8re","og_description":"Demain sort en salles Michael Kohlhaas d&rsquo;Arnaud des Palli\u00e8res, distribu\u00e9 par Les Films du Losange. A cette occasion, nous vous\u2026","og_url":"https:\/\/www.arte.tv\/sites\/olivierpere\/2013\/08\/13\/michael-kohlhaas-entretien-avec-arnaud-des-pallieres\/","og_site_name":"Olivier P\u00e8re","article_published_time":"2013-08-13T05:12:48+00:00","article_modified_time":"2013-08-14T07:36:33+00:00","og_image":[{"width":1920,"height":806,"url":"https:\/\/www.arte.tv\/sites\/olivierpere\/files\/2013\/08\/michael-kohlhaas.jpg","type":"image\/jpeg"}],"author":"Olivier P\u00e8re","twitter_misc":{"\u00c9crit par":"Olivier P\u00e8re"},"schema":{"@context":"https:\/\/schema.org","@graph":[{"@type":"WebPage","@id":"https:\/\/www.arte.tv\/sites\/olivierpere\/2013\/08\/13\/michael-kohlhaas-entretien-avec-arnaud-des-pallieres\/","url":"https:\/\/www.arte.tv\/sites\/olivierpere\/2013\/08\/13\/michael-kohlhaas-entretien-avec-arnaud-des-pallieres\/","name":"Michael Kohlhaas : entretien avec Arnaud des Palli\u00e8res - Olivier P\u00e8re","isPartOf":{"@id":"https:\/\/www.arte.tv\/sites\/olivierpere\/#website"},"datePublished":"2013-08-13T05:12:48+00:00","dateModified":"2013-08-14T07:36:33+00:00","author":{"@id":"https:\/\/www.arte.tv\/sites\/olivierpere\/#\/schema\/person\/dc32cd6c79be95e52d43b97a74182558"},"breadcrumb":{"@id":"https:\/\/www.arte.tv\/sites\/olivierpere\/2013\/08\/13\/michael-kohlhaas-entretien-avec-arnaud-des-pallieres\/#breadcrumb"},"inLanguage":"fr-FR","potentialAction":[{"@type":"ReadAction","target":["https:\/\/www.arte.tv\/sites\/olivierpere\/2013\/08\/13\/michael-kohlhaas-entretien-avec-arnaud-des-pallieres\/"]}]},{"@type":"BreadcrumbList","@id":"https:\/\/www.arte.tv\/sites\/olivierpere\/2013\/08\/13\/michael-kohlhaas-entretien-avec-arnaud-des-pallieres\/#breadcrumb","itemListElement":[{"@type":"ListItem","position":1,"name":"Home","item":"https:\/\/www.arte.tv\/sites\/olivierpere\/"},{"@type":"ListItem","position":2,"name":"Michael Kohlhaas : entretien avec Arnaud des Palli\u00e8res"}]},{"@type":"WebSite","@id":"https:\/\/www.arte.tv\/sites\/olivierpere\/#website","url":"https:\/\/www.arte.tv\/sites\/olivierpere\/","name":"Olivier P\u00e8re","description":"","potentialAction":[{"@type":"SearchAction","target":{"@type":"EntryPoint","urlTemplate":"https:\/\/www.arte.tv\/sites\/olivierpere\/?s={search_term_string}"},"query-input":"required name=search_term_string"}],"inLanguage":"fr-FR"},{"@type":"Person","@id":"https:\/\/www.arte.tv\/sites\/olivierpere\/#\/schema\/person\/dc32cd6c79be95e52d43b97a74182558","name":"Olivier P\u00e8re","image":{"@type":"ImageObject","inLanguage":"fr-FR","@id":"https:\/\/www.arte.tv\/sites\/olivierpere\/#\/schema\/person\/image\/","url":"https:\/\/secure.gravatar.com\/avatar\/bdea7b6a2c195e2c41772429a9694758?s=96&d=mm&r=g","contentUrl":"https:\/\/secure.gravatar.com\/avatar\/bdea7b6a2c195e2c41772429a9694758?s=96&d=mm&r=g","caption":"Olivier P\u00e8re"},"url":"https:\/\/www.arte.tv\/sites\/olivierpere\/author\/pereolivier\/"}]}},"_links":{"self":[{"href":"https:\/\/www.arte.tv\/sites\/olivierpere\/wp-json\/wp\/v2\/posts\/10348"}],"collection":[{"href":"https:\/\/www.arte.tv\/sites\/olivierpere\/wp-json\/wp\/v2\/posts"}],"about":[{"href":"https:\/\/www.arte.tv\/sites\/olivierpere\/wp-json\/wp\/v2\/types\/post"}],"author":[{"embeddable":true,"href":"https:\/\/www.arte.tv\/sites\/olivierpere\/wp-json\/wp\/v2\/users\/116"}],"replies":[{"embeddable":true,"href":"https:\/\/www.arte.tv\/sites\/olivierpere\/wp-json\/wp\/v2\/comments?post=10348"}],"version-history":[{"count":3,"href":"https:\/\/www.arte.tv\/sites\/olivierpere\/wp-json\/wp\/v2\/posts\/10348\/revisions"}],"predecessor-version":[{"id":10639,"href":"https:\/\/www.arte.tv\/sites\/olivierpere\/wp-json\/wp\/v2\/posts\/10348\/revisions\/10639"}],"wp:featuredmedia":[{"embeddable":true,"href":"https:\/\/www.arte.tv\/sites\/olivierpere\/wp-json\/wp\/v2\/media\/10350"}],"wp:attachment":[{"href":"https:\/\/www.arte.tv\/sites\/olivierpere\/wp-json\/wp\/v2\/media?parent=10348"}],"wp:term":[{"taxonomy":"category","embeddable":true,"href":"https:\/\/www.arte.tv\/sites\/olivierpere\/wp-json\/wp\/v2\/categories?post=10348"},{"taxonomy":"post_tag","embeddable":true,"href":"https:\/\/www.arte.tv\/sites\/olivierpere\/wp-json\/wp\/v2\/tags?post=10348"}],"curies":[{"name":"wp","href":"https:\/\/api.w.org\/{rel}","templated":true}]}}